{"id":75698,"date":"2022-01-28T19:22:36","date_gmt":"2022-01-28T22:22:36","guid":{"rendered":"https:\/\/www.gaveanews.com\/?p=75698"},"modified":"2022-01-28T19:22:39","modified_gmt":"2022-01-28T22:22:39","slug":"flamengo-comeca-a-conversar-para-renovar-com-vitinho","status":"publish","type":"post","link":"https:\/\/www.gaveanews.com\/index.php\/2022\/01\/28\/flamengo-comeca-a-conversar-para-renovar-com-vitinho\/","title":{"rendered":"Flamengo come\u00e7a a conversar para renovar com Vitinho"},"content":{"rendered":"\n<p>A diretoria rubro-negra e os representantes de Vitinho deram in\u00edcio as conversas para renova\u00e7\u00e3o de contrato do atleta. O v\u00ednculo do jogador com o Meng\u00e3o vai at\u00e9 dezembro e, a partir de julho, o atacante j\u00e1 pode assinar pr\u00e9-contrato com qualquer equipe. A informa\u00e7\u00e3o \u00e9 do jornal \u201cO Dia\u201d.<\/p>\n\n\n\n<p>Na temporada passada, Vitinho viveu o melhor ano com o Manto Sagrado e n\u00e3o pretende deixar a G\u00e1vea. O empres\u00e1rio do atleta, Miguel G\u00f3es, tem uma \u00f3tima rela\u00e7\u00e3o com Bruno Spindel, que \u00e9 quem vai comandar as negocia\u00e7\u00f5es por parte do Flamengo. As conversas ainda est\u00e3o em est\u00e1gio inicial, mas n\u00e3o deve demorar muito para ser resolvida.<\/p>\n\n\n\n<p>No final de 2021, o camisa 11 vinha sofrendo com problemas no joelho desde abril, mas optou por realizar um tratamento convencional que n\u00e3o o tirasse das partidas do Mais Querido na temporada. Vitinho terminou o ano com 63 partidas, 14 gols e 15 assist\u00eancias.<\/p>\n\n\n\n<p>Retirado de: Di\u00e1rio do Fla<\/p>\n","protected":false},"excerpt":{"rendered":"<p>A diretoria rubro-negra e os representantes de Vitinho deram in\u00edcio as conversas para renova\u00e7\u00e3o de contrato do atleta. O v\u00ednculo do jogador com o Meng\u00e3o vai at\u00e9 dezembro e, a partir de julho, o atacante j\u00e1 pode assinar pr\u00e9-contrato com qualquer equipe. A informa\u00e7\u00e3o \u00e9 do jornal \u201cO Dia\u201d. Na temporada passada, Vitinho viveu o [&hellip;]<\/p>\n","protected":false},"author":1,"featured_media":72261,"comment_status":"open","ping_status":"closed","sticky":false,"template":"","format":"standard","meta":{"footnotes":""},"categories":[1],"tags":[],"class_list":["post-75698","post","type-post","status-publish","format-standard","has-post-thumbnail","hentry","category-flamengo"],"yoast_head":"<!-- This site is optimized with the Yoast SEO Premium plugin v24.2 (Yoast SEO v26.9) - https:\/\/yoast.com\/product\/yoast-seo-premium-wordpress\/ -->\n<title>Flamengo come\u00e7a a conversar para renovar com Vitinho<\/title>\n<meta name=\"robots\" content=\"index, follow, max-snippet:-1, max-image-preview:large, max-video-preview:-1\" \/>\n<link rel=\"canonical\" href=\"https:\/\/www.gaveanews.com\/index.php\/2022\/01\/28\/flamengo-comeca-a-conversar-para-renovar-com-vitinho\/\" \/>\n<meta property=\"og:locale\" content=\"pt_BR\" \/>\n<meta property=\"og:type\" content=\"article\" \/>\n<meta property=\"og:title\" content=\"Flamengo come\u00e7a a conversar para renovar com Vitinho\" \/>\n<meta property=\"og:description\" content=\"A diretoria rubro-negra e os representantes de Vitinho deram in\u00edcio as conversas para renova\u00e7\u00e3o de contrato do atleta. O v\u00ednculo do jogador com o Meng\u00e3o vai at\u00e9 dezembro e, a partir de julho, o atacante j\u00e1 pode assinar pr\u00e9-contrato com qualquer equipe. A informa\u00e7\u00e3o \u00e9 do jornal \u201cO Dia\u201d. Na temporada passada, Vitinho viveu o [&hellip;]\" \/>\n<meta property=\"og:url\" content=\"https:\/\/www.gaveanews.com\/index.php\/2022\/01\/28\/flamengo-comeca-a-conversar-para-renovar-com-vitinho\/\" \/>\n<meta property=\"og:site_name\" content=\"G\u00e1vea News\" \/>\n<meta property=\"article:publisher\" content=\"https:\/\/facebook.com\/gaveaNews\/\" \/>\n<meta property=\"article:published_time\" content=\"2022-01-28T22:22:36+00:00\" \/>\n<meta property=\"article:modified_time\" content=\"2022-01-28T22:22:39+00:00\" \/>\n<meta property=\"og:image\" content=\"https:\/\/www.gaveanews.com\/wp-content\/uploads\/Vitinho-comemora-gol-marcado-pelo-Flamengo-contra-o-Gremio-no-Campeonato-Brasileiro-2021.webp\" \/>\n\t<meta property=\"og:image:width\" content=\"799\" \/>\n\t<meta property=\"og:image:height\" content=\"533\" \/>\n\t<meta property=\"og:image:type\" content=\"image\/jpeg\" \/>\n<meta name=\"author\" content=\"Equipe G\u00e1vea News\" \/>\n<meta name=\"twitter:card\" content=\"summary_large_image\" \/>\n<meta name=\"twitter:label1\" content=\"Escrito por\" \/>\n\t<meta name=\"twitter:data1\" content=\"Equipe G\u00e1vea News\" \/>\n\t<meta name=\"twitter:label2\" content=\"Est. tempo de leitura\" \/>\n\t<meta name=\"twitter:data2\" content=\"1 minuto\" \/>\n<script type=\"application\/ld+json\" class=\"yoast-schema-graph\">{\"@context\":\"https:\/\/schema.org\",\"@graph\":[{\"@type\":\"NewsArticle\",\"@id\":\"https:\/\/www.gaveanews.com\/index.php\/2022\/01\/28\/flamengo-comeca-a-conversar-para-renovar-com-vitinho\/#article\",\"isPartOf\":{\"@id\":\"https:\/\/www.gaveanews.com\/index.php\/2022\/01\/28\/flamengo-comeca-a-conversar-para-renovar-com-vitinho\/\"},\"author\":{\"name\":\"Equipe G\u00e1vea News\",\"@id\":\"https:\/\/www.gaveanews.com\/#\/schema\/person\/2ec14f73fb96be2caf28f91afb14749d\"},\"headline\":\"Flamengo come\u00e7a a conversar para renovar com Vitinho\",\"datePublished\":\"2022-01-28T22:22:36+00:00\",\"dateModified\":\"2022-01-28T22:22:39+00:00\",\"mainEntityOfPage\":{\"@id\":\"https:\/\/www.gaveanews.com\/index.php\/2022\/01\/28\/flamengo-comeca-a-conversar-para-renovar-com-vitinho\/\"},\"wordCount\":176,\"commentCount\":28,\"image\":{\"@id\":\"https:\/\/www.gaveanews.com\/index.php\/2022\/01\/28\/flamengo-comeca-a-conversar-para-renovar-com-vitinho\/#primaryimage\"},\"thumbnailUrl\":\"https:\/\/www.gaveanews.com\/wp-content\/uploads\/Vitinho-comemora-gol-marcado-pelo-Flamengo-contra-o-Gremio-no-Campeonato-Brasileiro-2021.webp\",\"articleSection\":[\"Flamengo\"],\"inLanguage\":\"pt-BR\",\"potentialAction\":[{\"@type\":\"CommentAction\",\"name\":\"Comment\",\"target\":[\"https:\/\/www.gaveanews.com\/index.php\/2022\/01\/28\/flamengo-comeca-a-conversar-para-renovar-com-vitinho\/#respond\"]}],\"copyrightYear\":\"2022\",\"copyrightHolder\":{\"@id\":\"https:\/\/www.gaveanews.com\/#organization\"}},{\"@type\":\"WebPage\",\"@id\":\"https:\/\/www.gaveanews.com\/index.php\/2022\/01\/28\/flamengo-comeca-a-conversar-para-renovar-com-vitinho\/\",\"url\":\"https:\/\/www.gaveanews.com\/index.php\/2022\/01\/28\/flamengo-comeca-a-conversar-para-renovar-com-vitinho\/\",\"name\":\"Flamengo come\u00e7a a conversar para renovar com Vitinho\",\"isPartOf\":{\"@id\":\"https:\/\/www.gaveanews.com\/#website\"},\"primaryImageOfPage\":{\"@id\":\"https:\/\/www.gaveanews.com\/index.php\/2022\/01\/28\/flamengo-comeca-a-conversar-para-renovar-com-vitinho\/#primaryimage\"},\"image\":{\"@id\":\"https:\/\/www.gaveanews.com\/index.php\/2022\/01\/28\/flamengo-comeca-a-conversar-para-renovar-com-vitinho\/#primaryimage\"},\"thumbnailUrl\":\"https:\/\/www.gaveanews.com\/wp-content\/uploads\/Vitinho-comemora-gol-marcado-pelo-Flamengo-contra-o-Gremio-no-Campeonato-Brasileiro-2021.webp\",\"datePublished\":\"2022-01-28T22:22:36+00:00\",\"dateModified\":\"2022-01-28T22:22:39+00:00\",\"author\":{\"@id\":\"https:\/\/www.gaveanews.com\/#\/schema\/person\/2ec14f73fb96be2caf28f91afb14749d\"},\"breadcrumb\":{\"@id\":\"https:\/\/www.gaveanews.com\/index.php\/2022\/01\/28\/flamengo-comeca-a-conversar-para-renovar-com-vitinho\/#breadcrumb\"},\"inLanguage\":\"pt-BR\",\"potentialAction\":[{\"@type\":\"ReadAction\",\"target\":[\"https:\/\/www.gaveanews.com\/index.php\/2022\/01\/28\/flamengo-comeca-a-conversar-para-renovar-com-vitinho\/\"]}]},{\"@type\":\"ImageObject\",\"inLanguage\":\"pt-BR\",\"@id\":\"https:\/\/www.gaveanews.com\/index.php\/2022\/01\/28\/flamengo-comeca-a-conversar-para-renovar-com-vitinho\/#primaryimage\",\"url\":\"https:\/\/www.gaveanews.com\/wp-content\/uploads\/Vitinho-comemora-gol-marcado-pelo-Flamengo-contra-o-Gremio-no-Campeonato-Brasileiro-2021.webp\",\"contentUrl\":\"https:\/\/www.gaveanews.com\/wp-content\/uploads\/Vitinho-comemora-gol-marcado-pelo-Flamengo-contra-o-Gremio-no-Campeonato-Brasileiro-2021.webp\",\"width\":799,\"height\":533,\"caption\":\"Vitinho comemora gol marcado pelo Flamengo contra o Gr\u00eamio no Campeonato Brasileiro 2021 (Foto: Alexandre Vidal\/Flamengo)\"},{\"@type\":\"BreadcrumbList\",\"@id\":\"https:\/\/www.gaveanews.com\/index.php\/2022\/01\/28\/flamengo-comeca-a-conversar-para-renovar-com-vitinho\/#breadcrumb\",\"itemListElement\":[{\"@type\":\"ListItem\",\"position\":1,\"name\":\"Home\",\"item\":\"https:\/\/www.gaveanews.com\/\"},{\"@type\":\"ListItem\",\"position\":2,\"name\":\"Flamengo come\u00e7a a conversar para renovar com Vitinho\"}]},{\"@type\":\"WebSite\",\"@id\":\"https:\/\/www.gaveanews.com\/#website\",\"url\":\"https:\/\/www.gaveanews.com\/\",\"name\":\"G\u00e1vea News\",\"description\":\"Veja todas as not\u00edcias sobre o Flamengo: Contrata\u00e7\u00f5es, categorias de base, resultados das partidas, tabela de classifica\u00e7\u00e3o, pr\u00f3ximos jogos!\",\"potentialAction\":[{\"@type\":\"SearchAction\",\"target\":{\"@type\":\"EntryPoint\",\"urlTemplate\":\"https:\/\/www.gaveanews.com\/?s={search_term_string}\"},\"query-input\":{\"@type\":\"PropertyValueSpecification\",\"valueRequired\":true,\"valueName\":\"search_term_string\"}}],\"inLanguage\":\"pt-BR\"},{\"@type\":\"Person\",\"@id\":\"https:\/\/www.gaveanews.com\/#\/schema\/person\/2ec14f73fb96be2caf28f91afb14749d\",\"name\":\"Equipe G\u00e1vea News\",\"image\":{\"@type\":\"ImageObject\",\"inLanguage\":\"pt-BR\",\"@id\":\"https:\/\/www.gaveanews.com\/#\/schema\/person\/image\/\",\"url\":\"https:\/\/secure.gravatar.com\/avatar\/1e1956f1facbffd3f8fa53a326721950116b3b9dc9bd44939c01180fd4a745a9?s=96&d=mm&r=g\",\"contentUrl\":\"https:\/\/secure.gravatar.com\/avatar\/1e1956f1facbffd3f8fa53a326721950116b3b9dc9bd44939c01180fd4a745a9?s=96&d=mm&r=g\",\"caption\":\"Equipe G\u00e1vea News\"}}]}<\/script>\n<!-- \/ Yoast SEO Premium plugin. -->","yoast_head_json":{"title":"Flamengo come\u00e7a a conversar para renovar com Vitinho","robots":{"index":"index","follow":"follow","max-snippet":"max-snippet:-1","max-image-preview":"max-image-preview:large","max-video-preview":"max-video-preview:-1"},"canonical":"https:\/\/www.gaveanews.com\/index.php\/2022\/01\/28\/flamengo-comeca-a-conversar-para-renovar-com-vitinho\/","og_locale":"pt_BR","og_type":"article","og_title":"Flamengo come\u00e7a a conversar para renovar com Vitinho","og_description":"A diretoria rubro-negra e os representantes de Vitinho deram in\u00edcio as conversas para renova\u00e7\u00e3o de contrato do atleta. O v\u00ednculo do jogador com o Meng\u00e3o vai at\u00e9 dezembro e, a partir de julho, o atacante j\u00e1 pode assinar pr\u00e9-contrato com qualquer equipe. A informa\u00e7\u00e3o \u00e9 do jornal \u201cO Dia\u201d. Na temporada passada, Vitinho viveu o [&hellip;]","og_url":"https:\/\/www.gaveanews.com\/index.php\/2022\/01\/28\/flamengo-comeca-a-conversar-para-renovar-com-vitinho\/","og_site_name":"G\u00e1vea News","article_publisher":"https:\/\/facebook.com\/gaveaNews\/","article_published_time":"2022-01-28T22:22:36+00:00","article_modified_time":"2022-01-28T22:22:39+00:00","og_image":[{"width":799,"height":533,"url":"https:\/\/www.gaveanews.com\/wp-content\/uploads\/Vitinho-comemora-gol-marcado-pelo-Flamengo-contra-o-Gremio-no-Campeonato-Brasileiro-2021.webp","type":"image\/jpeg"}],"author":"Equipe G\u00e1vea News","twitter_card":"summary_large_image","twitter_misc":{"Escrito por":"Equipe G\u00e1vea News","Est. tempo de leitura":"1 minuto"},"schema":{"@context":"https:\/\/schema.org","@graph":[{"@type":"NewsArticle","@id":"https:\/\/www.gaveanews.com\/index.php\/2022\/01\/28\/flamengo-comeca-a-conversar-para-renovar-com-vitinho\/#article","isPartOf":{"@id":"https:\/\/www.gaveanews.com\/index.php\/2022\/01\/28\/flamengo-comeca-a-conversar-para-renovar-com-vitinho\/"},"author":{"name":"Equipe G\u00e1vea News","@id":"https:\/\/www.gaveanews.com\/#\/schema\/person\/2ec14f73fb96be2caf28f91afb14749d"},"headline":"Flamengo come\u00e7a a conversar para renovar com Vitinho","datePublished":"2022-01-28T22:22:36+00:00","dateModified":"2022-01-28T22:22:39+00:00","mainEntityOfPage":{"@id":"https:\/\/www.gaveanews.com\/index.php\/2022\/01\/28\/flamengo-comeca-a-conversar-para-renovar-com-vitinho\/"},"wordCount":176,"commentCount":28,"image":{"@id":"https:\/\/www.gaveanews.com\/index.php\/2022\/01\/28\/flamengo-comeca-a-conversar-para-renovar-com-vitinho\/#primaryimage"},"thumbnailUrl":"https:\/\/www.gaveanews.com\/wp-content\/uploads\/Vitinho-comemora-gol-marcado-pelo-Flamengo-contra-o-Gremio-no-Campeonato-Brasileiro-2021.webp","articleSection":["Flamengo"],"inLanguage":"pt-BR","potentialAction":[{"@type":"CommentAction","name":"Comment","target":["https:\/\/www.gaveanews.com\/index.php\/2022\/01\/28\/flamengo-comeca-a-conversar-para-renovar-com-vitinho\/#respond"]}],"copyrightYear":"2022","copyrightHolder":{"@id":"https:\/\/www.gaveanews.com\/#organization"}},{"@type":"WebPage","@id":"https:\/\/www.gaveanews.com\/index.php\/2022\/01\/28\/flamengo-comeca-a-conversar-para-renovar-com-vitinho\/","url":"https:\/\/www.gaveanews.com\/index.php\/2022\/01\/28\/flamengo-comeca-a-conversar-para-renovar-com-vitinho\/","name":"Flamengo come\u00e7a a conversar para renovar com Vitinho","isPartOf":{"@id":"https:\/\/www.gaveanews.com\/#website"},"primaryImageOfPage":{"@id":"https:\/\/www.gaveanews.com\/index.php\/2022\/01\/28\/flamengo-comeca-a-conversar-para-renovar-com-vitinho\/#primaryimage"},"image":{"@id":"https:\/\/www.gaveanews.com\/index.php\/2022\/01\/28\/flamengo-comeca-a-conversar-para-renovar-com-vitinho\/#primaryimage"},"thumbnailUrl":"https:\/\/www.gaveanews.com\/wp-content\/uploads\/Vitinho-comemora-gol-marcado-pelo-Flamengo-contra-o-Gremio-no-Campeonato-Brasileiro-2021.webp","datePublished":"2022-01-28T22:22:36+00:00","dateModified":"2022-01-28T22:22:39+00:00","author":{"@id":"https:\/\/www.gaveanews.com\/#\/schema\/person\/2ec14f73fb96be2caf28f91afb14749d"},"breadcrumb":{"@id":"https:\/\/www.gaveanews.com\/index.php\/2022\/01\/28\/flamengo-comeca-a-conversar-para-renovar-com-vitinho\/#breadcrumb"},"inLanguage":"pt-BR","potentialAction":[{"@type":"ReadAction","target":["https:\/\/www.gaveanews.com\/index.php\/2022\/01\/28\/flamengo-comeca-a-conversar-para-renovar-com-vitinho\/"]}]},{"@type":"ImageObject","inLanguage":"pt-BR","@id":"https:\/\/www.gaveanews.com\/index.php\/2022\/01\/28\/flamengo-comeca-a-conversar-para-renovar-com-vitinho\/#primaryimage","url":"https:\/\/www.gaveanews.com\/wp-content\/uploads\/Vitinho-comemora-gol-marcado-pelo-Flamengo-contra-o-Gremio-no-Campeonato-Brasileiro-2021.webp","contentUrl":"https:\/\/www.gaveanews.com\/wp-content\/uploads\/Vitinho-comemora-gol-marcado-pelo-Flamengo-contra-o-Gremio-no-Campeonato-Brasileiro-2021.webp","width":799,"height":533,"caption":"Vitinho comemora gol marcado pelo Flamengo contra o Gr\u00eamio no Campeonato Brasileiro 2021 (Foto: Alexandre Vidal\/Flamengo)"},{"@type":"BreadcrumbList","@id":"https:\/\/www.gaveanews.com\/index.php\/2022\/01\/28\/flamengo-comeca-a-conversar-para-renovar-com-vitinho\/#breadcrumb","itemListElement":[{"@type":"ListItem","position":1,"name":"Home","item":"https:\/\/www.gaveanews.com\/"},{"@type":"ListItem","position":2,"name":"Flamengo come\u00e7a a conversar para renovar com Vitinho"}]},{"@type":"WebSite","@id":"https:\/\/www.gaveanews.com\/#website","url":"https:\/\/www.gaveanews.com\/","name":"G\u00e1vea News","description":"Veja todas as not\u00edcias sobre o Flamengo: Contrata\u00e7\u00f5es, categorias de base, resultados das partidas, tabela de classifica\u00e7\u00e3o, pr\u00f3ximos jogos!","potentialAction":[{"@type":"SearchAction","target":{"@type":"EntryPoint","urlTemplate":"https:\/\/www.gaveanews.com\/?s={search_term_string}"},"query-input":{"@type":"PropertyValueSpecification","valueRequired":true,"valueName":"search_term_string"}}],"inLanguage":"pt-BR"},{"@type":"Person","@id":"https:\/\/www.gaveanews.com\/#\/schema\/person\/2ec14f73fb96be2caf28f91afb14749d","name":"Equipe G\u00e1vea News","image":{"@type":"ImageObject","inLanguage":"pt-BR","@id":"https:\/\/www.gaveanews.com\/#\/schema\/person\/image\/","url":"https:\/\/secure.gravatar.com\/avatar\/1e1956f1facbffd3f8fa53a326721950116b3b9dc9bd44939c01180fd4a745a9?s=96&d=mm&r=g","contentUrl":"https:\/\/secure.gravatar.com\/avatar\/1e1956f1facbffd3f8fa53a326721950116b3b9dc9bd44939c01180fd4a745a9?s=96&d=mm&r=g","caption":"Equipe G\u00e1vea News"}}]}},"_links":{"self":[{"href":"https:\/\/www.gaveanews.com\/index.php\/wp-json\/wp\/v2\/posts\/75698","targetHints":{"allow":["GET"]}}],"collection":[{"href":"https:\/\/www.gaveanews.com\/index.php\/wp-json\/wp\/v2\/posts"}],"about":[{"href":"https:\/\/www.gaveanews.com\/index.php\/wp-json\/wp\/v2\/types\/post"}],"author":[{"embeddable":true,"href":"https:\/\/www.gaveanews.com\/index.php\/wp-json\/wp\/v2\/users\/1"}],"replies":[{"embeddable":true,"href":"https:\/\/www.gaveanews.com\/index.php\/wp-json\/wp\/v2\/comments?post=75698"}],"version-history":[{"count":0,"href":"https:\/\/www.gaveanews.com\/index.php\/wp-json\/wp\/v2\/posts\/75698\/revisions"}],"wp:featuredmedia":[{"embeddable":true,"href":"https:\/\/www.gaveanews.com\/index.php\/wp-json\/wp\/v2\/media\/72261"}],"wp:attachment":[{"href":"https:\/\/www.gaveanews.com\/index.php\/wp-json\/wp\/v2\/media?parent=75698"}],"wp:term":[{"taxonomy":"category","embeddable":true,"href":"https:\/\/www.gaveanews.com\/index.php\/wp-json\/wp\/v2\/categories?post=75698"},{"taxonomy":"post_tag","embeddable":true,"href":"https:\/\/www.gaveanews.com\/index.php\/wp-json\/wp\/v2\/tags?post=75698"}],"curies":[{"name":"wp","href":"https:\/\/api.w.org\/{rel}","templated":true}]}}