{"id":75700,"date":"2022-01-28T20:01:04","date_gmt":"2022-01-28T23:01:04","guid":{"rendered":"https:\/\/www.gaveanews.com\/?p=75700"},"modified":"2022-01-28T20:03:45","modified_gmt":"2022-01-28T23:03:45","slug":"ao-lado-de-mbappe-haaland-arnold-e-donnarumma-vinicius-junior-entra-para-selecao-do-futebol-da-europa","status":"publish","type":"post","link":"https:\/\/www.gaveanews.com\/index.php\/2022\/01\/28\/ao-lado-de-mbappe-haaland-arnold-e-donnarumma-vinicius-junior-entra-para-selecao-do-futebol-da-europa\/","title":{"rendered":"Ao lado de Mbapp\u00e9, Haaland, Arnold e Donnarumma, Vinicius Junior entra para sele\u00e7\u00e3o do futebol da Europa"},"content":{"rendered":"\n<p>Sem sombra de d\u00favidas, Vinicius J\u00fanior \u00e9 uma das maiores revela\u00e7\u00f5es do Flamengo nos \u00faltimos anos. N\u00e3o \u00e0 toa, o atacante foi comprado pelo Real Madrid na temporada de 2017. Na \u00e9poca, ele tinha apenas 16 anos de idade. E o valor total da negocia\u00e7\u00e3o foi de 45 milh\u00f5es de reais.<\/p>\n\n\n\n<p>Na Europa, Vinicius Jr est\u00e1 correspondendo ao investimento realizado pelo time espanhol. E de acordo com um levantamento realizado pelo portal &#8216;SofaScore&#8217;, &#8216;Vini Malvadeza&#8217; est\u00e1 entre os melhores jogadores da Europa com menos de 23 anos de idade.<\/p>\n\n\n\n<ul class=\"wp-block-list\"><li><a href=\"https:\/\/www.gaveanews.com\/index.php\/2022\/01\/20\/as-situacoes-das-revelacoes-do-flamengo-na-europa-vinicius-junior-lucas-paqueta-reinier-vinicius-souza-e-jean-lucas\/\">As situa\u00e7\u00f5es das revela\u00e7\u00f5es do Flamengo na Europa: Vin\u00edcius J\u00fanior, Lucas Paquet\u00e1, Reinier, Vin\u00edcius Souza e Jean Lucas<\/a><\/li><\/ul>\n\n\n\n<p>O levantamento leva em conta as cinco principais ligas da Europa. J\u00e1 em rela\u00e7\u00e3o ao per\u00edodo, apenas a temporada 2021-22 foi avaliada. <strong>Veja abaixo o time completo:<\/strong>  <\/p>\n\n\n\n<figure class=\"wp-block-image size-large is-style-default\"><img decoding=\"async\" src=\"https:\/\/pbs.twimg.com\/media\/FKONXfLWUAA5AfJ?format=jpg\" alt=\"\"\/><\/figure>\n\n\n\n<p>Leia tamb\u00e9m: <a href=\"https:\/\/www.gaveanews.com\/index.php\/2022\/01\/25\/ao-lado-de-vidal-de-jong-fekir-e-aspas-vinicius-junior-entra-para-selecao-da-rodada-no-campeonato-espanhol\/\">Ao lado de Vidal, De Jong, Fekir e Aspas, Vinicius J\u00fanior entra para sele\u00e7\u00e3o da rodada no Campeonato Espanhol<\/a><\/p>\n","protected":false},"excerpt":{"rendered":"<p>Sem sombra de d\u00favidas, Vinicius J\u00fanior \u00e9 uma das maiores revela\u00e7\u00f5es do Flamengo nos \u00faltimos anos. N\u00e3o \u00e0 toa, o atacante foi comprado pelo Real Madrid na temporada de 2017. Na \u00e9poca, ele tinha apenas 16 anos de idade. E o valor total da negocia\u00e7\u00e3o foi de 45 milh\u00f5es de reais. Na Europa, Vinicius Jr [&hellip;]<\/p>\n","protected":false},"author":2,"featured_media":74860,"comment_status":"open","ping_status":"closed","sticky":false,"template":"","format":"standard","meta":{"footnotes":""},"categories":[47],"tags":[],"class_list":["post-75700","post","type-post","status-publish","format-standard","has-post-thumbnail","hentry","category-destaques"],"yoast_head":"<!-- This site is optimized with the Yoast SEO Premium plugin v24.2 (Yoast SEO v26.9) - https:\/\/yoast.com\/product\/yoast-seo-premium-wordpress\/ -->\n<title>Ao lado de Mbapp\u00e9, Haaland, Arnold e Donnarumma, Vinicius Junior entra para sele\u00e7\u00e3o do futebol da Europa<\/title>\n<meta name=\"robots\" content=\"index, follow, max-snippet:-1, max-image-preview:large, max-video-preview:-1\" \/>\n<link rel=\"canonical\" href=\"https:\/\/www.gaveanews.com\/index.php\/2022\/01\/28\/ao-lado-de-mbappe-haaland-arnold-e-donnarumma-vinicius-junior-entra-para-selecao-do-futebol-da-europa\/\" \/>\n<meta property=\"og:locale\" content=\"pt_BR\" \/>\n<meta property=\"og:type\" content=\"article\" \/>\n<meta property=\"og:title\" content=\"Ao lado de Mbapp\u00e9, Haaland, Arnold e Donnarumma, Vinicius Junior entra para sele\u00e7\u00e3o do futebol da Europa\" \/>\n<meta property=\"og:description\" content=\"Sem sombra de d\u00favidas, Vinicius J\u00fanior \u00e9 uma das maiores revela\u00e7\u00f5es do Flamengo nos \u00faltimos anos. N\u00e3o \u00e0 toa, o atacante foi comprado pelo Real Madrid na temporada de 2017. Na \u00e9poca, ele tinha apenas 16 anos de idade. E o valor total da negocia\u00e7\u00e3o foi de 45 milh\u00f5es de reais. Na Europa, Vinicius Jr [&hellip;]\" \/>\n<meta property=\"og:url\" content=\"https:\/\/www.gaveanews.com\/index.php\/2022\/01\/28\/ao-lado-de-mbappe-haaland-arnold-e-donnarumma-vinicius-junior-entra-para-selecao-do-futebol-da-europa\/\" \/>\n<meta property=\"og:site_name\" content=\"G\u00e1vea News\" \/>\n<meta property=\"article:publisher\" content=\"https:\/\/facebook.com\/gaveaNews\/\" \/>\n<meta property=\"article:published_time\" content=\"2022-01-28T23:01:04+00:00\" \/>\n<meta property=\"article:modified_time\" content=\"2022-01-28T23:03:45+00:00\" \/>\n<meta property=\"og:image\" content=\"https:\/\/www.gaveanews.com\/wp-content\/uploads\/Vinicius-Junior-em-acao-pelo-Real-Madrid-contra-o-Sheriff-pela-Champions-League.webp\" \/>\n\t<meta property=\"og:image:width\" content=\"1361\" \/>\n\t<meta property=\"og:image:height\" content=\"1020\" \/>\n\t<meta property=\"og:image:type\" content=\"image\/jpeg\" \/>\n<meta name=\"author\" content=\"Hugo Nogueira\" \/>\n<meta name=\"twitter:card\" content=\"summary_large_image\" \/>\n<meta name=\"twitter:label1\" content=\"Escrito por\" \/>\n\t<meta name=\"twitter:data1\" content=\"Hugo Nogueira\" \/>\n\t<meta name=\"twitter:label2\" content=\"Est. tempo de leitura\" \/>\n\t<meta name=\"twitter:data2\" content=\"2 minutos\" \/>\n<script type=\"application\/ld+json\" class=\"yoast-schema-graph\">{\"@context\":\"https:\/\/schema.org\",\"@graph\":[{\"@type\":\"NewsArticle\",\"@id\":\"https:\/\/www.gaveanews.com\/index.php\/2022\/01\/28\/ao-lado-de-mbappe-haaland-arnold-e-donnarumma-vinicius-junior-entra-para-selecao-do-futebol-da-europa\/#article\",\"isPartOf\":{\"@id\":\"https:\/\/www.gaveanews.com\/index.php\/2022\/01\/28\/ao-lado-de-mbappe-haaland-arnold-e-donnarumma-vinicius-junior-entra-para-selecao-do-futebol-da-europa\/\"},\"author\":{\"name\":\"Hugo Nogueira\",\"@id\":\"https:\/\/www.gaveanews.com\/#\/schema\/person\/3a0372021fabaeec4e7e4242cfa27841\"},\"headline\":\"Ao lado de Mbapp\u00e9, Haaland, Arnold e Donnarumma, Vinicius Junior entra para sele\u00e7\u00e3o do futebol da Europa\",\"datePublished\":\"2022-01-28T23:01:04+00:00\",\"dateModified\":\"2022-01-28T23:03:45+00:00\",\"mainEntityOfPage\":{\"@id\":\"https:\/\/www.gaveanews.com\/index.php\/2022\/01\/28\/ao-lado-de-mbappe-haaland-arnold-e-donnarumma-vinicius-junior-entra-para-selecao-do-futebol-da-europa\/\"},\"wordCount\":183,\"commentCount\":4,\"image\":{\"@id\":\"https:\/\/www.gaveanews.com\/index.php\/2022\/01\/28\/ao-lado-de-mbappe-haaland-arnold-e-donnarumma-vinicius-junior-entra-para-selecao-do-futebol-da-europa\/#primaryimage\"},\"thumbnailUrl\":\"https:\/\/www.gaveanews.com\/wp-content\/uploads\/Vinicius-Junior-em-acao-pelo-Real-Madrid-contra-o-Sheriff-pela-Champions-League.webp\",\"articleSection\":[\"Destaques\"],\"inLanguage\":\"pt-BR\",\"potentialAction\":[{\"@type\":\"CommentAction\",\"name\":\"Comment\",\"target\":[\"https:\/\/www.gaveanews.com\/index.php\/2022\/01\/28\/ao-lado-de-mbappe-haaland-arnold-e-donnarumma-vinicius-junior-entra-para-selecao-do-futebol-da-europa\/#respond\"]}],\"copyrightYear\":\"2022\",\"copyrightHolder\":{\"@id\":\"https:\/\/www.gaveanews.com\/#organization\"}},{\"@type\":\"WebPage\",\"@id\":\"https:\/\/www.gaveanews.com\/index.php\/2022\/01\/28\/ao-lado-de-mbappe-haaland-arnold-e-donnarumma-vinicius-junior-entra-para-selecao-do-futebol-da-europa\/\",\"url\":\"https:\/\/www.gaveanews.com\/index.php\/2022\/01\/28\/ao-lado-de-mbappe-haaland-arnold-e-donnarumma-vinicius-junior-entra-para-selecao-do-futebol-da-europa\/\",\"name\":\"Ao lado de Mbapp\u00e9, Haaland, Arnold e Donnarumma, Vinicius Junior entra para sele\u00e7\u00e3o do futebol da Europa\",\"isPartOf\":{\"@id\":\"https:\/\/www.gaveanews.com\/#website\"},\"primaryImageOfPage\":{\"@id\":\"https:\/\/www.gaveanews.com\/index.php\/2022\/01\/28\/ao-lado-de-mbappe-haaland-arnold-e-donnarumma-vinicius-junior-entra-para-selecao-do-futebol-da-europa\/#primaryimage\"},\"image\":{\"@id\":\"https:\/\/www.gaveanews.com\/index.php\/2022\/01\/28\/ao-lado-de-mbappe-haaland-arnold-e-donnarumma-vinicius-junior-entra-para-selecao-do-futebol-da-europa\/#primaryimage\"},\"thumbnailUrl\":\"https:\/\/www.gaveanews.com\/wp-content\/uploads\/Vinicius-Junior-em-acao-pelo-Real-Madrid-contra-o-Sheriff-pela-Champions-League.webp\",\"datePublished\":\"2022-01-28T23:01:04+00:00\",\"dateModified\":\"2022-01-28T23:03:45+00:00\",\"author\":{\"@id\":\"https:\/\/www.gaveanews.com\/#\/schema\/person\/3a0372021fabaeec4e7e4242cfa27841\"},\"breadcrumb\":{\"@id\":\"https:\/\/www.gaveanews.com\/index.php\/2022\/01\/28\/ao-lado-de-mbappe-haaland-arnold-e-donnarumma-vinicius-junior-entra-para-selecao-do-futebol-da-europa\/#breadcrumb\"},\"inLanguage\":\"pt-BR\",\"potentialAction\":[{\"@type\":\"ReadAction\",\"target\":[\"https:\/\/www.gaveanews.com\/index.php\/2022\/01\/28\/ao-lado-de-mbappe-haaland-arnold-e-donnarumma-vinicius-junior-entra-para-selecao-do-futebol-da-europa\/\"]}]},{\"@type\":\"ImageObject\",\"inLanguage\":\"pt-BR\",\"@id\":\"https:\/\/www.gaveanews.com\/index.php\/2022\/01\/28\/ao-lado-de-mbappe-haaland-arnold-e-donnarumma-vinicius-junior-entra-para-selecao-do-futebol-da-europa\/#primaryimage\",\"url\":\"https:\/\/www.gaveanews.com\/wp-content\/uploads\/Vinicius-Junior-em-acao-pelo-Real-Madrid-contra-o-Sheriff-pela-Champions-League.webp\",\"contentUrl\":\"https:\/\/www.gaveanews.com\/wp-content\/uploads\/Vinicius-Junior-em-acao-pelo-Real-Madrid-contra-o-Sheriff-pela-Champions-League.webp\",\"width\":1361,\"height\":1020,\"caption\":\"Vin\u00edcius J\u00fanior em a\u00e7\u00e3o pelo Real Madrid contra o Sheriff pela Champions League (Foto: Reuters)\"},{\"@type\":\"BreadcrumbList\",\"@id\":\"https:\/\/www.gaveanews.com\/index.php\/2022\/01\/28\/ao-lado-de-mbappe-haaland-arnold-e-donnarumma-vinicius-junior-entra-para-selecao-do-futebol-da-europa\/#breadcrumb\",\"itemListElement\":[{\"@type\":\"ListItem\",\"position\":1,\"name\":\"Home\",\"item\":\"https:\/\/www.gaveanews.com\/\"},{\"@type\":\"ListItem\",\"position\":2,\"name\":\"Ao lado de Mbapp\u00e9, Haaland, Arnold e Donnarumma, Vinicius Junior entra para sele\u00e7\u00e3o do futebol da Europa\"}]},{\"@type\":\"WebSite\",\"@id\":\"https:\/\/www.gaveanews.com\/#website\",\"url\":\"https:\/\/www.gaveanews.com\/\",\"name\":\"G\u00e1vea News\",\"description\":\"Veja todas as not\u00edcias sobre o Flamengo: Contrata\u00e7\u00f5es, categorias de base, resultados das partidas, tabela de classifica\u00e7\u00e3o, pr\u00f3ximos jogos!\",\"potentialAction\":[{\"@type\":\"SearchAction\",\"target\":{\"@type\":\"EntryPoint\",\"urlTemplate\":\"https:\/\/www.gaveanews.com\/?s={search_term_string}\"},\"query-input\":{\"@type\":\"PropertyValueSpecification\",\"valueRequired\":true,\"valueName\":\"search_term_string\"}}],\"inLanguage\":\"pt-BR\"},{\"@type\":\"Person\",\"@id\":\"https:\/\/www.gaveanews.com\/#\/schema\/person\/3a0372021fabaeec4e7e4242cfa27841\",\"name\":\"Hugo Nogueira\",\"image\":{\"@type\":\"ImageObject\",\"inLanguage\":\"pt-BR\",\"@id\":\"https:\/\/www.gaveanews.com\/#\/schema\/person\/image\/\",\"url\":\"https:\/\/secure.gravatar.com\/avatar\/0cdd89f3b47bb55926c08eee2db992845cfdd53f84c9fdd47a49d89b3cd40c0a?s=96&d=mm&r=g\",\"contentUrl\":\"https:\/\/secure.gravatar.com\/avatar\/0cdd89f3b47bb55926c08eee2db992845cfdd53f84c9fdd47a49d89b3cd40c0a?s=96&d=mm&r=g\",\"caption\":\"Hugo Nogueira\"}}]}<\/script>\n<!-- \/ Yoast SEO Premium plugin. -->","yoast_head_json":{"title":"Ao lado de Mbapp\u00e9, Haaland, Arnold e Donnarumma, Vinicius Junior entra para sele\u00e7\u00e3o do futebol da Europa","robots":{"index":"index","follow":"follow","max-snippet":"max-snippet:-1","max-image-preview":"max-image-preview:large","max-video-preview":"max-video-preview:-1"},"canonical":"https:\/\/www.gaveanews.com\/index.php\/2022\/01\/28\/ao-lado-de-mbappe-haaland-arnold-e-donnarumma-vinicius-junior-entra-para-selecao-do-futebol-da-europa\/","og_locale":"pt_BR","og_type":"article","og_title":"Ao lado de Mbapp\u00e9, Haaland, Arnold e Donnarumma, Vinicius Junior entra para sele\u00e7\u00e3o do futebol da Europa","og_description":"Sem sombra de d\u00favidas, Vinicius J\u00fanior \u00e9 uma das maiores revela\u00e7\u00f5es do Flamengo nos \u00faltimos anos. N\u00e3o \u00e0 toa, o atacante foi comprado pelo Real Madrid na temporada de 2017. Na \u00e9poca, ele tinha apenas 16 anos de idade. E o valor total da negocia\u00e7\u00e3o foi de 45 milh\u00f5es de reais. Na Europa, Vinicius Jr [&hellip;]","og_url":"https:\/\/www.gaveanews.com\/index.php\/2022\/01\/28\/ao-lado-de-mbappe-haaland-arnold-e-donnarumma-vinicius-junior-entra-para-selecao-do-futebol-da-europa\/","og_site_name":"G\u00e1vea News","article_publisher":"https:\/\/facebook.com\/gaveaNews\/","article_published_time":"2022-01-28T23:01:04+00:00","article_modified_time":"2022-01-28T23:03:45+00:00","og_image":[{"width":1361,"height":1020,"url":"https:\/\/www.gaveanews.com\/wp-content\/uploads\/Vinicius-Junior-em-acao-pelo-Real-Madrid-contra-o-Sheriff-pela-Champions-League.webp","type":"image\/jpeg"}],"author":"Hugo Nogueira","twitter_card":"summary_large_image","twitter_misc":{"Escrito por":"Hugo Nogueira","Est. tempo de leitura":"2 minutos"},"schema":{"@context":"https:\/\/schema.org","@graph":[{"@type":"NewsArticle","@id":"https:\/\/www.gaveanews.com\/index.php\/2022\/01\/28\/ao-lado-de-mbappe-haaland-arnold-e-donnarumma-vinicius-junior-entra-para-selecao-do-futebol-da-europa\/#article","isPartOf":{"@id":"https:\/\/www.gaveanews.com\/index.php\/2022\/01\/28\/ao-lado-de-mbappe-haaland-arnold-e-donnarumma-vinicius-junior-entra-para-selecao-do-futebol-da-europa\/"},"author":{"name":"Hugo Nogueira","@id":"https:\/\/www.gaveanews.com\/#\/schema\/person\/3a0372021fabaeec4e7e4242cfa27841"},"headline":"Ao lado de Mbapp\u00e9, Haaland, Arnold e Donnarumma, Vinicius Junior entra para sele\u00e7\u00e3o do futebol da Europa","datePublished":"2022-01-28T23:01:04+00:00","dateModified":"2022-01-28T23:03:45+00:00","mainEntityOfPage":{"@id":"https:\/\/www.gaveanews.com\/index.php\/2022\/01\/28\/ao-lado-de-mbappe-haaland-arnold-e-donnarumma-vinicius-junior-entra-para-selecao-do-futebol-da-europa\/"},"wordCount":183,"commentCount":4,"image":{"@id":"https:\/\/www.gaveanews.com\/index.php\/2022\/01\/28\/ao-lado-de-mbappe-haaland-arnold-e-donnarumma-vinicius-junior-entra-para-selecao-do-futebol-da-europa\/#primaryimage"},"thumbnailUrl":"https:\/\/www.gaveanews.com\/wp-content\/uploads\/Vinicius-Junior-em-acao-pelo-Real-Madrid-contra-o-Sheriff-pela-Champions-League.webp","articleSection":["Destaques"],"inLanguage":"pt-BR","potentialAction":[{"@type":"CommentAction","name":"Comment","target":["https:\/\/www.gaveanews.com\/index.php\/2022\/01\/28\/ao-lado-de-mbappe-haaland-arnold-e-donnarumma-vinicius-junior-entra-para-selecao-do-futebol-da-europa\/#respond"]}],"copyrightYear":"2022","copyrightHolder":{"@id":"https:\/\/www.gaveanews.com\/#organization"}},{"@type":"WebPage","@id":"https:\/\/www.gaveanews.com\/index.php\/2022\/01\/28\/ao-lado-de-mbappe-haaland-arnold-e-donnarumma-vinicius-junior-entra-para-selecao-do-futebol-da-europa\/","url":"https:\/\/www.gaveanews.com\/index.php\/2022\/01\/28\/ao-lado-de-mbappe-haaland-arnold-e-donnarumma-vinicius-junior-entra-para-selecao-do-futebol-da-europa\/","name":"Ao lado de Mbapp\u00e9, Haaland, Arnold e Donnarumma, Vinicius Junior entra para sele\u00e7\u00e3o do futebol da Europa","isPartOf":{"@id":"https:\/\/www.gaveanews.com\/#website"},"primaryImageOfPage":{"@id":"https:\/\/www.gaveanews.com\/index.php\/2022\/01\/28\/ao-lado-de-mbappe-haaland-arnold-e-donnarumma-vinicius-junior-entra-para-selecao-do-futebol-da-europa\/#primaryimage"},"image":{"@id":"https:\/\/www.gaveanews.com\/index.php\/2022\/01\/28\/ao-lado-de-mbappe-haaland-arnold-e-donnarumma-vinicius-junior-entra-para-selecao-do-futebol-da-europa\/#primaryimage"},"thumbnailUrl":"https:\/\/www.gaveanews.com\/wp-content\/uploads\/Vinicius-Junior-em-acao-pelo-Real-Madrid-contra-o-Sheriff-pela-Champions-League.webp","datePublished":"2022-01-28T23:01:04+00:00","dateModified":"2022-01-28T23:03:45+00:00","author":{"@id":"https:\/\/www.gaveanews.com\/#\/schema\/person\/3a0372021fabaeec4e7e4242cfa27841"},"breadcrumb":{"@id":"https:\/\/www.gaveanews.com\/index.php\/2022\/01\/28\/ao-lado-de-mbappe-haaland-arnold-e-donnarumma-vinicius-junior-entra-para-selecao-do-futebol-da-europa\/#breadcrumb"},"inLanguage":"pt-BR","potentialAction":[{"@type":"ReadAction","target":["https:\/\/www.gaveanews.com\/index.php\/2022\/01\/28\/ao-lado-de-mbappe-haaland-arnold-e-donnarumma-vinicius-junior-entra-para-selecao-do-futebol-da-europa\/"]}]},{"@type":"ImageObject","inLanguage":"pt-BR","@id":"https:\/\/www.gaveanews.com\/index.php\/2022\/01\/28\/ao-lado-de-mbappe-haaland-arnold-e-donnarumma-vinicius-junior-entra-para-selecao-do-futebol-da-europa\/#primaryimage","url":"https:\/\/www.gaveanews.com\/wp-content\/uploads\/Vinicius-Junior-em-acao-pelo-Real-Madrid-contra-o-Sheriff-pela-Champions-League.webp","contentUrl":"https:\/\/www.gaveanews.com\/wp-content\/uploads\/Vinicius-Junior-em-acao-pelo-Real-Madrid-contra-o-Sheriff-pela-Champions-League.webp","width":1361,"height":1020,"caption":"Vin\u00edcius J\u00fanior em a\u00e7\u00e3o pelo Real Madrid contra o Sheriff pela Champions League (Foto: Reuters)"},{"@type":"BreadcrumbList","@id":"https:\/\/www.gaveanews.com\/index.php\/2022\/01\/28\/ao-lado-de-mbappe-haaland-arnold-e-donnarumma-vinicius-junior-entra-para-selecao-do-futebol-da-europa\/#breadcrumb","itemListElement":[{"@type":"ListItem","position":1,"name":"Home","item":"https:\/\/www.gaveanews.com\/"},{"@type":"ListItem","position":2,"name":"Ao lado de Mbapp\u00e9, Haaland, Arnold e Donnarumma, Vinicius Junior entra para sele\u00e7\u00e3o do futebol da Europa"}]},{"@type":"WebSite","@id":"https:\/\/www.gaveanews.com\/#website","url":"https:\/\/www.gaveanews.com\/","name":"G\u00e1vea News","description":"Veja todas as not\u00edcias sobre o Flamengo: Contrata\u00e7\u00f5es, categorias de base, resultados das partidas, tabela de classifica\u00e7\u00e3o, pr\u00f3ximos jogos!","potentialAction":[{"@type":"SearchAction","target":{"@type":"EntryPoint","urlTemplate":"https:\/\/www.gaveanews.com\/?s={search_term_string}"},"query-input":{"@type":"PropertyValueSpecification","valueRequired":true,"valueName":"search_term_string"}}],"inLanguage":"pt-BR"},{"@type":"Person","@id":"https:\/\/www.gaveanews.com\/#\/schema\/person\/3a0372021fabaeec4e7e4242cfa27841","name":"Hugo Nogueira","image":{"@type":"ImageObject","inLanguage":"pt-BR","@id":"https:\/\/www.gaveanews.com\/#\/schema\/person\/image\/","url":"https:\/\/secure.gravatar.com\/avatar\/0cdd89f3b47bb55926c08eee2db992845cfdd53f84c9fdd47a49d89b3cd40c0a?s=96&d=mm&r=g","contentUrl":"https:\/\/secure.gravatar.com\/avatar\/0cdd89f3b47bb55926c08eee2db992845cfdd53f84c9fdd47a49d89b3cd40c0a?s=96&d=mm&r=g","caption":"Hugo Nogueira"}}]}},"_links":{"self":[{"href":"https:\/\/www.gaveanews.com\/index.php\/wp-json\/wp\/v2\/posts\/75700","targetHints":{"allow":["GET"]}}],"collection":[{"href":"https:\/\/www.gaveanews.com\/index.php\/wp-json\/wp\/v2\/posts"}],"about":[{"href":"https:\/\/www.gaveanews.com\/index.php\/wp-json\/wp\/v2\/types\/post"}],"author":[{"embeddable":true,"href":"https:\/\/www.gaveanews.com\/index.php\/wp-json\/wp\/v2\/users\/2"}],"replies":[{"embeddable":true,"href":"https:\/\/www.gaveanews.com\/index.php\/wp-json\/wp\/v2\/comments?post=75700"}],"version-history":[{"count":0,"href":"https:\/\/www.gaveanews.com\/index.php\/wp-json\/wp\/v2\/posts\/75700\/revisions"}],"wp:featuredmedia":[{"embeddable":true,"href":"https:\/\/www.gaveanews.com\/index.php\/wp-json\/wp\/v2\/media\/74860"}],"wp:attachment":[{"href":"https:\/\/www.gaveanews.com\/index.php\/wp-json\/wp\/v2\/media?parent=75700"}],"wp:term":[{"taxonomy":"category","embeddable":true,"href":"https:\/\/www.gaveanews.com\/index.php\/wp-json\/wp\/v2\/categories?post=75700"},{"taxonomy":"post_tag","embeddable":true,"href":"https:\/\/www.gaveanews.com\/index.php\/wp-json\/wp\/v2\/tags?post=75700"}],"curies":[{"name":"wp","href":"https:\/\/api.w.org\/{rel}","templated":true}]}}