{"id":75707,"date":"2022-01-28T20:22:32","date_gmt":"2022-01-28T23:22:32","guid":{"rendered":"https:\/\/www.gaveanews.com\/?p=75707"},"modified":"2022-01-28T20:22:35","modified_gmt":"2022-01-28T23:22:35","slug":"por-everton-cebolinha-marcos-braz-do-flamengo-viajara-para-portugal","status":"publish","type":"post","link":"https:\/\/www.gaveanews.com\/index.php\/2022\/01\/28\/por-everton-cebolinha-marcos-braz-do-flamengo-viajara-para-portugal\/","title":{"rendered":"Por Everton Cebolinha, Marcos Braz, do Flamengo, viajar\u00e1 para Portugal"},"content":{"rendered":"\n<p>A contrata\u00e7\u00e3o do atacante Marinho pelo Flamengo n\u00e3o significa que ele seja o substituto para Michael, vendido ao Al Hilal, da Ar\u00e1bia Saudita. Nos pr\u00f3ximos dias, o clube deve investir na tentativa de se refor\u00e7ar tamb\u00e9m com Everton Cebolinha, que joga atualmente pelo Benfica.<\/p>\n\n\n\n<p>No podcast Posse de Bola #197, Mauro Cezar Pereira afirma que Marcos Braz deve retornar \u00e0 Europa com a miss\u00e3o de tentar a contrata\u00e7\u00e3o do ex-jogador do Gr\u00eamio, mas considera que o torcedor n\u00e3o pode se empolgar, j\u00e1 que o neg\u00f3cio \u00e9 dif\u00edcil at\u00e9 pela forma como ficou a rela\u00e7\u00e3o entre o Flamengo e o Benfica quando os dirigentes foram atr\u00e1s de Jorge Jesus.<\/p>\n\n\n\n<p><strong><em>\u2014 Provavelmente na pr\u00f3xima semana o Marcos Braz vai voltar a Portugal, o Flamengo vai tentar de fato agora o Cebolinha. N\u00e3o fez nenhuma proposta, pela minha apura\u00e7\u00e3o, at\u00e9 agora, at\u00e9 porque a estrat\u00e9gia do clube \u00e9 esperar o final da janela europeia, que vai fechar no dia 31, que \u00e9 segunda-feira, e a\u00ed partir para o ataque no sentido de tentar jogadores l\u00e1 de fora. Por que isso? Para n\u00e3o ter que disputar jogador com clubes europeus<\/em><\/strong>, diz Mauro.<\/p>\n\n\n\n<p><strong><em>\u2014 Vai tentar o Cebolinha, o que \u00e9 muito dif\u00edcil, eu acho que o torcedor do Flamengo n\u00e3o deve se empolgar muito. Custou 22 milh\u00f5es de euros ao Benfica, existe ali um clima meio ruim entre Benfica e Flamengo, especialmente envolvendo o Marcos Braz, que vai ter que ter uma l\u00e1bia muito boa, uma conversa muito boa com os portugueses para colocarem de lado todo esse mal estar que ficou por conta do Jorge Jesus<\/em><\/strong>, completa.<\/p>\n\n\n\n<p>Al\u00e9m da situa\u00e7\u00e3o com o Benfica, Mauro Cezar tamb\u00e9m cita que o jogador n\u00e3o custou barato ao Benfica, outro fator que pode dificultar a negocia\u00e7\u00e3o para o Flamengo, que tamb\u00e9m pretende buscar um zagueiro.<\/p>\n\n\n\n<p><strong><em>\u2014 Vai ter que driblar isso tudo para tentar trazer o jogador e \u00e9 um jogador caro, eu acho muito dif\u00edcil, mas vai tentar. Al\u00e9m disso, vai tentar aqui no Brasil e fora contratar zagueiro e mais um atacante, pode ser o Cebolinha e pode ser outro. Eu acho muito dif\u00edcil o Cebolinha, mas o Flamengo vai fazer uma tentativa de contrata\u00e7\u00e3o desse jogador. Proposta e tudo vai depender muito do que eles conseguirem conversar e de que maneira conseguem desenhar algum modelo<\/em><\/strong>, diz Mauro.<\/p>\n\n\n\n<p>Ele pontua que uma forma que o clube poderia tentar de neg\u00f3cio seria algo semelhante ao que o Flamengo fez para ter o volante Thiago Maia, do Lille, comprando um percentual do jogador, al\u00e9m de apontar a Copa do Mundo como um fator que poderia atrair o atacante, que perdeu espa\u00e7o nas \u00faltimas convoca\u00e7\u00f5es do t\u00e9cnico Tite.<\/p>\n\n\n\n<p><strong><em>\u2014 Pode ser que o Flamengo fa\u00e7a uma proposta parecida, compre a metade dos direitos, o Benfica fica com outra metade, tem a Copa do Mundo, que \u00e9 um argumento bom, o Cebolinha perdeu espa\u00e7o para Vinicius, para Antony, para Raphinha, ent\u00e3o ele briga por posi\u00e7\u00e3o, em tese, com esses caras, se ele volta ao Brasil e joga bem em um time brasileiro, de repente tem mais chances de voltar \u00e0 sele\u00e7\u00e3o e se valorizar<\/em><\/strong>, diz Mauro.<\/p>\n\n\n\n<p><strong><em>\u2014 \u00c9 um pacote de argumentos que eles v\u00e3o tentar colocar para contratar esse jogador, mas as contrata\u00e7\u00f5es que o Flamengo deve fazer dever\u00e3o acontecer realmente a partir do dia 1\u00ba, ter\u00e7a-feira, por conta dessa estrat\u00e9gia que tem esse lado bom e lado ruim, lado bom \u00e9 n\u00e3o ter disputa com times europeus e o lado ruim \u00e9 que o cara pode falar &#8216;agora eu n\u00e3o vendo<\/em><\/strong>&#8216;, conclui.<\/p>\n\n\n\n<p>Retirado de: UOL <\/p>\n","protected":false},"excerpt":{"rendered":"<p>A contrata\u00e7\u00e3o do atacante Marinho pelo Flamengo n\u00e3o significa que ele seja o substituto para Michael, vendido ao Al Hilal, da Ar\u00e1bia Saudita. Nos pr\u00f3ximos dias, o clube deve investir na tentativa de se refor\u00e7ar tamb\u00e9m com Everton Cebolinha, que joga atualmente pelo Benfica. No podcast Posse de Bola #197, Mauro Cezar Pereira afirma que [&hellip;]<\/p>\n","protected":false},"author":1,"featured_media":75363,"comment_status":"open","ping_status":"closed","sticky":false,"template":"","format":"standard","meta":{"footnotes":""},"categories":[48],"tags":[],"class_list":["post-75707","post","type-post","status-publish","format-standard","has-post-thumbnail","hentry","category-negociacoes"],"yoast_head":"<!-- This site is optimized with the Yoast SEO Premium plugin v24.2 (Yoast SEO v26.9) - https:\/\/yoast.com\/product\/yoast-seo-premium-wordpress\/ -->\n<title>Por Everton Cebolinha, Marcos Braz, do Flamengo, viajar\u00e1 para Portugal<\/title>\n<meta name=\"robots\" content=\"index, follow, max-snippet:-1, max-image-preview:large, max-video-preview:-1\" \/>\n<link rel=\"canonical\" href=\"https:\/\/www.gaveanews.com\/index.php\/2022\/01\/28\/por-everton-cebolinha-marcos-braz-do-flamengo-viajara-para-portugal\/\" \/>\n<meta property=\"og:locale\" content=\"pt_BR\" \/>\n<meta property=\"og:type\" content=\"article\" \/>\n<meta property=\"og:title\" content=\"Por Everton Cebolinha, Marcos Braz, do Flamengo, viajar\u00e1 para Portugal\" \/>\n<meta property=\"og:description\" content=\"A contrata\u00e7\u00e3o do atacante Marinho pelo Flamengo n\u00e3o significa que ele seja o substituto para Michael, vendido ao Al Hilal, da Ar\u00e1bia Saudita. Nos pr\u00f3ximos dias, o clube deve investir na tentativa de se refor\u00e7ar tamb\u00e9m com Everton Cebolinha, que joga atualmente pelo Benfica. No podcast Posse de Bola #197, Mauro Cezar Pereira afirma que [&hellip;]\" \/>\n<meta property=\"og:url\" content=\"https:\/\/www.gaveanews.com\/index.php\/2022\/01\/28\/por-everton-cebolinha-marcos-braz-do-flamengo-viajara-para-portugal\/\" \/>\n<meta property=\"og:site_name\" content=\"G\u00e1vea News\" \/>\n<meta property=\"article:publisher\" content=\"https:\/\/facebook.com\/gaveaNews\/\" \/>\n<meta property=\"article:published_time\" content=\"2022-01-28T23:22:32+00:00\" \/>\n<meta property=\"article:modified_time\" content=\"2022-01-28T23:22:35+00:00\" \/>\n<meta property=\"og:image\" content=\"https:\/\/www.gaveanews.com\/wp-content\/uploads\/Everton-Cebolinha-em-acao-pela-Selecao-Brasileira.webp\" \/>\n\t<meta property=\"og:image:width\" content=\"634\" \/>\n\t<meta property=\"og:image:height\" content=\"422\" \/>\n\t<meta property=\"og:image:type\" content=\"image\/png\" \/>\n<meta name=\"author\" content=\"Equipe G\u00e1vea News\" \/>\n<meta name=\"twitter:card\" content=\"summary_large_image\" \/>\n<meta name=\"twitter:label1\" content=\"Escrito por\" \/>\n\t<meta name=\"twitter:data1\" content=\"Equipe G\u00e1vea News\" \/>\n\t<meta name=\"twitter:label2\" content=\"Est. tempo de leitura\" \/>\n\t<meta name=\"twitter:data2\" content=\"4 minutos\" \/>\n<script type=\"application\/ld+json\" class=\"yoast-schema-graph\">{\"@context\":\"https:\/\/schema.org\",\"@graph\":[{\"@type\":\"NewsArticle\",\"@id\":\"https:\/\/www.gaveanews.com\/index.php\/2022\/01\/28\/por-everton-cebolinha-marcos-braz-do-flamengo-viajara-para-portugal\/#article\",\"isPartOf\":{\"@id\":\"https:\/\/www.gaveanews.com\/index.php\/2022\/01\/28\/por-everton-cebolinha-marcos-braz-do-flamengo-viajara-para-portugal\/\"},\"author\":{\"name\":\"Equipe G\u00e1vea News\",\"@id\":\"https:\/\/www.gaveanews.com\/#\/schema\/person\/2ec14f73fb96be2caf28f91afb14749d\"},\"headline\":\"Por Everton Cebolinha, Marcos Braz, do Flamengo, viajar\u00e1 para Portugal\",\"datePublished\":\"2022-01-28T23:22:32+00:00\",\"dateModified\":\"2022-01-28T23:22:35+00:00\",\"mainEntityOfPage\":{\"@id\":\"https:\/\/www.gaveanews.com\/index.php\/2022\/01\/28\/por-everton-cebolinha-marcos-braz-do-flamengo-viajara-para-portugal\/\"},\"wordCount\":628,\"commentCount\":9,\"image\":{\"@id\":\"https:\/\/www.gaveanews.com\/index.php\/2022\/01\/28\/por-everton-cebolinha-marcos-braz-do-flamengo-viajara-para-portugal\/#primaryimage\"},\"thumbnailUrl\":\"https:\/\/www.gaveanews.com\/wp-content\/uploads\/Everton-Cebolinha-em-acao-pela-Selecao-Brasileira.webp\",\"articleSection\":[\"Negocia\u00e7\u00f5es\"],\"inLanguage\":\"pt-BR\",\"potentialAction\":[{\"@type\":\"CommentAction\",\"name\":\"Comment\",\"target\":[\"https:\/\/www.gaveanews.com\/index.php\/2022\/01\/28\/por-everton-cebolinha-marcos-braz-do-flamengo-viajara-para-portugal\/#respond\"]}],\"copyrightYear\":\"2022\",\"copyrightHolder\":{\"@id\":\"https:\/\/www.gaveanews.com\/#organization\"}},{\"@type\":\"WebPage\",\"@id\":\"https:\/\/www.gaveanews.com\/index.php\/2022\/01\/28\/por-everton-cebolinha-marcos-braz-do-flamengo-viajara-para-portugal\/\",\"url\":\"https:\/\/www.gaveanews.com\/index.php\/2022\/01\/28\/por-everton-cebolinha-marcos-braz-do-flamengo-viajara-para-portugal\/\",\"name\":\"Por Everton Cebolinha, Marcos Braz, do Flamengo, viajar\u00e1 para Portugal\",\"isPartOf\":{\"@id\":\"https:\/\/www.gaveanews.com\/#website\"},\"primaryImageOfPage\":{\"@id\":\"https:\/\/www.gaveanews.com\/index.php\/2022\/01\/28\/por-everton-cebolinha-marcos-braz-do-flamengo-viajara-para-portugal\/#primaryimage\"},\"image\":{\"@id\":\"https:\/\/www.gaveanews.com\/index.php\/2022\/01\/28\/por-everton-cebolinha-marcos-braz-do-flamengo-viajara-para-portugal\/#primaryimage\"},\"thumbnailUrl\":\"https:\/\/www.gaveanews.com\/wp-content\/uploads\/Everton-Cebolinha-em-acao-pela-Selecao-Brasileira.webp\",\"datePublished\":\"2022-01-28T23:22:32+00:00\",\"dateModified\":\"2022-01-28T23:22:35+00:00\",\"author\":{\"@id\":\"https:\/\/www.gaveanews.com\/#\/schema\/person\/2ec14f73fb96be2caf28f91afb14749d\"},\"breadcrumb\":{\"@id\":\"https:\/\/www.gaveanews.com\/index.php\/2022\/01\/28\/por-everton-cebolinha-marcos-braz-do-flamengo-viajara-para-portugal\/#breadcrumb\"},\"inLanguage\":\"pt-BR\",\"potentialAction\":[{\"@type\":\"ReadAction\",\"target\":[\"https:\/\/www.gaveanews.com\/index.php\/2022\/01\/28\/por-everton-cebolinha-marcos-braz-do-flamengo-viajara-para-portugal\/\"]}]},{\"@type\":\"ImageObject\",\"inLanguage\":\"pt-BR\",\"@id\":\"https:\/\/www.gaveanews.com\/index.php\/2022\/01\/28\/por-everton-cebolinha-marcos-braz-do-flamengo-viajara-para-portugal\/#primaryimage\",\"url\":\"https:\/\/www.gaveanews.com\/wp-content\/uploads\/Everton-Cebolinha-em-acao-pela-Selecao-Brasileira.webp\",\"contentUrl\":\"https:\/\/www.gaveanews.com\/wp-content\/uploads\/Everton-Cebolinha-em-acao-pela-Selecao-Brasileira.webp\",\"width\":634,\"height\":422,\"caption\":\"Everton Cebolinha em a\u00e7\u00e3o pela Sele\u00e7\u00e3o Brasileira (Foto: Lucas Figueiredo\/CBF)\"},{\"@type\":\"BreadcrumbList\",\"@id\":\"https:\/\/www.gaveanews.com\/index.php\/2022\/01\/28\/por-everton-cebolinha-marcos-braz-do-flamengo-viajara-para-portugal\/#breadcrumb\",\"itemListElement\":[{\"@type\":\"ListItem\",\"position\":1,\"name\":\"Home\",\"item\":\"https:\/\/www.gaveanews.com\/\"},{\"@type\":\"ListItem\",\"position\":2,\"name\":\"Por Everton Cebolinha, Marcos Braz, do Flamengo, viajar\u00e1 para Portugal\"}]},{\"@type\":\"WebSite\",\"@id\":\"https:\/\/www.gaveanews.com\/#website\",\"url\":\"https:\/\/www.gaveanews.com\/\",\"name\":\"G\u00e1vea News\",\"description\":\"Veja todas as not\u00edcias sobre o Flamengo: Contrata\u00e7\u00f5es, categorias de base, resultados das partidas, tabela de classifica\u00e7\u00e3o, pr\u00f3ximos jogos!\",\"potentialAction\":[{\"@type\":\"SearchAction\",\"target\":{\"@type\":\"EntryPoint\",\"urlTemplate\":\"https:\/\/www.gaveanews.com\/?s={search_term_string}\"},\"query-input\":{\"@type\":\"PropertyValueSpecification\",\"valueRequired\":true,\"valueName\":\"search_term_string\"}}],\"inLanguage\":\"pt-BR\"},{\"@type\":\"Person\",\"@id\":\"https:\/\/www.gaveanews.com\/#\/schema\/person\/2ec14f73fb96be2caf28f91afb14749d\",\"name\":\"Equipe G\u00e1vea News\",\"image\":{\"@type\":\"ImageObject\",\"inLanguage\":\"pt-BR\",\"@id\":\"https:\/\/www.gaveanews.com\/#\/schema\/person\/image\/\",\"url\":\"https:\/\/secure.gravatar.com\/avatar\/1e1956f1facbffd3f8fa53a326721950116b3b9dc9bd44939c01180fd4a745a9?s=96&d=mm&r=g\",\"contentUrl\":\"https:\/\/secure.gravatar.com\/avatar\/1e1956f1facbffd3f8fa53a326721950116b3b9dc9bd44939c01180fd4a745a9?s=96&d=mm&r=g\",\"caption\":\"Equipe G\u00e1vea News\"}}]}<\/script>\n<!-- \/ Yoast SEO Premium plugin. -->","yoast_head_json":{"title":"Por Everton Cebolinha, Marcos Braz, do Flamengo, viajar\u00e1 para Portugal","robots":{"index":"index","follow":"follow","max-snippet":"max-snippet:-1","max-image-preview":"max-image-preview:large","max-video-preview":"max-video-preview:-1"},"canonical":"https:\/\/www.gaveanews.com\/index.php\/2022\/01\/28\/por-everton-cebolinha-marcos-braz-do-flamengo-viajara-para-portugal\/","og_locale":"pt_BR","og_type":"article","og_title":"Por Everton Cebolinha, Marcos Braz, do Flamengo, viajar\u00e1 para Portugal","og_description":"A contrata\u00e7\u00e3o do atacante Marinho pelo Flamengo n\u00e3o significa que ele seja o substituto para Michael, vendido ao Al Hilal, da Ar\u00e1bia Saudita. Nos pr\u00f3ximos dias, o clube deve investir na tentativa de se refor\u00e7ar tamb\u00e9m com Everton Cebolinha, que joga atualmente pelo Benfica. No podcast Posse de Bola #197, Mauro Cezar Pereira afirma que [&hellip;]","og_url":"https:\/\/www.gaveanews.com\/index.php\/2022\/01\/28\/por-everton-cebolinha-marcos-braz-do-flamengo-viajara-para-portugal\/","og_site_name":"G\u00e1vea News","article_publisher":"https:\/\/facebook.com\/gaveaNews\/","article_published_time":"2022-01-28T23:22:32+00:00","article_modified_time":"2022-01-28T23:22:35+00:00","og_image":[{"width":634,"height":422,"url":"https:\/\/www.gaveanews.com\/wp-content\/uploads\/Everton-Cebolinha-em-acao-pela-Selecao-Brasileira.webp","type":"image\/png"}],"author":"Equipe G\u00e1vea News","twitter_card":"summary_large_image","twitter_misc":{"Escrito por":"Equipe G\u00e1vea News","Est. tempo de leitura":"4 minutos"},"schema":{"@context":"https:\/\/schema.org","@graph":[{"@type":"NewsArticle","@id":"https:\/\/www.gaveanews.com\/index.php\/2022\/01\/28\/por-everton-cebolinha-marcos-braz-do-flamengo-viajara-para-portugal\/#article","isPartOf":{"@id":"https:\/\/www.gaveanews.com\/index.php\/2022\/01\/28\/por-everton-cebolinha-marcos-braz-do-flamengo-viajara-para-portugal\/"},"author":{"name":"Equipe G\u00e1vea News","@id":"https:\/\/www.gaveanews.com\/#\/schema\/person\/2ec14f73fb96be2caf28f91afb14749d"},"headline":"Por Everton Cebolinha, Marcos Braz, do Flamengo, viajar\u00e1 para Portugal","datePublished":"2022-01-28T23:22:32+00:00","dateModified":"2022-01-28T23:22:35+00:00","mainEntityOfPage":{"@id":"https:\/\/www.gaveanews.com\/index.php\/2022\/01\/28\/por-everton-cebolinha-marcos-braz-do-flamengo-viajara-para-portugal\/"},"wordCount":628,"commentCount":9,"image":{"@id":"https:\/\/www.gaveanews.com\/index.php\/2022\/01\/28\/por-everton-cebolinha-marcos-braz-do-flamengo-viajara-para-portugal\/#primaryimage"},"thumbnailUrl":"https:\/\/www.gaveanews.com\/wp-content\/uploads\/Everton-Cebolinha-em-acao-pela-Selecao-Brasileira.webp","articleSection":["Negocia\u00e7\u00f5es"],"inLanguage":"pt-BR","potentialAction":[{"@type":"CommentAction","name":"Comment","target":["https:\/\/www.gaveanews.com\/index.php\/2022\/01\/28\/por-everton-cebolinha-marcos-braz-do-flamengo-viajara-para-portugal\/#respond"]}],"copyrightYear":"2022","copyrightHolder":{"@id":"https:\/\/www.gaveanews.com\/#organization"}},{"@type":"WebPage","@id":"https:\/\/www.gaveanews.com\/index.php\/2022\/01\/28\/por-everton-cebolinha-marcos-braz-do-flamengo-viajara-para-portugal\/","url":"https:\/\/www.gaveanews.com\/index.php\/2022\/01\/28\/por-everton-cebolinha-marcos-braz-do-flamengo-viajara-para-portugal\/","name":"Por Everton Cebolinha, Marcos Braz, do Flamengo, viajar\u00e1 para Portugal","isPartOf":{"@id":"https:\/\/www.gaveanews.com\/#website"},"primaryImageOfPage":{"@id":"https:\/\/www.gaveanews.com\/index.php\/2022\/01\/28\/por-everton-cebolinha-marcos-braz-do-flamengo-viajara-para-portugal\/#primaryimage"},"image":{"@id":"https:\/\/www.gaveanews.com\/index.php\/2022\/01\/28\/por-everton-cebolinha-marcos-braz-do-flamengo-viajara-para-portugal\/#primaryimage"},"thumbnailUrl":"https:\/\/www.gaveanews.com\/wp-content\/uploads\/Everton-Cebolinha-em-acao-pela-Selecao-Brasileira.webp","datePublished":"2022-01-28T23:22:32+00:00","dateModified":"2022-01-28T23:22:35+00:00","author":{"@id":"https:\/\/www.gaveanews.com\/#\/schema\/person\/2ec14f73fb96be2caf28f91afb14749d"},"breadcrumb":{"@id":"https:\/\/www.gaveanews.com\/index.php\/2022\/01\/28\/por-everton-cebolinha-marcos-braz-do-flamengo-viajara-para-portugal\/#breadcrumb"},"inLanguage":"pt-BR","potentialAction":[{"@type":"ReadAction","target":["https:\/\/www.gaveanews.com\/index.php\/2022\/01\/28\/por-everton-cebolinha-marcos-braz-do-flamengo-viajara-para-portugal\/"]}]},{"@type":"ImageObject","inLanguage":"pt-BR","@id":"https:\/\/www.gaveanews.com\/index.php\/2022\/01\/28\/por-everton-cebolinha-marcos-braz-do-flamengo-viajara-para-portugal\/#primaryimage","url":"https:\/\/www.gaveanews.com\/wp-content\/uploads\/Everton-Cebolinha-em-acao-pela-Selecao-Brasileira.webp","contentUrl":"https:\/\/www.gaveanews.com\/wp-content\/uploads\/Everton-Cebolinha-em-acao-pela-Selecao-Brasileira.webp","width":634,"height":422,"caption":"Everton Cebolinha em a\u00e7\u00e3o pela Sele\u00e7\u00e3o Brasileira (Foto: Lucas Figueiredo\/CBF)"},{"@type":"BreadcrumbList","@id":"https:\/\/www.gaveanews.com\/index.php\/2022\/01\/28\/por-everton-cebolinha-marcos-braz-do-flamengo-viajara-para-portugal\/#breadcrumb","itemListElement":[{"@type":"ListItem","position":1,"name":"Home","item":"https:\/\/www.gaveanews.com\/"},{"@type":"ListItem","position":2,"name":"Por Everton Cebolinha, Marcos Braz, do Flamengo, viajar\u00e1 para Portugal"}]},{"@type":"WebSite","@id":"https:\/\/www.gaveanews.com\/#website","url":"https:\/\/www.gaveanews.com\/","name":"G\u00e1vea News","description":"Veja todas as not\u00edcias sobre o Flamengo: Contrata\u00e7\u00f5es, categorias de base, resultados das partidas, tabela de classifica\u00e7\u00e3o, pr\u00f3ximos jogos!","potentialAction":[{"@type":"SearchAction","target":{"@type":"EntryPoint","urlTemplate":"https:\/\/www.gaveanews.com\/?s={search_term_string}"},"query-input":{"@type":"PropertyValueSpecification","valueRequired":true,"valueName":"search_term_string"}}],"inLanguage":"pt-BR"},{"@type":"Person","@id":"https:\/\/www.gaveanews.com\/#\/schema\/person\/2ec14f73fb96be2caf28f91afb14749d","name":"Equipe G\u00e1vea News","image":{"@type":"ImageObject","inLanguage":"pt-BR","@id":"https:\/\/www.gaveanews.com\/#\/schema\/person\/image\/","url":"https:\/\/secure.gravatar.com\/avatar\/1e1956f1facbffd3f8fa53a326721950116b3b9dc9bd44939c01180fd4a745a9?s=96&d=mm&r=g","contentUrl":"https:\/\/secure.gravatar.com\/avatar\/1e1956f1facbffd3f8fa53a326721950116b3b9dc9bd44939c01180fd4a745a9?s=96&d=mm&r=g","caption":"Equipe G\u00e1vea News"}}]}},"_links":{"self":[{"href":"https:\/\/www.gaveanews.com\/index.php\/wp-json\/wp\/v2\/posts\/75707","targetHints":{"allow":["GET"]}}],"collection":[{"href":"https:\/\/www.gaveanews.com\/index.php\/wp-json\/wp\/v2\/posts"}],"about":[{"href":"https:\/\/www.gaveanews.com\/index.php\/wp-json\/wp\/v2\/types\/post"}],"author":[{"embeddable":true,"href":"https:\/\/www.gaveanews.com\/index.php\/wp-json\/wp\/v2\/users\/1"}],"replies":[{"embeddable":true,"href":"https:\/\/www.gaveanews.com\/index.php\/wp-json\/wp\/v2\/comments?post=75707"}],"version-history":[{"count":0,"href":"https:\/\/www.gaveanews.com\/index.php\/wp-json\/wp\/v2\/posts\/75707\/revisions"}],"wp:featuredmedia":[{"embeddable":true,"href":"https:\/\/www.gaveanews.com\/index.php\/wp-json\/wp\/v2\/media\/75363"}],"wp:attachment":[{"href":"https:\/\/www.gaveanews.com\/index.php\/wp-json\/wp\/v2\/media?parent=75707"}],"wp:term":[{"taxonomy":"category","embeddable":true,"href":"https:\/\/www.gaveanews.com\/index.php\/wp-json\/wp\/v2\/categories?post=75707"},{"taxonomy":"post_tag","embeddable":true,"href":"https:\/\/www.gaveanews.com\/index.php\/wp-json\/wp\/v2\/tags?post=75707"}],"curies":[{"name":"wp","href":"https:\/\/api.w.org\/{rel}","templated":true}]}}