{"id":75794,"date":"2022-01-29T21:44:02","date_gmt":"2022-01-30T00:44:02","guid":{"rendered":"https:\/\/www.gaveanews.com\/?p=75794"},"modified":"2022-01-29T21:44:05","modified_gmt":"2022-01-30T00:44:05","slug":"torcedores-do-flamengo-se-irritam-com-flatv-e-pedem-volta-da-rede-globo","status":"publish","type":"post","link":"https:\/\/www.gaveanews.com\/index.php\/2022\/01\/29\/torcedores-do-flamengo-se-irritam-com-flatv-e-pedem-volta-da-rede-globo\/","title":{"rendered":"Torcedores do Flamengo se irritam com FlaTV e pedem volta da Rede Globo"},"content":{"rendered":"\n<p>O Flamengo empatou por 0 a 0 com o Volta Redonda, neste s\u00e1bado (29), no est\u00e1dio Raulino de Oliveira. No entanto, o resultado n\u00e3o foi o que mais irritou. Na web, v\u00e1rios torcedores desabafaram contra a transmiss\u00e3o da FlaTV+, a emissora oficial do clube rubro-negro.<\/p>\n\n\n\n<p>Segundo relatos, o sinal do ve\u00edculo de comunica\u00e7\u00e3o caiu. Nesse sentido, alguns lances n\u00e3o foram exibidos ao vivo. Outra reclama\u00e7\u00e3o foi referente ao acesso do conte\u00fado. O assinante tinha que colocar o nome da conta e senha para assistir ao evento, mas o login n\u00e3o era efetuado.<\/p>\n\n\n\n<p>Al\u00e9m disso, ainda teve internauta relatando que as imagens da partida travaram e at\u00e9 pediram que a TV Globo volte a transmitir os jogos do Campeonato Carioca.<\/p>\n\n\n\n<p>Imprensa tamb\u00e9m desabafa e pede volta da TV Globo<\/p>\n\n\n\n<p>O jogo entre Flamengo e Volta Redonda tamb\u00e9m teve a cobertura da Super R\u00e1dio Tupi, uma das emissoras mais tradicionais da cr\u00f4nica esportiva do Rio de Janeiro. Ap\u00f3s o jogo, o comentarista Washington Rodrigues, o \u201cApolinho\u201d, desabafou.<\/p>\n\n\n\n<p><strong><em>\u2014 Zero pra empresa que gera as imagens pra Federa\u00e7\u00e3o. Voc\u00eas n\u00e3o sabem: ficou fora do ar um temp\u00e3o. N\u00e3o \u00e9 a primeira vez. Vasco e Volta Redonda foi a mesma coisa. Parecia que eles tinham ligado a tomada no pisca-pisca da \u00e1rvore de Natal. Isso tem um custo<\/em><\/strong>, disparou.<\/p>\n\n\n\n<p>Apolinho tamb\u00e9m pediu a volta da TV Globo:<\/p>\n\n\n\n<p><strong><em>\u2014 Eu n\u00e3o dirijo helic\u00f3ptero porque eu n\u00e3o sei. Se voc\u00ea n\u00e3o sabe fazer esse tro\u00e7o, n\u00e3o se mete a fazer. A\u00ed d\u00e1 saudade da TV Globo<\/em><\/strong>, completou.<\/p>\n\n\n\n<p>Retirado de: Torcedores <\/p>\n","protected":false},"excerpt":{"rendered":"<p>O Flamengo empatou por 0 a 0 com o Volta Redonda, neste s\u00e1bado (29), no est\u00e1dio Raulino de Oliveira. No entanto, o resultado n\u00e3o foi o que mais irritou. Na web, v\u00e1rios torcedores desabafaram contra a transmiss\u00e3o da FlaTV+, a emissora oficial do clube rubro-negro. Segundo relatos, o sinal do ve\u00edculo de comunica\u00e7\u00e3o caiu. Nesse [&hellip;]<\/p>\n","protected":false},"author":1,"featured_media":56104,"comment_status":"open","ping_status":"closed","sticky":false,"template":"","format":"standard","meta":{"footnotes":""},"categories":[1],"tags":[],"class_list":["post-75794","post","type-post","status-publish","format-standard","has-post-thumbnail","hentry","category-flamengo"],"yoast_head":"<!-- This site is optimized with the Yoast SEO Premium plugin v24.2 (Yoast SEO v26.9) - https:\/\/yoast.com\/product\/yoast-seo-premium-wordpress\/ -->\n<title>Torcedores do Flamengo se irritam com FlaTV e pedem volta da Rede Globo<\/title>\n<meta name=\"robots\" content=\"index, follow, max-snippet:-1, max-image-preview:large, max-video-preview:-1\" \/>\n<link rel=\"canonical\" href=\"https:\/\/www.gaveanews.com\/index.php\/2022\/01\/29\/torcedores-do-flamengo-se-irritam-com-flatv-e-pedem-volta-da-rede-globo\/\" \/>\n<meta property=\"og:locale\" content=\"pt_BR\" \/>\n<meta property=\"og:type\" content=\"article\" \/>\n<meta property=\"og:title\" content=\"Torcedores do Flamengo se irritam com FlaTV e pedem volta da Rede Globo\" \/>\n<meta property=\"og:description\" content=\"O Flamengo empatou por 0 a 0 com o Volta Redonda, neste s\u00e1bado (29), no est\u00e1dio Raulino de Oliveira. No entanto, o resultado n\u00e3o foi o que mais irritou. Na web, v\u00e1rios torcedores desabafaram contra a transmiss\u00e3o da FlaTV+, a emissora oficial do clube rubro-negro. Segundo relatos, o sinal do ve\u00edculo de comunica\u00e7\u00e3o caiu. Nesse [&hellip;]\" \/>\n<meta property=\"og:url\" content=\"https:\/\/www.gaveanews.com\/index.php\/2022\/01\/29\/torcedores-do-flamengo-se-irritam-com-flatv-e-pedem-volta-da-rede-globo\/\" \/>\n<meta property=\"og:site_name\" content=\"G\u00e1vea News\" \/>\n<meta property=\"article:publisher\" content=\"https:\/\/facebook.com\/gaveaNews\/\" \/>\n<meta property=\"article:published_time\" content=\"2022-01-30T00:44:02+00:00\" \/>\n<meta property=\"article:modified_time\" content=\"2022-01-30T00:44:05+00:00\" \/>\n<meta property=\"og:image\" content=\"https:\/\/www.gaveanews.com\/wp-content\/uploads\/Taca-do-Campeonato-Carioca.webp\" \/>\n\t<meta property=\"og:image:width\" content=\"640\" \/>\n\t<meta property=\"og:image:height\" content=\"400\" \/>\n\t<meta property=\"og:image:type\" content=\"image\/png\" \/>\n<meta name=\"author\" content=\"Equipe G\u00e1vea News\" \/>\n<meta name=\"twitter:card\" content=\"summary_large_image\" \/>\n<meta name=\"twitter:label1\" content=\"Escrito por\" \/>\n\t<meta name=\"twitter:data1\" content=\"Equipe G\u00e1vea News\" \/>\n\t<meta name=\"twitter:label2\" content=\"Est. tempo de leitura\" \/>\n\t<meta name=\"twitter:data2\" content=\"2 minutos\" \/>\n<script type=\"application\/ld+json\" class=\"yoast-schema-graph\">{\"@context\":\"https:\/\/schema.org\",\"@graph\":[{\"@type\":\"NewsArticle\",\"@id\":\"https:\/\/www.gaveanews.com\/index.php\/2022\/01\/29\/torcedores-do-flamengo-se-irritam-com-flatv-e-pedem-volta-da-rede-globo\/#article\",\"isPartOf\":{\"@id\":\"https:\/\/www.gaveanews.com\/index.php\/2022\/01\/29\/torcedores-do-flamengo-se-irritam-com-flatv-e-pedem-volta-da-rede-globo\/\"},\"author\":{\"name\":\"Equipe G\u00e1vea News\",\"@id\":\"https:\/\/www.gaveanews.com\/#\/schema\/person\/2ec14f73fb96be2caf28f91afb14749d\"},\"headline\":\"Torcedores do Flamengo se irritam com FlaTV e pedem volta da Rede Globo\",\"datePublished\":\"2022-01-30T00:44:02+00:00\",\"dateModified\":\"2022-01-30T00:44:05+00:00\",\"mainEntityOfPage\":{\"@id\":\"https:\/\/www.gaveanews.com\/index.php\/2022\/01\/29\/torcedores-do-flamengo-se-irritam-com-flatv-e-pedem-volta-da-rede-globo\/\"},\"wordCount\":290,\"commentCount\":42,\"image\":{\"@id\":\"https:\/\/www.gaveanews.com\/index.php\/2022\/01\/29\/torcedores-do-flamengo-se-irritam-com-flatv-e-pedem-volta-da-rede-globo\/#primaryimage\"},\"thumbnailUrl\":\"https:\/\/www.gaveanews.com\/wp-content\/uploads\/Taca-do-Campeonato-Carioca.webp\",\"articleSection\":[\"Flamengo\"],\"inLanguage\":\"pt-BR\",\"potentialAction\":[{\"@type\":\"CommentAction\",\"name\":\"Comment\",\"target\":[\"https:\/\/www.gaveanews.com\/index.php\/2022\/01\/29\/torcedores-do-flamengo-se-irritam-com-flatv-e-pedem-volta-da-rede-globo\/#respond\"]}],\"copyrightYear\":\"2022\",\"copyrightHolder\":{\"@id\":\"https:\/\/www.gaveanews.com\/#organization\"}},{\"@type\":\"WebPage\",\"@id\":\"https:\/\/www.gaveanews.com\/index.php\/2022\/01\/29\/torcedores-do-flamengo-se-irritam-com-flatv-e-pedem-volta-da-rede-globo\/\",\"url\":\"https:\/\/www.gaveanews.com\/index.php\/2022\/01\/29\/torcedores-do-flamengo-se-irritam-com-flatv-e-pedem-volta-da-rede-globo\/\",\"name\":\"Torcedores do Flamengo se irritam com FlaTV e pedem volta da Rede Globo\",\"isPartOf\":{\"@id\":\"https:\/\/www.gaveanews.com\/#website\"},\"primaryImageOfPage\":{\"@id\":\"https:\/\/www.gaveanews.com\/index.php\/2022\/01\/29\/torcedores-do-flamengo-se-irritam-com-flatv-e-pedem-volta-da-rede-globo\/#primaryimage\"},\"image\":{\"@id\":\"https:\/\/www.gaveanews.com\/index.php\/2022\/01\/29\/torcedores-do-flamengo-se-irritam-com-flatv-e-pedem-volta-da-rede-globo\/#primaryimage\"},\"thumbnailUrl\":\"https:\/\/www.gaveanews.com\/wp-content\/uploads\/Taca-do-Campeonato-Carioca.webp\",\"datePublished\":\"2022-01-30T00:44:02+00:00\",\"dateModified\":\"2022-01-30T00:44:05+00:00\",\"author\":{\"@id\":\"https:\/\/www.gaveanews.com\/#\/schema\/person\/2ec14f73fb96be2caf28f91afb14749d\"},\"breadcrumb\":{\"@id\":\"https:\/\/www.gaveanews.com\/index.php\/2022\/01\/29\/torcedores-do-flamengo-se-irritam-com-flatv-e-pedem-volta-da-rede-globo\/#breadcrumb\"},\"inLanguage\":\"pt-BR\",\"potentialAction\":[{\"@type\":\"ReadAction\",\"target\":[\"https:\/\/www.gaveanews.com\/index.php\/2022\/01\/29\/torcedores-do-flamengo-se-irritam-com-flatv-e-pedem-volta-da-rede-globo\/\"]}]},{\"@type\":\"ImageObject\",\"inLanguage\":\"pt-BR\",\"@id\":\"https:\/\/www.gaveanews.com\/index.php\/2022\/01\/29\/torcedores-do-flamengo-se-irritam-com-flatv-e-pedem-volta-da-rede-globo\/#primaryimage\",\"url\":\"https:\/\/www.gaveanews.com\/wp-content\/uploads\/Taca-do-Campeonato-Carioca.webp\",\"contentUrl\":\"https:\/\/www.gaveanews.com\/wp-content\/uploads\/Taca-do-Campeonato-Carioca.webp\",\"width\":640,\"height\":400,\"caption\":\"Ta\u00e7a do Campeonato Carioca (Foto: Marcelo Cortes\/Flamengo)\"},{\"@type\":\"BreadcrumbList\",\"@id\":\"https:\/\/www.gaveanews.com\/index.php\/2022\/01\/29\/torcedores-do-flamengo-se-irritam-com-flatv-e-pedem-volta-da-rede-globo\/#breadcrumb\",\"itemListElement\":[{\"@type\":\"ListItem\",\"position\":1,\"name\":\"Home\",\"item\":\"https:\/\/www.gaveanews.com\/\"},{\"@type\":\"ListItem\",\"position\":2,\"name\":\"Torcedores do Flamengo se irritam com FlaTV e pedem volta da Rede Globo\"}]},{\"@type\":\"WebSite\",\"@id\":\"https:\/\/www.gaveanews.com\/#website\",\"url\":\"https:\/\/www.gaveanews.com\/\",\"name\":\"G\u00e1vea News\",\"description\":\"Veja todas as not\u00edcias sobre o Flamengo: Contrata\u00e7\u00f5es, categorias de base, resultados das partidas, tabela de classifica\u00e7\u00e3o, pr\u00f3ximos jogos!\",\"potentialAction\":[{\"@type\":\"SearchAction\",\"target\":{\"@type\":\"EntryPoint\",\"urlTemplate\":\"https:\/\/www.gaveanews.com\/?s={search_term_string}\"},\"query-input\":{\"@type\":\"PropertyValueSpecification\",\"valueRequired\":true,\"valueName\":\"search_term_string\"}}],\"inLanguage\":\"pt-BR\"},{\"@type\":\"Person\",\"@id\":\"https:\/\/www.gaveanews.com\/#\/schema\/person\/2ec14f73fb96be2caf28f91afb14749d\",\"name\":\"Equipe G\u00e1vea News\",\"image\":{\"@type\":\"ImageObject\",\"inLanguage\":\"pt-BR\",\"@id\":\"https:\/\/www.gaveanews.com\/#\/schema\/person\/image\/\",\"url\":\"https:\/\/secure.gravatar.com\/avatar\/1e1956f1facbffd3f8fa53a326721950116b3b9dc9bd44939c01180fd4a745a9?s=96&d=mm&r=g\",\"contentUrl\":\"https:\/\/secure.gravatar.com\/avatar\/1e1956f1facbffd3f8fa53a326721950116b3b9dc9bd44939c01180fd4a745a9?s=96&d=mm&r=g\",\"caption\":\"Equipe G\u00e1vea News\"}}]}<\/script>\n<!-- \/ Yoast SEO Premium plugin. -->","yoast_head_json":{"title":"Torcedores do Flamengo se irritam com FlaTV e pedem volta da Rede Globo","robots":{"index":"index","follow":"follow","max-snippet":"max-snippet:-1","max-image-preview":"max-image-preview:large","max-video-preview":"max-video-preview:-1"},"canonical":"https:\/\/www.gaveanews.com\/index.php\/2022\/01\/29\/torcedores-do-flamengo-se-irritam-com-flatv-e-pedem-volta-da-rede-globo\/","og_locale":"pt_BR","og_type":"article","og_title":"Torcedores do Flamengo se irritam com FlaTV e pedem volta da Rede Globo","og_description":"O Flamengo empatou por 0 a 0 com o Volta Redonda, neste s\u00e1bado (29), no est\u00e1dio Raulino de Oliveira. No entanto, o resultado n\u00e3o foi o que mais irritou. Na web, v\u00e1rios torcedores desabafaram contra a transmiss\u00e3o da FlaTV+, a emissora oficial do clube rubro-negro. Segundo relatos, o sinal do ve\u00edculo de comunica\u00e7\u00e3o caiu. Nesse [&hellip;]","og_url":"https:\/\/www.gaveanews.com\/index.php\/2022\/01\/29\/torcedores-do-flamengo-se-irritam-com-flatv-e-pedem-volta-da-rede-globo\/","og_site_name":"G\u00e1vea News","article_publisher":"https:\/\/facebook.com\/gaveaNews\/","article_published_time":"2022-01-30T00:44:02+00:00","article_modified_time":"2022-01-30T00:44:05+00:00","og_image":[{"width":640,"height":400,"url":"https:\/\/www.gaveanews.com\/wp-content\/uploads\/Taca-do-Campeonato-Carioca.webp","type":"image\/png"}],"author":"Equipe G\u00e1vea News","twitter_card":"summary_large_image","twitter_misc":{"Escrito por":"Equipe G\u00e1vea News","Est. tempo de leitura":"2 minutos"},"schema":{"@context":"https:\/\/schema.org","@graph":[{"@type":"NewsArticle","@id":"https:\/\/www.gaveanews.com\/index.php\/2022\/01\/29\/torcedores-do-flamengo-se-irritam-com-flatv-e-pedem-volta-da-rede-globo\/#article","isPartOf":{"@id":"https:\/\/www.gaveanews.com\/index.php\/2022\/01\/29\/torcedores-do-flamengo-se-irritam-com-flatv-e-pedem-volta-da-rede-globo\/"},"author":{"name":"Equipe G\u00e1vea News","@id":"https:\/\/www.gaveanews.com\/#\/schema\/person\/2ec14f73fb96be2caf28f91afb14749d"},"headline":"Torcedores do Flamengo se irritam com FlaTV e pedem volta da Rede Globo","datePublished":"2022-01-30T00:44:02+00:00","dateModified":"2022-01-30T00:44:05+00:00","mainEntityOfPage":{"@id":"https:\/\/www.gaveanews.com\/index.php\/2022\/01\/29\/torcedores-do-flamengo-se-irritam-com-flatv-e-pedem-volta-da-rede-globo\/"},"wordCount":290,"commentCount":42,"image":{"@id":"https:\/\/www.gaveanews.com\/index.php\/2022\/01\/29\/torcedores-do-flamengo-se-irritam-com-flatv-e-pedem-volta-da-rede-globo\/#primaryimage"},"thumbnailUrl":"https:\/\/www.gaveanews.com\/wp-content\/uploads\/Taca-do-Campeonato-Carioca.webp","articleSection":["Flamengo"],"inLanguage":"pt-BR","potentialAction":[{"@type":"CommentAction","name":"Comment","target":["https:\/\/www.gaveanews.com\/index.php\/2022\/01\/29\/torcedores-do-flamengo-se-irritam-com-flatv-e-pedem-volta-da-rede-globo\/#respond"]}],"copyrightYear":"2022","copyrightHolder":{"@id":"https:\/\/www.gaveanews.com\/#organization"}},{"@type":"WebPage","@id":"https:\/\/www.gaveanews.com\/index.php\/2022\/01\/29\/torcedores-do-flamengo-se-irritam-com-flatv-e-pedem-volta-da-rede-globo\/","url":"https:\/\/www.gaveanews.com\/index.php\/2022\/01\/29\/torcedores-do-flamengo-se-irritam-com-flatv-e-pedem-volta-da-rede-globo\/","name":"Torcedores do Flamengo se irritam com FlaTV e pedem volta da Rede Globo","isPartOf":{"@id":"https:\/\/www.gaveanews.com\/#website"},"primaryImageOfPage":{"@id":"https:\/\/www.gaveanews.com\/index.php\/2022\/01\/29\/torcedores-do-flamengo-se-irritam-com-flatv-e-pedem-volta-da-rede-globo\/#primaryimage"},"image":{"@id":"https:\/\/www.gaveanews.com\/index.php\/2022\/01\/29\/torcedores-do-flamengo-se-irritam-com-flatv-e-pedem-volta-da-rede-globo\/#primaryimage"},"thumbnailUrl":"https:\/\/www.gaveanews.com\/wp-content\/uploads\/Taca-do-Campeonato-Carioca.webp","datePublished":"2022-01-30T00:44:02+00:00","dateModified":"2022-01-30T00:44:05+00:00","author":{"@id":"https:\/\/www.gaveanews.com\/#\/schema\/person\/2ec14f73fb96be2caf28f91afb14749d"},"breadcrumb":{"@id":"https:\/\/www.gaveanews.com\/index.php\/2022\/01\/29\/torcedores-do-flamengo-se-irritam-com-flatv-e-pedem-volta-da-rede-globo\/#breadcrumb"},"inLanguage":"pt-BR","potentialAction":[{"@type":"ReadAction","target":["https:\/\/www.gaveanews.com\/index.php\/2022\/01\/29\/torcedores-do-flamengo-se-irritam-com-flatv-e-pedem-volta-da-rede-globo\/"]}]},{"@type":"ImageObject","inLanguage":"pt-BR","@id":"https:\/\/www.gaveanews.com\/index.php\/2022\/01\/29\/torcedores-do-flamengo-se-irritam-com-flatv-e-pedem-volta-da-rede-globo\/#primaryimage","url":"https:\/\/www.gaveanews.com\/wp-content\/uploads\/Taca-do-Campeonato-Carioca.webp","contentUrl":"https:\/\/www.gaveanews.com\/wp-content\/uploads\/Taca-do-Campeonato-Carioca.webp","width":640,"height":400,"caption":"Ta\u00e7a do Campeonato Carioca (Foto: Marcelo Cortes\/Flamengo)"},{"@type":"BreadcrumbList","@id":"https:\/\/www.gaveanews.com\/index.php\/2022\/01\/29\/torcedores-do-flamengo-se-irritam-com-flatv-e-pedem-volta-da-rede-globo\/#breadcrumb","itemListElement":[{"@type":"ListItem","position":1,"name":"Home","item":"https:\/\/www.gaveanews.com\/"},{"@type":"ListItem","position":2,"name":"Torcedores do Flamengo se irritam com FlaTV e pedem volta da Rede Globo"}]},{"@type":"WebSite","@id":"https:\/\/www.gaveanews.com\/#website","url":"https:\/\/www.gaveanews.com\/","name":"G\u00e1vea News","description":"Veja todas as not\u00edcias sobre o Flamengo: Contrata\u00e7\u00f5es, categorias de base, resultados das partidas, tabela de classifica\u00e7\u00e3o, pr\u00f3ximos jogos!","potentialAction":[{"@type":"SearchAction","target":{"@type":"EntryPoint","urlTemplate":"https:\/\/www.gaveanews.com\/?s={search_term_string}"},"query-input":{"@type":"PropertyValueSpecification","valueRequired":true,"valueName":"search_term_string"}}],"inLanguage":"pt-BR"},{"@type":"Person","@id":"https:\/\/www.gaveanews.com\/#\/schema\/person\/2ec14f73fb96be2caf28f91afb14749d","name":"Equipe G\u00e1vea News","image":{"@type":"ImageObject","inLanguage":"pt-BR","@id":"https:\/\/www.gaveanews.com\/#\/schema\/person\/image\/","url":"https:\/\/secure.gravatar.com\/avatar\/1e1956f1facbffd3f8fa53a326721950116b3b9dc9bd44939c01180fd4a745a9?s=96&d=mm&r=g","contentUrl":"https:\/\/secure.gravatar.com\/avatar\/1e1956f1facbffd3f8fa53a326721950116b3b9dc9bd44939c01180fd4a745a9?s=96&d=mm&r=g","caption":"Equipe G\u00e1vea News"}}]}},"_links":{"self":[{"href":"https:\/\/www.gaveanews.com\/index.php\/wp-json\/wp\/v2\/posts\/75794","targetHints":{"allow":["GET"]}}],"collection":[{"href":"https:\/\/www.gaveanews.com\/index.php\/wp-json\/wp\/v2\/posts"}],"about":[{"href":"https:\/\/www.gaveanews.com\/index.php\/wp-json\/wp\/v2\/types\/post"}],"author":[{"embeddable":true,"href":"https:\/\/www.gaveanews.com\/index.php\/wp-json\/wp\/v2\/users\/1"}],"replies":[{"embeddable":true,"href":"https:\/\/www.gaveanews.com\/index.php\/wp-json\/wp\/v2\/comments?post=75794"}],"version-history":[{"count":0,"href":"https:\/\/www.gaveanews.com\/index.php\/wp-json\/wp\/v2\/posts\/75794\/revisions"}],"wp:featuredmedia":[{"embeddable":true,"href":"https:\/\/www.gaveanews.com\/index.php\/wp-json\/wp\/v2\/media\/56104"}],"wp:attachment":[{"href":"https:\/\/www.gaveanews.com\/index.php\/wp-json\/wp\/v2\/media?parent=75794"}],"wp:term":[{"taxonomy":"category","embeddable":true,"href":"https:\/\/www.gaveanews.com\/index.php\/wp-json\/wp\/v2\/categories?post=75794"},{"taxonomy":"post_tag","embeddable":true,"href":"https:\/\/www.gaveanews.com\/index.php\/wp-json\/wp\/v2\/tags?post=75794"}],"curies":[{"name":"wp","href":"https:\/\/api.w.org\/{rel}","templated":true}]}}