{"id":75803,"date":"2022-01-29T23:36:40","date_gmt":"2022-01-30T02:36:40","guid":{"rendered":"https:\/\/www.gaveanews.com\/?p=75803"},"modified":"2022-01-29T23:36:44","modified_gmt":"2022-01-30T02:36:44","slug":"apos-problemas-nos-jogos-do-flamengo-e-vasco-ferj-emite-nota-oficial","status":"publish","type":"post","link":"https:\/\/www.gaveanews.com\/index.php\/2022\/01\/29\/apos-problemas-nos-jogos-do-flamengo-e-vasco-ferj-emite-nota-oficial\/","title":{"rendered":"Ap\u00f3s problemas nos jogos do Flamengo e Vasco, FERJ emite nota oficial"},"content":{"rendered":"\n<p>As transmiss\u00f5es de Volta Redonda x Flamengo e Vasco x Boavista, jogos disputados hoje pelo Campeonato Carioca, irritaram os torcedores em fun\u00e7\u00e3o de erros e cortes na plataforma de streaming usada pela Ferj (Federa\u00e7\u00e3o de Futebol do Estado do Rio de Janeiro).<\/p>\n\n\n\n<p>Em meio \u00e0s falhas, o termo &#8220;Volta Globo&#8221; alcan\u00e7ou os assuntos mais comentados do Twitter na noite de hoje, em uma esp\u00e9cie de protesto contra as instabilidades e as parcerias firmadas pela entidade.<\/p>\n\n\n\n<h2 class=\"wp-block-heading\" id=\"h-escalacao-errada-e-queda-de-sinal\">Escala\u00e7\u00e3o errada e queda de sinal<\/h2>\n\n\n\n<p>A primeira gafe se deu no jogo do Flamengo, que come\u00e7ou as 18h (de Bras\u00edlia). Ao mostrar a escala\u00e7\u00e3o do Volta Redonda, a geradora de imagens colocou dois capit\u00e3es na equipe local e trocou o bras\u00e3o do clube pelo do Bangu, outro time participante do torneio &#8211; al\u00e9m do erro, o streaming ficou travado por alguns segundos.<\/p>\n\n\n\n<p>Com a bola rolando, os espectadores se decepcionaram no 2\u00b0 tempo. Por volta dos 22 minutos, a transmiss\u00e3o caiu e foi retomada somente aos 25.<\/p>\n\n\n\n<p>Oito minutos depois, mais problemas: desta vez, as imagens do Est\u00e1dio Raulino de Oliveira sumiram da tela, e a partida ficou apenas com o \u00e1udio do narrador. O streaming, ent\u00e3o, optou por mostrar alguns dos &#8220;melhores momentos&#8221; do duelo.<\/p>\n\n\n\n<p>O problema vigorou at\u00e9 os 40 minutos e piorou, j\u00e1 que o som tamb\u00e9m foi cortado da partida &#8211; tudo se normalizou somente nos acr\u00e9scimos do confronto, que acabou em 0 a 0.<\/p>\n\n\n\n<h2 class=\"wp-block-heading\" id=\"h-jogo-do-vasco-tambem-irrita\">Jogo do Vasco tamb\u00e9m irrita<\/h2>\n\n\n\n<p>A partida entre Vasco e Boavista, que come\u00e7ou as 21h (de Bras\u00edlia), tamb\u00e9m contou com confus\u00e3o e decep\u00e7\u00e3o.<\/p>\n\n\n\n<p>Torcedores com assinaturas Claro\/Net, por exemplo, relataram que perderam parte do 1\u00b0 tempo em fun\u00e7\u00e3o de o pay-per-view n\u00e3o disponibilizar as imagens do jogo.<\/p>\n\n\n\n<p>H\u00e1, tamb\u00e9m, reclama\u00e7\u00f5es em torno da qualidade do \u00e1udio que chega nos aparelhos eletr\u00f4nicos dos assinantes.<\/p>\n\n\n\n<h2 class=\"wp-block-heading\" id=\"h-ferj-se-desculpa\">Ferj se desculpa<\/h2>\n\n\n\n<p>Organizadora do campeonato, a Ferj emitiu um comunicado se desculpando com os torcedores. No texto, a entidade cita que cobrou explica\u00e7\u00f5es \u00e0 Sportsview, empresa que faz a gera\u00e7\u00e3o das imagens das partidas.<\/p>\n\n\n\n<p>&#8220;A FERJ se desculpa com o torcedor pela queda de sinal no jogo Volta Redonda x Flamengo e est\u00e1 cobrando explica\u00e7\u00f5es \u00e0 Sportsview, empresa contratada para transmiss\u00e3o do Campeonato Carioca, assim como urgente melhoria na qualidade. Em breve, maiores informa\u00e7\u00f5es.&#8221;<\/p>\n\n\n\n<p>O\u00a0UOL Esporte\u00a0procurou a Sportsview para um posicionamento em rela\u00e7\u00e3o \u00e0s falhas e aguarda uma resposta. A nota ser\u00e1 atualizada assim que houver retorno.<\/p>\n\n\n\n<p>Retirado de: UOL<\/p>\n","protected":false},"excerpt":{"rendered":"<p>As transmiss\u00f5es de Volta Redonda x Flamengo e Vasco x Boavista, jogos disputados hoje pelo Campeonato Carioca, irritaram os torcedores em fun\u00e7\u00e3o de erros e cortes na plataforma de streaming usada pela Ferj (Federa\u00e7\u00e3o de Futebol do Estado do Rio de Janeiro). Em meio \u00e0s falhas, o termo &#8220;Volta Globo&#8221; alcan\u00e7ou os assuntos mais comentados [&hellip;]<\/p>\n","protected":false},"author":1,"featured_media":16301,"comment_status":"open","ping_status":"closed","sticky":false,"template":"","format":"standard","meta":{"footnotes":""},"categories":[1],"tags":[],"class_list":["post-75803","post","type-post","status-publish","format-standard","has-post-thumbnail","hentry","category-flamengo"],"yoast_head":"<!-- This site is optimized with the Yoast SEO Premium plugin v24.2 (Yoast SEO v26.9) - https:\/\/yoast.com\/product\/yoast-seo-premium-wordpress\/ -->\n<title>Ap\u00f3s problemas nos jogos do Flamengo e Vasco, FERJ emite nota oficial<\/title>\n<meta name=\"robots\" content=\"index, follow, max-snippet:-1, max-image-preview:large, max-video-preview:-1\" \/>\n<link rel=\"canonical\" href=\"https:\/\/www.gaveanews.com\/index.php\/2022\/01\/29\/apos-problemas-nos-jogos-do-flamengo-e-vasco-ferj-emite-nota-oficial\/\" \/>\n<meta property=\"og:locale\" content=\"pt_BR\" \/>\n<meta property=\"og:type\" content=\"article\" \/>\n<meta property=\"og:title\" content=\"Ap\u00f3s problemas nos jogos do Flamengo e Vasco, FERJ emite nota oficial\" \/>\n<meta property=\"og:description\" content=\"As transmiss\u00f5es de Volta Redonda x Flamengo e Vasco x Boavista, jogos disputados hoje pelo Campeonato Carioca, irritaram os torcedores em fun\u00e7\u00e3o de erros e cortes na plataforma de streaming usada pela Ferj (Federa\u00e7\u00e3o de Futebol do Estado do Rio de Janeiro). Em meio \u00e0s falhas, o termo &#8220;Volta Globo&#8221; alcan\u00e7ou os assuntos mais comentados [&hellip;]\" \/>\n<meta property=\"og:url\" content=\"https:\/\/www.gaveanews.com\/index.php\/2022\/01\/29\/apos-problemas-nos-jogos-do-flamengo-e-vasco-ferj-emite-nota-oficial\/\" \/>\n<meta property=\"og:site_name\" content=\"G\u00e1vea News\" \/>\n<meta property=\"article:publisher\" content=\"https:\/\/facebook.com\/gaveaNews\/\" \/>\n<meta property=\"article:published_time\" content=\"2022-01-30T02:36:40+00:00\" \/>\n<meta property=\"article:modified_time\" content=\"2022-01-30T02:36:44+00:00\" \/>\n<meta property=\"og:image\" content=\"https:\/\/www.gaveanews.com\/wp-content\/uploads\/2019\/03\/Presidente-da-FERJ-Rubens-Lopes-durante-coletiva-de-imprensa.webp\" \/>\n\t<meta property=\"og:image:width\" content=\"841\" \/>\n\t<meta property=\"og:image:height\" content=\"600\" \/>\n\t<meta property=\"og:image:type\" content=\"image\/jpeg\" \/>\n<meta name=\"author\" content=\"Equipe G\u00e1vea News\" \/>\n<meta name=\"twitter:card\" content=\"summary_large_image\" \/>\n<meta name=\"twitter:label1\" content=\"Escrito por\" \/>\n\t<meta name=\"twitter:data1\" content=\"Equipe G\u00e1vea News\" \/>\n\t<meta name=\"twitter:label2\" content=\"Est. tempo de leitura\" \/>\n\t<meta name=\"twitter:data2\" content=\"3 minutos\" \/>\n<script type=\"application\/ld+json\" class=\"yoast-schema-graph\">{\"@context\":\"https:\/\/schema.org\",\"@graph\":[{\"@type\":\"NewsArticle\",\"@id\":\"https:\/\/www.gaveanews.com\/index.php\/2022\/01\/29\/apos-problemas-nos-jogos-do-flamengo-e-vasco-ferj-emite-nota-oficial\/#article\",\"isPartOf\":{\"@id\":\"https:\/\/www.gaveanews.com\/index.php\/2022\/01\/29\/apos-problemas-nos-jogos-do-flamengo-e-vasco-ferj-emite-nota-oficial\/\"},\"author\":{\"name\":\"Equipe G\u00e1vea News\",\"@id\":\"https:\/\/www.gaveanews.com\/#\/schema\/person\/2ec14f73fb96be2caf28f91afb14749d\"},\"headline\":\"Ap\u00f3s problemas nos jogos do Flamengo e Vasco, FERJ emite nota oficial\",\"datePublished\":\"2022-01-30T02:36:40+00:00\",\"dateModified\":\"2022-01-30T02:36:44+00:00\",\"mainEntityOfPage\":{\"@id\":\"https:\/\/www.gaveanews.com\/index.php\/2022\/01\/29\/apos-problemas-nos-jogos-do-flamengo-e-vasco-ferj-emite-nota-oficial\/\"},\"wordCount\":440,\"commentCount\":12,\"image\":{\"@id\":\"https:\/\/www.gaveanews.com\/index.php\/2022\/01\/29\/apos-problemas-nos-jogos-do-flamengo-e-vasco-ferj-emite-nota-oficial\/#primaryimage\"},\"thumbnailUrl\":\"https:\/\/www.gaveanews.com\/wp-content\/uploads\/2019\/03\/Presidente-da-FERJ-Rubens-Lopes-durante-coletiva-de-imprensa.webp\",\"articleSection\":[\"Flamengo\"],\"inLanguage\":\"pt-BR\",\"potentialAction\":[{\"@type\":\"CommentAction\",\"name\":\"Comment\",\"target\":[\"https:\/\/www.gaveanews.com\/index.php\/2022\/01\/29\/apos-problemas-nos-jogos-do-flamengo-e-vasco-ferj-emite-nota-oficial\/#respond\"]}],\"copyrightYear\":\"2022\",\"copyrightHolder\":{\"@id\":\"https:\/\/www.gaveanews.com\/#organization\"}},{\"@type\":\"WebPage\",\"@id\":\"https:\/\/www.gaveanews.com\/index.php\/2022\/01\/29\/apos-problemas-nos-jogos-do-flamengo-e-vasco-ferj-emite-nota-oficial\/\",\"url\":\"https:\/\/www.gaveanews.com\/index.php\/2022\/01\/29\/apos-problemas-nos-jogos-do-flamengo-e-vasco-ferj-emite-nota-oficial\/\",\"name\":\"Ap\u00f3s problemas nos jogos do Flamengo e Vasco, FERJ emite nota oficial\",\"isPartOf\":{\"@id\":\"https:\/\/www.gaveanews.com\/#website\"},\"primaryImageOfPage\":{\"@id\":\"https:\/\/www.gaveanews.com\/index.php\/2022\/01\/29\/apos-problemas-nos-jogos-do-flamengo-e-vasco-ferj-emite-nota-oficial\/#primaryimage\"},\"image\":{\"@id\":\"https:\/\/www.gaveanews.com\/index.php\/2022\/01\/29\/apos-problemas-nos-jogos-do-flamengo-e-vasco-ferj-emite-nota-oficial\/#primaryimage\"},\"thumbnailUrl\":\"https:\/\/www.gaveanews.com\/wp-content\/uploads\/2019\/03\/Presidente-da-FERJ-Rubens-Lopes-durante-coletiva-de-imprensa.webp\",\"datePublished\":\"2022-01-30T02:36:40+00:00\",\"dateModified\":\"2022-01-30T02:36:44+00:00\",\"author\":{\"@id\":\"https:\/\/www.gaveanews.com\/#\/schema\/person\/2ec14f73fb96be2caf28f91afb14749d\"},\"breadcrumb\":{\"@id\":\"https:\/\/www.gaveanews.com\/index.php\/2022\/01\/29\/apos-problemas-nos-jogos-do-flamengo-e-vasco-ferj-emite-nota-oficial\/#breadcrumb\"},\"inLanguage\":\"pt-BR\",\"potentialAction\":[{\"@type\":\"ReadAction\",\"target\":[\"https:\/\/www.gaveanews.com\/index.php\/2022\/01\/29\/apos-problemas-nos-jogos-do-flamengo-e-vasco-ferj-emite-nota-oficial\/\"]}]},{\"@type\":\"ImageObject\",\"inLanguage\":\"pt-BR\",\"@id\":\"https:\/\/www.gaveanews.com\/index.php\/2022\/01\/29\/apos-problemas-nos-jogos-do-flamengo-e-vasco-ferj-emite-nota-oficial\/#primaryimage\",\"url\":\"https:\/\/www.gaveanews.com\/wp-content\/uploads\/2019\/03\/Presidente-da-FERJ-Rubens-Lopes-durante-coletiva-de-imprensa.webp\",\"contentUrl\":\"https:\/\/www.gaveanews.com\/wp-content\/uploads\/2019\/03\/Presidente-da-FERJ-Rubens-Lopes-durante-coletiva-de-imprensa.webp\",\"width\":841,\"height\":600,\"caption\":\"Presidente da FERJ, Rubens Lopes durante coletiva de imprensa (Foto: \u00darsula Nery)\"},{\"@type\":\"BreadcrumbList\",\"@id\":\"https:\/\/www.gaveanews.com\/index.php\/2022\/01\/29\/apos-problemas-nos-jogos-do-flamengo-e-vasco-ferj-emite-nota-oficial\/#breadcrumb\",\"itemListElement\":[{\"@type\":\"ListItem\",\"position\":1,\"name\":\"Home\",\"item\":\"https:\/\/www.gaveanews.com\/\"},{\"@type\":\"ListItem\",\"position\":2,\"name\":\"Ap\u00f3s problemas nos jogos do Flamengo e Vasco, FERJ emite nota oficial\"}]},{\"@type\":\"WebSite\",\"@id\":\"https:\/\/www.gaveanews.com\/#website\",\"url\":\"https:\/\/www.gaveanews.com\/\",\"name\":\"G\u00e1vea News\",\"description\":\"Veja todas as not\u00edcias sobre o Flamengo: Contrata\u00e7\u00f5es, categorias de base, resultados das partidas, tabela de classifica\u00e7\u00e3o, pr\u00f3ximos jogos!\",\"potentialAction\":[{\"@type\":\"SearchAction\",\"target\":{\"@type\":\"EntryPoint\",\"urlTemplate\":\"https:\/\/www.gaveanews.com\/?s={search_term_string}\"},\"query-input\":{\"@type\":\"PropertyValueSpecification\",\"valueRequired\":true,\"valueName\":\"search_term_string\"}}],\"inLanguage\":\"pt-BR\"},{\"@type\":\"Person\",\"@id\":\"https:\/\/www.gaveanews.com\/#\/schema\/person\/2ec14f73fb96be2caf28f91afb14749d\",\"name\":\"Equipe G\u00e1vea News\",\"image\":{\"@type\":\"ImageObject\",\"inLanguage\":\"pt-BR\",\"@id\":\"https:\/\/www.gaveanews.com\/#\/schema\/person\/image\/\",\"url\":\"https:\/\/secure.gravatar.com\/avatar\/1e1956f1facbffd3f8fa53a326721950116b3b9dc9bd44939c01180fd4a745a9?s=96&d=mm&r=g\",\"contentUrl\":\"https:\/\/secure.gravatar.com\/avatar\/1e1956f1facbffd3f8fa53a326721950116b3b9dc9bd44939c01180fd4a745a9?s=96&d=mm&r=g\",\"caption\":\"Equipe G\u00e1vea News\"}}]}<\/script>\n<!-- \/ Yoast SEO Premium plugin. -->","yoast_head_json":{"title":"Ap\u00f3s problemas nos jogos do Flamengo e Vasco, FERJ emite nota oficial","robots":{"index":"index","follow":"follow","max-snippet":"max-snippet:-1","max-image-preview":"max-image-preview:large","max-video-preview":"max-video-preview:-1"},"canonical":"https:\/\/www.gaveanews.com\/index.php\/2022\/01\/29\/apos-problemas-nos-jogos-do-flamengo-e-vasco-ferj-emite-nota-oficial\/","og_locale":"pt_BR","og_type":"article","og_title":"Ap\u00f3s problemas nos jogos do Flamengo e Vasco, FERJ emite nota oficial","og_description":"As transmiss\u00f5es de Volta Redonda x Flamengo e Vasco x Boavista, jogos disputados hoje pelo Campeonato Carioca, irritaram os torcedores em fun\u00e7\u00e3o de erros e cortes na plataforma de streaming usada pela Ferj (Federa\u00e7\u00e3o de Futebol do Estado do Rio de Janeiro). Em meio \u00e0s falhas, o termo &#8220;Volta Globo&#8221; alcan\u00e7ou os assuntos mais comentados [&hellip;]","og_url":"https:\/\/www.gaveanews.com\/index.php\/2022\/01\/29\/apos-problemas-nos-jogos-do-flamengo-e-vasco-ferj-emite-nota-oficial\/","og_site_name":"G\u00e1vea News","article_publisher":"https:\/\/facebook.com\/gaveaNews\/","article_published_time":"2022-01-30T02:36:40+00:00","article_modified_time":"2022-01-30T02:36:44+00:00","og_image":[{"width":841,"height":600,"url":"https:\/\/www.gaveanews.com\/wp-content\/uploads\/2019\/03\/Presidente-da-FERJ-Rubens-Lopes-durante-coletiva-de-imprensa.webp","type":"image\/jpeg"}],"author":"Equipe G\u00e1vea News","twitter_card":"summary_large_image","twitter_misc":{"Escrito por":"Equipe G\u00e1vea News","Est. tempo de leitura":"3 minutos"},"schema":{"@context":"https:\/\/schema.org","@graph":[{"@type":"NewsArticle","@id":"https:\/\/www.gaveanews.com\/index.php\/2022\/01\/29\/apos-problemas-nos-jogos-do-flamengo-e-vasco-ferj-emite-nota-oficial\/#article","isPartOf":{"@id":"https:\/\/www.gaveanews.com\/index.php\/2022\/01\/29\/apos-problemas-nos-jogos-do-flamengo-e-vasco-ferj-emite-nota-oficial\/"},"author":{"name":"Equipe G\u00e1vea News","@id":"https:\/\/www.gaveanews.com\/#\/schema\/person\/2ec14f73fb96be2caf28f91afb14749d"},"headline":"Ap\u00f3s problemas nos jogos do Flamengo e Vasco, FERJ emite nota oficial","datePublished":"2022-01-30T02:36:40+00:00","dateModified":"2022-01-30T02:36:44+00:00","mainEntityOfPage":{"@id":"https:\/\/www.gaveanews.com\/index.php\/2022\/01\/29\/apos-problemas-nos-jogos-do-flamengo-e-vasco-ferj-emite-nota-oficial\/"},"wordCount":440,"commentCount":12,"image":{"@id":"https:\/\/www.gaveanews.com\/index.php\/2022\/01\/29\/apos-problemas-nos-jogos-do-flamengo-e-vasco-ferj-emite-nota-oficial\/#primaryimage"},"thumbnailUrl":"https:\/\/www.gaveanews.com\/wp-content\/uploads\/2019\/03\/Presidente-da-FERJ-Rubens-Lopes-durante-coletiva-de-imprensa.webp","articleSection":["Flamengo"],"inLanguage":"pt-BR","potentialAction":[{"@type":"CommentAction","name":"Comment","target":["https:\/\/www.gaveanews.com\/index.php\/2022\/01\/29\/apos-problemas-nos-jogos-do-flamengo-e-vasco-ferj-emite-nota-oficial\/#respond"]}],"copyrightYear":"2022","copyrightHolder":{"@id":"https:\/\/www.gaveanews.com\/#organization"}},{"@type":"WebPage","@id":"https:\/\/www.gaveanews.com\/index.php\/2022\/01\/29\/apos-problemas-nos-jogos-do-flamengo-e-vasco-ferj-emite-nota-oficial\/","url":"https:\/\/www.gaveanews.com\/index.php\/2022\/01\/29\/apos-problemas-nos-jogos-do-flamengo-e-vasco-ferj-emite-nota-oficial\/","name":"Ap\u00f3s problemas nos jogos do Flamengo e Vasco, FERJ emite nota oficial","isPartOf":{"@id":"https:\/\/www.gaveanews.com\/#website"},"primaryImageOfPage":{"@id":"https:\/\/www.gaveanews.com\/index.php\/2022\/01\/29\/apos-problemas-nos-jogos-do-flamengo-e-vasco-ferj-emite-nota-oficial\/#primaryimage"},"image":{"@id":"https:\/\/www.gaveanews.com\/index.php\/2022\/01\/29\/apos-problemas-nos-jogos-do-flamengo-e-vasco-ferj-emite-nota-oficial\/#primaryimage"},"thumbnailUrl":"https:\/\/www.gaveanews.com\/wp-content\/uploads\/2019\/03\/Presidente-da-FERJ-Rubens-Lopes-durante-coletiva-de-imprensa.webp","datePublished":"2022-01-30T02:36:40+00:00","dateModified":"2022-01-30T02:36:44+00:00","author":{"@id":"https:\/\/www.gaveanews.com\/#\/schema\/person\/2ec14f73fb96be2caf28f91afb14749d"},"breadcrumb":{"@id":"https:\/\/www.gaveanews.com\/index.php\/2022\/01\/29\/apos-problemas-nos-jogos-do-flamengo-e-vasco-ferj-emite-nota-oficial\/#breadcrumb"},"inLanguage":"pt-BR","potentialAction":[{"@type":"ReadAction","target":["https:\/\/www.gaveanews.com\/index.php\/2022\/01\/29\/apos-problemas-nos-jogos-do-flamengo-e-vasco-ferj-emite-nota-oficial\/"]}]},{"@type":"ImageObject","inLanguage":"pt-BR","@id":"https:\/\/www.gaveanews.com\/index.php\/2022\/01\/29\/apos-problemas-nos-jogos-do-flamengo-e-vasco-ferj-emite-nota-oficial\/#primaryimage","url":"https:\/\/www.gaveanews.com\/wp-content\/uploads\/2019\/03\/Presidente-da-FERJ-Rubens-Lopes-durante-coletiva-de-imprensa.webp","contentUrl":"https:\/\/www.gaveanews.com\/wp-content\/uploads\/2019\/03\/Presidente-da-FERJ-Rubens-Lopes-durante-coletiva-de-imprensa.webp","width":841,"height":600,"caption":"Presidente da FERJ, Rubens Lopes durante coletiva de imprensa (Foto: \u00darsula Nery)"},{"@type":"BreadcrumbList","@id":"https:\/\/www.gaveanews.com\/index.php\/2022\/01\/29\/apos-problemas-nos-jogos-do-flamengo-e-vasco-ferj-emite-nota-oficial\/#breadcrumb","itemListElement":[{"@type":"ListItem","position":1,"name":"Home","item":"https:\/\/www.gaveanews.com\/"},{"@type":"ListItem","position":2,"name":"Ap\u00f3s problemas nos jogos do Flamengo e Vasco, FERJ emite nota oficial"}]},{"@type":"WebSite","@id":"https:\/\/www.gaveanews.com\/#website","url":"https:\/\/www.gaveanews.com\/","name":"G\u00e1vea News","description":"Veja todas as not\u00edcias sobre o Flamengo: Contrata\u00e7\u00f5es, categorias de base, resultados das partidas, tabela de classifica\u00e7\u00e3o, pr\u00f3ximos jogos!","potentialAction":[{"@type":"SearchAction","target":{"@type":"EntryPoint","urlTemplate":"https:\/\/www.gaveanews.com\/?s={search_term_string}"},"query-input":{"@type":"PropertyValueSpecification","valueRequired":true,"valueName":"search_term_string"}}],"inLanguage":"pt-BR"},{"@type":"Person","@id":"https:\/\/www.gaveanews.com\/#\/schema\/person\/2ec14f73fb96be2caf28f91afb14749d","name":"Equipe G\u00e1vea News","image":{"@type":"ImageObject","inLanguage":"pt-BR","@id":"https:\/\/www.gaveanews.com\/#\/schema\/person\/image\/","url":"https:\/\/secure.gravatar.com\/avatar\/1e1956f1facbffd3f8fa53a326721950116b3b9dc9bd44939c01180fd4a745a9?s=96&d=mm&r=g","contentUrl":"https:\/\/secure.gravatar.com\/avatar\/1e1956f1facbffd3f8fa53a326721950116b3b9dc9bd44939c01180fd4a745a9?s=96&d=mm&r=g","caption":"Equipe G\u00e1vea News"}}]}},"_links":{"self":[{"href":"https:\/\/www.gaveanews.com\/index.php\/wp-json\/wp\/v2\/posts\/75803","targetHints":{"allow":["GET"]}}],"collection":[{"href":"https:\/\/www.gaveanews.com\/index.php\/wp-json\/wp\/v2\/posts"}],"about":[{"href":"https:\/\/www.gaveanews.com\/index.php\/wp-json\/wp\/v2\/types\/post"}],"author":[{"embeddable":true,"href":"https:\/\/www.gaveanews.com\/index.php\/wp-json\/wp\/v2\/users\/1"}],"replies":[{"embeddable":true,"href":"https:\/\/www.gaveanews.com\/index.php\/wp-json\/wp\/v2\/comments?post=75803"}],"version-history":[{"count":0,"href":"https:\/\/www.gaveanews.com\/index.php\/wp-json\/wp\/v2\/posts\/75803\/revisions"}],"wp:featuredmedia":[{"embeddable":true,"href":"https:\/\/www.gaveanews.com\/index.php\/wp-json\/wp\/v2\/media\/16301"}],"wp:attachment":[{"href":"https:\/\/www.gaveanews.com\/index.php\/wp-json\/wp\/v2\/media?parent=75803"}],"wp:term":[{"taxonomy":"category","embeddable":true,"href":"https:\/\/www.gaveanews.com\/index.php\/wp-json\/wp\/v2\/categories?post=75803"},{"taxonomy":"post_tag","embeddable":true,"href":"https:\/\/www.gaveanews.com\/index.php\/wp-json\/wp\/v2\/tags?post=75803"}],"curies":[{"name":"wp","href":"https:\/\/api.w.org\/{rel}","templated":true}]}}