{"id":75815,"date":"2022-01-30T10:37:37","date_gmt":"2022-01-30T13:37:37","guid":{"rendered":"https:\/\/www.gaveanews.com\/?p=75815"},"modified":"2022-01-30T10:37:41","modified_gmt":"2022-01-30T13:37:41","slug":"flamengo-monitora-leo-ortiz-do-red-bull-bragantino","status":"publish","type":"post","link":"https:\/\/www.gaveanews.com\/index.php\/2022\/01\/30\/flamengo-monitora-leo-ortiz-do-red-bull-bragantino\/","title":{"rendered":"Flamengo monitora L\u00e9o Ortiz, do Red Bull Bragantino"},"content":{"rendered":"\n<p>Ap\u00f3s anunciar a contrata\u00e7\u00e3o de Marinho, o Flamengo segue monitorando o mercado de transfer\u00eancias para refor\u00e7ar seu plantel. Com a chegada de um nome para o setor ofensivo, o Rubro-Negro mudou a diretriz para uma nova posi\u00e7\u00e3o: a zaga.<\/p>\n\n\n\n<p>De acordo com Mauro Cezar Pereira, o clube carioca tentar\u00e1 contratar um zagueiro que atua no futebol brasileiro. O nome ainda n\u00e3o foi revelado. Nesse sentido, segundo o JC Online , o nome procurado pelo Flamengo ser\u00e1 L\u00e9o Ortiz, do Red Bull Bragantino.<\/p>\n\n\n\n<p>O defensor tamb\u00e9m foi alvo do Atl\u00e9tico-MG, que desistiu ap\u00f3s se assustar com valores e contratou Diego God\u00edn. Dessa forma, L\u00e9o Ortiz tem contrato com o Bragantino at\u00e9 2024 e mant\u00e9m o sonho de ser convocado para a Copa do Mundo. Por sua vez, o Flamengo estuda uma poss\u00edvel investida.<\/p>\n\n\n\n<p>A oferta poderia ser vista com bons olhos, j\u00e1 que a chance de ser convocado no Flamengo seria maior. No entanto, um dos pontos que deve pesar contra a negocia\u00e7\u00e3o s\u00e3o os valores. O zagueiro \u00e9 avaliado em 7,5 milh\u00f5es de euros (R$ 45,1 milh\u00f5es).<\/p>\n\n\n\n<p>Retirado de: Mercado do Futebol<\/p>\n","protected":false},"excerpt":{"rendered":"<p>Ap\u00f3s anunciar a contrata\u00e7\u00e3o de Marinho, o Flamengo segue monitorando o mercado de transfer\u00eancias para refor\u00e7ar seu plantel. Com a chegada de um nome para o setor ofensivo, o Rubro-Negro mudou a diretriz para uma nova posi\u00e7\u00e3o: a zaga. De acordo com Mauro Cezar Pereira, o clube carioca tentar\u00e1 contratar um zagueiro que atua no [&hellip;]<\/p>\n","protected":false},"author":1,"featured_media":75816,"comment_status":"open","ping_status":"closed","sticky":false,"template":"","format":"standard","meta":{"footnotes":""},"categories":[48],"tags":[],"class_list":["post-75815","post","type-post","status-publish","format-standard","has-post-thumbnail","hentry","category-negociacoes"],"yoast_head":"<!-- This site is optimized with the Yoast SEO Premium plugin v24.2 (Yoast SEO v26.9) - https:\/\/yoast.com\/product\/yoast-seo-premium-wordpress\/ -->\n<title>Flamengo monitora L\u00e9o Ortiz, do Red Bull Bragantino<\/title>\n<meta name=\"robots\" content=\"index, follow, max-snippet:-1, max-image-preview:large, max-video-preview:-1\" \/>\n<link rel=\"canonical\" href=\"https:\/\/www.gaveanews.com\/index.php\/2022\/01\/30\/flamengo-monitora-leo-ortiz-do-red-bull-bragantino\/\" \/>\n<meta property=\"og:locale\" content=\"pt_BR\" \/>\n<meta property=\"og:type\" content=\"article\" \/>\n<meta property=\"og:title\" content=\"Flamengo monitora L\u00e9o Ortiz, do Red Bull Bragantino\" \/>\n<meta property=\"og:description\" content=\"Ap\u00f3s anunciar a contrata\u00e7\u00e3o de Marinho, o Flamengo segue monitorando o mercado de transfer\u00eancias para refor\u00e7ar seu plantel. Com a chegada de um nome para o setor ofensivo, o Rubro-Negro mudou a diretriz para uma nova posi\u00e7\u00e3o: a zaga. De acordo com Mauro Cezar Pereira, o clube carioca tentar\u00e1 contratar um zagueiro que atua no [&hellip;]\" \/>\n<meta property=\"og:url\" content=\"https:\/\/www.gaveanews.com\/index.php\/2022\/01\/30\/flamengo-monitora-leo-ortiz-do-red-bull-bragantino\/\" \/>\n<meta property=\"og:site_name\" content=\"G\u00e1vea News\" \/>\n<meta property=\"article:publisher\" content=\"https:\/\/facebook.com\/gaveaNews\/\" \/>\n<meta property=\"article:published_time\" content=\"2022-01-30T13:37:37+00:00\" \/>\n<meta property=\"article:modified_time\" content=\"2022-01-30T13:37:41+00:00\" \/>\n<meta property=\"og:image\" content=\"https:\/\/www.gaveanews.com\/wp-content\/uploads\/Leo-Ortiz-durante-treinamento-do-Brasil.webp\" \/>\n\t<meta property=\"og:image:width\" content=\"1296\" \/>\n\t<meta property=\"og:image:height\" content=\"729\" \/>\n\t<meta property=\"og:image:type\" content=\"image\/jpeg\" \/>\n<meta name=\"author\" content=\"Equipe G\u00e1vea News\" \/>\n<meta name=\"twitter:card\" content=\"summary_large_image\" \/>\n<meta name=\"twitter:label1\" content=\"Escrito por\" \/>\n\t<meta name=\"twitter:data1\" content=\"Equipe G\u00e1vea News\" \/>\n\t<meta name=\"twitter:label2\" content=\"Est. tempo de leitura\" \/>\n\t<meta name=\"twitter:data2\" content=\"1 minuto\" \/>\n<script type=\"application\/ld+json\" class=\"yoast-schema-graph\">{\"@context\":\"https:\/\/schema.org\",\"@graph\":[{\"@type\":\"NewsArticle\",\"@id\":\"https:\/\/www.gaveanews.com\/index.php\/2022\/01\/30\/flamengo-monitora-leo-ortiz-do-red-bull-bragantino\/#article\",\"isPartOf\":{\"@id\":\"https:\/\/www.gaveanews.com\/index.php\/2022\/01\/30\/flamengo-monitora-leo-ortiz-do-red-bull-bragantino\/\"},\"author\":{\"name\":\"Equipe G\u00e1vea News\",\"@id\":\"https:\/\/www.gaveanews.com\/#\/schema\/person\/2ec14f73fb96be2caf28f91afb14749d\"},\"headline\":\"Flamengo monitora L\u00e9o Ortiz, do Red Bull Bragantino\",\"datePublished\":\"2022-01-30T13:37:37+00:00\",\"dateModified\":\"2022-01-30T13:37:41+00:00\",\"mainEntityOfPage\":{\"@id\":\"https:\/\/www.gaveanews.com\/index.php\/2022\/01\/30\/flamengo-monitora-leo-ortiz-do-red-bull-bragantino\/\"},\"wordCount\":204,\"commentCount\":6,\"image\":{\"@id\":\"https:\/\/www.gaveanews.com\/index.php\/2022\/01\/30\/flamengo-monitora-leo-ortiz-do-red-bull-bragantino\/#primaryimage\"},\"thumbnailUrl\":\"https:\/\/www.gaveanews.com\/wp-content\/uploads\/Leo-Ortiz-durante-treinamento-do-Brasil.webp\",\"articleSection\":[\"Negocia\u00e7\u00f5es\"],\"inLanguage\":\"pt-BR\",\"potentialAction\":[{\"@type\":\"CommentAction\",\"name\":\"Comment\",\"target\":[\"https:\/\/www.gaveanews.com\/index.php\/2022\/01\/30\/flamengo-monitora-leo-ortiz-do-red-bull-bragantino\/#respond\"]}],\"copyrightYear\":\"2022\",\"copyrightHolder\":{\"@id\":\"https:\/\/www.gaveanews.com\/#organization\"}},{\"@type\":\"WebPage\",\"@id\":\"https:\/\/www.gaveanews.com\/index.php\/2022\/01\/30\/flamengo-monitora-leo-ortiz-do-red-bull-bragantino\/\",\"url\":\"https:\/\/www.gaveanews.com\/index.php\/2022\/01\/30\/flamengo-monitora-leo-ortiz-do-red-bull-bragantino\/\",\"name\":\"Flamengo monitora L\u00e9o Ortiz, do Red Bull Bragantino\",\"isPartOf\":{\"@id\":\"https:\/\/www.gaveanews.com\/#website\"},\"primaryImageOfPage\":{\"@id\":\"https:\/\/www.gaveanews.com\/index.php\/2022\/01\/30\/flamengo-monitora-leo-ortiz-do-red-bull-bragantino\/#primaryimage\"},\"image\":{\"@id\":\"https:\/\/www.gaveanews.com\/index.php\/2022\/01\/30\/flamengo-monitora-leo-ortiz-do-red-bull-bragantino\/#primaryimage\"},\"thumbnailUrl\":\"https:\/\/www.gaveanews.com\/wp-content\/uploads\/Leo-Ortiz-durante-treinamento-do-Brasil.webp\",\"datePublished\":\"2022-01-30T13:37:37+00:00\",\"dateModified\":\"2022-01-30T13:37:41+00:00\",\"author\":{\"@id\":\"https:\/\/www.gaveanews.com\/#\/schema\/person\/2ec14f73fb96be2caf28f91afb14749d\"},\"breadcrumb\":{\"@id\":\"https:\/\/www.gaveanews.com\/index.php\/2022\/01\/30\/flamengo-monitora-leo-ortiz-do-red-bull-bragantino\/#breadcrumb\"},\"inLanguage\":\"pt-BR\",\"potentialAction\":[{\"@type\":\"ReadAction\",\"target\":[\"https:\/\/www.gaveanews.com\/index.php\/2022\/01\/30\/flamengo-monitora-leo-ortiz-do-red-bull-bragantino\/\"]}]},{\"@type\":\"ImageObject\",\"inLanguage\":\"pt-BR\",\"@id\":\"https:\/\/www.gaveanews.com\/index.php\/2022\/01\/30\/flamengo-monitora-leo-ortiz-do-red-bull-bragantino\/#primaryimage\",\"url\":\"https:\/\/www.gaveanews.com\/wp-content\/uploads\/Leo-Ortiz-durante-treinamento-do-Brasil.webp\",\"contentUrl\":\"https:\/\/www.gaveanews.com\/wp-content\/uploads\/Leo-Ortiz-durante-treinamento-do-Brasil.webp\",\"width\":1296,\"height\":729,\"caption\":\"L\u00e9o Ortiz durante treinamento do Brasil (Foto: Lucas Figueiredo\/CBF)\"},{\"@type\":\"BreadcrumbList\",\"@id\":\"https:\/\/www.gaveanews.com\/index.php\/2022\/01\/30\/flamengo-monitora-leo-ortiz-do-red-bull-bragantino\/#breadcrumb\",\"itemListElement\":[{\"@type\":\"ListItem\",\"position\":1,\"name\":\"Home\",\"item\":\"https:\/\/www.gaveanews.com\/\"},{\"@type\":\"ListItem\",\"position\":2,\"name\":\"Flamengo monitora L\u00e9o Ortiz, do Red Bull Bragantino\"}]},{\"@type\":\"WebSite\",\"@id\":\"https:\/\/www.gaveanews.com\/#website\",\"url\":\"https:\/\/www.gaveanews.com\/\",\"name\":\"G\u00e1vea News\",\"description\":\"Veja todas as not\u00edcias sobre o Flamengo: Contrata\u00e7\u00f5es, categorias de base, resultados das partidas, tabela de classifica\u00e7\u00e3o, pr\u00f3ximos jogos!\",\"potentialAction\":[{\"@type\":\"SearchAction\",\"target\":{\"@type\":\"EntryPoint\",\"urlTemplate\":\"https:\/\/www.gaveanews.com\/?s={search_term_string}\"},\"query-input\":{\"@type\":\"PropertyValueSpecification\",\"valueRequired\":true,\"valueName\":\"search_term_string\"}}],\"inLanguage\":\"pt-BR\"},{\"@type\":\"Person\",\"@id\":\"https:\/\/www.gaveanews.com\/#\/schema\/person\/2ec14f73fb96be2caf28f91afb14749d\",\"name\":\"Equipe G\u00e1vea News\",\"image\":{\"@type\":\"ImageObject\",\"inLanguage\":\"pt-BR\",\"@id\":\"https:\/\/www.gaveanews.com\/#\/schema\/person\/image\/\",\"url\":\"https:\/\/secure.gravatar.com\/avatar\/1e1956f1facbffd3f8fa53a326721950116b3b9dc9bd44939c01180fd4a745a9?s=96&d=mm&r=g\",\"contentUrl\":\"https:\/\/secure.gravatar.com\/avatar\/1e1956f1facbffd3f8fa53a326721950116b3b9dc9bd44939c01180fd4a745a9?s=96&d=mm&r=g\",\"caption\":\"Equipe G\u00e1vea News\"}}]}<\/script>\n<!-- \/ Yoast SEO Premium plugin. -->","yoast_head_json":{"title":"Flamengo monitora L\u00e9o Ortiz, do Red Bull Bragantino","robots":{"index":"index","follow":"follow","max-snippet":"max-snippet:-1","max-image-preview":"max-image-preview:large","max-video-preview":"max-video-preview:-1"},"canonical":"https:\/\/www.gaveanews.com\/index.php\/2022\/01\/30\/flamengo-monitora-leo-ortiz-do-red-bull-bragantino\/","og_locale":"pt_BR","og_type":"article","og_title":"Flamengo monitora L\u00e9o Ortiz, do Red Bull Bragantino","og_description":"Ap\u00f3s anunciar a contrata\u00e7\u00e3o de Marinho, o Flamengo segue monitorando o mercado de transfer\u00eancias para refor\u00e7ar seu plantel. Com a chegada de um nome para o setor ofensivo, o Rubro-Negro mudou a diretriz para uma nova posi\u00e7\u00e3o: a zaga. De acordo com Mauro Cezar Pereira, o clube carioca tentar\u00e1 contratar um zagueiro que atua no [&hellip;]","og_url":"https:\/\/www.gaveanews.com\/index.php\/2022\/01\/30\/flamengo-monitora-leo-ortiz-do-red-bull-bragantino\/","og_site_name":"G\u00e1vea News","article_publisher":"https:\/\/facebook.com\/gaveaNews\/","article_published_time":"2022-01-30T13:37:37+00:00","article_modified_time":"2022-01-30T13:37:41+00:00","og_image":[{"width":1296,"height":729,"url":"https:\/\/www.gaveanews.com\/wp-content\/uploads\/Leo-Ortiz-durante-treinamento-do-Brasil.webp","type":"image\/jpeg"}],"author":"Equipe G\u00e1vea News","twitter_card":"summary_large_image","twitter_misc":{"Escrito por":"Equipe G\u00e1vea News","Est. tempo de leitura":"1 minuto"},"schema":{"@context":"https:\/\/schema.org","@graph":[{"@type":"NewsArticle","@id":"https:\/\/www.gaveanews.com\/index.php\/2022\/01\/30\/flamengo-monitora-leo-ortiz-do-red-bull-bragantino\/#article","isPartOf":{"@id":"https:\/\/www.gaveanews.com\/index.php\/2022\/01\/30\/flamengo-monitora-leo-ortiz-do-red-bull-bragantino\/"},"author":{"name":"Equipe G\u00e1vea News","@id":"https:\/\/www.gaveanews.com\/#\/schema\/person\/2ec14f73fb96be2caf28f91afb14749d"},"headline":"Flamengo monitora L\u00e9o Ortiz, do Red Bull Bragantino","datePublished":"2022-01-30T13:37:37+00:00","dateModified":"2022-01-30T13:37:41+00:00","mainEntityOfPage":{"@id":"https:\/\/www.gaveanews.com\/index.php\/2022\/01\/30\/flamengo-monitora-leo-ortiz-do-red-bull-bragantino\/"},"wordCount":204,"commentCount":6,"image":{"@id":"https:\/\/www.gaveanews.com\/index.php\/2022\/01\/30\/flamengo-monitora-leo-ortiz-do-red-bull-bragantino\/#primaryimage"},"thumbnailUrl":"https:\/\/www.gaveanews.com\/wp-content\/uploads\/Leo-Ortiz-durante-treinamento-do-Brasil.webp","articleSection":["Negocia\u00e7\u00f5es"],"inLanguage":"pt-BR","potentialAction":[{"@type":"CommentAction","name":"Comment","target":["https:\/\/www.gaveanews.com\/index.php\/2022\/01\/30\/flamengo-monitora-leo-ortiz-do-red-bull-bragantino\/#respond"]}],"copyrightYear":"2022","copyrightHolder":{"@id":"https:\/\/www.gaveanews.com\/#organization"}},{"@type":"WebPage","@id":"https:\/\/www.gaveanews.com\/index.php\/2022\/01\/30\/flamengo-monitora-leo-ortiz-do-red-bull-bragantino\/","url":"https:\/\/www.gaveanews.com\/index.php\/2022\/01\/30\/flamengo-monitora-leo-ortiz-do-red-bull-bragantino\/","name":"Flamengo monitora L\u00e9o Ortiz, do Red Bull Bragantino","isPartOf":{"@id":"https:\/\/www.gaveanews.com\/#website"},"primaryImageOfPage":{"@id":"https:\/\/www.gaveanews.com\/index.php\/2022\/01\/30\/flamengo-monitora-leo-ortiz-do-red-bull-bragantino\/#primaryimage"},"image":{"@id":"https:\/\/www.gaveanews.com\/index.php\/2022\/01\/30\/flamengo-monitora-leo-ortiz-do-red-bull-bragantino\/#primaryimage"},"thumbnailUrl":"https:\/\/www.gaveanews.com\/wp-content\/uploads\/Leo-Ortiz-durante-treinamento-do-Brasil.webp","datePublished":"2022-01-30T13:37:37+00:00","dateModified":"2022-01-30T13:37:41+00:00","author":{"@id":"https:\/\/www.gaveanews.com\/#\/schema\/person\/2ec14f73fb96be2caf28f91afb14749d"},"breadcrumb":{"@id":"https:\/\/www.gaveanews.com\/index.php\/2022\/01\/30\/flamengo-monitora-leo-ortiz-do-red-bull-bragantino\/#breadcrumb"},"inLanguage":"pt-BR","potentialAction":[{"@type":"ReadAction","target":["https:\/\/www.gaveanews.com\/index.php\/2022\/01\/30\/flamengo-monitora-leo-ortiz-do-red-bull-bragantino\/"]}]},{"@type":"ImageObject","inLanguage":"pt-BR","@id":"https:\/\/www.gaveanews.com\/index.php\/2022\/01\/30\/flamengo-monitora-leo-ortiz-do-red-bull-bragantino\/#primaryimage","url":"https:\/\/www.gaveanews.com\/wp-content\/uploads\/Leo-Ortiz-durante-treinamento-do-Brasil.webp","contentUrl":"https:\/\/www.gaveanews.com\/wp-content\/uploads\/Leo-Ortiz-durante-treinamento-do-Brasil.webp","width":1296,"height":729,"caption":"L\u00e9o Ortiz durante treinamento do Brasil (Foto: Lucas Figueiredo\/CBF)"},{"@type":"BreadcrumbList","@id":"https:\/\/www.gaveanews.com\/index.php\/2022\/01\/30\/flamengo-monitora-leo-ortiz-do-red-bull-bragantino\/#breadcrumb","itemListElement":[{"@type":"ListItem","position":1,"name":"Home","item":"https:\/\/www.gaveanews.com\/"},{"@type":"ListItem","position":2,"name":"Flamengo monitora L\u00e9o Ortiz, do Red Bull Bragantino"}]},{"@type":"WebSite","@id":"https:\/\/www.gaveanews.com\/#website","url":"https:\/\/www.gaveanews.com\/","name":"G\u00e1vea News","description":"Veja todas as not\u00edcias sobre o Flamengo: Contrata\u00e7\u00f5es, categorias de base, resultados das partidas, tabela de classifica\u00e7\u00e3o, pr\u00f3ximos jogos!","potentialAction":[{"@type":"SearchAction","target":{"@type":"EntryPoint","urlTemplate":"https:\/\/www.gaveanews.com\/?s={search_term_string}"},"query-input":{"@type":"PropertyValueSpecification","valueRequired":true,"valueName":"search_term_string"}}],"inLanguage":"pt-BR"},{"@type":"Person","@id":"https:\/\/www.gaveanews.com\/#\/schema\/person\/2ec14f73fb96be2caf28f91afb14749d","name":"Equipe G\u00e1vea News","image":{"@type":"ImageObject","inLanguage":"pt-BR","@id":"https:\/\/www.gaveanews.com\/#\/schema\/person\/image\/","url":"https:\/\/secure.gravatar.com\/avatar\/1e1956f1facbffd3f8fa53a326721950116b3b9dc9bd44939c01180fd4a745a9?s=96&d=mm&r=g","contentUrl":"https:\/\/secure.gravatar.com\/avatar\/1e1956f1facbffd3f8fa53a326721950116b3b9dc9bd44939c01180fd4a745a9?s=96&d=mm&r=g","caption":"Equipe G\u00e1vea News"}}]}},"_links":{"self":[{"href":"https:\/\/www.gaveanews.com\/index.php\/wp-json\/wp\/v2\/posts\/75815","targetHints":{"allow":["GET"]}}],"collection":[{"href":"https:\/\/www.gaveanews.com\/index.php\/wp-json\/wp\/v2\/posts"}],"about":[{"href":"https:\/\/www.gaveanews.com\/index.php\/wp-json\/wp\/v2\/types\/post"}],"author":[{"embeddable":true,"href":"https:\/\/www.gaveanews.com\/index.php\/wp-json\/wp\/v2\/users\/1"}],"replies":[{"embeddable":true,"href":"https:\/\/www.gaveanews.com\/index.php\/wp-json\/wp\/v2\/comments?post=75815"}],"version-history":[{"count":0,"href":"https:\/\/www.gaveanews.com\/index.php\/wp-json\/wp\/v2\/posts\/75815\/revisions"}],"wp:featuredmedia":[{"embeddable":true,"href":"https:\/\/www.gaveanews.com\/index.php\/wp-json\/wp\/v2\/media\/75816"}],"wp:attachment":[{"href":"https:\/\/www.gaveanews.com\/index.php\/wp-json\/wp\/v2\/media?parent=75815"}],"wp:term":[{"taxonomy":"category","embeddable":true,"href":"https:\/\/www.gaveanews.com\/index.php\/wp-json\/wp\/v2\/categories?post=75815"},{"taxonomy":"post_tag","embeddable":true,"href":"https:\/\/www.gaveanews.com\/index.php\/wp-json\/wp\/v2\/tags?post=75815"}],"curies":[{"name":"wp","href":"https:\/\/api.w.org\/{rel}","templated":true}]}}