{"id":75827,"date":"2022-01-30T16:45:03","date_gmt":"2022-01-30T19:45:03","guid":{"rendered":"https:\/\/www.gaveanews.com\/?p=75827"},"modified":"2022-01-30T16:45:06","modified_gmt":"2022-01-30T19:45:06","slug":"flamengo-ja-tem-um-desfalque-confirmado-para-a-final-da-supercopa-do-brasil-contra-o-atletico-mineiro","status":"publish","type":"post","link":"https:\/\/www.gaveanews.com\/index.php\/2022\/01\/30\/flamengo-ja-tem-um-desfalque-confirmado-para-a-final-da-supercopa-do-brasil-contra-o-atletico-mineiro\/","title":{"rendered":"Flamengo j\u00e1 tem um desfalque confirmado para a final da Supercopa do Brasil contra o Atl\u00e9tico Mineiro"},"content":{"rendered":"\n<p>O t\u00e9cnico Paulo Sousa estreia no comando do Flamengo na quarta-feira (2) diante do Boavista, no Raulino de Oliveira, \u00e0s 19h15, pela terceira rodada do Carioca. A primeira miss\u00e3o do treinador ser\u00e1 definir a dupla de zaga titular que usar\u00e1 nas partidas que antecedem a final da Supercopa do Brasil, diante do Atl\u00e9tico-MG, marcada para o dia 20 de fevereiro.<\/p>\n\n\n\n<p>Sem Rodrigo Caio, que n\u00e3o tem prazo para retornar aos gramados ap\u00f3s sofrer ficar internado por mais de uma semana por conta de uma infec\u00e7\u00e3o no joelho que passou por artroscopia em dezembro, Paulo Sousa ter\u00e1 que escolher entre L\u00e9o Pereira e Gustavo Henrique para ficar ao lado de David Luiz. A \u00fanica certeza at\u00e9 o momento \u00e9 que o camisa 3 n\u00e3o estar\u00e1 em campo na decis\u00e3o diante do Galo.<\/p>\n\n\n\n<p>Antes de pegar o Atl\u00e9tico-MG, o Flamengo ter\u00e1 cinco desafios pelo Estadual: contra Boavista (dia 2), Fluminense (dia 6), Audax-RJ (dia 9), Nova Igua\u00e7u (dia 12) e Madureira (dia 16). Estes duelos ser\u00e3o usados pelo treinador portugu\u00eas para realizar ajustes e testes visando ao duelo com o Galo.<\/p>\n\n\n\n<p>Vale ressaltar que a pouca op\u00e7\u00e3o no setor defensivo foi um dos motivos que fez o Flamengo recusar uma oferta do Cruz Azul por L\u00e9o Pereira. O time mexicano ofereceu US$ 5 milh\u00f5es, cerca de R$ 27 milh\u00f5es, por 80% do defensor, mas o Rubro-Negro rejeitou e disse que n\u00e3o deseja negociar o camisa 4.<\/p>\n\n\n\n<p>Agora, L\u00e9o Pereira ter\u00e1 a chance de brigar por posi\u00e7\u00e3o na zaga do Flamengo neste come\u00e7o de temporada. Tanto ele quanto Gustavo Henrique ainda n\u00e3o conseguiram se firmar e s\u00e3o alvos de cr\u00edticas por parte da torcida com frequ\u00eancia desde que chegaram ao clube, em 2020. A outra op\u00e7\u00e3o e tamb\u00e9m testada durante a pr\u00e9-temporada \u00e9 colocar a equipe com tr\u00eas zagueiros, com David Luiz fazendo a fun\u00e7\u00e3o de defensor central.<\/p>\n\n\n\n<p>Nesta segunda-feira, Paulo Sousa deve come\u00e7ar a esbo\u00e7ar o time titular que desejar\u00e1 levar a campo na estreia do comando rubro-negro. O elenco se apresenta pela manh\u00e3 e inicia a prepara\u00e7\u00e3o para pegar o Boavista.<\/p>\n\n\n\n<p>Retirado de: O Dia<\/p>\n","protected":false},"excerpt":{"rendered":"<p>O t\u00e9cnico Paulo Sousa estreia no comando do Flamengo na quarta-feira (2) diante do Boavista, no Raulino de Oliveira, \u00e0s 19h15, pela terceira rodada do Carioca. A primeira miss\u00e3o do treinador ser\u00e1 definir a dupla de zaga titular que usar\u00e1 nas partidas que antecedem a final da Supercopa do Brasil, diante do Atl\u00e9tico-MG, marcada para [&hellip;]<\/p>\n","protected":false},"author":1,"featured_media":59259,"comment_status":"open","ping_status":"closed","sticky":false,"template":"","format":"standard","meta":{"footnotes":""},"categories":[1],"tags":[],"class_list":["post-75827","post","type-post","status-publish","format-standard","has-post-thumbnail","hentry","category-flamengo"],"yoast_head":"<!-- This site is optimized with the Yoast SEO Premium plugin v24.2 (Yoast SEO v26.9) - https:\/\/yoast.com\/product\/yoast-seo-premium-wordpress\/ -->\n<title>Flamengo j\u00e1 tem um desfalque confirmado para a final da Supercopa do Brasil contra o Atl\u00e9tico Mineiro<\/title>\n<meta name=\"robots\" content=\"index, follow, max-snippet:-1, max-image-preview:large, max-video-preview:-1\" \/>\n<link rel=\"canonical\" href=\"https:\/\/www.gaveanews.com\/index.php\/2022\/01\/30\/flamengo-ja-tem-um-desfalque-confirmado-para-a-final-da-supercopa-do-brasil-contra-o-atletico-mineiro\/\" \/>\n<meta property=\"og:locale\" content=\"pt_BR\" \/>\n<meta property=\"og:type\" content=\"article\" \/>\n<meta property=\"og:title\" content=\"Flamengo j\u00e1 tem um desfalque confirmado para a final da Supercopa do Brasil contra o Atl\u00e9tico Mineiro\" \/>\n<meta property=\"og:description\" content=\"O t\u00e9cnico Paulo Sousa estreia no comando do Flamengo na quarta-feira (2) diante do Boavista, no Raulino de Oliveira, \u00e0s 19h15, pela terceira rodada do Carioca. A primeira miss\u00e3o do treinador ser\u00e1 definir a dupla de zaga titular que usar\u00e1 nas partidas que antecedem a final da Supercopa do Brasil, diante do Atl\u00e9tico-MG, marcada para [&hellip;]\" \/>\n<meta property=\"og:url\" content=\"https:\/\/www.gaveanews.com\/index.php\/2022\/01\/30\/flamengo-ja-tem-um-desfalque-confirmado-para-a-final-da-supercopa-do-brasil-contra-o-atletico-mineiro\/\" \/>\n<meta property=\"og:site_name\" content=\"G\u00e1vea News\" \/>\n<meta property=\"article:publisher\" content=\"https:\/\/facebook.com\/gaveaNews\/\" \/>\n<meta property=\"article:published_time\" content=\"2022-01-30T19:45:03+00:00\" \/>\n<meta property=\"article:modified_time\" content=\"2022-01-30T19:45:06+00:00\" \/>\n<meta property=\"og:image\" content=\"https:\/\/www.gaveanews.com\/wp-content\/uploads\/Rodrigo-Caio-erguendo-a-taca-da-Supercopa-de-2021.webp\" \/>\n\t<meta property=\"og:image:width\" content=\"799\" \/>\n\t<meta property=\"og:image:height\" content=\"532\" \/>\n\t<meta property=\"og:image:type\" content=\"image\/jpeg\" \/>\n<meta name=\"author\" content=\"Equipe G\u00e1vea News\" \/>\n<meta name=\"twitter:card\" content=\"summary_large_image\" \/>\n<meta name=\"twitter:label1\" content=\"Escrito por\" \/>\n\t<meta name=\"twitter:data1\" content=\"Equipe G\u00e1vea News\" \/>\n\t<meta name=\"twitter:label2\" content=\"Est. tempo de leitura\" \/>\n\t<meta name=\"twitter:data2\" content=\"2 minutos\" \/>\n<script type=\"application\/ld+json\" class=\"yoast-schema-graph\">{\"@context\":\"https:\/\/schema.org\",\"@graph\":[{\"@type\":\"NewsArticle\",\"@id\":\"https:\/\/www.gaveanews.com\/index.php\/2022\/01\/30\/flamengo-ja-tem-um-desfalque-confirmado-para-a-final-da-supercopa-do-brasil-contra-o-atletico-mineiro\/#article\",\"isPartOf\":{\"@id\":\"https:\/\/www.gaveanews.com\/index.php\/2022\/01\/30\/flamengo-ja-tem-um-desfalque-confirmado-para-a-final-da-supercopa-do-brasil-contra-o-atletico-mineiro\/\"},\"author\":{\"name\":\"Equipe G\u00e1vea News\",\"@id\":\"https:\/\/www.gaveanews.com\/#\/schema\/person\/2ec14f73fb96be2caf28f91afb14749d\"},\"headline\":\"Flamengo j\u00e1 tem um desfalque confirmado para a final da Supercopa do Brasil contra o Atl\u00e9tico Mineiro\",\"datePublished\":\"2022-01-30T19:45:03+00:00\",\"dateModified\":\"2022-01-30T19:45:06+00:00\",\"mainEntityOfPage\":{\"@id\":\"https:\/\/www.gaveanews.com\/index.php\/2022\/01\/30\/flamengo-ja-tem-um-desfalque-confirmado-para-a-final-da-supercopa-do-brasil-contra-o-atletico-mineiro\/\"},\"wordCount\":380,\"commentCount\":10,\"image\":{\"@id\":\"https:\/\/www.gaveanews.com\/index.php\/2022\/01\/30\/flamengo-ja-tem-um-desfalque-confirmado-para-a-final-da-supercopa-do-brasil-contra-o-atletico-mineiro\/#primaryimage\"},\"thumbnailUrl\":\"https:\/\/www.gaveanews.com\/wp-content\/uploads\/Rodrigo-Caio-erguendo-a-taca-da-Supercopa-de-2021.webp\",\"articleSection\":[\"Flamengo\"],\"inLanguage\":\"pt-BR\",\"potentialAction\":[{\"@type\":\"CommentAction\",\"name\":\"Comment\",\"target\":[\"https:\/\/www.gaveanews.com\/index.php\/2022\/01\/30\/flamengo-ja-tem-um-desfalque-confirmado-para-a-final-da-supercopa-do-brasil-contra-o-atletico-mineiro\/#respond\"]}],\"copyrightYear\":\"2022\",\"copyrightHolder\":{\"@id\":\"https:\/\/www.gaveanews.com\/#organization\"}},{\"@type\":\"WebPage\",\"@id\":\"https:\/\/www.gaveanews.com\/index.php\/2022\/01\/30\/flamengo-ja-tem-um-desfalque-confirmado-para-a-final-da-supercopa-do-brasil-contra-o-atletico-mineiro\/\",\"url\":\"https:\/\/www.gaveanews.com\/index.php\/2022\/01\/30\/flamengo-ja-tem-um-desfalque-confirmado-para-a-final-da-supercopa-do-brasil-contra-o-atletico-mineiro\/\",\"name\":\"Flamengo j\u00e1 tem um desfalque confirmado para a final da Supercopa do Brasil contra o Atl\u00e9tico Mineiro\",\"isPartOf\":{\"@id\":\"https:\/\/www.gaveanews.com\/#website\"},\"primaryImageOfPage\":{\"@id\":\"https:\/\/www.gaveanews.com\/index.php\/2022\/01\/30\/flamengo-ja-tem-um-desfalque-confirmado-para-a-final-da-supercopa-do-brasil-contra-o-atletico-mineiro\/#primaryimage\"},\"image\":{\"@id\":\"https:\/\/www.gaveanews.com\/index.php\/2022\/01\/30\/flamengo-ja-tem-um-desfalque-confirmado-para-a-final-da-supercopa-do-brasil-contra-o-atletico-mineiro\/#primaryimage\"},\"thumbnailUrl\":\"https:\/\/www.gaveanews.com\/wp-content\/uploads\/Rodrigo-Caio-erguendo-a-taca-da-Supercopa-de-2021.webp\",\"datePublished\":\"2022-01-30T19:45:03+00:00\",\"dateModified\":\"2022-01-30T19:45:06+00:00\",\"author\":{\"@id\":\"https:\/\/www.gaveanews.com\/#\/schema\/person\/2ec14f73fb96be2caf28f91afb14749d\"},\"breadcrumb\":{\"@id\":\"https:\/\/www.gaveanews.com\/index.php\/2022\/01\/30\/flamengo-ja-tem-um-desfalque-confirmado-para-a-final-da-supercopa-do-brasil-contra-o-atletico-mineiro\/#breadcrumb\"},\"inLanguage\":\"pt-BR\",\"potentialAction\":[{\"@type\":\"ReadAction\",\"target\":[\"https:\/\/www.gaveanews.com\/index.php\/2022\/01\/30\/flamengo-ja-tem-um-desfalque-confirmado-para-a-final-da-supercopa-do-brasil-contra-o-atletico-mineiro\/\"]}]},{\"@type\":\"ImageObject\",\"inLanguage\":\"pt-BR\",\"@id\":\"https:\/\/www.gaveanews.com\/index.php\/2022\/01\/30\/flamengo-ja-tem-um-desfalque-confirmado-para-a-final-da-supercopa-do-brasil-contra-o-atletico-mineiro\/#primaryimage\",\"url\":\"https:\/\/www.gaveanews.com\/wp-content\/uploads\/Rodrigo-Caio-erguendo-a-taca-da-Supercopa-de-2021.webp\",\"contentUrl\":\"https:\/\/www.gaveanews.com\/wp-content\/uploads\/Rodrigo-Caio-erguendo-a-taca-da-Supercopa-de-2021.webp\",\"width\":799,\"height\":532,\"caption\":\"Rodrigo Caio erguendo a ta\u00e7a da Supercopa de 2021 (Foto: Alexandre Vidal\/Flamengo)\"},{\"@type\":\"BreadcrumbList\",\"@id\":\"https:\/\/www.gaveanews.com\/index.php\/2022\/01\/30\/flamengo-ja-tem-um-desfalque-confirmado-para-a-final-da-supercopa-do-brasil-contra-o-atletico-mineiro\/#breadcrumb\",\"itemListElement\":[{\"@type\":\"ListItem\",\"position\":1,\"name\":\"Home\",\"item\":\"https:\/\/www.gaveanews.com\/\"},{\"@type\":\"ListItem\",\"position\":2,\"name\":\"Flamengo j\u00e1 tem um desfalque confirmado para a final da Supercopa do Brasil contra o Atl\u00e9tico Mineiro\"}]},{\"@type\":\"WebSite\",\"@id\":\"https:\/\/www.gaveanews.com\/#website\",\"url\":\"https:\/\/www.gaveanews.com\/\",\"name\":\"G\u00e1vea News\",\"description\":\"Veja todas as not\u00edcias sobre o Flamengo: Contrata\u00e7\u00f5es, categorias de base, resultados das partidas, tabela de classifica\u00e7\u00e3o, pr\u00f3ximos jogos!\",\"potentialAction\":[{\"@type\":\"SearchAction\",\"target\":{\"@type\":\"EntryPoint\",\"urlTemplate\":\"https:\/\/www.gaveanews.com\/?s={search_term_string}\"},\"query-input\":{\"@type\":\"PropertyValueSpecification\",\"valueRequired\":true,\"valueName\":\"search_term_string\"}}],\"inLanguage\":\"pt-BR\"},{\"@type\":\"Person\",\"@id\":\"https:\/\/www.gaveanews.com\/#\/schema\/person\/2ec14f73fb96be2caf28f91afb14749d\",\"name\":\"Equipe G\u00e1vea News\",\"image\":{\"@type\":\"ImageObject\",\"inLanguage\":\"pt-BR\",\"@id\":\"https:\/\/www.gaveanews.com\/#\/schema\/person\/image\/\",\"url\":\"https:\/\/secure.gravatar.com\/avatar\/1e1956f1facbffd3f8fa53a326721950116b3b9dc9bd44939c01180fd4a745a9?s=96&d=mm&r=g\",\"contentUrl\":\"https:\/\/secure.gravatar.com\/avatar\/1e1956f1facbffd3f8fa53a326721950116b3b9dc9bd44939c01180fd4a745a9?s=96&d=mm&r=g\",\"caption\":\"Equipe G\u00e1vea News\"}}]}<\/script>\n<!-- \/ Yoast SEO Premium plugin. -->","yoast_head_json":{"title":"Flamengo j\u00e1 tem um desfalque confirmado para a final da Supercopa do Brasil contra o Atl\u00e9tico Mineiro","robots":{"index":"index","follow":"follow","max-snippet":"max-snippet:-1","max-image-preview":"max-image-preview:large","max-video-preview":"max-video-preview:-1"},"canonical":"https:\/\/www.gaveanews.com\/index.php\/2022\/01\/30\/flamengo-ja-tem-um-desfalque-confirmado-para-a-final-da-supercopa-do-brasil-contra-o-atletico-mineiro\/","og_locale":"pt_BR","og_type":"article","og_title":"Flamengo j\u00e1 tem um desfalque confirmado para a final da Supercopa do Brasil contra o Atl\u00e9tico Mineiro","og_description":"O t\u00e9cnico Paulo Sousa estreia no comando do Flamengo na quarta-feira (2) diante do Boavista, no Raulino de Oliveira, \u00e0s 19h15, pela terceira rodada do Carioca. A primeira miss\u00e3o do treinador ser\u00e1 definir a dupla de zaga titular que usar\u00e1 nas partidas que antecedem a final da Supercopa do Brasil, diante do Atl\u00e9tico-MG, marcada para [&hellip;]","og_url":"https:\/\/www.gaveanews.com\/index.php\/2022\/01\/30\/flamengo-ja-tem-um-desfalque-confirmado-para-a-final-da-supercopa-do-brasil-contra-o-atletico-mineiro\/","og_site_name":"G\u00e1vea News","article_publisher":"https:\/\/facebook.com\/gaveaNews\/","article_published_time":"2022-01-30T19:45:03+00:00","article_modified_time":"2022-01-30T19:45:06+00:00","og_image":[{"width":799,"height":532,"url":"https:\/\/www.gaveanews.com\/wp-content\/uploads\/Rodrigo-Caio-erguendo-a-taca-da-Supercopa-de-2021.webp","type":"image\/jpeg"}],"author":"Equipe G\u00e1vea News","twitter_card":"summary_large_image","twitter_misc":{"Escrito por":"Equipe G\u00e1vea News","Est. tempo de leitura":"2 minutos"},"schema":{"@context":"https:\/\/schema.org","@graph":[{"@type":"NewsArticle","@id":"https:\/\/www.gaveanews.com\/index.php\/2022\/01\/30\/flamengo-ja-tem-um-desfalque-confirmado-para-a-final-da-supercopa-do-brasil-contra-o-atletico-mineiro\/#article","isPartOf":{"@id":"https:\/\/www.gaveanews.com\/index.php\/2022\/01\/30\/flamengo-ja-tem-um-desfalque-confirmado-para-a-final-da-supercopa-do-brasil-contra-o-atletico-mineiro\/"},"author":{"name":"Equipe G\u00e1vea News","@id":"https:\/\/www.gaveanews.com\/#\/schema\/person\/2ec14f73fb96be2caf28f91afb14749d"},"headline":"Flamengo j\u00e1 tem um desfalque confirmado para a final da Supercopa do Brasil contra o Atl\u00e9tico Mineiro","datePublished":"2022-01-30T19:45:03+00:00","dateModified":"2022-01-30T19:45:06+00:00","mainEntityOfPage":{"@id":"https:\/\/www.gaveanews.com\/index.php\/2022\/01\/30\/flamengo-ja-tem-um-desfalque-confirmado-para-a-final-da-supercopa-do-brasil-contra-o-atletico-mineiro\/"},"wordCount":380,"commentCount":10,"image":{"@id":"https:\/\/www.gaveanews.com\/index.php\/2022\/01\/30\/flamengo-ja-tem-um-desfalque-confirmado-para-a-final-da-supercopa-do-brasil-contra-o-atletico-mineiro\/#primaryimage"},"thumbnailUrl":"https:\/\/www.gaveanews.com\/wp-content\/uploads\/Rodrigo-Caio-erguendo-a-taca-da-Supercopa-de-2021.webp","articleSection":["Flamengo"],"inLanguage":"pt-BR","potentialAction":[{"@type":"CommentAction","name":"Comment","target":["https:\/\/www.gaveanews.com\/index.php\/2022\/01\/30\/flamengo-ja-tem-um-desfalque-confirmado-para-a-final-da-supercopa-do-brasil-contra-o-atletico-mineiro\/#respond"]}],"copyrightYear":"2022","copyrightHolder":{"@id":"https:\/\/www.gaveanews.com\/#organization"}},{"@type":"WebPage","@id":"https:\/\/www.gaveanews.com\/index.php\/2022\/01\/30\/flamengo-ja-tem-um-desfalque-confirmado-para-a-final-da-supercopa-do-brasil-contra-o-atletico-mineiro\/","url":"https:\/\/www.gaveanews.com\/index.php\/2022\/01\/30\/flamengo-ja-tem-um-desfalque-confirmado-para-a-final-da-supercopa-do-brasil-contra-o-atletico-mineiro\/","name":"Flamengo j\u00e1 tem um desfalque confirmado para a final da Supercopa do Brasil contra o Atl\u00e9tico Mineiro","isPartOf":{"@id":"https:\/\/www.gaveanews.com\/#website"},"primaryImageOfPage":{"@id":"https:\/\/www.gaveanews.com\/index.php\/2022\/01\/30\/flamengo-ja-tem-um-desfalque-confirmado-para-a-final-da-supercopa-do-brasil-contra-o-atletico-mineiro\/#primaryimage"},"image":{"@id":"https:\/\/www.gaveanews.com\/index.php\/2022\/01\/30\/flamengo-ja-tem-um-desfalque-confirmado-para-a-final-da-supercopa-do-brasil-contra-o-atletico-mineiro\/#primaryimage"},"thumbnailUrl":"https:\/\/www.gaveanews.com\/wp-content\/uploads\/Rodrigo-Caio-erguendo-a-taca-da-Supercopa-de-2021.webp","datePublished":"2022-01-30T19:45:03+00:00","dateModified":"2022-01-30T19:45:06+00:00","author":{"@id":"https:\/\/www.gaveanews.com\/#\/schema\/person\/2ec14f73fb96be2caf28f91afb14749d"},"breadcrumb":{"@id":"https:\/\/www.gaveanews.com\/index.php\/2022\/01\/30\/flamengo-ja-tem-um-desfalque-confirmado-para-a-final-da-supercopa-do-brasil-contra-o-atletico-mineiro\/#breadcrumb"},"inLanguage":"pt-BR","potentialAction":[{"@type":"ReadAction","target":["https:\/\/www.gaveanews.com\/index.php\/2022\/01\/30\/flamengo-ja-tem-um-desfalque-confirmado-para-a-final-da-supercopa-do-brasil-contra-o-atletico-mineiro\/"]}]},{"@type":"ImageObject","inLanguage":"pt-BR","@id":"https:\/\/www.gaveanews.com\/index.php\/2022\/01\/30\/flamengo-ja-tem-um-desfalque-confirmado-para-a-final-da-supercopa-do-brasil-contra-o-atletico-mineiro\/#primaryimage","url":"https:\/\/www.gaveanews.com\/wp-content\/uploads\/Rodrigo-Caio-erguendo-a-taca-da-Supercopa-de-2021.webp","contentUrl":"https:\/\/www.gaveanews.com\/wp-content\/uploads\/Rodrigo-Caio-erguendo-a-taca-da-Supercopa-de-2021.webp","width":799,"height":532,"caption":"Rodrigo Caio erguendo a ta\u00e7a da Supercopa de 2021 (Foto: Alexandre Vidal\/Flamengo)"},{"@type":"BreadcrumbList","@id":"https:\/\/www.gaveanews.com\/index.php\/2022\/01\/30\/flamengo-ja-tem-um-desfalque-confirmado-para-a-final-da-supercopa-do-brasil-contra-o-atletico-mineiro\/#breadcrumb","itemListElement":[{"@type":"ListItem","position":1,"name":"Home","item":"https:\/\/www.gaveanews.com\/"},{"@type":"ListItem","position":2,"name":"Flamengo j\u00e1 tem um desfalque confirmado para a final da Supercopa do Brasil contra o Atl\u00e9tico Mineiro"}]},{"@type":"WebSite","@id":"https:\/\/www.gaveanews.com\/#website","url":"https:\/\/www.gaveanews.com\/","name":"G\u00e1vea News","description":"Veja todas as not\u00edcias sobre o Flamengo: Contrata\u00e7\u00f5es, categorias de base, resultados das partidas, tabela de classifica\u00e7\u00e3o, pr\u00f3ximos jogos!","potentialAction":[{"@type":"SearchAction","target":{"@type":"EntryPoint","urlTemplate":"https:\/\/www.gaveanews.com\/?s={search_term_string}"},"query-input":{"@type":"PropertyValueSpecification","valueRequired":true,"valueName":"search_term_string"}}],"inLanguage":"pt-BR"},{"@type":"Person","@id":"https:\/\/www.gaveanews.com\/#\/schema\/person\/2ec14f73fb96be2caf28f91afb14749d","name":"Equipe G\u00e1vea News","image":{"@type":"ImageObject","inLanguage":"pt-BR","@id":"https:\/\/www.gaveanews.com\/#\/schema\/person\/image\/","url":"https:\/\/secure.gravatar.com\/avatar\/1e1956f1facbffd3f8fa53a326721950116b3b9dc9bd44939c01180fd4a745a9?s=96&d=mm&r=g","contentUrl":"https:\/\/secure.gravatar.com\/avatar\/1e1956f1facbffd3f8fa53a326721950116b3b9dc9bd44939c01180fd4a745a9?s=96&d=mm&r=g","caption":"Equipe G\u00e1vea News"}}]}},"_links":{"self":[{"href":"https:\/\/www.gaveanews.com\/index.php\/wp-json\/wp\/v2\/posts\/75827","targetHints":{"allow":["GET"]}}],"collection":[{"href":"https:\/\/www.gaveanews.com\/index.php\/wp-json\/wp\/v2\/posts"}],"about":[{"href":"https:\/\/www.gaveanews.com\/index.php\/wp-json\/wp\/v2\/types\/post"}],"author":[{"embeddable":true,"href":"https:\/\/www.gaveanews.com\/index.php\/wp-json\/wp\/v2\/users\/1"}],"replies":[{"embeddable":true,"href":"https:\/\/www.gaveanews.com\/index.php\/wp-json\/wp\/v2\/comments?post=75827"}],"version-history":[{"count":0,"href":"https:\/\/www.gaveanews.com\/index.php\/wp-json\/wp\/v2\/posts\/75827\/revisions"}],"wp:featuredmedia":[{"embeddable":true,"href":"https:\/\/www.gaveanews.com\/index.php\/wp-json\/wp\/v2\/media\/59259"}],"wp:attachment":[{"href":"https:\/\/www.gaveanews.com\/index.php\/wp-json\/wp\/v2\/media?parent=75827"}],"wp:term":[{"taxonomy":"category","embeddable":true,"href":"https:\/\/www.gaveanews.com\/index.php\/wp-json\/wp\/v2\/categories?post=75827"},{"taxonomy":"post_tag","embeddable":true,"href":"https:\/\/www.gaveanews.com\/index.php\/wp-json\/wp\/v2\/tags?post=75827"}],"curies":[{"name":"wp","href":"https:\/\/api.w.org\/{rel}","templated":true}]}}