{"id":75829,"date":"2022-01-30T17:06:15","date_gmt":"2022-01-30T20:06:15","guid":{"rendered":"https:\/\/www.gaveanews.com\/?p=75829"},"modified":"2022-01-30T17:06:18","modified_gmt":"2022-01-30T20:06:18","slug":"ferj-explica-motivos-dos-problemas-nas-transmissoes-das-partidas-do-carioca","status":"publish","type":"post","link":"https:\/\/www.gaveanews.com\/index.php\/2022\/01\/30\/ferj-explica-motivos-dos-problemas-nas-transmissoes-das-partidas-do-carioca\/","title":{"rendered":"FERJ explica motivos dos problemas nas transmiss\u00f5es das partidas do Carioca"},"content":{"rendered":"\n<p>Os torcedores est\u00e3o tendo muita dor de cabe\u00e7a para tentar assistir as partidas do Campeonato Carioca. No \u00faltimo s\u00e1bado, os telespectadores sofreram com as diversas falhas nas transmiss\u00f5es dos jogos. A partida entre Flamengo e Volta Redonda ficou com a imagem congelada por um bom tempo.<\/p>\n\n\n\n<p>Neste domingo, a FERJ usou as redes sociais para comunicar que se reuniu com a Sportsview, empresa contratada para transmiss\u00e3o do torneio, para pedir explica\u00e7\u00f5es e afirmou que erros como esse s\u00e3o inadmiss\u00edveis.<\/p>\n\n\n\n<h2 class=\"wp-block-heading\" id=\"h-confira-a-nota-na-integra\"><strong>Confira a nota na \u00edntegra:<\/strong><\/h2>\n\n\n\n<p><em>A Federa\u00e7\u00e3o de Futebol do Estado do Rio de Janeiro n\u00e3o se exime de responsabilidade, de novo pede desculpas aos torcedores pelas falhas t\u00e9cnicas ocorridas no s\u00e1bado (29\/01) e realizou, na manh\u00e3 deste domingo, uma reuni\u00e3o extensa de cobran\u00e7a severa com a Sportsview, empresa respons\u00e1vel, contratada e remunerada para a transmiss\u00e3o do Campeonato Carioca de 2022.<\/em><\/p>\n\n\n\n<p><em>A Sportsview informou que:<\/em><\/p>\n\n\n\n<p><em>A Broadmedia, empresa contratada pela produ\u00e7\u00e3o da transmiss\u00e3o do evento, alegou que a interrup\u00e7\u00e3o do sinal no jogo Volta Redonda x Flamengo se deu por causa de falha nas duas redes de fibra \u00f3tica fornecidas pela Embratel, prestadora de servi\u00e7os de banda larga, que leva os sinais gerados do est\u00e1dio ao Centro de Produ\u00e7\u00e3o. E que a Embratel est\u00e1 investigando o caso;<\/em><\/p>\n\n\n\n<p><em>A Claro esqueceu de colocar o jogo do Vasco x Boavista no ar e que a Sportsview est\u00e1 trabalhando para solucionar os problemas, assim como toda a opera\u00e7\u00e3o com as demais operadoras;<\/em><\/p>\n\n\n\n<p><em>&nbsp;A Sportsview est\u00e1 redimensionando e refor\u00e7ando toda a opera\u00e7\u00e3o nos aspectos pessoal e de equipamentos;<\/em><\/p>\n\n\n\n<p><em>A MediaStreaming, parceira no Carioc\u00e3o Play, reportou que a plataforma est\u00e1 funcionando normalmente e que os problemas foram oriundos da emiss\u00e3o do sinal;<\/em><\/p>\n\n\n\n<p><em>Todos os equipamentos da Broadmedia foram rechecados.<\/em><\/p>\n\n\n\n<p><em>A FERJ reitera que s\u00e3o inadmiss\u00edveis os erros e que trabalha, cobrando da Sportsview, incessantemente para levar ao torcedor o melhor do Campeonato Carioca.<\/em><\/p>\n\n\n\n<p>Retirado de: Di\u00e1rio do Fla<\/p>\n","protected":false},"excerpt":{"rendered":"<p>Os torcedores est\u00e3o tendo muita dor de cabe\u00e7a para tentar assistir as partidas do Campeonato Carioca. No \u00faltimo s\u00e1bado, os telespectadores sofreram com as diversas falhas nas transmiss\u00f5es dos jogos. A partida entre Flamengo e Volta Redonda ficou com a imagem congelada por um bom tempo. Neste domingo, a FERJ usou as redes sociais para [&hellip;]<\/p>\n","protected":false},"author":1,"featured_media":16301,"comment_status":"open","ping_status":"closed","sticky":false,"template":"","format":"standard","meta":{"footnotes":""},"categories":[1],"tags":[],"class_list":["post-75829","post","type-post","status-publish","format-standard","has-post-thumbnail","hentry","category-flamengo"],"yoast_head":"<!-- This site is optimized with the Yoast SEO Premium plugin v24.2 (Yoast SEO v26.9) - https:\/\/yoast.com\/product\/yoast-seo-premium-wordpress\/ -->\n<title>FERJ explica motivos dos problemas nas transmiss\u00f5es das partidas do Carioca<\/title>\n<meta name=\"robots\" content=\"index, follow, max-snippet:-1, max-image-preview:large, max-video-preview:-1\" \/>\n<link rel=\"canonical\" href=\"https:\/\/www.gaveanews.com\/index.php\/2022\/01\/30\/ferj-explica-motivos-dos-problemas-nas-transmissoes-das-partidas-do-carioca\/\" \/>\n<meta property=\"og:locale\" content=\"pt_BR\" \/>\n<meta property=\"og:type\" content=\"article\" \/>\n<meta property=\"og:title\" content=\"FERJ explica motivos dos problemas nas transmiss\u00f5es das partidas do Carioca\" \/>\n<meta property=\"og:description\" content=\"Os torcedores est\u00e3o tendo muita dor de cabe\u00e7a para tentar assistir as partidas do Campeonato Carioca. No \u00faltimo s\u00e1bado, os telespectadores sofreram com as diversas falhas nas transmiss\u00f5es dos jogos. A partida entre Flamengo e Volta Redonda ficou com a imagem congelada por um bom tempo. Neste domingo, a FERJ usou as redes sociais para [&hellip;]\" \/>\n<meta property=\"og:url\" content=\"https:\/\/www.gaveanews.com\/index.php\/2022\/01\/30\/ferj-explica-motivos-dos-problemas-nas-transmissoes-das-partidas-do-carioca\/\" \/>\n<meta property=\"og:site_name\" content=\"G\u00e1vea News\" \/>\n<meta property=\"article:publisher\" content=\"https:\/\/facebook.com\/gaveaNews\/\" \/>\n<meta property=\"article:published_time\" content=\"2022-01-30T20:06:15+00:00\" \/>\n<meta property=\"article:modified_time\" content=\"2022-01-30T20:06:18+00:00\" \/>\n<meta property=\"og:image\" content=\"https:\/\/www.gaveanews.com\/wp-content\/uploads\/2019\/03\/Presidente-da-FERJ-Rubens-Lopes-durante-coletiva-de-imprensa.webp\" \/>\n\t<meta property=\"og:image:width\" content=\"841\" \/>\n\t<meta property=\"og:image:height\" content=\"600\" \/>\n\t<meta property=\"og:image:type\" content=\"image\/jpeg\" \/>\n<meta name=\"author\" content=\"Equipe G\u00e1vea News\" \/>\n<meta name=\"twitter:card\" content=\"summary_large_image\" \/>\n<meta name=\"twitter:label1\" content=\"Escrito por\" \/>\n\t<meta name=\"twitter:data1\" content=\"Equipe G\u00e1vea News\" \/>\n\t<meta name=\"twitter:label2\" content=\"Est. tempo de leitura\" \/>\n\t<meta name=\"twitter:data2\" content=\"2 minutos\" \/>\n<script type=\"application\/ld+json\" class=\"yoast-schema-graph\">{\"@context\":\"https:\/\/schema.org\",\"@graph\":[{\"@type\":\"NewsArticle\",\"@id\":\"https:\/\/www.gaveanews.com\/index.php\/2022\/01\/30\/ferj-explica-motivos-dos-problemas-nas-transmissoes-das-partidas-do-carioca\/#article\",\"isPartOf\":{\"@id\":\"https:\/\/www.gaveanews.com\/index.php\/2022\/01\/30\/ferj-explica-motivos-dos-problemas-nas-transmissoes-das-partidas-do-carioca\/\"},\"author\":{\"name\":\"Equipe G\u00e1vea News\",\"@id\":\"https:\/\/www.gaveanews.com\/#\/schema\/person\/2ec14f73fb96be2caf28f91afb14749d\"},\"headline\":\"FERJ explica motivos dos problemas nas transmiss\u00f5es das partidas do Carioca\",\"datePublished\":\"2022-01-30T20:06:15+00:00\",\"dateModified\":\"2022-01-30T20:06:18+00:00\",\"mainEntityOfPage\":{\"@id\":\"https:\/\/www.gaveanews.com\/index.php\/2022\/01\/30\/ferj-explica-motivos-dos-problemas-nas-transmissoes-das-partidas-do-carioca\/\"},\"wordCount\":353,\"commentCount\":9,\"image\":{\"@id\":\"https:\/\/www.gaveanews.com\/index.php\/2022\/01\/30\/ferj-explica-motivos-dos-problemas-nas-transmissoes-das-partidas-do-carioca\/#primaryimage\"},\"thumbnailUrl\":\"https:\/\/www.gaveanews.com\/wp-content\/uploads\/2019\/03\/Presidente-da-FERJ-Rubens-Lopes-durante-coletiva-de-imprensa.webp\",\"articleSection\":[\"Flamengo\"],\"inLanguage\":\"pt-BR\",\"potentialAction\":[{\"@type\":\"CommentAction\",\"name\":\"Comment\",\"target\":[\"https:\/\/www.gaveanews.com\/index.php\/2022\/01\/30\/ferj-explica-motivos-dos-problemas-nas-transmissoes-das-partidas-do-carioca\/#respond\"]}],\"copyrightYear\":\"2022\",\"copyrightHolder\":{\"@id\":\"https:\/\/www.gaveanews.com\/#organization\"}},{\"@type\":\"WebPage\",\"@id\":\"https:\/\/www.gaveanews.com\/index.php\/2022\/01\/30\/ferj-explica-motivos-dos-problemas-nas-transmissoes-das-partidas-do-carioca\/\",\"url\":\"https:\/\/www.gaveanews.com\/index.php\/2022\/01\/30\/ferj-explica-motivos-dos-problemas-nas-transmissoes-das-partidas-do-carioca\/\",\"name\":\"FERJ explica motivos dos problemas nas transmiss\u00f5es das partidas do Carioca\",\"isPartOf\":{\"@id\":\"https:\/\/www.gaveanews.com\/#website\"},\"primaryImageOfPage\":{\"@id\":\"https:\/\/www.gaveanews.com\/index.php\/2022\/01\/30\/ferj-explica-motivos-dos-problemas-nas-transmissoes-das-partidas-do-carioca\/#primaryimage\"},\"image\":{\"@id\":\"https:\/\/www.gaveanews.com\/index.php\/2022\/01\/30\/ferj-explica-motivos-dos-problemas-nas-transmissoes-das-partidas-do-carioca\/#primaryimage\"},\"thumbnailUrl\":\"https:\/\/www.gaveanews.com\/wp-content\/uploads\/2019\/03\/Presidente-da-FERJ-Rubens-Lopes-durante-coletiva-de-imprensa.webp\",\"datePublished\":\"2022-01-30T20:06:15+00:00\",\"dateModified\":\"2022-01-30T20:06:18+00:00\",\"author\":{\"@id\":\"https:\/\/www.gaveanews.com\/#\/schema\/person\/2ec14f73fb96be2caf28f91afb14749d\"},\"breadcrumb\":{\"@id\":\"https:\/\/www.gaveanews.com\/index.php\/2022\/01\/30\/ferj-explica-motivos-dos-problemas-nas-transmissoes-das-partidas-do-carioca\/#breadcrumb\"},\"inLanguage\":\"pt-BR\",\"potentialAction\":[{\"@type\":\"ReadAction\",\"target\":[\"https:\/\/www.gaveanews.com\/index.php\/2022\/01\/30\/ferj-explica-motivos-dos-problemas-nas-transmissoes-das-partidas-do-carioca\/\"]}]},{\"@type\":\"ImageObject\",\"inLanguage\":\"pt-BR\",\"@id\":\"https:\/\/www.gaveanews.com\/index.php\/2022\/01\/30\/ferj-explica-motivos-dos-problemas-nas-transmissoes-das-partidas-do-carioca\/#primaryimage\",\"url\":\"https:\/\/www.gaveanews.com\/wp-content\/uploads\/2019\/03\/Presidente-da-FERJ-Rubens-Lopes-durante-coletiva-de-imprensa.webp\",\"contentUrl\":\"https:\/\/www.gaveanews.com\/wp-content\/uploads\/2019\/03\/Presidente-da-FERJ-Rubens-Lopes-durante-coletiva-de-imprensa.webp\",\"width\":841,\"height\":600,\"caption\":\"Presidente da FERJ, Rubens Lopes durante coletiva de imprensa (Foto: \u00darsula Nery)\"},{\"@type\":\"BreadcrumbList\",\"@id\":\"https:\/\/www.gaveanews.com\/index.php\/2022\/01\/30\/ferj-explica-motivos-dos-problemas-nas-transmissoes-das-partidas-do-carioca\/#breadcrumb\",\"itemListElement\":[{\"@type\":\"ListItem\",\"position\":1,\"name\":\"Home\",\"item\":\"https:\/\/www.gaveanews.com\/\"},{\"@type\":\"ListItem\",\"position\":2,\"name\":\"FERJ explica motivos dos problemas nas transmiss\u00f5es das partidas do Carioca\"}]},{\"@type\":\"WebSite\",\"@id\":\"https:\/\/www.gaveanews.com\/#website\",\"url\":\"https:\/\/www.gaveanews.com\/\",\"name\":\"G\u00e1vea News\",\"description\":\"Veja todas as not\u00edcias sobre o Flamengo: Contrata\u00e7\u00f5es, categorias de base, resultados das partidas, tabela de classifica\u00e7\u00e3o, pr\u00f3ximos jogos!\",\"potentialAction\":[{\"@type\":\"SearchAction\",\"target\":{\"@type\":\"EntryPoint\",\"urlTemplate\":\"https:\/\/www.gaveanews.com\/?s={search_term_string}\"},\"query-input\":{\"@type\":\"PropertyValueSpecification\",\"valueRequired\":true,\"valueName\":\"search_term_string\"}}],\"inLanguage\":\"pt-BR\"},{\"@type\":\"Person\",\"@id\":\"https:\/\/www.gaveanews.com\/#\/schema\/person\/2ec14f73fb96be2caf28f91afb14749d\",\"name\":\"Equipe G\u00e1vea News\",\"image\":{\"@type\":\"ImageObject\",\"inLanguage\":\"pt-BR\",\"@id\":\"https:\/\/www.gaveanews.com\/#\/schema\/person\/image\/\",\"url\":\"https:\/\/secure.gravatar.com\/avatar\/1e1956f1facbffd3f8fa53a326721950116b3b9dc9bd44939c01180fd4a745a9?s=96&d=mm&r=g\",\"contentUrl\":\"https:\/\/secure.gravatar.com\/avatar\/1e1956f1facbffd3f8fa53a326721950116b3b9dc9bd44939c01180fd4a745a9?s=96&d=mm&r=g\",\"caption\":\"Equipe G\u00e1vea News\"}}]}<\/script>\n<!-- \/ Yoast SEO Premium plugin. -->","yoast_head_json":{"title":"FERJ explica motivos dos problemas nas transmiss\u00f5es das partidas do Carioca","robots":{"index":"index","follow":"follow","max-snippet":"max-snippet:-1","max-image-preview":"max-image-preview:large","max-video-preview":"max-video-preview:-1"},"canonical":"https:\/\/www.gaveanews.com\/index.php\/2022\/01\/30\/ferj-explica-motivos-dos-problemas-nas-transmissoes-das-partidas-do-carioca\/","og_locale":"pt_BR","og_type":"article","og_title":"FERJ explica motivos dos problemas nas transmiss\u00f5es das partidas do Carioca","og_description":"Os torcedores est\u00e3o tendo muita dor de cabe\u00e7a para tentar assistir as partidas do Campeonato Carioca. No \u00faltimo s\u00e1bado, os telespectadores sofreram com as diversas falhas nas transmiss\u00f5es dos jogos. A partida entre Flamengo e Volta Redonda ficou com a imagem congelada por um bom tempo. Neste domingo, a FERJ usou as redes sociais para [&hellip;]","og_url":"https:\/\/www.gaveanews.com\/index.php\/2022\/01\/30\/ferj-explica-motivos-dos-problemas-nas-transmissoes-das-partidas-do-carioca\/","og_site_name":"G\u00e1vea News","article_publisher":"https:\/\/facebook.com\/gaveaNews\/","article_published_time":"2022-01-30T20:06:15+00:00","article_modified_time":"2022-01-30T20:06:18+00:00","og_image":[{"width":841,"height":600,"url":"https:\/\/www.gaveanews.com\/wp-content\/uploads\/2019\/03\/Presidente-da-FERJ-Rubens-Lopes-durante-coletiva-de-imprensa.webp","type":"image\/jpeg"}],"author":"Equipe G\u00e1vea News","twitter_card":"summary_large_image","twitter_misc":{"Escrito por":"Equipe G\u00e1vea News","Est. tempo de leitura":"2 minutos"},"schema":{"@context":"https:\/\/schema.org","@graph":[{"@type":"NewsArticle","@id":"https:\/\/www.gaveanews.com\/index.php\/2022\/01\/30\/ferj-explica-motivos-dos-problemas-nas-transmissoes-das-partidas-do-carioca\/#article","isPartOf":{"@id":"https:\/\/www.gaveanews.com\/index.php\/2022\/01\/30\/ferj-explica-motivos-dos-problemas-nas-transmissoes-das-partidas-do-carioca\/"},"author":{"name":"Equipe G\u00e1vea News","@id":"https:\/\/www.gaveanews.com\/#\/schema\/person\/2ec14f73fb96be2caf28f91afb14749d"},"headline":"FERJ explica motivos dos problemas nas transmiss\u00f5es das partidas do Carioca","datePublished":"2022-01-30T20:06:15+00:00","dateModified":"2022-01-30T20:06:18+00:00","mainEntityOfPage":{"@id":"https:\/\/www.gaveanews.com\/index.php\/2022\/01\/30\/ferj-explica-motivos-dos-problemas-nas-transmissoes-das-partidas-do-carioca\/"},"wordCount":353,"commentCount":9,"image":{"@id":"https:\/\/www.gaveanews.com\/index.php\/2022\/01\/30\/ferj-explica-motivos-dos-problemas-nas-transmissoes-das-partidas-do-carioca\/#primaryimage"},"thumbnailUrl":"https:\/\/www.gaveanews.com\/wp-content\/uploads\/2019\/03\/Presidente-da-FERJ-Rubens-Lopes-durante-coletiva-de-imprensa.webp","articleSection":["Flamengo"],"inLanguage":"pt-BR","potentialAction":[{"@type":"CommentAction","name":"Comment","target":["https:\/\/www.gaveanews.com\/index.php\/2022\/01\/30\/ferj-explica-motivos-dos-problemas-nas-transmissoes-das-partidas-do-carioca\/#respond"]}],"copyrightYear":"2022","copyrightHolder":{"@id":"https:\/\/www.gaveanews.com\/#organization"}},{"@type":"WebPage","@id":"https:\/\/www.gaveanews.com\/index.php\/2022\/01\/30\/ferj-explica-motivos-dos-problemas-nas-transmissoes-das-partidas-do-carioca\/","url":"https:\/\/www.gaveanews.com\/index.php\/2022\/01\/30\/ferj-explica-motivos-dos-problemas-nas-transmissoes-das-partidas-do-carioca\/","name":"FERJ explica motivos dos problemas nas transmiss\u00f5es das partidas do Carioca","isPartOf":{"@id":"https:\/\/www.gaveanews.com\/#website"},"primaryImageOfPage":{"@id":"https:\/\/www.gaveanews.com\/index.php\/2022\/01\/30\/ferj-explica-motivos-dos-problemas-nas-transmissoes-das-partidas-do-carioca\/#primaryimage"},"image":{"@id":"https:\/\/www.gaveanews.com\/index.php\/2022\/01\/30\/ferj-explica-motivos-dos-problemas-nas-transmissoes-das-partidas-do-carioca\/#primaryimage"},"thumbnailUrl":"https:\/\/www.gaveanews.com\/wp-content\/uploads\/2019\/03\/Presidente-da-FERJ-Rubens-Lopes-durante-coletiva-de-imprensa.webp","datePublished":"2022-01-30T20:06:15+00:00","dateModified":"2022-01-30T20:06:18+00:00","author":{"@id":"https:\/\/www.gaveanews.com\/#\/schema\/person\/2ec14f73fb96be2caf28f91afb14749d"},"breadcrumb":{"@id":"https:\/\/www.gaveanews.com\/index.php\/2022\/01\/30\/ferj-explica-motivos-dos-problemas-nas-transmissoes-das-partidas-do-carioca\/#breadcrumb"},"inLanguage":"pt-BR","potentialAction":[{"@type":"ReadAction","target":["https:\/\/www.gaveanews.com\/index.php\/2022\/01\/30\/ferj-explica-motivos-dos-problemas-nas-transmissoes-das-partidas-do-carioca\/"]}]},{"@type":"ImageObject","inLanguage":"pt-BR","@id":"https:\/\/www.gaveanews.com\/index.php\/2022\/01\/30\/ferj-explica-motivos-dos-problemas-nas-transmissoes-das-partidas-do-carioca\/#primaryimage","url":"https:\/\/www.gaveanews.com\/wp-content\/uploads\/2019\/03\/Presidente-da-FERJ-Rubens-Lopes-durante-coletiva-de-imprensa.webp","contentUrl":"https:\/\/www.gaveanews.com\/wp-content\/uploads\/2019\/03\/Presidente-da-FERJ-Rubens-Lopes-durante-coletiva-de-imprensa.webp","width":841,"height":600,"caption":"Presidente da FERJ, Rubens Lopes durante coletiva de imprensa (Foto: \u00darsula Nery)"},{"@type":"BreadcrumbList","@id":"https:\/\/www.gaveanews.com\/index.php\/2022\/01\/30\/ferj-explica-motivos-dos-problemas-nas-transmissoes-das-partidas-do-carioca\/#breadcrumb","itemListElement":[{"@type":"ListItem","position":1,"name":"Home","item":"https:\/\/www.gaveanews.com\/"},{"@type":"ListItem","position":2,"name":"FERJ explica motivos dos problemas nas transmiss\u00f5es das partidas do Carioca"}]},{"@type":"WebSite","@id":"https:\/\/www.gaveanews.com\/#website","url":"https:\/\/www.gaveanews.com\/","name":"G\u00e1vea News","description":"Veja todas as not\u00edcias sobre o Flamengo: Contrata\u00e7\u00f5es, categorias de base, resultados das partidas, tabela de classifica\u00e7\u00e3o, pr\u00f3ximos jogos!","potentialAction":[{"@type":"SearchAction","target":{"@type":"EntryPoint","urlTemplate":"https:\/\/www.gaveanews.com\/?s={search_term_string}"},"query-input":{"@type":"PropertyValueSpecification","valueRequired":true,"valueName":"search_term_string"}}],"inLanguage":"pt-BR"},{"@type":"Person","@id":"https:\/\/www.gaveanews.com\/#\/schema\/person\/2ec14f73fb96be2caf28f91afb14749d","name":"Equipe G\u00e1vea News","image":{"@type":"ImageObject","inLanguage":"pt-BR","@id":"https:\/\/www.gaveanews.com\/#\/schema\/person\/image\/","url":"https:\/\/secure.gravatar.com\/avatar\/1e1956f1facbffd3f8fa53a326721950116b3b9dc9bd44939c01180fd4a745a9?s=96&d=mm&r=g","contentUrl":"https:\/\/secure.gravatar.com\/avatar\/1e1956f1facbffd3f8fa53a326721950116b3b9dc9bd44939c01180fd4a745a9?s=96&d=mm&r=g","caption":"Equipe G\u00e1vea News"}}]}},"_links":{"self":[{"href":"https:\/\/www.gaveanews.com\/index.php\/wp-json\/wp\/v2\/posts\/75829","targetHints":{"allow":["GET"]}}],"collection":[{"href":"https:\/\/www.gaveanews.com\/index.php\/wp-json\/wp\/v2\/posts"}],"about":[{"href":"https:\/\/www.gaveanews.com\/index.php\/wp-json\/wp\/v2\/types\/post"}],"author":[{"embeddable":true,"href":"https:\/\/www.gaveanews.com\/index.php\/wp-json\/wp\/v2\/users\/1"}],"replies":[{"embeddable":true,"href":"https:\/\/www.gaveanews.com\/index.php\/wp-json\/wp\/v2\/comments?post=75829"}],"version-history":[{"count":0,"href":"https:\/\/www.gaveanews.com\/index.php\/wp-json\/wp\/v2\/posts\/75829\/revisions"}],"wp:featuredmedia":[{"embeddable":true,"href":"https:\/\/www.gaveanews.com\/index.php\/wp-json\/wp\/v2\/media\/16301"}],"wp:attachment":[{"href":"https:\/\/www.gaveanews.com\/index.php\/wp-json\/wp\/v2\/media?parent=75829"}],"wp:term":[{"taxonomy":"category","embeddable":true,"href":"https:\/\/www.gaveanews.com\/index.php\/wp-json\/wp\/v2\/categories?post=75829"},{"taxonomy":"post_tag","embeddable":true,"href":"https:\/\/www.gaveanews.com\/index.php\/wp-json\/wp\/v2\/tags?post=75829"}],"curies":[{"name":"wp","href":"https:\/\/api.w.org\/{rel}","templated":true}]}}