{"id":75834,"date":"2022-01-30T18:11:44","date_gmt":"2022-01-30T21:11:44","guid":{"rendered":"https:\/\/www.gaveanews.com\/?p=75834"},"modified":"2024-04-06T23:06:08","modified_gmt":"2024-04-07T02:06:08","slug":"mauro-cezar-pereira-lazaro-precisa-ser-mais-ativo-com-mais-iniciativa","status":"publish","type":"post","link":"https:\/\/www.gaveanews.com\/index.php\/2022\/01\/30\/mauro-cezar-pereira-lazaro-precisa-ser-mais-ativo-com-mais-iniciativa\/","title":{"rendered":"Mauro Cezar Pereira: &#8220;L\u00e1zaro precisa ser mais ativo, com mais iniciativa&#8221;"},"content":{"rendered":"\n<p>No \u00faltimo s\u00e1bado, o Flamengo enfrentou o Volta Redonda pela segunda rodada do Campeonato Carioca. Em jogo fraco tecnicamente, o Rubro-Negro n\u00e3o conseguiu repetir o desempenho da primeira partida e ficou no empate em 0 a 0. Ap\u00f3s o duelo, em v\u00eddeo no seu canal no youtube, o jornalista Mauro Cezar Pereira avaliou a atua\u00e7\u00e3o de L\u00e1zaro.<\/p>\n\n\n\n<p><strong><em>\u2014 Evidente que o time do Flamengo que jogou esse Campeonato era um time de garotos, mas pod\u00edamos esperar mais de L\u00e1zaro por exemplo, que vai fazer 20 anos no m\u00eas de mar\u00e7o. Um jogador cercado de expectativa e que at\u00e9 agora n\u00e3o decolou. Eu lembro quando o L\u00e1zaro era muito pedido em redes sociais, o Rog\u00e9rio Ceni, ent\u00e3o t\u00e9cnico, falou que faltava intensidade ao garoto. Veio o Renato, ele continuou sendo deixado de lado. Vimos exatamente isso nesse jogo, o L\u00e1zaro precisa ser mais ativo, mais presente, com mais iniciativa. Ele tem 19 anos, \u00e9 muito novo, precisa se ligar<\/em><\/strong>, disse Mauro.<\/p>\n\n\n\n<p>Esta partida foi a \u00faltima da garotada na competi\u00e7\u00e3o, uma vez que o elenco principal estreia na temporada na pr\u00f3xima quarta-feira diante do Boavista. O jogo de quarta tamb\u00e9m marca a estreia de Paulo Sousa no comando do Fla. Para o duelo, o Mais Querido n\u00e3o poder\u00e1 contar com Gabi, Everton Ribeiro, Arrascaeta, Isla e Rodrigo Caio.<\/p>\n\n\n\n<p>Retirado de: Di\u00e1rio do Fla<\/p>\n","protected":false},"excerpt":{"rendered":"<p>No \u00faltimo s\u00e1bado, o Flamengo enfrentou o Volta Redonda pela segunda rodada do Campeonato Carioca. Em jogo fraco tecnicamente, o Rubro-Negro n\u00e3o conseguiu repetir o desempenho da primeira partida e ficou no empate em 0 a 0. Ap\u00f3s o duelo, em v\u00eddeo no seu canal no youtube, o jornalista Mauro Cezar Pereira avaliou a atua\u00e7\u00e3o [&hellip;]<\/p>\n","protected":false},"author":1,"featured_media":47445,"comment_status":"open","ping_status":"closed","sticky":false,"template":"","format":"standard","meta":{"footnotes":""},"categories":[1],"tags":[170],"class_list":["post-75834","post","type-post","status-publish","format-standard","has-post-thumbnail","hentry","category-flamengo","tag-mauro-cezar-pereira"],"yoast_head":"<!-- This site is optimized with the Yoast SEO Premium plugin v24.2 (Yoast SEO v26.9) - https:\/\/yoast.com\/product\/yoast-seo-premium-wordpress\/ -->\n<title>Mauro Cezar Pereira: &quot;L\u00e1zaro precisa ser mais ativo, com mais iniciativa&quot;<\/title>\n<meta name=\"robots\" content=\"index, follow, max-snippet:-1, max-image-preview:large, max-video-preview:-1\" \/>\n<link rel=\"canonical\" href=\"https:\/\/www.gaveanews.com\/index.php\/2022\/01\/30\/mauro-cezar-pereira-lazaro-precisa-ser-mais-ativo-com-mais-iniciativa\/\" \/>\n<meta property=\"og:locale\" content=\"pt_BR\" \/>\n<meta property=\"og:type\" content=\"article\" \/>\n<meta property=\"og:title\" content=\"Mauro Cezar Pereira: &quot;L\u00e1zaro precisa ser mais ativo, com mais iniciativa&quot;\" \/>\n<meta property=\"og:description\" content=\"No \u00faltimo s\u00e1bado, o Flamengo enfrentou o Volta Redonda pela segunda rodada do Campeonato Carioca. Em jogo fraco tecnicamente, o Rubro-Negro n\u00e3o conseguiu repetir o desempenho da primeira partida e ficou no empate em 0 a 0. Ap\u00f3s o duelo, em v\u00eddeo no seu canal no youtube, o jornalista Mauro Cezar Pereira avaliou a atua\u00e7\u00e3o [&hellip;]\" \/>\n<meta property=\"og:url\" content=\"https:\/\/www.gaveanews.com\/index.php\/2022\/01\/30\/mauro-cezar-pereira-lazaro-precisa-ser-mais-ativo-com-mais-iniciativa\/\" \/>\n<meta property=\"og:site_name\" content=\"G\u00e1vea News\" \/>\n<meta property=\"article:publisher\" content=\"https:\/\/facebook.com\/gaveaNews\/\" \/>\n<meta property=\"article:published_time\" content=\"2022-01-30T21:11:44+00:00\" \/>\n<meta property=\"article:modified_time\" content=\"2024-04-07T02:06:08+00:00\" \/>\n<meta property=\"og:image\" content=\"https:\/\/www.gaveanews.com\/wp-content\/uploads\/Mauro-Cezar-Pereira-durante-um-programa-da-ESPN.webp\" \/>\n\t<meta property=\"og:image:width\" content=\"846\" \/>\n\t<meta property=\"og:image:height\" content=\"529\" \/>\n\t<meta property=\"og:image:type\" content=\"image\/jpeg\" \/>\n<meta name=\"author\" content=\"Equipe G\u00e1vea News\" \/>\n<meta name=\"twitter:card\" content=\"summary_large_image\" \/>\n<meta name=\"twitter:label1\" content=\"Escrito por\" \/>\n\t<meta name=\"twitter:data1\" content=\"Equipe G\u00e1vea News\" \/>\n\t<meta name=\"twitter:label2\" content=\"Est. tempo de leitura\" \/>\n\t<meta name=\"twitter:data2\" content=\"2 minutos\" \/>\n<script type=\"application\/ld+json\" class=\"yoast-schema-graph\">{\"@context\":\"https:\/\/schema.org\",\"@graph\":[{\"@type\":\"NewsArticle\",\"@id\":\"https:\/\/www.gaveanews.com\/index.php\/2022\/01\/30\/mauro-cezar-pereira-lazaro-precisa-ser-mais-ativo-com-mais-iniciativa\/#article\",\"isPartOf\":{\"@id\":\"https:\/\/www.gaveanews.com\/index.php\/2022\/01\/30\/mauro-cezar-pereira-lazaro-precisa-ser-mais-ativo-com-mais-iniciativa\/\"},\"author\":{\"name\":\"Equipe G\u00e1vea News\",\"@id\":\"https:\/\/www.gaveanews.com\/#\/schema\/person\/2ec14f73fb96be2caf28f91afb14749d\"},\"headline\":\"Mauro Cezar Pereira: &#8220;L\u00e1zaro precisa ser mais ativo, com mais iniciativa&#8221;\",\"datePublished\":\"2022-01-30T21:11:44+00:00\",\"dateModified\":\"2024-04-07T02:06:08+00:00\",\"mainEntityOfPage\":{\"@id\":\"https:\/\/www.gaveanews.com\/index.php\/2022\/01\/30\/mauro-cezar-pereira-lazaro-precisa-ser-mais-ativo-com-mais-iniciativa\/\"},\"wordCount\":249,\"commentCount\":6,\"image\":{\"@id\":\"https:\/\/www.gaveanews.com\/index.php\/2022\/01\/30\/mauro-cezar-pereira-lazaro-precisa-ser-mais-ativo-com-mais-iniciativa\/#primaryimage\"},\"thumbnailUrl\":\"https:\/\/www.gaveanews.com\/wp-content\/uploads\/Mauro-Cezar-Pereira-durante-um-programa-da-ESPN.webp\",\"keywords\":[\"Mauro Cezar Pereira\"],\"articleSection\":[\"Flamengo\"],\"inLanguage\":\"pt-BR\",\"potentialAction\":[{\"@type\":\"CommentAction\",\"name\":\"Comment\",\"target\":[\"https:\/\/www.gaveanews.com\/index.php\/2022\/01\/30\/mauro-cezar-pereira-lazaro-precisa-ser-mais-ativo-com-mais-iniciativa\/#respond\"]}],\"copyrightYear\":\"2022\",\"copyrightHolder\":{\"@id\":\"https:\/\/www.gaveanews.com\/#organization\"}},{\"@type\":\"WebPage\",\"@id\":\"https:\/\/www.gaveanews.com\/index.php\/2022\/01\/30\/mauro-cezar-pereira-lazaro-precisa-ser-mais-ativo-com-mais-iniciativa\/\",\"url\":\"https:\/\/www.gaveanews.com\/index.php\/2022\/01\/30\/mauro-cezar-pereira-lazaro-precisa-ser-mais-ativo-com-mais-iniciativa\/\",\"name\":\"Mauro Cezar Pereira: \\\"L\u00e1zaro precisa ser mais ativo, com mais iniciativa\\\"\",\"isPartOf\":{\"@id\":\"https:\/\/www.gaveanews.com\/#website\"},\"primaryImageOfPage\":{\"@id\":\"https:\/\/www.gaveanews.com\/index.php\/2022\/01\/30\/mauro-cezar-pereira-lazaro-precisa-ser-mais-ativo-com-mais-iniciativa\/#primaryimage\"},\"image\":{\"@id\":\"https:\/\/www.gaveanews.com\/index.php\/2022\/01\/30\/mauro-cezar-pereira-lazaro-precisa-ser-mais-ativo-com-mais-iniciativa\/#primaryimage\"},\"thumbnailUrl\":\"https:\/\/www.gaveanews.com\/wp-content\/uploads\/Mauro-Cezar-Pereira-durante-um-programa-da-ESPN.webp\",\"datePublished\":\"2022-01-30T21:11:44+00:00\",\"dateModified\":\"2024-04-07T02:06:08+00:00\",\"author\":{\"@id\":\"https:\/\/www.gaveanews.com\/#\/schema\/person\/2ec14f73fb96be2caf28f91afb14749d\"},\"breadcrumb\":{\"@id\":\"https:\/\/www.gaveanews.com\/index.php\/2022\/01\/30\/mauro-cezar-pereira-lazaro-precisa-ser-mais-ativo-com-mais-iniciativa\/#breadcrumb\"},\"inLanguage\":\"pt-BR\",\"potentialAction\":[{\"@type\":\"ReadAction\",\"target\":[\"https:\/\/www.gaveanews.com\/index.php\/2022\/01\/30\/mauro-cezar-pereira-lazaro-precisa-ser-mais-ativo-com-mais-iniciativa\/\"]}]},{\"@type\":\"ImageObject\",\"inLanguage\":\"pt-BR\",\"@id\":\"https:\/\/www.gaveanews.com\/index.php\/2022\/01\/30\/mauro-cezar-pereira-lazaro-precisa-ser-mais-ativo-com-mais-iniciativa\/#primaryimage\",\"url\":\"https:\/\/www.gaveanews.com\/wp-content\/uploads\/Mauro-Cezar-Pereira-durante-um-programa-da-ESPN.webp\",\"contentUrl\":\"https:\/\/www.gaveanews.com\/wp-content\/uploads\/Mauro-Cezar-Pereira-durante-um-programa-da-ESPN.webp\",\"width\":846,\"height\":529,\"caption\":\"Mauro Cezar Pereira durante um programa da ESPN (Foto: Reprodu\u00e7\u00e3o)\"},{\"@type\":\"BreadcrumbList\",\"@id\":\"https:\/\/www.gaveanews.com\/index.php\/2022\/01\/30\/mauro-cezar-pereira-lazaro-precisa-ser-mais-ativo-com-mais-iniciativa\/#breadcrumb\",\"itemListElement\":[{\"@type\":\"ListItem\",\"position\":1,\"name\":\"Home\",\"item\":\"https:\/\/www.gaveanews.com\/\"},{\"@type\":\"ListItem\",\"position\":2,\"name\":\"Mauro Cezar Pereira: &#8220;L\u00e1zaro precisa ser mais ativo, com mais iniciativa&#8221;\"}]},{\"@type\":\"WebSite\",\"@id\":\"https:\/\/www.gaveanews.com\/#website\",\"url\":\"https:\/\/www.gaveanews.com\/\",\"name\":\"G\u00e1vea News\",\"description\":\"Veja todas as not\u00edcias sobre o Flamengo: Contrata\u00e7\u00f5es, categorias de base, resultados das partidas, tabela de classifica\u00e7\u00e3o, pr\u00f3ximos jogos!\",\"potentialAction\":[{\"@type\":\"SearchAction\",\"target\":{\"@type\":\"EntryPoint\",\"urlTemplate\":\"https:\/\/www.gaveanews.com\/?s={search_term_string}\"},\"query-input\":{\"@type\":\"PropertyValueSpecification\",\"valueRequired\":true,\"valueName\":\"search_term_string\"}}],\"inLanguage\":\"pt-BR\"},{\"@type\":\"Person\",\"@id\":\"https:\/\/www.gaveanews.com\/#\/schema\/person\/2ec14f73fb96be2caf28f91afb14749d\",\"name\":\"Equipe G\u00e1vea News\",\"image\":{\"@type\":\"ImageObject\",\"inLanguage\":\"pt-BR\",\"@id\":\"https:\/\/www.gaveanews.com\/#\/schema\/person\/image\/\",\"url\":\"https:\/\/secure.gravatar.com\/avatar\/1e1956f1facbffd3f8fa53a326721950116b3b9dc9bd44939c01180fd4a745a9?s=96&d=mm&r=g\",\"contentUrl\":\"https:\/\/secure.gravatar.com\/avatar\/1e1956f1facbffd3f8fa53a326721950116b3b9dc9bd44939c01180fd4a745a9?s=96&d=mm&r=g\",\"caption\":\"Equipe G\u00e1vea News\"}}]}<\/script>\n<!-- \/ Yoast SEO Premium plugin. -->","yoast_head_json":{"title":"Mauro Cezar Pereira: \"L\u00e1zaro precisa ser mais ativo, com mais iniciativa\"","robots":{"index":"index","follow":"follow","max-snippet":"max-snippet:-1","max-image-preview":"max-image-preview:large","max-video-preview":"max-video-preview:-1"},"canonical":"https:\/\/www.gaveanews.com\/index.php\/2022\/01\/30\/mauro-cezar-pereira-lazaro-precisa-ser-mais-ativo-com-mais-iniciativa\/","og_locale":"pt_BR","og_type":"article","og_title":"Mauro Cezar Pereira: \"L\u00e1zaro precisa ser mais ativo, com mais iniciativa\"","og_description":"No \u00faltimo s\u00e1bado, o Flamengo enfrentou o Volta Redonda pela segunda rodada do Campeonato Carioca. Em jogo fraco tecnicamente, o Rubro-Negro n\u00e3o conseguiu repetir o desempenho da primeira partida e ficou no empate em 0 a 0. Ap\u00f3s o duelo, em v\u00eddeo no seu canal no youtube, o jornalista Mauro Cezar Pereira avaliou a atua\u00e7\u00e3o [&hellip;]","og_url":"https:\/\/www.gaveanews.com\/index.php\/2022\/01\/30\/mauro-cezar-pereira-lazaro-precisa-ser-mais-ativo-com-mais-iniciativa\/","og_site_name":"G\u00e1vea News","article_publisher":"https:\/\/facebook.com\/gaveaNews\/","article_published_time":"2022-01-30T21:11:44+00:00","article_modified_time":"2024-04-07T02:06:08+00:00","og_image":[{"width":846,"height":529,"url":"https:\/\/www.gaveanews.com\/wp-content\/uploads\/Mauro-Cezar-Pereira-durante-um-programa-da-ESPN.webp","type":"image\/jpeg"}],"author":"Equipe G\u00e1vea News","twitter_card":"summary_large_image","twitter_misc":{"Escrito por":"Equipe G\u00e1vea News","Est. tempo de leitura":"2 minutos"},"schema":{"@context":"https:\/\/schema.org","@graph":[{"@type":"NewsArticle","@id":"https:\/\/www.gaveanews.com\/index.php\/2022\/01\/30\/mauro-cezar-pereira-lazaro-precisa-ser-mais-ativo-com-mais-iniciativa\/#article","isPartOf":{"@id":"https:\/\/www.gaveanews.com\/index.php\/2022\/01\/30\/mauro-cezar-pereira-lazaro-precisa-ser-mais-ativo-com-mais-iniciativa\/"},"author":{"name":"Equipe G\u00e1vea News","@id":"https:\/\/www.gaveanews.com\/#\/schema\/person\/2ec14f73fb96be2caf28f91afb14749d"},"headline":"Mauro Cezar Pereira: &#8220;L\u00e1zaro precisa ser mais ativo, com mais iniciativa&#8221;","datePublished":"2022-01-30T21:11:44+00:00","dateModified":"2024-04-07T02:06:08+00:00","mainEntityOfPage":{"@id":"https:\/\/www.gaveanews.com\/index.php\/2022\/01\/30\/mauro-cezar-pereira-lazaro-precisa-ser-mais-ativo-com-mais-iniciativa\/"},"wordCount":249,"commentCount":6,"image":{"@id":"https:\/\/www.gaveanews.com\/index.php\/2022\/01\/30\/mauro-cezar-pereira-lazaro-precisa-ser-mais-ativo-com-mais-iniciativa\/#primaryimage"},"thumbnailUrl":"https:\/\/www.gaveanews.com\/wp-content\/uploads\/Mauro-Cezar-Pereira-durante-um-programa-da-ESPN.webp","keywords":["Mauro Cezar Pereira"],"articleSection":["Flamengo"],"inLanguage":"pt-BR","potentialAction":[{"@type":"CommentAction","name":"Comment","target":["https:\/\/www.gaveanews.com\/index.php\/2022\/01\/30\/mauro-cezar-pereira-lazaro-precisa-ser-mais-ativo-com-mais-iniciativa\/#respond"]}],"copyrightYear":"2022","copyrightHolder":{"@id":"https:\/\/www.gaveanews.com\/#organization"}},{"@type":"WebPage","@id":"https:\/\/www.gaveanews.com\/index.php\/2022\/01\/30\/mauro-cezar-pereira-lazaro-precisa-ser-mais-ativo-com-mais-iniciativa\/","url":"https:\/\/www.gaveanews.com\/index.php\/2022\/01\/30\/mauro-cezar-pereira-lazaro-precisa-ser-mais-ativo-com-mais-iniciativa\/","name":"Mauro Cezar Pereira: \"L\u00e1zaro precisa ser mais ativo, com mais iniciativa\"","isPartOf":{"@id":"https:\/\/www.gaveanews.com\/#website"},"primaryImageOfPage":{"@id":"https:\/\/www.gaveanews.com\/index.php\/2022\/01\/30\/mauro-cezar-pereira-lazaro-precisa-ser-mais-ativo-com-mais-iniciativa\/#primaryimage"},"image":{"@id":"https:\/\/www.gaveanews.com\/index.php\/2022\/01\/30\/mauro-cezar-pereira-lazaro-precisa-ser-mais-ativo-com-mais-iniciativa\/#primaryimage"},"thumbnailUrl":"https:\/\/www.gaveanews.com\/wp-content\/uploads\/Mauro-Cezar-Pereira-durante-um-programa-da-ESPN.webp","datePublished":"2022-01-30T21:11:44+00:00","dateModified":"2024-04-07T02:06:08+00:00","author":{"@id":"https:\/\/www.gaveanews.com\/#\/schema\/person\/2ec14f73fb96be2caf28f91afb14749d"},"breadcrumb":{"@id":"https:\/\/www.gaveanews.com\/index.php\/2022\/01\/30\/mauro-cezar-pereira-lazaro-precisa-ser-mais-ativo-com-mais-iniciativa\/#breadcrumb"},"inLanguage":"pt-BR","potentialAction":[{"@type":"ReadAction","target":["https:\/\/www.gaveanews.com\/index.php\/2022\/01\/30\/mauro-cezar-pereira-lazaro-precisa-ser-mais-ativo-com-mais-iniciativa\/"]}]},{"@type":"ImageObject","inLanguage":"pt-BR","@id":"https:\/\/www.gaveanews.com\/index.php\/2022\/01\/30\/mauro-cezar-pereira-lazaro-precisa-ser-mais-ativo-com-mais-iniciativa\/#primaryimage","url":"https:\/\/www.gaveanews.com\/wp-content\/uploads\/Mauro-Cezar-Pereira-durante-um-programa-da-ESPN.webp","contentUrl":"https:\/\/www.gaveanews.com\/wp-content\/uploads\/Mauro-Cezar-Pereira-durante-um-programa-da-ESPN.webp","width":846,"height":529,"caption":"Mauro Cezar Pereira durante um programa da ESPN (Foto: Reprodu\u00e7\u00e3o)"},{"@type":"BreadcrumbList","@id":"https:\/\/www.gaveanews.com\/index.php\/2022\/01\/30\/mauro-cezar-pereira-lazaro-precisa-ser-mais-ativo-com-mais-iniciativa\/#breadcrumb","itemListElement":[{"@type":"ListItem","position":1,"name":"Home","item":"https:\/\/www.gaveanews.com\/"},{"@type":"ListItem","position":2,"name":"Mauro Cezar Pereira: &#8220;L\u00e1zaro precisa ser mais ativo, com mais iniciativa&#8221;"}]},{"@type":"WebSite","@id":"https:\/\/www.gaveanews.com\/#website","url":"https:\/\/www.gaveanews.com\/","name":"G\u00e1vea News","description":"Veja todas as not\u00edcias sobre o Flamengo: Contrata\u00e7\u00f5es, categorias de base, resultados das partidas, tabela de classifica\u00e7\u00e3o, pr\u00f3ximos jogos!","potentialAction":[{"@type":"SearchAction","target":{"@type":"EntryPoint","urlTemplate":"https:\/\/www.gaveanews.com\/?s={search_term_string}"},"query-input":{"@type":"PropertyValueSpecification","valueRequired":true,"valueName":"search_term_string"}}],"inLanguage":"pt-BR"},{"@type":"Person","@id":"https:\/\/www.gaveanews.com\/#\/schema\/person\/2ec14f73fb96be2caf28f91afb14749d","name":"Equipe G\u00e1vea News","image":{"@type":"ImageObject","inLanguage":"pt-BR","@id":"https:\/\/www.gaveanews.com\/#\/schema\/person\/image\/","url":"https:\/\/secure.gravatar.com\/avatar\/1e1956f1facbffd3f8fa53a326721950116b3b9dc9bd44939c01180fd4a745a9?s=96&d=mm&r=g","contentUrl":"https:\/\/secure.gravatar.com\/avatar\/1e1956f1facbffd3f8fa53a326721950116b3b9dc9bd44939c01180fd4a745a9?s=96&d=mm&r=g","caption":"Equipe G\u00e1vea News"}}]}},"_links":{"self":[{"href":"https:\/\/www.gaveanews.com\/index.php\/wp-json\/wp\/v2\/posts\/75834","targetHints":{"allow":["GET"]}}],"collection":[{"href":"https:\/\/www.gaveanews.com\/index.php\/wp-json\/wp\/v2\/posts"}],"about":[{"href":"https:\/\/www.gaveanews.com\/index.php\/wp-json\/wp\/v2\/types\/post"}],"author":[{"embeddable":true,"href":"https:\/\/www.gaveanews.com\/index.php\/wp-json\/wp\/v2\/users\/1"}],"replies":[{"embeddable":true,"href":"https:\/\/www.gaveanews.com\/index.php\/wp-json\/wp\/v2\/comments?post=75834"}],"version-history":[{"count":1,"href":"https:\/\/www.gaveanews.com\/index.php\/wp-json\/wp\/v2\/posts\/75834\/revisions"}],"predecessor-version":[{"id":134683,"href":"https:\/\/www.gaveanews.com\/index.php\/wp-json\/wp\/v2\/posts\/75834\/revisions\/134683"}],"wp:featuredmedia":[{"embeddable":true,"href":"https:\/\/www.gaveanews.com\/index.php\/wp-json\/wp\/v2\/media\/47445"}],"wp:attachment":[{"href":"https:\/\/www.gaveanews.com\/index.php\/wp-json\/wp\/v2\/media?parent=75834"}],"wp:term":[{"taxonomy":"category","embeddable":true,"href":"https:\/\/www.gaveanews.com\/index.php\/wp-json\/wp\/v2\/categories?post=75834"},{"taxonomy":"post_tag","embeddable":true,"href":"https:\/\/www.gaveanews.com\/index.php\/wp-json\/wp\/v2\/tags?post=75834"}],"curies":[{"name":"wp","href":"https:\/\/api.w.org\/{rel}","templated":true}]}}