{"id":75841,"date":"2022-01-30T19:57:03","date_gmt":"2022-01-30T22:57:03","guid":{"rendered":"https:\/\/www.gaveanews.com\/?p=75841"},"modified":"2022-01-30T19:57:06","modified_gmt":"2022-01-30T22:57:06","slug":"cbf-pode-levar-decisao-da-supercopa-entre-flamengo-e-atletico-para-sao-paulo","status":"publish","type":"post","link":"https:\/\/www.gaveanews.com\/index.php\/2022\/01\/30\/cbf-pode-levar-decisao-da-supercopa-entre-flamengo-e-atletico-para-sao-paulo\/","title":{"rendered":"CBF pode levar decis\u00e3o da Supercopa, entre Flamengo e Atl\u00e9tico, para S\u00e3o Paulo"},"content":{"rendered":"\n<p>A decis\u00e3o da Supercopa do Brasil ser\u00e1 dia 20 de fevereiro, mas ainda com local indefinido. O est\u00e1dio Man\u00e9 Garrincha, em Bras\u00edlia, estava confirmado com palco da partida, mas ap\u00f3s o governo da capital federal proibir a presen\u00e7a de p\u00fablico nos jogos, por conta do alto n\u00famero de casos de Covid-19 e porque os leitos de UTI est\u00e3o quase lotados por conta da doen\u00e7a, a CBF est\u00e1 pensando em escolher uma nova sede para o confronto.<\/p>\n\n\n\n<p>De acordo com o jornalista Guilherme Silva, da \u201cJovem Pan\u201d, a CBF est\u00e1 pensando em levar a decis\u00e3o entre Flamengo e Atl\u00e9tico-MG para S\u00e3o Paulo. Neo Qu\u00edmica Arena e Est\u00e1dio do Morumbi s\u00e3o os cotados para receberem o grande jogo.<\/p>\n\n\n\n<p>Enquanto o local n\u00e3o \u00e9 definido, uma coisa j\u00e1 \u00e9 certa: Rodrigo Caio n\u00e3o vai jogar a decis\u00e3o. O zagueiro ainda est\u00e1 se recuperando de uma infec\u00e7\u00e3o no joelho por conta de uma artroscopia realizada no joelho direito, ainda n\u00e3o tem prazo para retornar aos gramados. Dessa forma, Paulo Sousa vai escolher entre L\u00e9o Pereira e Gustavo Henrique para formar a dupla de zaga rubro-negra com David Luiz.<\/p>\n\n\n\n<p>Retirado de: Di\u00e1rio do Fla<\/p>\n","protected":false},"excerpt":{"rendered":"<p>A decis\u00e3o da Supercopa do Brasil ser\u00e1 dia 20 de fevereiro, mas ainda com local indefinido. O est\u00e1dio Man\u00e9 Garrincha, em Bras\u00edlia, estava confirmado com palco da partida, mas ap\u00f3s o governo da capital federal proibir a presen\u00e7a de p\u00fablico nos jogos, por conta do alto n\u00famero de casos de Covid-19 e porque os leitos [&hellip;]<\/p>\n","protected":false},"author":1,"featured_media":16271,"comment_status":"open","ping_status":"closed","sticky":false,"template":"","format":"standard","meta":{"footnotes":""},"categories":[1],"tags":[],"class_list":["post-75841","post","type-post","status-publish","format-standard","has-post-thumbnail","hentry","category-flamengo"],"yoast_head":"<!-- This site is optimized with the Yoast SEO Premium plugin v24.2 (Yoast SEO v26.9) - https:\/\/yoast.com\/product\/yoast-seo-premium-wordpress\/ -->\n<title>CBF pode levar decis\u00e3o da Supercopa, entre Flamengo e Atl\u00e9tico, para S\u00e3o Paulo<\/title>\n<meta name=\"robots\" content=\"index, follow, max-snippet:-1, max-image-preview:large, max-video-preview:-1\" \/>\n<link rel=\"canonical\" href=\"https:\/\/www.gaveanews.com\/index.php\/2022\/01\/30\/cbf-pode-levar-decisao-da-supercopa-entre-flamengo-e-atletico-para-sao-paulo\/\" \/>\n<meta property=\"og:locale\" content=\"pt_BR\" \/>\n<meta property=\"og:type\" content=\"article\" \/>\n<meta property=\"og:title\" content=\"CBF pode levar decis\u00e3o da Supercopa, entre Flamengo e Atl\u00e9tico, para S\u00e3o Paulo\" \/>\n<meta property=\"og:description\" content=\"A decis\u00e3o da Supercopa do Brasil ser\u00e1 dia 20 de fevereiro, mas ainda com local indefinido. O est\u00e1dio Man\u00e9 Garrincha, em Bras\u00edlia, estava confirmado com palco da partida, mas ap\u00f3s o governo da capital federal proibir a presen\u00e7a de p\u00fablico nos jogos, por conta do alto n\u00famero de casos de Covid-19 e porque os leitos [&hellip;]\" \/>\n<meta property=\"og:url\" content=\"https:\/\/www.gaveanews.com\/index.php\/2022\/01\/30\/cbf-pode-levar-decisao-da-supercopa-entre-flamengo-e-atletico-para-sao-paulo\/\" \/>\n<meta property=\"og:site_name\" content=\"G\u00e1vea News\" \/>\n<meta property=\"article:publisher\" content=\"https:\/\/facebook.com\/gaveaNews\/\" \/>\n<meta property=\"article:published_time\" content=\"2022-01-30T22:57:03+00:00\" \/>\n<meta property=\"article:modified_time\" content=\"2022-01-30T22:57:06+00:00\" \/>\n<meta property=\"og:image\" content=\"https:\/\/www.gaveanews.com\/wp-content\/uploads\/2019\/02\/Sede-da-CBF-no-Rio-de-Janeiro.webp\" \/>\n\t<meta property=\"og:image:width\" content=\"690\" \/>\n\t<meta property=\"og:image:height\" content=\"518\" \/>\n\t<meta property=\"og:image:type\" content=\"image\/jpeg\" \/>\n<meta name=\"author\" content=\"Equipe G\u00e1vea News\" \/>\n<meta name=\"twitter:card\" content=\"summary_large_image\" \/>\n<meta name=\"twitter:label1\" content=\"Escrito por\" \/>\n\t<meta name=\"twitter:data1\" content=\"Equipe G\u00e1vea News\" \/>\n\t<meta name=\"twitter:label2\" content=\"Est. tempo de leitura\" \/>\n\t<meta name=\"twitter:data2\" content=\"2 minutos\" \/>\n<script type=\"application\/ld+json\" class=\"yoast-schema-graph\">{\"@context\":\"https:\/\/schema.org\",\"@graph\":[{\"@type\":\"NewsArticle\",\"@id\":\"https:\/\/www.gaveanews.com\/index.php\/2022\/01\/30\/cbf-pode-levar-decisao-da-supercopa-entre-flamengo-e-atletico-para-sao-paulo\/#article\",\"isPartOf\":{\"@id\":\"https:\/\/www.gaveanews.com\/index.php\/2022\/01\/30\/cbf-pode-levar-decisao-da-supercopa-entre-flamengo-e-atletico-para-sao-paulo\/\"},\"author\":{\"name\":\"Equipe G\u00e1vea News\",\"@id\":\"https:\/\/www.gaveanews.com\/#\/schema\/person\/2ec14f73fb96be2caf28f91afb14749d\"},\"headline\":\"CBF pode levar decis\u00e3o da Supercopa, entre Flamengo e Atl\u00e9tico, para S\u00e3o Paulo\",\"datePublished\":\"2022-01-30T22:57:03+00:00\",\"dateModified\":\"2022-01-30T22:57:06+00:00\",\"mainEntityOfPage\":{\"@id\":\"https:\/\/www.gaveanews.com\/index.php\/2022\/01\/30\/cbf-pode-levar-decisao-da-supercopa-entre-flamengo-e-atletico-para-sao-paulo\/\"},\"wordCount\":224,\"commentCount\":9,\"image\":{\"@id\":\"https:\/\/www.gaveanews.com\/index.php\/2022\/01\/30\/cbf-pode-levar-decisao-da-supercopa-entre-flamengo-e-atletico-para-sao-paulo\/#primaryimage\"},\"thumbnailUrl\":\"https:\/\/www.gaveanews.com\/wp-content\/uploads\/2019\/02\/Sede-da-CBF-no-Rio-de-Janeiro.webp\",\"articleSection\":[\"Flamengo\"],\"inLanguage\":\"pt-BR\",\"potentialAction\":[{\"@type\":\"CommentAction\",\"name\":\"Comment\",\"target\":[\"https:\/\/www.gaveanews.com\/index.php\/2022\/01\/30\/cbf-pode-levar-decisao-da-supercopa-entre-flamengo-e-atletico-para-sao-paulo\/#respond\"]}],\"copyrightYear\":\"2022\",\"copyrightHolder\":{\"@id\":\"https:\/\/www.gaveanews.com\/#organization\"}},{\"@type\":\"WebPage\",\"@id\":\"https:\/\/www.gaveanews.com\/index.php\/2022\/01\/30\/cbf-pode-levar-decisao-da-supercopa-entre-flamengo-e-atletico-para-sao-paulo\/\",\"url\":\"https:\/\/www.gaveanews.com\/index.php\/2022\/01\/30\/cbf-pode-levar-decisao-da-supercopa-entre-flamengo-e-atletico-para-sao-paulo\/\",\"name\":\"CBF pode levar decis\u00e3o da Supercopa, entre Flamengo e Atl\u00e9tico, para S\u00e3o Paulo\",\"isPartOf\":{\"@id\":\"https:\/\/www.gaveanews.com\/#website\"},\"primaryImageOfPage\":{\"@id\":\"https:\/\/www.gaveanews.com\/index.php\/2022\/01\/30\/cbf-pode-levar-decisao-da-supercopa-entre-flamengo-e-atletico-para-sao-paulo\/#primaryimage\"},\"image\":{\"@id\":\"https:\/\/www.gaveanews.com\/index.php\/2022\/01\/30\/cbf-pode-levar-decisao-da-supercopa-entre-flamengo-e-atletico-para-sao-paulo\/#primaryimage\"},\"thumbnailUrl\":\"https:\/\/www.gaveanews.com\/wp-content\/uploads\/2019\/02\/Sede-da-CBF-no-Rio-de-Janeiro.webp\",\"datePublished\":\"2022-01-30T22:57:03+00:00\",\"dateModified\":\"2022-01-30T22:57:06+00:00\",\"author\":{\"@id\":\"https:\/\/www.gaveanews.com\/#\/schema\/person\/2ec14f73fb96be2caf28f91afb14749d\"},\"breadcrumb\":{\"@id\":\"https:\/\/www.gaveanews.com\/index.php\/2022\/01\/30\/cbf-pode-levar-decisao-da-supercopa-entre-flamengo-e-atletico-para-sao-paulo\/#breadcrumb\"},\"inLanguage\":\"pt-BR\",\"potentialAction\":[{\"@type\":\"ReadAction\",\"target\":[\"https:\/\/www.gaveanews.com\/index.php\/2022\/01\/30\/cbf-pode-levar-decisao-da-supercopa-entre-flamengo-e-atletico-para-sao-paulo\/\"]}]},{\"@type\":\"ImageObject\",\"inLanguage\":\"pt-BR\",\"@id\":\"https:\/\/www.gaveanews.com\/index.php\/2022\/01\/30\/cbf-pode-levar-decisao-da-supercopa-entre-flamengo-e-atletico-para-sao-paulo\/#primaryimage\",\"url\":\"https:\/\/www.gaveanews.com\/wp-content\/uploads\/2019\/02\/Sede-da-CBF-no-Rio-de-Janeiro.webp\",\"contentUrl\":\"https:\/\/www.gaveanews.com\/wp-content\/uploads\/2019\/02\/Sede-da-CBF-no-Rio-de-Janeiro.webp\",\"width\":690,\"height\":518,\"caption\":\"Sede da CBF no Rio de Janeiro (Foto: Cah\u00ea Mota\/Globo Esporte)\"},{\"@type\":\"BreadcrumbList\",\"@id\":\"https:\/\/www.gaveanews.com\/index.php\/2022\/01\/30\/cbf-pode-levar-decisao-da-supercopa-entre-flamengo-e-atletico-para-sao-paulo\/#breadcrumb\",\"itemListElement\":[{\"@type\":\"ListItem\",\"position\":1,\"name\":\"Home\",\"item\":\"https:\/\/www.gaveanews.com\/\"},{\"@type\":\"ListItem\",\"position\":2,\"name\":\"CBF pode levar decis\u00e3o da Supercopa, entre Flamengo e Atl\u00e9tico, para S\u00e3o Paulo\"}]},{\"@type\":\"WebSite\",\"@id\":\"https:\/\/www.gaveanews.com\/#website\",\"url\":\"https:\/\/www.gaveanews.com\/\",\"name\":\"G\u00e1vea News\",\"description\":\"Veja todas as not\u00edcias sobre o Flamengo: Contrata\u00e7\u00f5es, categorias de base, resultados das partidas, tabela de classifica\u00e7\u00e3o, pr\u00f3ximos jogos!\",\"potentialAction\":[{\"@type\":\"SearchAction\",\"target\":{\"@type\":\"EntryPoint\",\"urlTemplate\":\"https:\/\/www.gaveanews.com\/?s={search_term_string}\"},\"query-input\":{\"@type\":\"PropertyValueSpecification\",\"valueRequired\":true,\"valueName\":\"search_term_string\"}}],\"inLanguage\":\"pt-BR\"},{\"@type\":\"Person\",\"@id\":\"https:\/\/www.gaveanews.com\/#\/schema\/person\/2ec14f73fb96be2caf28f91afb14749d\",\"name\":\"Equipe G\u00e1vea News\",\"image\":{\"@type\":\"ImageObject\",\"inLanguage\":\"pt-BR\",\"@id\":\"https:\/\/www.gaveanews.com\/#\/schema\/person\/image\/\",\"url\":\"https:\/\/secure.gravatar.com\/avatar\/1e1956f1facbffd3f8fa53a326721950116b3b9dc9bd44939c01180fd4a745a9?s=96&d=mm&r=g\",\"contentUrl\":\"https:\/\/secure.gravatar.com\/avatar\/1e1956f1facbffd3f8fa53a326721950116b3b9dc9bd44939c01180fd4a745a9?s=96&d=mm&r=g\",\"caption\":\"Equipe G\u00e1vea News\"}}]}<\/script>\n<!-- \/ Yoast SEO Premium plugin. -->","yoast_head_json":{"title":"CBF pode levar decis\u00e3o da Supercopa, entre Flamengo e Atl\u00e9tico, para S\u00e3o Paulo","robots":{"index":"index","follow":"follow","max-snippet":"max-snippet:-1","max-image-preview":"max-image-preview:large","max-video-preview":"max-video-preview:-1"},"canonical":"https:\/\/www.gaveanews.com\/index.php\/2022\/01\/30\/cbf-pode-levar-decisao-da-supercopa-entre-flamengo-e-atletico-para-sao-paulo\/","og_locale":"pt_BR","og_type":"article","og_title":"CBF pode levar decis\u00e3o da Supercopa, entre Flamengo e Atl\u00e9tico, para S\u00e3o Paulo","og_description":"A decis\u00e3o da Supercopa do Brasil ser\u00e1 dia 20 de fevereiro, mas ainda com local indefinido. O est\u00e1dio Man\u00e9 Garrincha, em Bras\u00edlia, estava confirmado com palco da partida, mas ap\u00f3s o governo da capital federal proibir a presen\u00e7a de p\u00fablico nos jogos, por conta do alto n\u00famero de casos de Covid-19 e porque os leitos [&hellip;]","og_url":"https:\/\/www.gaveanews.com\/index.php\/2022\/01\/30\/cbf-pode-levar-decisao-da-supercopa-entre-flamengo-e-atletico-para-sao-paulo\/","og_site_name":"G\u00e1vea News","article_publisher":"https:\/\/facebook.com\/gaveaNews\/","article_published_time":"2022-01-30T22:57:03+00:00","article_modified_time":"2022-01-30T22:57:06+00:00","og_image":[{"width":690,"height":518,"url":"https:\/\/www.gaveanews.com\/wp-content\/uploads\/2019\/02\/Sede-da-CBF-no-Rio-de-Janeiro.webp","type":"image\/jpeg"}],"author":"Equipe G\u00e1vea News","twitter_card":"summary_large_image","twitter_misc":{"Escrito por":"Equipe G\u00e1vea News","Est. tempo de leitura":"2 minutos"},"schema":{"@context":"https:\/\/schema.org","@graph":[{"@type":"NewsArticle","@id":"https:\/\/www.gaveanews.com\/index.php\/2022\/01\/30\/cbf-pode-levar-decisao-da-supercopa-entre-flamengo-e-atletico-para-sao-paulo\/#article","isPartOf":{"@id":"https:\/\/www.gaveanews.com\/index.php\/2022\/01\/30\/cbf-pode-levar-decisao-da-supercopa-entre-flamengo-e-atletico-para-sao-paulo\/"},"author":{"name":"Equipe G\u00e1vea News","@id":"https:\/\/www.gaveanews.com\/#\/schema\/person\/2ec14f73fb96be2caf28f91afb14749d"},"headline":"CBF pode levar decis\u00e3o da Supercopa, entre Flamengo e Atl\u00e9tico, para S\u00e3o Paulo","datePublished":"2022-01-30T22:57:03+00:00","dateModified":"2022-01-30T22:57:06+00:00","mainEntityOfPage":{"@id":"https:\/\/www.gaveanews.com\/index.php\/2022\/01\/30\/cbf-pode-levar-decisao-da-supercopa-entre-flamengo-e-atletico-para-sao-paulo\/"},"wordCount":224,"commentCount":9,"image":{"@id":"https:\/\/www.gaveanews.com\/index.php\/2022\/01\/30\/cbf-pode-levar-decisao-da-supercopa-entre-flamengo-e-atletico-para-sao-paulo\/#primaryimage"},"thumbnailUrl":"https:\/\/www.gaveanews.com\/wp-content\/uploads\/2019\/02\/Sede-da-CBF-no-Rio-de-Janeiro.webp","articleSection":["Flamengo"],"inLanguage":"pt-BR","potentialAction":[{"@type":"CommentAction","name":"Comment","target":["https:\/\/www.gaveanews.com\/index.php\/2022\/01\/30\/cbf-pode-levar-decisao-da-supercopa-entre-flamengo-e-atletico-para-sao-paulo\/#respond"]}],"copyrightYear":"2022","copyrightHolder":{"@id":"https:\/\/www.gaveanews.com\/#organization"}},{"@type":"WebPage","@id":"https:\/\/www.gaveanews.com\/index.php\/2022\/01\/30\/cbf-pode-levar-decisao-da-supercopa-entre-flamengo-e-atletico-para-sao-paulo\/","url":"https:\/\/www.gaveanews.com\/index.php\/2022\/01\/30\/cbf-pode-levar-decisao-da-supercopa-entre-flamengo-e-atletico-para-sao-paulo\/","name":"CBF pode levar decis\u00e3o da Supercopa, entre Flamengo e Atl\u00e9tico, para S\u00e3o Paulo","isPartOf":{"@id":"https:\/\/www.gaveanews.com\/#website"},"primaryImageOfPage":{"@id":"https:\/\/www.gaveanews.com\/index.php\/2022\/01\/30\/cbf-pode-levar-decisao-da-supercopa-entre-flamengo-e-atletico-para-sao-paulo\/#primaryimage"},"image":{"@id":"https:\/\/www.gaveanews.com\/index.php\/2022\/01\/30\/cbf-pode-levar-decisao-da-supercopa-entre-flamengo-e-atletico-para-sao-paulo\/#primaryimage"},"thumbnailUrl":"https:\/\/www.gaveanews.com\/wp-content\/uploads\/2019\/02\/Sede-da-CBF-no-Rio-de-Janeiro.webp","datePublished":"2022-01-30T22:57:03+00:00","dateModified":"2022-01-30T22:57:06+00:00","author":{"@id":"https:\/\/www.gaveanews.com\/#\/schema\/person\/2ec14f73fb96be2caf28f91afb14749d"},"breadcrumb":{"@id":"https:\/\/www.gaveanews.com\/index.php\/2022\/01\/30\/cbf-pode-levar-decisao-da-supercopa-entre-flamengo-e-atletico-para-sao-paulo\/#breadcrumb"},"inLanguage":"pt-BR","potentialAction":[{"@type":"ReadAction","target":["https:\/\/www.gaveanews.com\/index.php\/2022\/01\/30\/cbf-pode-levar-decisao-da-supercopa-entre-flamengo-e-atletico-para-sao-paulo\/"]}]},{"@type":"ImageObject","inLanguage":"pt-BR","@id":"https:\/\/www.gaveanews.com\/index.php\/2022\/01\/30\/cbf-pode-levar-decisao-da-supercopa-entre-flamengo-e-atletico-para-sao-paulo\/#primaryimage","url":"https:\/\/www.gaveanews.com\/wp-content\/uploads\/2019\/02\/Sede-da-CBF-no-Rio-de-Janeiro.webp","contentUrl":"https:\/\/www.gaveanews.com\/wp-content\/uploads\/2019\/02\/Sede-da-CBF-no-Rio-de-Janeiro.webp","width":690,"height":518,"caption":"Sede da CBF no Rio de Janeiro (Foto: Cah\u00ea Mota\/Globo Esporte)"},{"@type":"BreadcrumbList","@id":"https:\/\/www.gaveanews.com\/index.php\/2022\/01\/30\/cbf-pode-levar-decisao-da-supercopa-entre-flamengo-e-atletico-para-sao-paulo\/#breadcrumb","itemListElement":[{"@type":"ListItem","position":1,"name":"Home","item":"https:\/\/www.gaveanews.com\/"},{"@type":"ListItem","position":2,"name":"CBF pode levar decis\u00e3o da Supercopa, entre Flamengo e Atl\u00e9tico, para S\u00e3o Paulo"}]},{"@type":"WebSite","@id":"https:\/\/www.gaveanews.com\/#website","url":"https:\/\/www.gaveanews.com\/","name":"G\u00e1vea News","description":"Veja todas as not\u00edcias sobre o Flamengo: Contrata\u00e7\u00f5es, categorias de base, resultados das partidas, tabela de classifica\u00e7\u00e3o, pr\u00f3ximos jogos!","potentialAction":[{"@type":"SearchAction","target":{"@type":"EntryPoint","urlTemplate":"https:\/\/www.gaveanews.com\/?s={search_term_string}"},"query-input":{"@type":"PropertyValueSpecification","valueRequired":true,"valueName":"search_term_string"}}],"inLanguage":"pt-BR"},{"@type":"Person","@id":"https:\/\/www.gaveanews.com\/#\/schema\/person\/2ec14f73fb96be2caf28f91afb14749d","name":"Equipe G\u00e1vea News","image":{"@type":"ImageObject","inLanguage":"pt-BR","@id":"https:\/\/www.gaveanews.com\/#\/schema\/person\/image\/","url":"https:\/\/secure.gravatar.com\/avatar\/1e1956f1facbffd3f8fa53a326721950116b3b9dc9bd44939c01180fd4a745a9?s=96&d=mm&r=g","contentUrl":"https:\/\/secure.gravatar.com\/avatar\/1e1956f1facbffd3f8fa53a326721950116b3b9dc9bd44939c01180fd4a745a9?s=96&d=mm&r=g","caption":"Equipe G\u00e1vea News"}}]}},"_links":{"self":[{"href":"https:\/\/www.gaveanews.com\/index.php\/wp-json\/wp\/v2\/posts\/75841","targetHints":{"allow":["GET"]}}],"collection":[{"href":"https:\/\/www.gaveanews.com\/index.php\/wp-json\/wp\/v2\/posts"}],"about":[{"href":"https:\/\/www.gaveanews.com\/index.php\/wp-json\/wp\/v2\/types\/post"}],"author":[{"embeddable":true,"href":"https:\/\/www.gaveanews.com\/index.php\/wp-json\/wp\/v2\/users\/1"}],"replies":[{"embeddable":true,"href":"https:\/\/www.gaveanews.com\/index.php\/wp-json\/wp\/v2\/comments?post=75841"}],"version-history":[{"count":0,"href":"https:\/\/www.gaveanews.com\/index.php\/wp-json\/wp\/v2\/posts\/75841\/revisions"}],"wp:featuredmedia":[{"embeddable":true,"href":"https:\/\/www.gaveanews.com\/index.php\/wp-json\/wp\/v2\/media\/16271"}],"wp:attachment":[{"href":"https:\/\/www.gaveanews.com\/index.php\/wp-json\/wp\/v2\/media?parent=75841"}],"wp:term":[{"taxonomy":"category","embeddable":true,"href":"https:\/\/www.gaveanews.com\/index.php\/wp-json\/wp\/v2\/categories?post=75841"},{"taxonomy":"post_tag","embeddable":true,"href":"https:\/\/www.gaveanews.com\/index.php\/wp-json\/wp\/v2\/tags?post=75841"}],"curies":[{"name":"wp","href":"https:\/\/api.w.org\/{rel}","templated":true}]}}