{"id":75857,"date":"2022-01-31T10:03:18","date_gmt":"2022-01-31T13:03:18","guid":{"rendered":"https:\/\/www.gaveanews.com\/?p=75857"},"modified":"2022-01-31T10:03:22","modified_gmt":"2022-01-31T13:03:22","slug":"fique-ligado-coletiva-de-apresentacao-de-marinho-no-flamengo-acontecera-nesta-segunda","status":"publish","type":"post","link":"https:\/\/www.gaveanews.com\/index.php\/2022\/01\/31\/fique-ligado-coletiva-de-apresentacao-de-marinho-no-flamengo-acontecera-nesta-segunda\/","title":{"rendered":"Fique ligado! Coletiva de apresenta\u00e7\u00e3o de Marinho no Flamengo acontecer\u00e1 nesta segunda"},"content":{"rendered":"\n<p>O Flamengo foi cir\u00fargico no mercado e garantiu sua primeira contrata\u00e7\u00e3o para a temporada. Enquanto a m\u00eddia se focava nas tentativas do clube pela <a href=\"https:\/\/www.gaveanews.com\/index.php\/2022\/01\/28\/por-everton-cebolinha-marcos-braz-do-flamengo-viajara-para-portugal\/\">vinda de Everton Cebolinha<\/a>, os dirigentes rubro-negros &#8220;driblaram&#8221; a imprensa e compraram o atacante do Santos.<\/p>\n\n\n\n<p><a href=\"https:\/\/www.gaveanews.com\/index.php\/2022\/01\/28\/video-e-oficial-flamengo-anuncia-a-contratacao-de-marinho\/\">O an\u00fancio da aquisi\u00e7\u00e3o<\/a> foi feito na \u00faltima sexta-feira (28), quando o atleta foi conhecer o CT e fazer exames f\u00edsicos. Naquele mesmo dia, o ex-Santos foi liberado pelo Departamento M\u00e9dico para participar do treino coletivo, e o jogador teve seu primeiro contato com sua nova equipe e com a comiss\u00e3o de Paulo Sousa.<\/p>\n\n\n\n<p>No entanto, embora o atleta j\u00e1 esteja fazendo parte das atividades do clube, o Flamengo optou por realizar a coletiva de apresenta\u00e7\u00e3o do mesmo no come\u00e7o desta semana. A entrevista est\u00e1 marcada para acontecer no in\u00edcio da tarde desta segunda-feira (31).<\/p>\n\n\n\n<p>A previs\u00e3o \u00e9 de que a transmiss\u00e3o comece \u00e0s 13h (hor\u00e1rio de Bras\u00edlia). O <a href=\"http:\/\/gaveanews.com\">GaveaNews.com<\/a> disponibilizar\u00e1 o evento da FlaTV ao vivo e com imagens.<\/p>\n","protected":false},"excerpt":{"rendered":"<p>O Flamengo foi cir\u00fargico no mercado e garantiu sua primeira contrata\u00e7\u00e3o para a temporada. Enquanto a m\u00eddia se focava nas tentativas do clube pela vinda de Everton Cebolinha, os dirigentes rubro-negros &#8220;driblaram&#8221; a imprensa e compraram o atacante do Santos. O an\u00fancio da aquisi\u00e7\u00e3o foi feito na \u00faltima sexta-feira (28), quando o atleta foi conhecer [&hellip;]<\/p>\n","protected":false},"author":4,"featured_media":75667,"comment_status":"open","ping_status":"closed","sticky":false,"template":"","format":"standard","meta":{"footnotes":""},"categories":[1],"tags":[],"class_list":["post-75857","post","type-post","status-publish","format-standard","has-post-thumbnail","hentry","category-flamengo"],"yoast_head":"<!-- This site is optimized with the Yoast SEO Premium plugin v24.2 (Yoast SEO v26.9) - https:\/\/yoast.com\/product\/yoast-seo-premium-wordpress\/ -->\n<title>Coletiva de apresenta\u00e7\u00e3o de Marinho no Flamengo acontecer\u00e1 hoje<\/title>\n<meta name=\"robots\" content=\"index, follow, max-snippet:-1, max-image-preview:large, max-video-preview:-1\" \/>\n<link rel=\"canonical\" href=\"https:\/\/www.gaveanews.com\/index.php\/2022\/01\/31\/fique-ligado-coletiva-de-apresentacao-de-marinho-no-flamengo-acontecera-nesta-segunda\/\" \/>\n<meta property=\"og:locale\" content=\"pt_BR\" \/>\n<meta property=\"og:type\" content=\"article\" \/>\n<meta property=\"og:title\" content=\"Fique ligado! Coletiva de apresenta\u00e7\u00e3o de Marinho no Flamengo acontecer\u00e1 nesta segunda\" \/>\n<meta property=\"og:description\" content=\"O Flamengo foi cir\u00fargico no mercado e garantiu sua primeira contrata\u00e7\u00e3o para a temporada. Enquanto a m\u00eddia se focava nas tentativas do clube pela vinda de Everton Cebolinha, os dirigentes rubro-negros &#8220;driblaram&#8221; a imprensa e compraram o atacante do Santos. O an\u00fancio da aquisi\u00e7\u00e3o foi feito na \u00faltima sexta-feira (28), quando o atleta foi conhecer [&hellip;]\" \/>\n<meta property=\"og:url\" content=\"https:\/\/www.gaveanews.com\/index.php\/2022\/01\/31\/fique-ligado-coletiva-de-apresentacao-de-marinho-no-flamengo-acontecera-nesta-segunda\/\" \/>\n<meta property=\"og:site_name\" content=\"G\u00e1vea News\" \/>\n<meta property=\"article:publisher\" content=\"https:\/\/facebook.com\/gaveaNews\/\" \/>\n<meta property=\"article:published_time\" content=\"2022-01-31T13:03:18+00:00\" \/>\n<meta property=\"article:modified_time\" content=\"2022-01-31T13:03:22+00:00\" \/>\n<meta property=\"og:image\" content=\"https:\/\/www.gaveanews.com\/wp-content\/uploads\/Marinho-e-o-primeiro-reforco-contratado-pelo-Flamengo-em-2022.webp\" \/>\n\t<meta property=\"og:image:width\" content=\"799\" \/>\n\t<meta property=\"og:image:height\" content=\"533\" \/>\n\t<meta property=\"og:image:type\" content=\"image\/jpeg\" \/>\n<meta name=\"author\" content=\"Let\u00edcia Gerheim\" \/>\n<meta name=\"twitter:card\" content=\"summary_large_image\" \/>\n<meta name=\"twitter:label1\" content=\"Escrito por\" \/>\n\t<meta name=\"twitter:data1\" content=\"Let\u00edcia Gerheim\" \/>\n\t<meta name=\"twitter:label2\" content=\"Est. tempo de leitura\" \/>\n\t<meta name=\"twitter:data2\" content=\"1 minuto\" \/>\n<script type=\"application\/ld+json\" class=\"yoast-schema-graph\">{\"@context\":\"https:\/\/schema.org\",\"@graph\":[{\"@type\":\"NewsArticle\",\"@id\":\"https:\/\/www.gaveanews.com\/index.php\/2022\/01\/31\/fique-ligado-coletiva-de-apresentacao-de-marinho-no-flamengo-acontecera-nesta-segunda\/#article\",\"isPartOf\":{\"@id\":\"https:\/\/www.gaveanews.com\/index.php\/2022\/01\/31\/fique-ligado-coletiva-de-apresentacao-de-marinho-no-flamengo-acontecera-nesta-segunda\/\"},\"author\":{\"name\":\"Let\u00edcia Gerheim\",\"@id\":\"https:\/\/www.gaveanews.com\/#\/schema\/person\/714c67050b836198af2450ba1c142a67\"},\"headline\":\"Fique ligado! Coletiva de apresenta\u00e7\u00e3o de Marinho no Flamengo acontecer\u00e1 nesta segunda\",\"datePublished\":\"2022-01-31T13:03:18+00:00\",\"dateModified\":\"2022-01-31T13:03:22+00:00\",\"mainEntityOfPage\":{\"@id\":\"https:\/\/www.gaveanews.com\/index.php\/2022\/01\/31\/fique-ligado-coletiva-de-apresentacao-de-marinho-no-flamengo-acontecera-nesta-segunda\/\"},\"wordCount\":186,\"commentCount\":0,\"image\":{\"@id\":\"https:\/\/www.gaveanews.com\/index.php\/2022\/01\/31\/fique-ligado-coletiva-de-apresentacao-de-marinho-no-flamengo-acontecera-nesta-segunda\/#primaryimage\"},\"thumbnailUrl\":\"https:\/\/www.gaveanews.com\/wp-content\/uploads\/Marinho-e-o-primeiro-reforco-contratado-pelo-Flamengo-em-2022.webp\",\"articleSection\":[\"Flamengo\"],\"inLanguage\":\"pt-BR\",\"potentialAction\":[{\"@type\":\"CommentAction\",\"name\":\"Comment\",\"target\":[\"https:\/\/www.gaveanews.com\/index.php\/2022\/01\/31\/fique-ligado-coletiva-de-apresentacao-de-marinho-no-flamengo-acontecera-nesta-segunda\/#respond\"]}],\"copyrightYear\":\"2022\",\"copyrightHolder\":{\"@id\":\"https:\/\/www.gaveanews.com\/#organization\"}},{\"@type\":\"WebPage\",\"@id\":\"https:\/\/www.gaveanews.com\/index.php\/2022\/01\/31\/fique-ligado-coletiva-de-apresentacao-de-marinho-no-flamengo-acontecera-nesta-segunda\/\",\"url\":\"https:\/\/www.gaveanews.com\/index.php\/2022\/01\/31\/fique-ligado-coletiva-de-apresentacao-de-marinho-no-flamengo-acontecera-nesta-segunda\/\",\"name\":\"Coletiva de apresenta\u00e7\u00e3o de Marinho no Flamengo acontecer\u00e1 hoje\",\"isPartOf\":{\"@id\":\"https:\/\/www.gaveanews.com\/#website\"},\"primaryImageOfPage\":{\"@id\":\"https:\/\/www.gaveanews.com\/index.php\/2022\/01\/31\/fique-ligado-coletiva-de-apresentacao-de-marinho-no-flamengo-acontecera-nesta-segunda\/#primaryimage\"},\"image\":{\"@id\":\"https:\/\/www.gaveanews.com\/index.php\/2022\/01\/31\/fique-ligado-coletiva-de-apresentacao-de-marinho-no-flamengo-acontecera-nesta-segunda\/#primaryimage\"},\"thumbnailUrl\":\"https:\/\/www.gaveanews.com\/wp-content\/uploads\/Marinho-e-o-primeiro-reforco-contratado-pelo-Flamengo-em-2022.webp\",\"datePublished\":\"2022-01-31T13:03:18+00:00\",\"dateModified\":\"2022-01-31T13:03:22+00:00\",\"author\":{\"@id\":\"https:\/\/www.gaveanews.com\/#\/schema\/person\/714c67050b836198af2450ba1c142a67\"},\"breadcrumb\":{\"@id\":\"https:\/\/www.gaveanews.com\/index.php\/2022\/01\/31\/fique-ligado-coletiva-de-apresentacao-de-marinho-no-flamengo-acontecera-nesta-segunda\/#breadcrumb\"},\"inLanguage\":\"pt-BR\",\"potentialAction\":[{\"@type\":\"ReadAction\",\"target\":[\"https:\/\/www.gaveanews.com\/index.php\/2022\/01\/31\/fique-ligado-coletiva-de-apresentacao-de-marinho-no-flamengo-acontecera-nesta-segunda\/\"]}]},{\"@type\":\"ImageObject\",\"inLanguage\":\"pt-BR\",\"@id\":\"https:\/\/www.gaveanews.com\/index.php\/2022\/01\/31\/fique-ligado-coletiva-de-apresentacao-de-marinho-no-flamengo-acontecera-nesta-segunda\/#primaryimage\",\"url\":\"https:\/\/www.gaveanews.com\/wp-content\/uploads\/Marinho-e-o-primeiro-reforco-contratado-pelo-Flamengo-em-2022.webp\",\"contentUrl\":\"https:\/\/www.gaveanews.com\/wp-content\/uploads\/Marinho-e-o-primeiro-reforco-contratado-pelo-Flamengo-em-2022.webp\",\"width\":799,\"height\":533,\"caption\":\"Marinho foi o primeiro refor\u00e7o contratado pelo Flamengo em 2022 (Foto: Gilvan de Souza\/Flamengo)\"},{\"@type\":\"BreadcrumbList\",\"@id\":\"https:\/\/www.gaveanews.com\/index.php\/2022\/01\/31\/fique-ligado-coletiva-de-apresentacao-de-marinho-no-flamengo-acontecera-nesta-segunda\/#breadcrumb\",\"itemListElement\":[{\"@type\":\"ListItem\",\"position\":1,\"name\":\"Home\",\"item\":\"https:\/\/www.gaveanews.com\/\"},{\"@type\":\"ListItem\",\"position\":2,\"name\":\"Fique ligado! Coletiva de apresenta\u00e7\u00e3o de Marinho no Flamengo acontecer\u00e1 nesta segunda\"}]},{\"@type\":\"WebSite\",\"@id\":\"https:\/\/www.gaveanews.com\/#website\",\"url\":\"https:\/\/www.gaveanews.com\/\",\"name\":\"G\u00e1vea News\",\"description\":\"Veja todas as not\u00edcias sobre o Flamengo: Contrata\u00e7\u00f5es, categorias de base, resultados das partidas, tabela de classifica\u00e7\u00e3o, pr\u00f3ximos jogos!\",\"potentialAction\":[{\"@type\":\"SearchAction\",\"target\":{\"@type\":\"EntryPoint\",\"urlTemplate\":\"https:\/\/www.gaveanews.com\/?s={search_term_string}\"},\"query-input\":{\"@type\":\"PropertyValueSpecification\",\"valueRequired\":true,\"valueName\":\"search_term_string\"}}],\"inLanguage\":\"pt-BR\"},{\"@type\":\"Person\",\"@id\":\"https:\/\/www.gaveanews.com\/#\/schema\/person\/714c67050b836198af2450ba1c142a67\",\"name\":\"Let\u00edcia Gerheim\",\"image\":{\"@type\":\"ImageObject\",\"inLanguage\":\"pt-BR\",\"@id\":\"https:\/\/www.gaveanews.com\/#\/schema\/person\/image\/\",\"url\":\"https:\/\/secure.gravatar.com\/avatar\/60734739c50fcebfbac509e2a826ccd0ff405c019bc73aab9354f19ecad1dcb4?s=96&d=mm&r=g\",\"contentUrl\":\"https:\/\/secure.gravatar.com\/avatar\/60734739c50fcebfbac509e2a826ccd0ff405c019bc73aab9354f19ecad1dcb4?s=96&d=mm&r=g\",\"caption\":\"Let\u00edcia Gerheim\"}}]}<\/script>\n<!-- \/ Yoast SEO Premium plugin. -->","yoast_head_json":{"title":"Coletiva de apresenta\u00e7\u00e3o de Marinho no Flamengo acontecer\u00e1 hoje","robots":{"index":"index","follow":"follow","max-snippet":"max-snippet:-1","max-image-preview":"max-image-preview:large","max-video-preview":"max-video-preview:-1"},"canonical":"https:\/\/www.gaveanews.com\/index.php\/2022\/01\/31\/fique-ligado-coletiva-de-apresentacao-de-marinho-no-flamengo-acontecera-nesta-segunda\/","og_locale":"pt_BR","og_type":"article","og_title":"Fique ligado! Coletiva de apresenta\u00e7\u00e3o de Marinho no Flamengo acontecer\u00e1 nesta segunda","og_description":"O Flamengo foi cir\u00fargico no mercado e garantiu sua primeira contrata\u00e7\u00e3o para a temporada. Enquanto a m\u00eddia se focava nas tentativas do clube pela vinda de Everton Cebolinha, os dirigentes rubro-negros &#8220;driblaram&#8221; a imprensa e compraram o atacante do Santos. O an\u00fancio da aquisi\u00e7\u00e3o foi feito na \u00faltima sexta-feira (28), quando o atleta foi conhecer [&hellip;]","og_url":"https:\/\/www.gaveanews.com\/index.php\/2022\/01\/31\/fique-ligado-coletiva-de-apresentacao-de-marinho-no-flamengo-acontecera-nesta-segunda\/","og_site_name":"G\u00e1vea News","article_publisher":"https:\/\/facebook.com\/gaveaNews\/","article_published_time":"2022-01-31T13:03:18+00:00","article_modified_time":"2022-01-31T13:03:22+00:00","og_image":[{"width":799,"height":533,"url":"https:\/\/www.gaveanews.com\/wp-content\/uploads\/Marinho-e-o-primeiro-reforco-contratado-pelo-Flamengo-em-2022.webp","type":"image\/jpeg"}],"author":"Let\u00edcia Gerheim","twitter_card":"summary_large_image","twitter_misc":{"Escrito por":"Let\u00edcia Gerheim","Est. tempo de leitura":"1 minuto"},"schema":{"@context":"https:\/\/schema.org","@graph":[{"@type":"NewsArticle","@id":"https:\/\/www.gaveanews.com\/index.php\/2022\/01\/31\/fique-ligado-coletiva-de-apresentacao-de-marinho-no-flamengo-acontecera-nesta-segunda\/#article","isPartOf":{"@id":"https:\/\/www.gaveanews.com\/index.php\/2022\/01\/31\/fique-ligado-coletiva-de-apresentacao-de-marinho-no-flamengo-acontecera-nesta-segunda\/"},"author":{"name":"Let\u00edcia Gerheim","@id":"https:\/\/www.gaveanews.com\/#\/schema\/person\/714c67050b836198af2450ba1c142a67"},"headline":"Fique ligado! Coletiva de apresenta\u00e7\u00e3o de Marinho no Flamengo acontecer\u00e1 nesta segunda","datePublished":"2022-01-31T13:03:18+00:00","dateModified":"2022-01-31T13:03:22+00:00","mainEntityOfPage":{"@id":"https:\/\/www.gaveanews.com\/index.php\/2022\/01\/31\/fique-ligado-coletiva-de-apresentacao-de-marinho-no-flamengo-acontecera-nesta-segunda\/"},"wordCount":186,"commentCount":0,"image":{"@id":"https:\/\/www.gaveanews.com\/index.php\/2022\/01\/31\/fique-ligado-coletiva-de-apresentacao-de-marinho-no-flamengo-acontecera-nesta-segunda\/#primaryimage"},"thumbnailUrl":"https:\/\/www.gaveanews.com\/wp-content\/uploads\/Marinho-e-o-primeiro-reforco-contratado-pelo-Flamengo-em-2022.webp","articleSection":["Flamengo"],"inLanguage":"pt-BR","potentialAction":[{"@type":"CommentAction","name":"Comment","target":["https:\/\/www.gaveanews.com\/index.php\/2022\/01\/31\/fique-ligado-coletiva-de-apresentacao-de-marinho-no-flamengo-acontecera-nesta-segunda\/#respond"]}],"copyrightYear":"2022","copyrightHolder":{"@id":"https:\/\/www.gaveanews.com\/#organization"}},{"@type":"WebPage","@id":"https:\/\/www.gaveanews.com\/index.php\/2022\/01\/31\/fique-ligado-coletiva-de-apresentacao-de-marinho-no-flamengo-acontecera-nesta-segunda\/","url":"https:\/\/www.gaveanews.com\/index.php\/2022\/01\/31\/fique-ligado-coletiva-de-apresentacao-de-marinho-no-flamengo-acontecera-nesta-segunda\/","name":"Coletiva de apresenta\u00e7\u00e3o de Marinho no Flamengo acontecer\u00e1 hoje","isPartOf":{"@id":"https:\/\/www.gaveanews.com\/#website"},"primaryImageOfPage":{"@id":"https:\/\/www.gaveanews.com\/index.php\/2022\/01\/31\/fique-ligado-coletiva-de-apresentacao-de-marinho-no-flamengo-acontecera-nesta-segunda\/#primaryimage"},"image":{"@id":"https:\/\/www.gaveanews.com\/index.php\/2022\/01\/31\/fique-ligado-coletiva-de-apresentacao-de-marinho-no-flamengo-acontecera-nesta-segunda\/#primaryimage"},"thumbnailUrl":"https:\/\/www.gaveanews.com\/wp-content\/uploads\/Marinho-e-o-primeiro-reforco-contratado-pelo-Flamengo-em-2022.webp","datePublished":"2022-01-31T13:03:18+00:00","dateModified":"2022-01-31T13:03:22+00:00","author":{"@id":"https:\/\/www.gaveanews.com\/#\/schema\/person\/714c67050b836198af2450ba1c142a67"},"breadcrumb":{"@id":"https:\/\/www.gaveanews.com\/index.php\/2022\/01\/31\/fique-ligado-coletiva-de-apresentacao-de-marinho-no-flamengo-acontecera-nesta-segunda\/#breadcrumb"},"inLanguage":"pt-BR","potentialAction":[{"@type":"ReadAction","target":["https:\/\/www.gaveanews.com\/index.php\/2022\/01\/31\/fique-ligado-coletiva-de-apresentacao-de-marinho-no-flamengo-acontecera-nesta-segunda\/"]}]},{"@type":"ImageObject","inLanguage":"pt-BR","@id":"https:\/\/www.gaveanews.com\/index.php\/2022\/01\/31\/fique-ligado-coletiva-de-apresentacao-de-marinho-no-flamengo-acontecera-nesta-segunda\/#primaryimage","url":"https:\/\/www.gaveanews.com\/wp-content\/uploads\/Marinho-e-o-primeiro-reforco-contratado-pelo-Flamengo-em-2022.webp","contentUrl":"https:\/\/www.gaveanews.com\/wp-content\/uploads\/Marinho-e-o-primeiro-reforco-contratado-pelo-Flamengo-em-2022.webp","width":799,"height":533,"caption":"Marinho foi o primeiro refor\u00e7o contratado pelo Flamengo em 2022 (Foto: Gilvan de Souza\/Flamengo)"},{"@type":"BreadcrumbList","@id":"https:\/\/www.gaveanews.com\/index.php\/2022\/01\/31\/fique-ligado-coletiva-de-apresentacao-de-marinho-no-flamengo-acontecera-nesta-segunda\/#breadcrumb","itemListElement":[{"@type":"ListItem","position":1,"name":"Home","item":"https:\/\/www.gaveanews.com\/"},{"@type":"ListItem","position":2,"name":"Fique ligado! Coletiva de apresenta\u00e7\u00e3o de Marinho no Flamengo acontecer\u00e1 nesta segunda"}]},{"@type":"WebSite","@id":"https:\/\/www.gaveanews.com\/#website","url":"https:\/\/www.gaveanews.com\/","name":"G\u00e1vea News","description":"Veja todas as not\u00edcias sobre o Flamengo: Contrata\u00e7\u00f5es, categorias de base, resultados das partidas, tabela de classifica\u00e7\u00e3o, pr\u00f3ximos jogos!","potentialAction":[{"@type":"SearchAction","target":{"@type":"EntryPoint","urlTemplate":"https:\/\/www.gaveanews.com\/?s={search_term_string}"},"query-input":{"@type":"PropertyValueSpecification","valueRequired":true,"valueName":"search_term_string"}}],"inLanguage":"pt-BR"},{"@type":"Person","@id":"https:\/\/www.gaveanews.com\/#\/schema\/person\/714c67050b836198af2450ba1c142a67","name":"Let\u00edcia Gerheim","image":{"@type":"ImageObject","inLanguage":"pt-BR","@id":"https:\/\/www.gaveanews.com\/#\/schema\/person\/image\/","url":"https:\/\/secure.gravatar.com\/avatar\/60734739c50fcebfbac509e2a826ccd0ff405c019bc73aab9354f19ecad1dcb4?s=96&d=mm&r=g","contentUrl":"https:\/\/secure.gravatar.com\/avatar\/60734739c50fcebfbac509e2a826ccd0ff405c019bc73aab9354f19ecad1dcb4?s=96&d=mm&r=g","caption":"Let\u00edcia Gerheim"}}]}},"_links":{"self":[{"href":"https:\/\/www.gaveanews.com\/index.php\/wp-json\/wp\/v2\/posts\/75857","targetHints":{"allow":["GET"]}}],"collection":[{"href":"https:\/\/www.gaveanews.com\/index.php\/wp-json\/wp\/v2\/posts"}],"about":[{"href":"https:\/\/www.gaveanews.com\/index.php\/wp-json\/wp\/v2\/types\/post"}],"author":[{"embeddable":true,"href":"https:\/\/www.gaveanews.com\/index.php\/wp-json\/wp\/v2\/users\/4"}],"replies":[{"embeddable":true,"href":"https:\/\/www.gaveanews.com\/index.php\/wp-json\/wp\/v2\/comments?post=75857"}],"version-history":[{"count":0,"href":"https:\/\/www.gaveanews.com\/index.php\/wp-json\/wp\/v2\/posts\/75857\/revisions"}],"wp:featuredmedia":[{"embeddable":true,"href":"https:\/\/www.gaveanews.com\/index.php\/wp-json\/wp\/v2\/media\/75667"}],"wp:attachment":[{"href":"https:\/\/www.gaveanews.com\/index.php\/wp-json\/wp\/v2\/media?parent=75857"}],"wp:term":[{"taxonomy":"category","embeddable":true,"href":"https:\/\/www.gaveanews.com\/index.php\/wp-json\/wp\/v2\/categories?post=75857"},{"taxonomy":"post_tag","embeddable":true,"href":"https:\/\/www.gaveanews.com\/index.php\/wp-json\/wp\/v2\/tags?post=75857"}],"curies":[{"name":"wp","href":"https:\/\/api.w.org\/{rel}","templated":true}]}}