{"id":75858,"date":"2022-01-31T09:51:45","date_gmt":"2022-01-31T12:51:45","guid":{"rendered":"https:\/\/www.gaveanews.com\/?p=75858"},"modified":"2022-01-31T09:51:49","modified_gmt":"2022-01-31T12:51:49","slug":"ferj-promove-alteracao-na-tabela-do-flamengo-3","status":"publish","type":"post","link":"https:\/\/www.gaveanews.com\/index.php\/2022\/01\/31\/ferj-promove-alteracao-na-tabela-do-flamengo-3\/","title":{"rendered":"FERJ promove altera\u00e7\u00e3o na tabela do Flamengo"},"content":{"rendered":"\n<p>Ap\u00f3s empatar com o Volta Redonda na segunda rodada do Campeonato Carioca, o Flamengo agora enfrenta o Boavista na pr\u00f3xima quarta-feira. O duelo, que estava marcado para come\u00e7ar \u00e0s 18h, teve altera\u00e7\u00e3o no hor\u00e1rio de in\u00edcio. De acordo com o jornalista Matheus Leal, a partida passou das 18h para \u00e0s 19h15, hor\u00e1rio de Bras\u00edlia.<\/p>\n\n\n\n<p>Al\u00e9m da altera\u00e7\u00e3o do hor\u00e1rio, este jogo recebeu outra mudan\u00e7a importante. A estreia dos titulares do Fla estava programada para a quarta rodada, no cl\u00e1ssico contra o Fluminense, no entanto a diretoria juntamente com Paulo Sousa, antecipou o retorno dos principais atletas para o duelo contra o Boavista. Com isso, a garotada do Meng\u00e3o se despede da competi\u00e7\u00e3o com uma vit\u00f3ria e um empate.<\/p>\n\n\n\n<p>Vale lembrar que para esta partida, o Flamengo n\u00e3o poder\u00e1 contar com os convocados Gabigol, Everton Ribeiro, Arrascaeta e Isla. Al\u00e9m deles, Rodrigo Caio, que ainda se recupera de infec\u00e7\u00e3o nos pontos do joelho, tamb\u00e9m desfalca a equipe. Flamengo e Boavista se enfrentam no est\u00e1dio Raulino de Oliveira, em Volta Redonda.<\/p>\n\n\n\n<p>Retirado de: Di\u00e1rio do Fla<\/p>\n","protected":false},"excerpt":{"rendered":"<p>Ap\u00f3s empatar com o Volta Redonda na segunda rodada do Campeonato Carioca, o Flamengo agora enfrenta o Boavista na pr\u00f3xima quarta-feira. O duelo, que estava marcado para come\u00e7ar \u00e0s 18h, teve altera\u00e7\u00e3o no hor\u00e1rio de in\u00edcio. De acordo com o jornalista Matheus Leal, a partida passou das 18h para \u00e0s 19h15, hor\u00e1rio de Bras\u00edlia. Al\u00e9m [&hellip;]<\/p>\n","protected":false},"author":1,"featured_media":16301,"comment_status":"open","ping_status":"closed","sticky":false,"template":"","format":"standard","meta":{"footnotes":""},"categories":[1],"tags":[],"class_list":["post-75858","post","type-post","status-publish","format-standard","has-post-thumbnail","hentry","category-flamengo"],"yoast_head":"<!-- This site is optimized with the Yoast SEO Premium plugin v24.2 (Yoast SEO v26.9) - https:\/\/yoast.com\/product\/yoast-seo-premium-wordpress\/ -->\n<title>FERJ promove altera\u00e7\u00e3o na tabela do Flamengo<\/title>\n<meta name=\"robots\" content=\"index, follow, max-snippet:-1, max-image-preview:large, max-video-preview:-1\" \/>\n<link rel=\"canonical\" href=\"https:\/\/www.gaveanews.com\/index.php\/2022\/01\/31\/ferj-promove-alteracao-na-tabela-do-flamengo-3\/\" \/>\n<meta property=\"og:locale\" content=\"pt_BR\" \/>\n<meta property=\"og:type\" content=\"article\" \/>\n<meta property=\"og:title\" content=\"FERJ promove altera\u00e7\u00e3o na tabela do Flamengo\" \/>\n<meta property=\"og:description\" content=\"Ap\u00f3s empatar com o Volta Redonda na segunda rodada do Campeonato Carioca, o Flamengo agora enfrenta o Boavista na pr\u00f3xima quarta-feira. O duelo, que estava marcado para come\u00e7ar \u00e0s 18h, teve altera\u00e7\u00e3o no hor\u00e1rio de in\u00edcio. De acordo com o jornalista Matheus Leal, a partida passou das 18h para \u00e0s 19h15, hor\u00e1rio de Bras\u00edlia. Al\u00e9m [&hellip;]\" \/>\n<meta property=\"og:url\" content=\"https:\/\/www.gaveanews.com\/index.php\/2022\/01\/31\/ferj-promove-alteracao-na-tabela-do-flamengo-3\/\" \/>\n<meta property=\"og:site_name\" content=\"G\u00e1vea News\" \/>\n<meta property=\"article:publisher\" content=\"https:\/\/facebook.com\/gaveaNews\/\" \/>\n<meta property=\"article:published_time\" content=\"2022-01-31T12:51:45+00:00\" \/>\n<meta property=\"article:modified_time\" content=\"2022-01-31T12:51:49+00:00\" \/>\n<meta property=\"og:image\" content=\"https:\/\/www.gaveanews.com\/wp-content\/uploads\/2019\/03\/Presidente-da-FERJ-Rubens-Lopes-durante-coletiva-de-imprensa.webp\" \/>\n\t<meta property=\"og:image:width\" content=\"841\" \/>\n\t<meta property=\"og:image:height\" content=\"600\" \/>\n\t<meta property=\"og:image:type\" content=\"image\/jpeg\" \/>\n<meta name=\"author\" content=\"Equipe G\u00e1vea News\" \/>\n<meta name=\"twitter:card\" content=\"summary_large_image\" \/>\n<meta name=\"twitter:label1\" content=\"Escrito por\" \/>\n\t<meta name=\"twitter:data1\" content=\"Equipe G\u00e1vea News\" \/>\n\t<meta name=\"twitter:label2\" content=\"Est. tempo de leitura\" \/>\n\t<meta name=\"twitter:data2\" content=\"1 minuto\" \/>\n<script type=\"application\/ld+json\" class=\"yoast-schema-graph\">{\"@context\":\"https:\/\/schema.org\",\"@graph\":[{\"@type\":\"NewsArticle\",\"@id\":\"https:\/\/www.gaveanews.com\/index.php\/2022\/01\/31\/ferj-promove-alteracao-na-tabela-do-flamengo-3\/#article\",\"isPartOf\":{\"@id\":\"https:\/\/www.gaveanews.com\/index.php\/2022\/01\/31\/ferj-promove-alteracao-na-tabela-do-flamengo-3\/\"},\"author\":{\"name\":\"Equipe G\u00e1vea News\",\"@id\":\"https:\/\/www.gaveanews.com\/#\/schema\/person\/2ec14f73fb96be2caf28f91afb14749d\"},\"headline\":\"FERJ promove altera\u00e7\u00e3o na tabela do Flamengo\",\"datePublished\":\"2022-01-31T12:51:45+00:00\",\"dateModified\":\"2022-01-31T12:51:49+00:00\",\"mainEntityOfPage\":{\"@id\":\"https:\/\/www.gaveanews.com\/index.php\/2022\/01\/31\/ferj-promove-alteracao-na-tabela-do-flamengo-3\/\"},\"wordCount\":204,\"commentCount\":5,\"image\":{\"@id\":\"https:\/\/www.gaveanews.com\/index.php\/2022\/01\/31\/ferj-promove-alteracao-na-tabela-do-flamengo-3\/#primaryimage\"},\"thumbnailUrl\":\"https:\/\/www.gaveanews.com\/wp-content\/uploads\/2019\/03\/Presidente-da-FERJ-Rubens-Lopes-durante-coletiva-de-imprensa.webp\",\"articleSection\":[\"Flamengo\"],\"inLanguage\":\"pt-BR\",\"potentialAction\":[{\"@type\":\"CommentAction\",\"name\":\"Comment\",\"target\":[\"https:\/\/www.gaveanews.com\/index.php\/2022\/01\/31\/ferj-promove-alteracao-na-tabela-do-flamengo-3\/#respond\"]}],\"copyrightYear\":\"2022\",\"copyrightHolder\":{\"@id\":\"https:\/\/www.gaveanews.com\/#organization\"}},{\"@type\":\"WebPage\",\"@id\":\"https:\/\/www.gaveanews.com\/index.php\/2022\/01\/31\/ferj-promove-alteracao-na-tabela-do-flamengo-3\/\",\"url\":\"https:\/\/www.gaveanews.com\/index.php\/2022\/01\/31\/ferj-promove-alteracao-na-tabela-do-flamengo-3\/\",\"name\":\"FERJ promove altera\u00e7\u00e3o na tabela do Flamengo\",\"isPartOf\":{\"@id\":\"https:\/\/www.gaveanews.com\/#website\"},\"primaryImageOfPage\":{\"@id\":\"https:\/\/www.gaveanews.com\/index.php\/2022\/01\/31\/ferj-promove-alteracao-na-tabela-do-flamengo-3\/#primaryimage\"},\"image\":{\"@id\":\"https:\/\/www.gaveanews.com\/index.php\/2022\/01\/31\/ferj-promove-alteracao-na-tabela-do-flamengo-3\/#primaryimage\"},\"thumbnailUrl\":\"https:\/\/www.gaveanews.com\/wp-content\/uploads\/2019\/03\/Presidente-da-FERJ-Rubens-Lopes-durante-coletiva-de-imprensa.webp\",\"datePublished\":\"2022-01-31T12:51:45+00:00\",\"dateModified\":\"2022-01-31T12:51:49+00:00\",\"author\":{\"@id\":\"https:\/\/www.gaveanews.com\/#\/schema\/person\/2ec14f73fb96be2caf28f91afb14749d\"},\"breadcrumb\":{\"@id\":\"https:\/\/www.gaveanews.com\/index.php\/2022\/01\/31\/ferj-promove-alteracao-na-tabela-do-flamengo-3\/#breadcrumb\"},\"inLanguage\":\"pt-BR\",\"potentialAction\":[{\"@type\":\"ReadAction\",\"target\":[\"https:\/\/www.gaveanews.com\/index.php\/2022\/01\/31\/ferj-promove-alteracao-na-tabela-do-flamengo-3\/\"]}]},{\"@type\":\"ImageObject\",\"inLanguage\":\"pt-BR\",\"@id\":\"https:\/\/www.gaveanews.com\/index.php\/2022\/01\/31\/ferj-promove-alteracao-na-tabela-do-flamengo-3\/#primaryimage\",\"url\":\"https:\/\/www.gaveanews.com\/wp-content\/uploads\/2019\/03\/Presidente-da-FERJ-Rubens-Lopes-durante-coletiva-de-imprensa.webp\",\"contentUrl\":\"https:\/\/www.gaveanews.com\/wp-content\/uploads\/2019\/03\/Presidente-da-FERJ-Rubens-Lopes-durante-coletiva-de-imprensa.webp\",\"width\":841,\"height\":600,\"caption\":\"Presidente da FERJ, Rubens Lopes durante coletiva de imprensa (Foto: \u00darsula Nery)\"},{\"@type\":\"BreadcrumbList\",\"@id\":\"https:\/\/www.gaveanews.com\/index.php\/2022\/01\/31\/ferj-promove-alteracao-na-tabela-do-flamengo-3\/#breadcrumb\",\"itemListElement\":[{\"@type\":\"ListItem\",\"position\":1,\"name\":\"Home\",\"item\":\"https:\/\/www.gaveanews.com\/\"},{\"@type\":\"ListItem\",\"position\":2,\"name\":\"FERJ promove altera\u00e7\u00e3o na tabela do Flamengo\"}]},{\"@type\":\"WebSite\",\"@id\":\"https:\/\/www.gaveanews.com\/#website\",\"url\":\"https:\/\/www.gaveanews.com\/\",\"name\":\"G\u00e1vea News\",\"description\":\"Veja todas as not\u00edcias sobre o Flamengo: Contrata\u00e7\u00f5es, categorias de base, resultados das partidas, tabela de classifica\u00e7\u00e3o, pr\u00f3ximos jogos!\",\"potentialAction\":[{\"@type\":\"SearchAction\",\"target\":{\"@type\":\"EntryPoint\",\"urlTemplate\":\"https:\/\/www.gaveanews.com\/?s={search_term_string}\"},\"query-input\":{\"@type\":\"PropertyValueSpecification\",\"valueRequired\":true,\"valueName\":\"search_term_string\"}}],\"inLanguage\":\"pt-BR\"},{\"@type\":\"Person\",\"@id\":\"https:\/\/www.gaveanews.com\/#\/schema\/person\/2ec14f73fb96be2caf28f91afb14749d\",\"name\":\"Equipe G\u00e1vea News\",\"image\":{\"@type\":\"ImageObject\",\"inLanguage\":\"pt-BR\",\"@id\":\"https:\/\/www.gaveanews.com\/#\/schema\/person\/image\/\",\"url\":\"https:\/\/secure.gravatar.com\/avatar\/1e1956f1facbffd3f8fa53a326721950116b3b9dc9bd44939c01180fd4a745a9?s=96&d=mm&r=g\",\"contentUrl\":\"https:\/\/secure.gravatar.com\/avatar\/1e1956f1facbffd3f8fa53a326721950116b3b9dc9bd44939c01180fd4a745a9?s=96&d=mm&r=g\",\"caption\":\"Equipe G\u00e1vea News\"}}]}<\/script>\n<!-- \/ Yoast SEO Premium plugin. -->","yoast_head_json":{"title":"FERJ promove altera\u00e7\u00e3o na tabela do Flamengo","robots":{"index":"index","follow":"follow","max-snippet":"max-snippet:-1","max-image-preview":"max-image-preview:large","max-video-preview":"max-video-preview:-1"},"canonical":"https:\/\/www.gaveanews.com\/index.php\/2022\/01\/31\/ferj-promove-alteracao-na-tabela-do-flamengo-3\/","og_locale":"pt_BR","og_type":"article","og_title":"FERJ promove altera\u00e7\u00e3o na tabela do Flamengo","og_description":"Ap\u00f3s empatar com o Volta Redonda na segunda rodada do Campeonato Carioca, o Flamengo agora enfrenta o Boavista na pr\u00f3xima quarta-feira. O duelo, que estava marcado para come\u00e7ar \u00e0s 18h, teve altera\u00e7\u00e3o no hor\u00e1rio de in\u00edcio. De acordo com o jornalista Matheus Leal, a partida passou das 18h para \u00e0s 19h15, hor\u00e1rio de Bras\u00edlia. Al\u00e9m [&hellip;]","og_url":"https:\/\/www.gaveanews.com\/index.php\/2022\/01\/31\/ferj-promove-alteracao-na-tabela-do-flamengo-3\/","og_site_name":"G\u00e1vea News","article_publisher":"https:\/\/facebook.com\/gaveaNews\/","article_published_time":"2022-01-31T12:51:45+00:00","article_modified_time":"2022-01-31T12:51:49+00:00","og_image":[{"width":841,"height":600,"url":"https:\/\/www.gaveanews.com\/wp-content\/uploads\/2019\/03\/Presidente-da-FERJ-Rubens-Lopes-durante-coletiva-de-imprensa.webp","type":"image\/jpeg"}],"author":"Equipe G\u00e1vea News","twitter_card":"summary_large_image","twitter_misc":{"Escrito por":"Equipe G\u00e1vea News","Est. tempo de leitura":"1 minuto"},"schema":{"@context":"https:\/\/schema.org","@graph":[{"@type":"NewsArticle","@id":"https:\/\/www.gaveanews.com\/index.php\/2022\/01\/31\/ferj-promove-alteracao-na-tabela-do-flamengo-3\/#article","isPartOf":{"@id":"https:\/\/www.gaveanews.com\/index.php\/2022\/01\/31\/ferj-promove-alteracao-na-tabela-do-flamengo-3\/"},"author":{"name":"Equipe G\u00e1vea News","@id":"https:\/\/www.gaveanews.com\/#\/schema\/person\/2ec14f73fb96be2caf28f91afb14749d"},"headline":"FERJ promove altera\u00e7\u00e3o na tabela do Flamengo","datePublished":"2022-01-31T12:51:45+00:00","dateModified":"2022-01-31T12:51:49+00:00","mainEntityOfPage":{"@id":"https:\/\/www.gaveanews.com\/index.php\/2022\/01\/31\/ferj-promove-alteracao-na-tabela-do-flamengo-3\/"},"wordCount":204,"commentCount":5,"image":{"@id":"https:\/\/www.gaveanews.com\/index.php\/2022\/01\/31\/ferj-promove-alteracao-na-tabela-do-flamengo-3\/#primaryimage"},"thumbnailUrl":"https:\/\/www.gaveanews.com\/wp-content\/uploads\/2019\/03\/Presidente-da-FERJ-Rubens-Lopes-durante-coletiva-de-imprensa.webp","articleSection":["Flamengo"],"inLanguage":"pt-BR","potentialAction":[{"@type":"CommentAction","name":"Comment","target":["https:\/\/www.gaveanews.com\/index.php\/2022\/01\/31\/ferj-promove-alteracao-na-tabela-do-flamengo-3\/#respond"]}],"copyrightYear":"2022","copyrightHolder":{"@id":"https:\/\/www.gaveanews.com\/#organization"}},{"@type":"WebPage","@id":"https:\/\/www.gaveanews.com\/index.php\/2022\/01\/31\/ferj-promove-alteracao-na-tabela-do-flamengo-3\/","url":"https:\/\/www.gaveanews.com\/index.php\/2022\/01\/31\/ferj-promove-alteracao-na-tabela-do-flamengo-3\/","name":"FERJ promove altera\u00e7\u00e3o na tabela do Flamengo","isPartOf":{"@id":"https:\/\/www.gaveanews.com\/#website"},"primaryImageOfPage":{"@id":"https:\/\/www.gaveanews.com\/index.php\/2022\/01\/31\/ferj-promove-alteracao-na-tabela-do-flamengo-3\/#primaryimage"},"image":{"@id":"https:\/\/www.gaveanews.com\/index.php\/2022\/01\/31\/ferj-promove-alteracao-na-tabela-do-flamengo-3\/#primaryimage"},"thumbnailUrl":"https:\/\/www.gaveanews.com\/wp-content\/uploads\/2019\/03\/Presidente-da-FERJ-Rubens-Lopes-durante-coletiva-de-imprensa.webp","datePublished":"2022-01-31T12:51:45+00:00","dateModified":"2022-01-31T12:51:49+00:00","author":{"@id":"https:\/\/www.gaveanews.com\/#\/schema\/person\/2ec14f73fb96be2caf28f91afb14749d"},"breadcrumb":{"@id":"https:\/\/www.gaveanews.com\/index.php\/2022\/01\/31\/ferj-promove-alteracao-na-tabela-do-flamengo-3\/#breadcrumb"},"inLanguage":"pt-BR","potentialAction":[{"@type":"ReadAction","target":["https:\/\/www.gaveanews.com\/index.php\/2022\/01\/31\/ferj-promove-alteracao-na-tabela-do-flamengo-3\/"]}]},{"@type":"ImageObject","inLanguage":"pt-BR","@id":"https:\/\/www.gaveanews.com\/index.php\/2022\/01\/31\/ferj-promove-alteracao-na-tabela-do-flamengo-3\/#primaryimage","url":"https:\/\/www.gaveanews.com\/wp-content\/uploads\/2019\/03\/Presidente-da-FERJ-Rubens-Lopes-durante-coletiva-de-imprensa.webp","contentUrl":"https:\/\/www.gaveanews.com\/wp-content\/uploads\/2019\/03\/Presidente-da-FERJ-Rubens-Lopes-durante-coletiva-de-imprensa.webp","width":841,"height":600,"caption":"Presidente da FERJ, Rubens Lopes durante coletiva de imprensa (Foto: \u00darsula Nery)"},{"@type":"BreadcrumbList","@id":"https:\/\/www.gaveanews.com\/index.php\/2022\/01\/31\/ferj-promove-alteracao-na-tabela-do-flamengo-3\/#breadcrumb","itemListElement":[{"@type":"ListItem","position":1,"name":"Home","item":"https:\/\/www.gaveanews.com\/"},{"@type":"ListItem","position":2,"name":"FERJ promove altera\u00e7\u00e3o na tabela do Flamengo"}]},{"@type":"WebSite","@id":"https:\/\/www.gaveanews.com\/#website","url":"https:\/\/www.gaveanews.com\/","name":"G\u00e1vea News","description":"Veja todas as not\u00edcias sobre o Flamengo: Contrata\u00e7\u00f5es, categorias de base, resultados das partidas, tabela de classifica\u00e7\u00e3o, pr\u00f3ximos jogos!","potentialAction":[{"@type":"SearchAction","target":{"@type":"EntryPoint","urlTemplate":"https:\/\/www.gaveanews.com\/?s={search_term_string}"},"query-input":{"@type":"PropertyValueSpecification","valueRequired":true,"valueName":"search_term_string"}}],"inLanguage":"pt-BR"},{"@type":"Person","@id":"https:\/\/www.gaveanews.com\/#\/schema\/person\/2ec14f73fb96be2caf28f91afb14749d","name":"Equipe G\u00e1vea News","image":{"@type":"ImageObject","inLanguage":"pt-BR","@id":"https:\/\/www.gaveanews.com\/#\/schema\/person\/image\/","url":"https:\/\/secure.gravatar.com\/avatar\/1e1956f1facbffd3f8fa53a326721950116b3b9dc9bd44939c01180fd4a745a9?s=96&d=mm&r=g","contentUrl":"https:\/\/secure.gravatar.com\/avatar\/1e1956f1facbffd3f8fa53a326721950116b3b9dc9bd44939c01180fd4a745a9?s=96&d=mm&r=g","caption":"Equipe G\u00e1vea News"}}]}},"_links":{"self":[{"href":"https:\/\/www.gaveanews.com\/index.php\/wp-json\/wp\/v2\/posts\/75858","targetHints":{"allow":["GET"]}}],"collection":[{"href":"https:\/\/www.gaveanews.com\/index.php\/wp-json\/wp\/v2\/posts"}],"about":[{"href":"https:\/\/www.gaveanews.com\/index.php\/wp-json\/wp\/v2\/types\/post"}],"author":[{"embeddable":true,"href":"https:\/\/www.gaveanews.com\/index.php\/wp-json\/wp\/v2\/users\/1"}],"replies":[{"embeddable":true,"href":"https:\/\/www.gaveanews.com\/index.php\/wp-json\/wp\/v2\/comments?post=75858"}],"version-history":[{"count":0,"href":"https:\/\/www.gaveanews.com\/index.php\/wp-json\/wp\/v2\/posts\/75858\/revisions"}],"wp:featuredmedia":[{"embeddable":true,"href":"https:\/\/www.gaveanews.com\/index.php\/wp-json\/wp\/v2\/media\/16301"}],"wp:attachment":[{"href":"https:\/\/www.gaveanews.com\/index.php\/wp-json\/wp\/v2\/media?parent=75858"}],"wp:term":[{"taxonomy":"category","embeddable":true,"href":"https:\/\/www.gaveanews.com\/index.php\/wp-json\/wp\/v2\/categories?post=75858"},{"taxonomy":"post_tag","embeddable":true,"href":"https:\/\/www.gaveanews.com\/index.php\/wp-json\/wp\/v2\/tags?post=75858"}],"curies":[{"name":"wp","href":"https:\/\/api.w.org\/{rel}","templated":true}]}}