{"id":75864,"date":"2022-01-31T12:57:37","date_gmt":"2022-01-31T15:57:37","guid":{"rendered":"https:\/\/www.gaveanews.com\/?p=75864"},"modified":"2022-01-31T12:57:40","modified_gmt":"2022-01-31T15:57:40","slug":"torcedores-do-flamengo-invadem-perfil-de-leo-ortiz-do-bragantino","status":"publish","type":"post","link":"https:\/\/www.gaveanews.com\/index.php\/2022\/01\/31\/torcedores-do-flamengo-invadem-perfil-de-leo-ortiz-do-bragantino\/","title":{"rendered":"Torcedores do Flamengo invadem perfil de L\u00e9o Ortiz, do Bragantino"},"content":{"rendered":"\n<p>Ainda sem saber quando acontecer\u00e1 o retorno de Rodrigo Caio, o Flamengo inicia sua temporada com poucas op\u00e7\u00f5es para a zaga. Dada a situa\u00e7\u00e3o, muitos torcedores rubro-negros pedem o clube nas redes sociais pela contrata\u00e7\u00e3o de um refor\u00e7o para a posi\u00e7\u00e3o.<\/p>\n\n\n\n<p>Um dos nomes cotados para compor o elenco \u00e9 L\u00e9o Ortiz, atualmente pertencente ao time do Red Bull Bragantino. O zagueiro \u00e9 destaque no futebol nacional e j\u00e1 foi convocado por Tite para a Sele\u00e7\u00e3o Brasileira.<\/p>\n\n\n\n<p>Ansiosos pela contrata\u00e7\u00e3o de um defensor e animados com a ideia da contrata\u00e7\u00e3o de L\u00e9o Ortiz, muitos torcedores do Flamengo foram \u00e0s redes sociais do jogador pedindo para que ele venha para o Mais Querido.<\/p>\n\n\n\n<h2 class=\"wp-block-heading\" id=\"h-confira-os-comentarios\">Confira os coment\u00e1rios:<\/h2>\n\n\n\n<figure class=\"wp-block-image\"><img decoding=\"async\" src=\"https:\/\/tntsports.com.br\/export\/sites\/esporteinterativo\/img\/2022\/01\/30\/print_leo_ortiz_2.jfif_344325628.jfif\" alt=\"\"\/><\/figure>\n\n\n\n<figure class=\"wp-block-image\"><img decoding=\"async\" src=\"https:\/\/tntsports.com.br\/export\/sites\/esporteinterativo\/img\/2022\/01\/30\/print_leo_ortiz.jfif_344325628.jfif\" alt=\"\"\/><\/figure>\n\n\n\n<p><\/p>\n","protected":false},"excerpt":{"rendered":"<p>Ainda sem saber quando acontecer\u00e1 o retorno de Rodrigo Caio, o Flamengo inicia sua temporada com poucas op\u00e7\u00f5es para a zaga. Dada a situa\u00e7\u00e3o, muitos torcedores rubro-negros pedem o clube nas redes sociais pela contrata\u00e7\u00e3o de um refor\u00e7o para a posi\u00e7\u00e3o. Um dos nomes cotados para compor o elenco \u00e9 L\u00e9o Ortiz, atualmente pertencente ao [&hellip;]<\/p>\n","protected":false},"author":4,"featured_media":75865,"comment_status":"open","ping_status":"closed","sticky":false,"template":"","format":"standard","meta":{"footnotes":""},"categories":[1],"tags":[],"class_list":["post-75864","post","type-post","status-publish","format-standard","has-post-thumbnail","hentry","category-flamengo"],"yoast_head":"<!-- This site is optimized with the Yoast SEO Premium plugin v24.2 (Yoast SEO v26.9) - https:\/\/yoast.com\/product\/yoast-seo-premium-wordpress\/ -->\n<title>Torcedores do Flamengo invadem perfil de L\u00e9o Ortiz, do Bragantino<\/title>\n<meta name=\"robots\" content=\"index, follow, max-snippet:-1, max-image-preview:large, max-video-preview:-1\" \/>\n<link rel=\"canonical\" href=\"https:\/\/www.gaveanews.com\/index.php\/2022\/01\/31\/torcedores-do-flamengo-invadem-perfil-de-leo-ortiz-do-bragantino\/\" \/>\n<meta property=\"og:locale\" content=\"pt_BR\" \/>\n<meta property=\"og:type\" content=\"article\" \/>\n<meta property=\"og:title\" content=\"Torcedores do Flamengo invadem perfil de L\u00e9o Ortiz, do Bragantino\" \/>\n<meta property=\"og:description\" content=\"Ainda sem saber quando acontecer\u00e1 o retorno de Rodrigo Caio, o Flamengo inicia sua temporada com poucas op\u00e7\u00f5es para a zaga. Dada a situa\u00e7\u00e3o, muitos torcedores rubro-negros pedem o clube nas redes sociais pela contrata\u00e7\u00e3o de um refor\u00e7o para a posi\u00e7\u00e3o. Um dos nomes cotados para compor o elenco \u00e9 L\u00e9o Ortiz, atualmente pertencente ao [&hellip;]\" \/>\n<meta property=\"og:url\" content=\"https:\/\/www.gaveanews.com\/index.php\/2022\/01\/31\/torcedores-do-flamengo-invadem-perfil-de-leo-ortiz-do-bragantino\/\" \/>\n<meta property=\"og:site_name\" content=\"G\u00e1vea News\" \/>\n<meta property=\"article:publisher\" content=\"https:\/\/facebook.com\/gaveaNews\/\" \/>\n<meta property=\"article:published_time\" content=\"2022-01-31T15:57:37+00:00\" \/>\n<meta property=\"article:modified_time\" content=\"2022-01-31T15:57:40+00:00\" \/>\n<meta property=\"og:image\" content=\"https:\/\/www.gaveanews.com\/wp-content\/uploads\/Leo-Ortiz-em-acao-pelo-Red-Bull-Bragantino.webp\" \/>\n\t<meta property=\"og:image:width\" content=\"1008\" \/>\n\t<meta property=\"og:image:height\" content=\"672\" \/>\n\t<meta property=\"og:image:type\" content=\"image\/jpeg\" \/>\n<meta name=\"author\" content=\"Let\u00edcia Gerheim\" \/>\n<meta name=\"twitter:card\" content=\"summary_large_image\" \/>\n<meta name=\"twitter:label1\" content=\"Escrito por\" \/>\n\t<meta name=\"twitter:data1\" content=\"Let\u00edcia Gerheim\" \/>\n\t<meta name=\"twitter:label2\" content=\"Est. tempo de leitura\" \/>\n\t<meta name=\"twitter:data2\" content=\"2 minutos\" \/>\n<script type=\"application\/ld+json\" class=\"yoast-schema-graph\">{\"@context\":\"https:\/\/schema.org\",\"@graph\":[{\"@type\":\"NewsArticle\",\"@id\":\"https:\/\/www.gaveanews.com\/index.php\/2022\/01\/31\/torcedores-do-flamengo-invadem-perfil-de-leo-ortiz-do-bragantino\/#article\",\"isPartOf\":{\"@id\":\"https:\/\/www.gaveanews.com\/index.php\/2022\/01\/31\/torcedores-do-flamengo-invadem-perfil-de-leo-ortiz-do-bragantino\/\"},\"author\":{\"name\":\"Let\u00edcia Gerheim\",\"@id\":\"https:\/\/www.gaveanews.com\/#\/schema\/person\/714c67050b836198af2450ba1c142a67\"},\"headline\":\"Torcedores do Flamengo invadem perfil de L\u00e9o Ortiz, do Bragantino\",\"datePublished\":\"2022-01-31T15:57:37+00:00\",\"dateModified\":\"2022-01-31T15:57:40+00:00\",\"mainEntityOfPage\":{\"@id\":\"https:\/\/www.gaveanews.com\/index.php\/2022\/01\/31\/torcedores-do-flamengo-invadem-perfil-de-leo-ortiz-do-bragantino\/\"},\"wordCount\":135,\"commentCount\":15,\"image\":{\"@id\":\"https:\/\/www.gaveanews.com\/index.php\/2022\/01\/31\/torcedores-do-flamengo-invadem-perfil-de-leo-ortiz-do-bragantino\/#primaryimage\"},\"thumbnailUrl\":\"https:\/\/www.gaveanews.com\/wp-content\/uploads\/Leo-Ortiz-em-acao-pelo-Red-Bull-Bragantino.webp\",\"articleSection\":[\"Flamengo\"],\"inLanguage\":\"pt-BR\",\"potentialAction\":[{\"@type\":\"CommentAction\",\"name\":\"Comment\",\"target\":[\"https:\/\/www.gaveanews.com\/index.php\/2022\/01\/31\/torcedores-do-flamengo-invadem-perfil-de-leo-ortiz-do-bragantino\/#respond\"]}],\"copyrightYear\":\"2022\",\"copyrightHolder\":{\"@id\":\"https:\/\/www.gaveanews.com\/#organization\"}},{\"@type\":\"WebPage\",\"@id\":\"https:\/\/www.gaveanews.com\/index.php\/2022\/01\/31\/torcedores-do-flamengo-invadem-perfil-de-leo-ortiz-do-bragantino\/\",\"url\":\"https:\/\/www.gaveanews.com\/index.php\/2022\/01\/31\/torcedores-do-flamengo-invadem-perfil-de-leo-ortiz-do-bragantino\/\",\"name\":\"Torcedores do Flamengo invadem perfil de L\u00e9o Ortiz, do Bragantino\",\"isPartOf\":{\"@id\":\"https:\/\/www.gaveanews.com\/#website\"},\"primaryImageOfPage\":{\"@id\":\"https:\/\/www.gaveanews.com\/index.php\/2022\/01\/31\/torcedores-do-flamengo-invadem-perfil-de-leo-ortiz-do-bragantino\/#primaryimage\"},\"image\":{\"@id\":\"https:\/\/www.gaveanews.com\/index.php\/2022\/01\/31\/torcedores-do-flamengo-invadem-perfil-de-leo-ortiz-do-bragantino\/#primaryimage\"},\"thumbnailUrl\":\"https:\/\/www.gaveanews.com\/wp-content\/uploads\/Leo-Ortiz-em-acao-pelo-Red-Bull-Bragantino.webp\",\"datePublished\":\"2022-01-31T15:57:37+00:00\",\"dateModified\":\"2022-01-31T15:57:40+00:00\",\"author\":{\"@id\":\"https:\/\/www.gaveanews.com\/#\/schema\/person\/714c67050b836198af2450ba1c142a67\"},\"breadcrumb\":{\"@id\":\"https:\/\/www.gaveanews.com\/index.php\/2022\/01\/31\/torcedores-do-flamengo-invadem-perfil-de-leo-ortiz-do-bragantino\/#breadcrumb\"},\"inLanguage\":\"pt-BR\",\"potentialAction\":[{\"@type\":\"ReadAction\",\"target\":[\"https:\/\/www.gaveanews.com\/index.php\/2022\/01\/31\/torcedores-do-flamengo-invadem-perfil-de-leo-ortiz-do-bragantino\/\"]}]},{\"@type\":\"ImageObject\",\"inLanguage\":\"pt-BR\",\"@id\":\"https:\/\/www.gaveanews.com\/index.php\/2022\/01\/31\/torcedores-do-flamengo-invadem-perfil-de-leo-ortiz-do-bragantino\/#primaryimage\",\"url\":\"https:\/\/www.gaveanews.com\/wp-content\/uploads\/Leo-Ortiz-em-acao-pelo-Red-Bull-Bragantino.webp\",\"contentUrl\":\"https:\/\/www.gaveanews.com\/wp-content\/uploads\/Leo-Ortiz-em-acao-pelo-Red-Bull-Bragantino.webp\",\"width\":1008,\"height\":672,\"caption\":\"L\u00e9o Ortiz em a\u00e7\u00e3o pelo Red Bull Bragantino (Foto: Ari Ferreira\/Red Bull Bragantino)\"},{\"@type\":\"BreadcrumbList\",\"@id\":\"https:\/\/www.gaveanews.com\/index.php\/2022\/01\/31\/torcedores-do-flamengo-invadem-perfil-de-leo-ortiz-do-bragantino\/#breadcrumb\",\"itemListElement\":[{\"@type\":\"ListItem\",\"position\":1,\"name\":\"Home\",\"item\":\"https:\/\/www.gaveanews.com\/\"},{\"@type\":\"ListItem\",\"position\":2,\"name\":\"Torcedores do Flamengo invadem perfil de L\u00e9o Ortiz, do Bragantino\"}]},{\"@type\":\"WebSite\",\"@id\":\"https:\/\/www.gaveanews.com\/#website\",\"url\":\"https:\/\/www.gaveanews.com\/\",\"name\":\"G\u00e1vea News\",\"description\":\"Veja todas as not\u00edcias sobre o Flamengo: Contrata\u00e7\u00f5es, categorias de base, resultados das partidas, tabela de classifica\u00e7\u00e3o, pr\u00f3ximos jogos!\",\"potentialAction\":[{\"@type\":\"SearchAction\",\"target\":{\"@type\":\"EntryPoint\",\"urlTemplate\":\"https:\/\/www.gaveanews.com\/?s={search_term_string}\"},\"query-input\":{\"@type\":\"PropertyValueSpecification\",\"valueRequired\":true,\"valueName\":\"search_term_string\"}}],\"inLanguage\":\"pt-BR\"},{\"@type\":\"Person\",\"@id\":\"https:\/\/www.gaveanews.com\/#\/schema\/person\/714c67050b836198af2450ba1c142a67\",\"name\":\"Let\u00edcia Gerheim\",\"image\":{\"@type\":\"ImageObject\",\"inLanguage\":\"pt-BR\",\"@id\":\"https:\/\/www.gaveanews.com\/#\/schema\/person\/image\/\",\"url\":\"https:\/\/secure.gravatar.com\/avatar\/60734739c50fcebfbac509e2a826ccd0ff405c019bc73aab9354f19ecad1dcb4?s=96&d=mm&r=g\",\"contentUrl\":\"https:\/\/secure.gravatar.com\/avatar\/60734739c50fcebfbac509e2a826ccd0ff405c019bc73aab9354f19ecad1dcb4?s=96&d=mm&r=g\",\"caption\":\"Let\u00edcia Gerheim\"}}]}<\/script>\n<!-- \/ Yoast SEO Premium plugin. -->","yoast_head_json":{"title":"Torcedores do Flamengo invadem perfil de L\u00e9o Ortiz, do Bragantino","robots":{"index":"index","follow":"follow","max-snippet":"max-snippet:-1","max-image-preview":"max-image-preview:large","max-video-preview":"max-video-preview:-1"},"canonical":"https:\/\/www.gaveanews.com\/index.php\/2022\/01\/31\/torcedores-do-flamengo-invadem-perfil-de-leo-ortiz-do-bragantino\/","og_locale":"pt_BR","og_type":"article","og_title":"Torcedores do Flamengo invadem perfil de L\u00e9o Ortiz, do Bragantino","og_description":"Ainda sem saber quando acontecer\u00e1 o retorno de Rodrigo Caio, o Flamengo inicia sua temporada com poucas op\u00e7\u00f5es para a zaga. Dada a situa\u00e7\u00e3o, muitos torcedores rubro-negros pedem o clube nas redes sociais pela contrata\u00e7\u00e3o de um refor\u00e7o para a posi\u00e7\u00e3o. Um dos nomes cotados para compor o elenco \u00e9 L\u00e9o Ortiz, atualmente pertencente ao [&hellip;]","og_url":"https:\/\/www.gaveanews.com\/index.php\/2022\/01\/31\/torcedores-do-flamengo-invadem-perfil-de-leo-ortiz-do-bragantino\/","og_site_name":"G\u00e1vea News","article_publisher":"https:\/\/facebook.com\/gaveaNews\/","article_published_time":"2022-01-31T15:57:37+00:00","article_modified_time":"2022-01-31T15:57:40+00:00","og_image":[{"width":1008,"height":672,"url":"https:\/\/www.gaveanews.com\/wp-content\/uploads\/Leo-Ortiz-em-acao-pelo-Red-Bull-Bragantino.webp","type":"image\/jpeg"}],"author":"Let\u00edcia Gerheim","twitter_card":"summary_large_image","twitter_misc":{"Escrito por":"Let\u00edcia Gerheim","Est. tempo de leitura":"2 minutos"},"schema":{"@context":"https:\/\/schema.org","@graph":[{"@type":"NewsArticle","@id":"https:\/\/www.gaveanews.com\/index.php\/2022\/01\/31\/torcedores-do-flamengo-invadem-perfil-de-leo-ortiz-do-bragantino\/#article","isPartOf":{"@id":"https:\/\/www.gaveanews.com\/index.php\/2022\/01\/31\/torcedores-do-flamengo-invadem-perfil-de-leo-ortiz-do-bragantino\/"},"author":{"name":"Let\u00edcia Gerheim","@id":"https:\/\/www.gaveanews.com\/#\/schema\/person\/714c67050b836198af2450ba1c142a67"},"headline":"Torcedores do Flamengo invadem perfil de L\u00e9o Ortiz, do Bragantino","datePublished":"2022-01-31T15:57:37+00:00","dateModified":"2022-01-31T15:57:40+00:00","mainEntityOfPage":{"@id":"https:\/\/www.gaveanews.com\/index.php\/2022\/01\/31\/torcedores-do-flamengo-invadem-perfil-de-leo-ortiz-do-bragantino\/"},"wordCount":135,"commentCount":15,"image":{"@id":"https:\/\/www.gaveanews.com\/index.php\/2022\/01\/31\/torcedores-do-flamengo-invadem-perfil-de-leo-ortiz-do-bragantino\/#primaryimage"},"thumbnailUrl":"https:\/\/www.gaveanews.com\/wp-content\/uploads\/Leo-Ortiz-em-acao-pelo-Red-Bull-Bragantino.webp","articleSection":["Flamengo"],"inLanguage":"pt-BR","potentialAction":[{"@type":"CommentAction","name":"Comment","target":["https:\/\/www.gaveanews.com\/index.php\/2022\/01\/31\/torcedores-do-flamengo-invadem-perfil-de-leo-ortiz-do-bragantino\/#respond"]}],"copyrightYear":"2022","copyrightHolder":{"@id":"https:\/\/www.gaveanews.com\/#organization"}},{"@type":"WebPage","@id":"https:\/\/www.gaveanews.com\/index.php\/2022\/01\/31\/torcedores-do-flamengo-invadem-perfil-de-leo-ortiz-do-bragantino\/","url":"https:\/\/www.gaveanews.com\/index.php\/2022\/01\/31\/torcedores-do-flamengo-invadem-perfil-de-leo-ortiz-do-bragantino\/","name":"Torcedores do Flamengo invadem perfil de L\u00e9o Ortiz, do Bragantino","isPartOf":{"@id":"https:\/\/www.gaveanews.com\/#website"},"primaryImageOfPage":{"@id":"https:\/\/www.gaveanews.com\/index.php\/2022\/01\/31\/torcedores-do-flamengo-invadem-perfil-de-leo-ortiz-do-bragantino\/#primaryimage"},"image":{"@id":"https:\/\/www.gaveanews.com\/index.php\/2022\/01\/31\/torcedores-do-flamengo-invadem-perfil-de-leo-ortiz-do-bragantino\/#primaryimage"},"thumbnailUrl":"https:\/\/www.gaveanews.com\/wp-content\/uploads\/Leo-Ortiz-em-acao-pelo-Red-Bull-Bragantino.webp","datePublished":"2022-01-31T15:57:37+00:00","dateModified":"2022-01-31T15:57:40+00:00","author":{"@id":"https:\/\/www.gaveanews.com\/#\/schema\/person\/714c67050b836198af2450ba1c142a67"},"breadcrumb":{"@id":"https:\/\/www.gaveanews.com\/index.php\/2022\/01\/31\/torcedores-do-flamengo-invadem-perfil-de-leo-ortiz-do-bragantino\/#breadcrumb"},"inLanguage":"pt-BR","potentialAction":[{"@type":"ReadAction","target":["https:\/\/www.gaveanews.com\/index.php\/2022\/01\/31\/torcedores-do-flamengo-invadem-perfil-de-leo-ortiz-do-bragantino\/"]}]},{"@type":"ImageObject","inLanguage":"pt-BR","@id":"https:\/\/www.gaveanews.com\/index.php\/2022\/01\/31\/torcedores-do-flamengo-invadem-perfil-de-leo-ortiz-do-bragantino\/#primaryimage","url":"https:\/\/www.gaveanews.com\/wp-content\/uploads\/Leo-Ortiz-em-acao-pelo-Red-Bull-Bragantino.webp","contentUrl":"https:\/\/www.gaveanews.com\/wp-content\/uploads\/Leo-Ortiz-em-acao-pelo-Red-Bull-Bragantino.webp","width":1008,"height":672,"caption":"L\u00e9o Ortiz em a\u00e7\u00e3o pelo Red Bull Bragantino (Foto: Ari Ferreira\/Red Bull Bragantino)"},{"@type":"BreadcrumbList","@id":"https:\/\/www.gaveanews.com\/index.php\/2022\/01\/31\/torcedores-do-flamengo-invadem-perfil-de-leo-ortiz-do-bragantino\/#breadcrumb","itemListElement":[{"@type":"ListItem","position":1,"name":"Home","item":"https:\/\/www.gaveanews.com\/"},{"@type":"ListItem","position":2,"name":"Torcedores do Flamengo invadem perfil de L\u00e9o Ortiz, do Bragantino"}]},{"@type":"WebSite","@id":"https:\/\/www.gaveanews.com\/#website","url":"https:\/\/www.gaveanews.com\/","name":"G\u00e1vea News","description":"Veja todas as not\u00edcias sobre o Flamengo: Contrata\u00e7\u00f5es, categorias de base, resultados das partidas, tabela de classifica\u00e7\u00e3o, pr\u00f3ximos jogos!","potentialAction":[{"@type":"SearchAction","target":{"@type":"EntryPoint","urlTemplate":"https:\/\/www.gaveanews.com\/?s={search_term_string}"},"query-input":{"@type":"PropertyValueSpecification","valueRequired":true,"valueName":"search_term_string"}}],"inLanguage":"pt-BR"},{"@type":"Person","@id":"https:\/\/www.gaveanews.com\/#\/schema\/person\/714c67050b836198af2450ba1c142a67","name":"Let\u00edcia Gerheim","image":{"@type":"ImageObject","inLanguage":"pt-BR","@id":"https:\/\/www.gaveanews.com\/#\/schema\/person\/image\/","url":"https:\/\/secure.gravatar.com\/avatar\/60734739c50fcebfbac509e2a826ccd0ff405c019bc73aab9354f19ecad1dcb4?s=96&d=mm&r=g","contentUrl":"https:\/\/secure.gravatar.com\/avatar\/60734739c50fcebfbac509e2a826ccd0ff405c019bc73aab9354f19ecad1dcb4?s=96&d=mm&r=g","caption":"Let\u00edcia Gerheim"}}]}},"_links":{"self":[{"href":"https:\/\/www.gaveanews.com\/index.php\/wp-json\/wp\/v2\/posts\/75864","targetHints":{"allow":["GET"]}}],"collection":[{"href":"https:\/\/www.gaveanews.com\/index.php\/wp-json\/wp\/v2\/posts"}],"about":[{"href":"https:\/\/www.gaveanews.com\/index.php\/wp-json\/wp\/v2\/types\/post"}],"author":[{"embeddable":true,"href":"https:\/\/www.gaveanews.com\/index.php\/wp-json\/wp\/v2\/users\/4"}],"replies":[{"embeddable":true,"href":"https:\/\/www.gaveanews.com\/index.php\/wp-json\/wp\/v2\/comments?post=75864"}],"version-history":[{"count":0,"href":"https:\/\/www.gaveanews.com\/index.php\/wp-json\/wp\/v2\/posts\/75864\/revisions"}],"wp:featuredmedia":[{"embeddable":true,"href":"https:\/\/www.gaveanews.com\/index.php\/wp-json\/wp\/v2\/media\/75865"}],"wp:attachment":[{"href":"https:\/\/www.gaveanews.com\/index.php\/wp-json\/wp\/v2\/media?parent=75864"}],"wp:term":[{"taxonomy":"category","embeddable":true,"href":"https:\/\/www.gaveanews.com\/index.php\/wp-json\/wp\/v2\/categories?post=75864"},{"taxonomy":"post_tag","embeddable":true,"href":"https:\/\/www.gaveanews.com\/index.php\/wp-json\/wp\/v2\/tags?post=75864"}],"curies":[{"name":"wp","href":"https:\/\/api.w.org\/{rel}","templated":true}]}}