{"id":75876,"date":"2022-01-31T14:22:43","date_gmt":"2022-01-31T17:22:43","guid":{"rendered":"https:\/\/www.gaveanews.com\/?p=75876"},"modified":"2022-01-31T14:22:46","modified_gmt":"2022-01-31T17:22:46","slug":"video-marcos-braz-do-flamengo-alfineta-o-atletico-mineiro","status":"publish","type":"post","link":"https:\/\/www.gaveanews.com\/index.php\/2022\/01\/31\/video-marcos-braz-do-flamengo-alfineta-o-atletico-mineiro\/","title":{"rendered":"V\u00eddeo: Marcos Braz, do Flamengo, alfineta o Atl\u00e9tico Mineiro"},"content":{"rendered":"\n<p>Nesta segunda-feira (31), o Flamengo promoveu a coletiva de apresenta\u00e7\u00e3o de Marinho. O atacante de 31 anos chega na equipe comandada por Paulo Sousa para suprir a car\u00eancia existente no setor ofensivo do time.<\/p>\n\n\n\n<p>Ap\u00f3s a entrevista do jogador, como de costume, Marcos Braz e Bruno Spindel permaneceram no local e responderam \u00e0s perguntas enviadas pelos jornalistas. Um dos questionamentos feitos tem rela\u00e7\u00e3o com a novela da CBF para definir um palco para a final da Supercopa do Brasil.<\/p>\n\n\n\n<p>A competi\u00e7\u00e3o ser\u00e1 disputada por Flamengo e Atl\u00e9tico-MG, mas tem encontrado empecilhos na escolha do est\u00e1dio para sediar o evento. O Galo reclamou com a entidade que o est\u00e1dio de Bras\u00edlia, Man\u00e9 Garrincha, n\u00e3o seria considerado um campo neutro para a disputa.<\/p>\n\n\n\n<p>O argumento da equipe de Minas Gerais \u00e9 de que h\u00e1 muitos &#8220;simpatizantes&#8221; do Flamengo na capital brasileira. Desde ent\u00e3o, a CBF procura um local que n\u00e3o tenha um grande n\u00famero de p\u00fablico rubro-negro.<\/p>\n\n\n\n<p>Vale lembrar que o Mais Querido det\u00e9m uma torcida de cerca de 42 milh\u00f5es de pessoas. Dado o cen\u00e1rio, Braz se posicionou sobre o caso e ironizou a reclama\u00e7\u00e3o do Atl\u00e9tico, dizendo que os \u00fanicos locais poss\u00edveis seriam fora do Brasil.<\/p>\n\n\n\n<h2 class=\"wp-block-heading\" id=\"h-assista-o-video\">Assista o v\u00eddeo:<\/h2>\n\n\n\n<figure class=\"wp-block-embed is-type-video is-provider-youtube wp-block-embed-youtube wp-embed-aspect-4-3 wp-has-aspect-ratio\"><div class=\"wp-block-embed__wrapper\">\n<iframe loading=\"lazy\" title=\"Marcos Braz, do Flamengo, alfineta o Atl\u00e9tico-MG\" width=\"640\" height=\"480\" src=\"https:\/\/www.youtube.com\/embed\/gRoGJbyw0hM?feature=oembed\" frameborder=\"0\" allow=\"accelerometer; autoplay; clipboard-write; encrypted-media; gyroscope; picture-in-picture; web-share\" referrerpolicy=\"strict-origin-when-cross-origin\" allowfullscreen><\/iframe>\n<\/div><\/figure>\n\n\n\n<p>At\u00e9 o momento, a Supercopa n\u00e3o possui um local exato para acontecer. A disputa pelo t\u00edtulo est\u00e1 marcada para o dia 20 de fevereiro, o que faz com que a CBF tenha um prazo curto para escolher um est\u00e1dio.<\/p>\n","protected":false},"excerpt":{"rendered":"<p>Nesta segunda-feira (31), o Flamengo promoveu a coletiva de apresenta\u00e7\u00e3o de Marinho. O atacante de 31 anos chega na equipe comandada por Paulo Sousa para suprir a car\u00eancia existente no setor ofensivo do time. Ap\u00f3s a entrevista do jogador, como de costume, Marcos Braz e Bruno Spindel permaneceram no local e responderam \u00e0s perguntas enviadas [&hellip;]<\/p>\n","protected":false},"author":4,"featured_media":64346,"comment_status":"open","ping_status":"closed","sticky":false,"template":"","format":"standard","meta":{"footnotes":""},"categories":[40],"tags":[],"class_list":["post-75876","post","type-post","status-publish","format-standard","has-post-thumbnail","hentry","category-video"],"yoast_head":"<!-- This site is optimized with the Yoast SEO Premium plugin v24.2 (Yoast SEO v26.9) - https:\/\/yoast.com\/product\/yoast-seo-premium-wordpress\/ -->\n<title>V\u00eddeo: Marcos Braz, do Flamengo, alfineta o Atl\u00e9tico Mineiro<\/title>\n<meta name=\"robots\" content=\"index, follow, max-snippet:-1, max-image-preview:large, max-video-preview:-1\" \/>\n<link rel=\"canonical\" href=\"https:\/\/www.gaveanews.com\/index.php\/2022\/01\/31\/video-marcos-braz-do-flamengo-alfineta-o-atletico-mineiro\/\" \/>\n<meta property=\"og:locale\" content=\"pt_BR\" \/>\n<meta property=\"og:type\" content=\"article\" \/>\n<meta property=\"og:title\" content=\"V\u00eddeo: Marcos Braz, do Flamengo, alfineta o Atl\u00e9tico Mineiro\" \/>\n<meta property=\"og:description\" content=\"Nesta segunda-feira (31), o Flamengo promoveu a coletiva de apresenta\u00e7\u00e3o de Marinho. O atacante de 31 anos chega na equipe comandada por Paulo Sousa para suprir a car\u00eancia existente no setor ofensivo do time. Ap\u00f3s a entrevista do jogador, como de costume, Marcos Braz e Bruno Spindel permaneceram no local e responderam \u00e0s perguntas enviadas [&hellip;]\" \/>\n<meta property=\"og:url\" content=\"https:\/\/www.gaveanews.com\/index.php\/2022\/01\/31\/video-marcos-braz-do-flamengo-alfineta-o-atletico-mineiro\/\" \/>\n<meta property=\"og:site_name\" content=\"G\u00e1vea News\" \/>\n<meta property=\"article:publisher\" content=\"https:\/\/facebook.com\/gaveaNews\/\" \/>\n<meta property=\"article:published_time\" content=\"2022-01-31T17:22:43+00:00\" \/>\n<meta property=\"article:modified_time\" content=\"2022-01-31T17:22:46+00:00\" \/>\n<meta property=\"og:image\" content=\"https:\/\/www.gaveanews.com\/wp-content\/uploads\/Marcos-Braz-em-entrevista-coletiva-no-Ninho-do-Urubu.webp\" \/>\n\t<meta property=\"og:image:width\" content=\"799\" \/>\n\t<meta property=\"og:image:height\" content=\"532\" \/>\n\t<meta property=\"og:image:type\" content=\"image\/jpeg\" \/>\n<meta name=\"author\" content=\"Let\u00edcia Gerheim\" \/>\n<meta name=\"twitter:card\" content=\"summary_large_image\" \/>\n<meta name=\"twitter:label1\" content=\"Escrito por\" \/>\n\t<meta name=\"twitter:data1\" content=\"Let\u00edcia Gerheim\" \/>\n\t<meta name=\"twitter:label2\" content=\"Est. tempo de leitura\" \/>\n\t<meta name=\"twitter:data2\" content=\"2 minutos\" \/>\n<script type=\"application\/ld+json\" class=\"yoast-schema-graph\">{\"@context\":\"https:\/\/schema.org\",\"@graph\":[{\"@type\":\"NewsArticle\",\"@id\":\"https:\/\/www.gaveanews.com\/index.php\/2022\/01\/31\/video-marcos-braz-do-flamengo-alfineta-o-atletico-mineiro\/#article\",\"isPartOf\":{\"@id\":\"https:\/\/www.gaveanews.com\/index.php\/2022\/01\/31\/video-marcos-braz-do-flamengo-alfineta-o-atletico-mineiro\/\"},\"author\":{\"name\":\"Let\u00edcia Gerheim\",\"@id\":\"https:\/\/www.gaveanews.com\/#\/schema\/person\/714c67050b836198af2450ba1c142a67\"},\"headline\":\"V\u00eddeo: Marcos Braz, do Flamengo, alfineta o Atl\u00e9tico Mineiro\",\"datePublished\":\"2022-01-31T17:22:43+00:00\",\"dateModified\":\"2022-01-31T17:22:46+00:00\",\"mainEntityOfPage\":{\"@id\":\"https:\/\/www.gaveanews.com\/index.php\/2022\/01\/31\/video-marcos-braz-do-flamengo-alfineta-o-atletico-mineiro\/\"},\"wordCount\":276,\"commentCount\":16,\"image\":{\"@id\":\"https:\/\/www.gaveanews.com\/index.php\/2022\/01\/31\/video-marcos-braz-do-flamengo-alfineta-o-atletico-mineiro\/#primaryimage\"},\"thumbnailUrl\":\"https:\/\/www.gaveanews.com\/wp-content\/uploads\/Marcos-Braz-em-entrevista-coletiva-no-Ninho-do-Urubu.webp\",\"articleSection\":[\"V\u00eddeos\"],\"inLanguage\":\"pt-BR\",\"potentialAction\":[{\"@type\":\"CommentAction\",\"name\":\"Comment\",\"target\":[\"https:\/\/www.gaveanews.com\/index.php\/2022\/01\/31\/video-marcos-braz-do-flamengo-alfineta-o-atletico-mineiro\/#respond\"]}],\"copyrightYear\":\"2022\",\"copyrightHolder\":{\"@id\":\"https:\/\/www.gaveanews.com\/#organization\"}},{\"@type\":\"WebPage\",\"@id\":\"https:\/\/www.gaveanews.com\/index.php\/2022\/01\/31\/video-marcos-braz-do-flamengo-alfineta-o-atletico-mineiro\/\",\"url\":\"https:\/\/www.gaveanews.com\/index.php\/2022\/01\/31\/video-marcos-braz-do-flamengo-alfineta-o-atletico-mineiro\/\",\"name\":\"V\u00eddeo: Marcos Braz, do Flamengo, alfineta o Atl\u00e9tico Mineiro\",\"isPartOf\":{\"@id\":\"https:\/\/www.gaveanews.com\/#website\"},\"primaryImageOfPage\":{\"@id\":\"https:\/\/www.gaveanews.com\/index.php\/2022\/01\/31\/video-marcos-braz-do-flamengo-alfineta-o-atletico-mineiro\/#primaryimage\"},\"image\":{\"@id\":\"https:\/\/www.gaveanews.com\/index.php\/2022\/01\/31\/video-marcos-braz-do-flamengo-alfineta-o-atletico-mineiro\/#primaryimage\"},\"thumbnailUrl\":\"https:\/\/www.gaveanews.com\/wp-content\/uploads\/Marcos-Braz-em-entrevista-coletiva-no-Ninho-do-Urubu.webp\",\"datePublished\":\"2022-01-31T17:22:43+00:00\",\"dateModified\":\"2022-01-31T17:22:46+00:00\",\"author\":{\"@id\":\"https:\/\/www.gaveanews.com\/#\/schema\/person\/714c67050b836198af2450ba1c142a67\"},\"breadcrumb\":{\"@id\":\"https:\/\/www.gaveanews.com\/index.php\/2022\/01\/31\/video-marcos-braz-do-flamengo-alfineta-o-atletico-mineiro\/#breadcrumb\"},\"inLanguage\":\"pt-BR\",\"potentialAction\":[{\"@type\":\"ReadAction\",\"target\":[\"https:\/\/www.gaveanews.com\/index.php\/2022\/01\/31\/video-marcos-braz-do-flamengo-alfineta-o-atletico-mineiro\/\"]}]},{\"@type\":\"ImageObject\",\"inLanguage\":\"pt-BR\",\"@id\":\"https:\/\/www.gaveanews.com\/index.php\/2022\/01\/31\/video-marcos-braz-do-flamengo-alfineta-o-atletico-mineiro\/#primaryimage\",\"url\":\"https:\/\/www.gaveanews.com\/wp-content\/uploads\/Marcos-Braz-em-entrevista-coletiva-no-Ninho-do-Urubu.webp\",\"contentUrl\":\"https:\/\/www.gaveanews.com\/wp-content\/uploads\/Marcos-Braz-em-entrevista-coletiva-no-Ninho-do-Urubu.webp\",\"width\":799,\"height\":532,\"caption\":\"Marcos Braz em entrevista coletiva no Ninho do Urubu (Foto: Alexandre Vidal\/Flamengo)\"},{\"@type\":\"BreadcrumbList\",\"@id\":\"https:\/\/www.gaveanews.com\/index.php\/2022\/01\/31\/video-marcos-braz-do-flamengo-alfineta-o-atletico-mineiro\/#breadcrumb\",\"itemListElement\":[{\"@type\":\"ListItem\",\"position\":1,\"name\":\"Home\",\"item\":\"https:\/\/www.gaveanews.com\/\"},{\"@type\":\"ListItem\",\"position\":2,\"name\":\"V\u00eddeo: Marcos Braz, do Flamengo, alfineta o Atl\u00e9tico Mineiro\"}]},{\"@type\":\"WebSite\",\"@id\":\"https:\/\/www.gaveanews.com\/#website\",\"url\":\"https:\/\/www.gaveanews.com\/\",\"name\":\"G\u00e1vea News\",\"description\":\"Veja todas as not\u00edcias sobre o Flamengo: Contrata\u00e7\u00f5es, categorias de base, resultados das partidas, tabela de classifica\u00e7\u00e3o, pr\u00f3ximos jogos!\",\"potentialAction\":[{\"@type\":\"SearchAction\",\"target\":{\"@type\":\"EntryPoint\",\"urlTemplate\":\"https:\/\/www.gaveanews.com\/?s={search_term_string}\"},\"query-input\":{\"@type\":\"PropertyValueSpecification\",\"valueRequired\":true,\"valueName\":\"search_term_string\"}}],\"inLanguage\":\"pt-BR\"},{\"@type\":\"Person\",\"@id\":\"https:\/\/www.gaveanews.com\/#\/schema\/person\/714c67050b836198af2450ba1c142a67\",\"name\":\"Let\u00edcia Gerheim\",\"image\":{\"@type\":\"ImageObject\",\"inLanguage\":\"pt-BR\",\"@id\":\"https:\/\/www.gaveanews.com\/#\/schema\/person\/image\/\",\"url\":\"https:\/\/secure.gravatar.com\/avatar\/60734739c50fcebfbac509e2a826ccd0ff405c019bc73aab9354f19ecad1dcb4?s=96&d=mm&r=g\",\"contentUrl\":\"https:\/\/secure.gravatar.com\/avatar\/60734739c50fcebfbac509e2a826ccd0ff405c019bc73aab9354f19ecad1dcb4?s=96&d=mm&r=g\",\"caption\":\"Let\u00edcia Gerheim\"}}]}<\/script>\n<!-- \/ Yoast SEO Premium plugin. -->","yoast_head_json":{"title":"V\u00eddeo: Marcos Braz, do Flamengo, alfineta o Atl\u00e9tico Mineiro","robots":{"index":"index","follow":"follow","max-snippet":"max-snippet:-1","max-image-preview":"max-image-preview:large","max-video-preview":"max-video-preview:-1"},"canonical":"https:\/\/www.gaveanews.com\/index.php\/2022\/01\/31\/video-marcos-braz-do-flamengo-alfineta-o-atletico-mineiro\/","og_locale":"pt_BR","og_type":"article","og_title":"V\u00eddeo: Marcos Braz, do Flamengo, alfineta o Atl\u00e9tico Mineiro","og_description":"Nesta segunda-feira (31), o Flamengo promoveu a coletiva de apresenta\u00e7\u00e3o de Marinho. O atacante de 31 anos chega na equipe comandada por Paulo Sousa para suprir a car\u00eancia existente no setor ofensivo do time. Ap\u00f3s a entrevista do jogador, como de costume, Marcos Braz e Bruno Spindel permaneceram no local e responderam \u00e0s perguntas enviadas [&hellip;]","og_url":"https:\/\/www.gaveanews.com\/index.php\/2022\/01\/31\/video-marcos-braz-do-flamengo-alfineta-o-atletico-mineiro\/","og_site_name":"G\u00e1vea News","article_publisher":"https:\/\/facebook.com\/gaveaNews\/","article_published_time":"2022-01-31T17:22:43+00:00","article_modified_time":"2022-01-31T17:22:46+00:00","og_image":[{"width":799,"height":532,"url":"https:\/\/www.gaveanews.com\/wp-content\/uploads\/Marcos-Braz-em-entrevista-coletiva-no-Ninho-do-Urubu.webp","type":"image\/jpeg"}],"author":"Let\u00edcia Gerheim","twitter_card":"summary_large_image","twitter_misc":{"Escrito por":"Let\u00edcia Gerheim","Est. tempo de leitura":"2 minutos"},"schema":{"@context":"https:\/\/schema.org","@graph":[{"@type":"NewsArticle","@id":"https:\/\/www.gaveanews.com\/index.php\/2022\/01\/31\/video-marcos-braz-do-flamengo-alfineta-o-atletico-mineiro\/#article","isPartOf":{"@id":"https:\/\/www.gaveanews.com\/index.php\/2022\/01\/31\/video-marcos-braz-do-flamengo-alfineta-o-atletico-mineiro\/"},"author":{"name":"Let\u00edcia Gerheim","@id":"https:\/\/www.gaveanews.com\/#\/schema\/person\/714c67050b836198af2450ba1c142a67"},"headline":"V\u00eddeo: Marcos Braz, do Flamengo, alfineta o Atl\u00e9tico Mineiro","datePublished":"2022-01-31T17:22:43+00:00","dateModified":"2022-01-31T17:22:46+00:00","mainEntityOfPage":{"@id":"https:\/\/www.gaveanews.com\/index.php\/2022\/01\/31\/video-marcos-braz-do-flamengo-alfineta-o-atletico-mineiro\/"},"wordCount":276,"commentCount":16,"image":{"@id":"https:\/\/www.gaveanews.com\/index.php\/2022\/01\/31\/video-marcos-braz-do-flamengo-alfineta-o-atletico-mineiro\/#primaryimage"},"thumbnailUrl":"https:\/\/www.gaveanews.com\/wp-content\/uploads\/Marcos-Braz-em-entrevista-coletiva-no-Ninho-do-Urubu.webp","articleSection":["V\u00eddeos"],"inLanguage":"pt-BR","potentialAction":[{"@type":"CommentAction","name":"Comment","target":["https:\/\/www.gaveanews.com\/index.php\/2022\/01\/31\/video-marcos-braz-do-flamengo-alfineta-o-atletico-mineiro\/#respond"]}],"copyrightYear":"2022","copyrightHolder":{"@id":"https:\/\/www.gaveanews.com\/#organization"}},{"@type":"WebPage","@id":"https:\/\/www.gaveanews.com\/index.php\/2022\/01\/31\/video-marcos-braz-do-flamengo-alfineta-o-atletico-mineiro\/","url":"https:\/\/www.gaveanews.com\/index.php\/2022\/01\/31\/video-marcos-braz-do-flamengo-alfineta-o-atletico-mineiro\/","name":"V\u00eddeo: Marcos Braz, do Flamengo, alfineta o Atl\u00e9tico Mineiro","isPartOf":{"@id":"https:\/\/www.gaveanews.com\/#website"},"primaryImageOfPage":{"@id":"https:\/\/www.gaveanews.com\/index.php\/2022\/01\/31\/video-marcos-braz-do-flamengo-alfineta-o-atletico-mineiro\/#primaryimage"},"image":{"@id":"https:\/\/www.gaveanews.com\/index.php\/2022\/01\/31\/video-marcos-braz-do-flamengo-alfineta-o-atletico-mineiro\/#primaryimage"},"thumbnailUrl":"https:\/\/www.gaveanews.com\/wp-content\/uploads\/Marcos-Braz-em-entrevista-coletiva-no-Ninho-do-Urubu.webp","datePublished":"2022-01-31T17:22:43+00:00","dateModified":"2022-01-31T17:22:46+00:00","author":{"@id":"https:\/\/www.gaveanews.com\/#\/schema\/person\/714c67050b836198af2450ba1c142a67"},"breadcrumb":{"@id":"https:\/\/www.gaveanews.com\/index.php\/2022\/01\/31\/video-marcos-braz-do-flamengo-alfineta-o-atletico-mineiro\/#breadcrumb"},"inLanguage":"pt-BR","potentialAction":[{"@type":"ReadAction","target":["https:\/\/www.gaveanews.com\/index.php\/2022\/01\/31\/video-marcos-braz-do-flamengo-alfineta-o-atletico-mineiro\/"]}]},{"@type":"ImageObject","inLanguage":"pt-BR","@id":"https:\/\/www.gaveanews.com\/index.php\/2022\/01\/31\/video-marcos-braz-do-flamengo-alfineta-o-atletico-mineiro\/#primaryimage","url":"https:\/\/www.gaveanews.com\/wp-content\/uploads\/Marcos-Braz-em-entrevista-coletiva-no-Ninho-do-Urubu.webp","contentUrl":"https:\/\/www.gaveanews.com\/wp-content\/uploads\/Marcos-Braz-em-entrevista-coletiva-no-Ninho-do-Urubu.webp","width":799,"height":532,"caption":"Marcos Braz em entrevista coletiva no Ninho do Urubu (Foto: Alexandre Vidal\/Flamengo)"},{"@type":"BreadcrumbList","@id":"https:\/\/www.gaveanews.com\/index.php\/2022\/01\/31\/video-marcos-braz-do-flamengo-alfineta-o-atletico-mineiro\/#breadcrumb","itemListElement":[{"@type":"ListItem","position":1,"name":"Home","item":"https:\/\/www.gaveanews.com\/"},{"@type":"ListItem","position":2,"name":"V\u00eddeo: Marcos Braz, do Flamengo, alfineta o Atl\u00e9tico Mineiro"}]},{"@type":"WebSite","@id":"https:\/\/www.gaveanews.com\/#website","url":"https:\/\/www.gaveanews.com\/","name":"G\u00e1vea News","description":"Veja todas as not\u00edcias sobre o Flamengo: Contrata\u00e7\u00f5es, categorias de base, resultados das partidas, tabela de classifica\u00e7\u00e3o, pr\u00f3ximos jogos!","potentialAction":[{"@type":"SearchAction","target":{"@type":"EntryPoint","urlTemplate":"https:\/\/www.gaveanews.com\/?s={search_term_string}"},"query-input":{"@type":"PropertyValueSpecification","valueRequired":true,"valueName":"search_term_string"}}],"inLanguage":"pt-BR"},{"@type":"Person","@id":"https:\/\/www.gaveanews.com\/#\/schema\/person\/714c67050b836198af2450ba1c142a67","name":"Let\u00edcia Gerheim","image":{"@type":"ImageObject","inLanguage":"pt-BR","@id":"https:\/\/www.gaveanews.com\/#\/schema\/person\/image\/","url":"https:\/\/secure.gravatar.com\/avatar\/60734739c50fcebfbac509e2a826ccd0ff405c019bc73aab9354f19ecad1dcb4?s=96&d=mm&r=g","contentUrl":"https:\/\/secure.gravatar.com\/avatar\/60734739c50fcebfbac509e2a826ccd0ff405c019bc73aab9354f19ecad1dcb4?s=96&d=mm&r=g","caption":"Let\u00edcia Gerheim"}}]}},"_links":{"self":[{"href":"https:\/\/www.gaveanews.com\/index.php\/wp-json\/wp\/v2\/posts\/75876","targetHints":{"allow":["GET"]}}],"collection":[{"href":"https:\/\/www.gaveanews.com\/index.php\/wp-json\/wp\/v2\/posts"}],"about":[{"href":"https:\/\/www.gaveanews.com\/index.php\/wp-json\/wp\/v2\/types\/post"}],"author":[{"embeddable":true,"href":"https:\/\/www.gaveanews.com\/index.php\/wp-json\/wp\/v2\/users\/4"}],"replies":[{"embeddable":true,"href":"https:\/\/www.gaveanews.com\/index.php\/wp-json\/wp\/v2\/comments?post=75876"}],"version-history":[{"count":0,"href":"https:\/\/www.gaveanews.com\/index.php\/wp-json\/wp\/v2\/posts\/75876\/revisions"}],"wp:featuredmedia":[{"embeddable":true,"href":"https:\/\/www.gaveanews.com\/index.php\/wp-json\/wp\/v2\/media\/64346"}],"wp:attachment":[{"href":"https:\/\/www.gaveanews.com\/index.php\/wp-json\/wp\/v2\/media?parent=75876"}],"wp:term":[{"taxonomy":"category","embeddable":true,"href":"https:\/\/www.gaveanews.com\/index.php\/wp-json\/wp\/v2\/categories?post=75876"},{"taxonomy":"post_tag","embeddable":true,"href":"https:\/\/www.gaveanews.com\/index.php\/wp-json\/wp\/v2\/tags?post=75876"}],"curies":[{"name":"wp","href":"https:\/\/api.w.org\/{rel}","templated":true}]}}