{"id":76071,"date":"2022-02-03T12:43:57","date_gmt":"2022-02-03T15:43:57","guid":{"rendered":"https:\/\/www.gaveanews.com\/?p=76071"},"modified":"2022-02-03T12:51:30","modified_gmt":"2022-02-03T15:51:30","slug":"cbf-define-tabela-do-brasileirao-2022-confira-a-agenda-do-flamengo","status":"publish","type":"post","link":"https:\/\/www.gaveanews.com\/index.php\/2022\/02\/03\/cbf-define-tabela-do-brasileirao-2022-confira-a-agenda-do-flamengo\/","title":{"rendered":"CBF define tabela do Brasileir\u00e3o 2022; confira a agenda do Flamengo"},"content":{"rendered":"\n<p>Ainda <a href=\"https:\/\/www.gaveanews.com\/index.php\/2022\/01\/31\/video-marcos-braz-do-flamengo-alfineta-o-atletico-mineiro\/\">sem uma defini\u00e7\u00e3o pelo palco da Supercopa do Brasil<\/a>, a CBF agiliza a organiza\u00e7\u00e3o do Campeonato Brasileiro 2022. Ap\u00f3s <a href=\"https:\/\/www.gaveanews.com\/index.php\/2022\/02\/03\/clubes-pedem-e-cbf-altera-regulamento-do-campeonato-brasileiro\/\">os dirigentes dos clubes derrubarem uma regra da competi\u00e7\u00e3o<\/a>, a entidade divulgou a tabela desta edi\u00e7\u00e3o do torneio.<\/p>\n\n\n\n<p>O in\u00edcio do Brasileir\u00e3o est\u00e1 marcado para acontecer no dia 09 de abril, com o fim agendado para 13 de novembro. Vale lembrar que todas as principais competi\u00e7\u00f5es dever\u00e3o terminar na primeira metade do m\u00eas de novembro, j\u00e1 que a Copa do Mundo acontecer\u00e1 entre o dia 21\/11 e 18\/12 e a Fifa determina que nenhum torneio pode acontecer paralelamente aos jogos das sele\u00e7\u00f5es.<\/p>\n\n\n\n<p>Assim, embora a CBF tenha deixado as datas um pouco em aberto, o Flamengo j\u00e1 consegue ter uma certa no\u00e7\u00e3o do que enfrentar\u00e1 ao longo do ano. Isso porque a tabela revela um per\u00edodo para a realiza\u00e7\u00e3o de cada jogo e define os advers\u00e1rios de cada rodada.<\/p>\n\n\n\n<h2 class=\"wp-block-heading\" id=\"h-confira-os-jogos-do-flamengo-pelo-brasileirao-2022\">Confira os jogos do Flamengo pelo Brasileir\u00e3o 2022:<\/h2>\n\n\n\n<figure class=\"wp-block-table aligncenter is-style-stripes\"><table><tbody><tr><td class=\"has-text-align-center\" data-align=\"center\"><strong>Rodada<\/strong><\/td><td class=\"has-text-align-left\" data-align=\"left\">              <strong>Confronto<\/strong><\/td><td class=\"has-text-align-center\" data-align=\"center\"><strong>Data<\/strong><\/td><\/tr><tr><td class=\"has-text-align-center\" data-align=\"center\"><strong>1<\/strong><\/td><td class=\"has-text-align-left\" data-align=\"left\">Atl\u00e9tico-GO x Flamengo  <\/td><td class=\"has-text-align-center\" data-align=\"center\">09\/04, 10\/04 ou 11\/04<\/td><\/tr><tr><td class=\"has-text-align-center\" data-align=\"center\"><strong>2<\/strong><\/td><td class=\"has-text-align-left\" data-align=\"left\">Flamengo x S\u00e3o Paulo<\/td><td class=\"has-text-align-center\" data-align=\"center\">16\/04, 17\/04 ou 18\/04<\/td><\/tr><tr><td class=\"has-text-align-center\" data-align=\"center\"><strong>3<\/strong><\/td><td class=\"has-text-align-left\" data-align=\"left\">Athletico-PR x Flamengo<\/td><td class=\"has-text-align-center\" data-align=\"center\">23\/04, 24\/04 ou 25\/04<\/td><\/tr><tr><td class=\"has-text-align-center\" data-align=\"center\"><strong>4<\/strong><\/td><td class=\"has-text-align-left\" data-align=\"left\">Flamengo x Palmeiras<\/td><td class=\"has-text-align-center\" data-align=\"center\">30\/04, 01\/05 ou 02\/05<\/td><\/tr><tr><td class=\"has-text-align-center\" data-align=\"center\"><strong>5<\/strong><\/td><td class=\"has-text-align-left\" data-align=\"left\">Flamengo x Botafogo<\/td><td class=\"has-text-align-center\" data-align=\"center\">07\/05, 08\/05 ou 09\/05<\/td><\/tr><tr><td class=\"has-text-align-center\" data-align=\"center\"><strong>6<\/strong><\/td><td class=\"has-text-align-left\" data-align=\"left\">Cear\u00e1 x Flamengo<\/td><td class=\"has-text-align-center\" data-align=\"center\">14\/05, 15\/05 ou 16\/05<\/td><\/tr><tr><td class=\"has-text-align-center\" data-align=\"center\"><strong>7<\/strong><\/td><td class=\"has-text-align-left\" data-align=\"left\">Flamengo x Goi\u00e1s<\/td><td class=\"has-text-align-center\" data-align=\"center\">21\/05, 22\/05 ou 23\/05<\/td><\/tr><tr><td class=\"has-text-align-center\" data-align=\"center\"><strong>8<\/strong><\/td><td class=\"has-text-align-left\" data-align=\"left\">Fluminense x Flamengo<\/td><td class=\"has-text-align-center\" data-align=\"center\">28\/05, 29\/05 ou 30\/05<\/td><\/tr><tr><td class=\"has-text-align-center\" data-align=\"center\"><strong>9<\/strong><\/td><td class=\"has-text-align-left\" data-align=\"left\">Flamengo x Fortaleza<\/td><td class=\"has-text-align-center\" data-align=\"center\">04\/06, 05\/06 ou 06\/06<\/td><\/tr><tr><td class=\"has-text-align-center\" data-align=\"center\"><strong>10<\/strong><\/td><td class=\"has-text-align-left\" data-align=\"left\">RB Bragantino x Flamengo<\/td><td class=\"has-text-align-center\" data-align=\"center\">08\/06 ou 09\/06<\/td><\/tr><tr><td class=\"has-text-align-center\" data-align=\"center\"><strong>11<\/strong><\/td><td class=\"has-text-align-left\" data-align=\"left\">Internacional x Flamengo<\/td><td class=\"has-text-align-center\" data-align=\"center\">11\/06, 12\/06 ou 13\/06<\/td><\/tr><tr><td class=\"has-text-align-center\" data-align=\"center\"><strong>12<\/strong><\/td><td class=\"has-text-align-left\" data-align=\"left\">Flamengo x Cuiab\u00e1<\/td><td class=\"has-text-align-center\" data-align=\"center\">15\/06 ou 16\/06<\/td><\/tr><tr><td class=\"has-text-align-center\" data-align=\"center\"><strong>13<\/strong><\/td><td class=\"has-text-align-left\" data-align=\"left\">Atl\u00e9tico-MG x Flamengo<\/td><td class=\"has-text-align-center\" data-align=\"center\">18\/06, 19\/06 ou 20\/06<\/td><\/tr><tr><td class=\"has-text-align-center\" data-align=\"center\"><strong>14<\/strong><\/td><td class=\"has-text-align-left\" data-align=\"left\">Flamengo x Am\u00e9rica-MG<\/td><td class=\"has-text-align-center\" data-align=\"center\">25\/06, 26\/06 ou 27\/06<\/td><\/tr><tr><td class=\"has-text-align-center\" data-align=\"center\"><strong>15<\/strong><\/td><td class=\"has-text-align-left\" data-align=\"left\">Santos x Flamengo<\/td><td class=\"has-text-align-center\" data-align=\"center\">02\/07, 03\/07 ou 04\/07<\/td><\/tr><tr><td class=\"has-text-align-center\" data-align=\"center\"><strong>16<\/strong><\/td><td class=\"has-text-align-left\" data-align=\"left\">Corinthians x Flamengo<\/td><td class=\"has-text-align-center\" data-align=\"center\">09\/07, 10\/11 ou 11\/11<\/td><\/tr><tr><td class=\"has-text-align-center\" data-align=\"center\"><strong>17<\/strong><\/td><td class=\"has-text-align-left\" data-align=\"left\">Flamengo x Coritiba<\/td><td class=\"has-text-align-center\" data-align=\"center\">16\/07, 17\/07 ou 18\/07<\/td><\/tr><tr><td class=\"has-text-align-center\" data-align=\"center\"><strong>18<\/strong><\/td><td class=\"has-text-align-left\" data-align=\"left\">Flamengo x Juventude<\/td><td class=\"has-text-align-center\" data-align=\"center\">20\/07 ou 21\/07<\/td><\/tr><tr><td class=\"has-text-align-center\" data-align=\"center\"><strong>19<\/strong><\/td><td class=\"has-text-align-left\" data-align=\"left\">Ava\u00ed x Flamengo<\/td><td class=\"has-text-align-center\" data-align=\"center\">23\/07, 24\/07 ou 25\/07<\/td><\/tr><tr><td class=\"has-text-align-center\" data-align=\"center\"><strong>20<\/strong><\/td><td class=\"has-text-align-left\" data-align=\"left\">Flamengo x Atl\u00e9tico-GO<\/td><td class=\"has-text-align-center\" data-align=\"center\">30\/07, 31\/07 ou 01\/08<\/td><\/tr><tr><td class=\"has-text-align-center\" data-align=\"center\"><strong>21<\/strong><\/td><td class=\"has-text-align-left\" data-align=\"left\">S\u00e3o Paulo x Flamengo<\/td><td class=\"has-text-align-center\" data-align=\"center\">06\/08, 07\/08 ou 08\/08<\/td><\/tr><tr><td class=\"has-text-align-center\" data-align=\"center\"><strong>22<\/strong><\/td><td class=\"has-text-align-left\" data-align=\"left\">Flamengo x Athletico-PR<\/td><td class=\"has-text-align-center\" data-align=\"center\">13\/08, 14\/08 ou 15\/08<\/td><\/tr><tr><td class=\"has-text-align-center\" data-align=\"center\"><strong>23<\/strong><\/td><td class=\"has-text-align-left\" data-align=\"left\">Palmeiras x Flamengo<\/td><td class=\"has-text-align-center\" data-align=\"center\">20\/08, 21\/08 ou 22\/08<\/td><\/tr><tr><td class=\"has-text-align-center\" data-align=\"center\"><strong>24<\/strong><\/td><td class=\"has-text-align-left\" data-align=\"left\">Botafogo x Flamengo<\/td><td class=\"has-text-align-center\" data-align=\"center\">27\/08, 28\/08 ou 29\/08<\/td><\/tr><tr><td class=\"has-text-align-center\" data-align=\"center\"><strong>25<\/strong><\/td><td class=\"has-text-align-left\" data-align=\"left\">Flamengo x Cear\u00e1<\/td><td class=\"has-text-align-center\" data-align=\"center\">03\/09, 04\/09 ou 05\/09<\/td><\/tr><tr><td class=\"has-text-align-center\" data-align=\"center\"><strong>26<\/strong><\/td><td class=\"has-text-align-left\" data-align=\"left\">Goi\u00e1s x Flamengo<\/td><td class=\"has-text-align-center\" data-align=\"center\">10\/09, 11\/09 ou 12\/09<\/td><\/tr><tr><td class=\"has-text-align-center\" data-align=\"center\"><strong>27<\/strong><\/td><td class=\"has-text-align-left\" data-align=\"left\">Flamengo x Fluminense<\/td><td class=\"has-text-align-center\" data-align=\"center\">17\/09, 18\/09 ou 19\/09<\/td><\/tr><tr><td class=\"has-text-align-center\" data-align=\"center\"><strong>28<\/strong><\/td><td class=\"has-text-align-left\" data-align=\"left\">Fortaleza x Flamengo<\/td><td class=\"has-text-align-center\" data-align=\"center\">28\/09 ou 29\/09<\/td><\/tr><tr><td class=\"has-text-align-center\" data-align=\"center\"><strong>29<\/strong><\/td><td class=\"has-text-align-left\" data-align=\"left\">Flamengo x RB Bragantino<\/td><td class=\"has-text-align-center\" data-align=\"center\">30\/09, 01\/10 ou 03\/10<\/td><\/tr><tr><td class=\"has-text-align-center\" data-align=\"center\"><strong>30<\/strong><\/td><td class=\"has-text-align-left\" data-align=\"left\">Flamengo x Internacional<\/td><td class=\"has-text-align-center\" data-align=\"center\">05\/10 ou 06\/10<\/td><\/tr><tr><td class=\"has-text-align-center\" data-align=\"center\"><strong>31<\/strong><\/td><td class=\"has-text-align-left\" data-align=\"left\">Cuiab\u00e1 x Flamengo<\/td><td class=\"has-text-align-center\" data-align=\"center\">08\/10, 09\/10 ou 10\/10<\/td><\/tr><tr><td class=\"has-text-align-center\" data-align=\"center\"><strong>32<\/strong><\/td><td class=\"has-text-align-left\" data-align=\"left\">Flamengo x Atl\u00e9tico-MG<\/td><td class=\"has-text-align-center\" data-align=\"center\">15\/10, 16\/10 ou 17\/10<\/td><\/tr><tr><td class=\"has-text-align-center\" data-align=\"center\"><strong>33<\/strong><\/td><td class=\"has-text-align-left\" data-align=\"left\">Am\u00e9rica-MG x Flamengo<\/td><td class=\"has-text-align-center\" data-align=\"center\">22\/10, 23\/10 ou 24\/10<\/td><\/tr><tr><td class=\"has-text-align-center\" data-align=\"center\"><strong>34<\/strong><\/td><td class=\"has-text-align-left\" data-align=\"left\">Flamengo x Santos<\/td><td class=\"has-text-align-center\" data-align=\"center\">26\/10 ou 27\/10<\/td><\/tr><tr><td class=\"has-text-align-center\" data-align=\"center\"><strong>35<\/strong><\/td><td class=\"has-text-align-left\" data-align=\"left\">Flamengo x Corinthians<\/td><td class=\"has-text-align-center\" data-align=\"center\">28\/10, 29\/10 ou 31\/10<\/td><\/tr><tr><td class=\"has-text-align-center\" data-align=\"center\"><strong>36<\/strong><\/td><td class=\"has-text-align-left\" data-align=\"left\">Coritiba x Flamengo<\/td><td class=\"has-text-align-center\" data-align=\"center\">05\/11, 06\/11 ou 07\/11<\/td><\/tr><tr><td class=\"has-text-align-center\" data-align=\"center\"><strong>37<\/strong><\/td><td class=\"has-text-align-left\" data-align=\"left\">Juventude x Flamengo<\/td><td class=\"has-text-align-center\" data-align=\"center\">09\/11 ou 10\/11<\/td><\/tr><tr><td class=\"has-text-align-center\" data-align=\"center\"><strong>38<\/strong><\/td><td class=\"has-text-align-left\" data-align=\"left\">Flamengo x Ava\u00ed<\/td><td class=\"has-text-align-center\" data-align=\"center\">13\/11<\/td><\/tr><\/tbody><\/table><\/figure>\n\n\n\n<p><\/p>\n","protected":false},"excerpt":{"rendered":"<p>Ainda sem uma defini\u00e7\u00e3o pelo palco da Supercopa do Brasil, a CBF agiliza a organiza\u00e7\u00e3o do Campeonato Brasileiro 2022. Ap\u00f3s os dirigentes dos clubes derrubarem uma regra da competi\u00e7\u00e3o, a entidade divulgou a tabela desta edi\u00e7\u00e3o do torneio. O in\u00edcio do Brasileir\u00e3o est\u00e1 marcado para acontecer no dia 09 de abril, com o fim agendado [&hellip;]<\/p>\n","protected":false},"author":4,"featured_media":56703,"comment_status":"open","ping_status":"closed","sticky":false,"template":"","format":"standard","meta":{"footnotes":""},"categories":[1],"tags":[],"class_list":["post-76071","post","type-post","status-publish","format-standard","has-post-thumbnail","hentry","category-flamengo"],"yoast_head":"<!-- This site is optimized with the Yoast SEO Premium plugin v24.2 (Yoast SEO v26.9) - https:\/\/yoast.com\/product\/yoast-seo-premium-wordpress\/ -->\n<title>CBF define tabela do Brasileir\u00e3o 2022; confira a agenda do Flamengo<\/title>\n<meta name=\"robots\" content=\"index, follow, max-snippet:-1, max-image-preview:large, max-video-preview:-1\" \/>\n<link rel=\"canonical\" href=\"https:\/\/www.gaveanews.com\/index.php\/2022\/02\/03\/cbf-define-tabela-do-brasileirao-2022-confira-a-agenda-do-flamengo\/\" \/>\n<meta property=\"og:locale\" content=\"pt_BR\" \/>\n<meta property=\"og:type\" content=\"article\" \/>\n<meta property=\"og:title\" content=\"CBF define tabela do Brasileir\u00e3o 2022; confira a agenda do Flamengo\" \/>\n<meta property=\"og:description\" content=\"Ainda sem uma defini\u00e7\u00e3o pelo palco da Supercopa do Brasil, a CBF agiliza a organiza\u00e7\u00e3o do Campeonato Brasileiro 2022. Ap\u00f3s os dirigentes dos clubes derrubarem uma regra da competi\u00e7\u00e3o, a entidade divulgou a tabela desta edi\u00e7\u00e3o do torneio. O in\u00edcio do Brasileir\u00e3o est\u00e1 marcado para acontecer no dia 09 de abril, com o fim agendado [&hellip;]\" \/>\n<meta property=\"og:url\" content=\"https:\/\/www.gaveanews.com\/index.php\/2022\/02\/03\/cbf-define-tabela-do-brasileirao-2022-confira-a-agenda-do-flamengo\/\" \/>\n<meta property=\"og:site_name\" content=\"G\u00e1vea News\" \/>\n<meta property=\"article:publisher\" content=\"https:\/\/facebook.com\/gaveaNews\/\" \/>\n<meta property=\"article:published_time\" content=\"2022-02-03T15:43:57+00:00\" \/>\n<meta property=\"article:modified_time\" content=\"2022-02-03T15:51:30+00:00\" \/>\n<meta property=\"og:image\" content=\"https:\/\/www.gaveanews.com\/wp-content\/uploads\/Taca-do-Campeonato-Brasileiro-com-uma-carta-assinada-pelo-presidente-da-CBF.webp\" \/>\n\t<meta property=\"og:image:width\" content=\"800\" \/>\n\t<meta property=\"og:image:height\" content=\"533\" \/>\n\t<meta property=\"og:image:type\" content=\"image\/jpeg\" \/>\n<meta name=\"author\" content=\"Let\u00edcia Gerheim\" \/>\n<meta name=\"twitter:card\" content=\"summary_large_image\" \/>\n<meta name=\"twitter:label1\" content=\"Escrito por\" \/>\n\t<meta name=\"twitter:data1\" content=\"Let\u00edcia Gerheim\" \/>\n\t<meta name=\"twitter:label2\" content=\"Est. tempo de leitura\" \/>\n\t<meta name=\"twitter:data2\" content=\"3 minutos\" \/>\n<script type=\"application\/ld+json\" class=\"yoast-schema-graph\">{\"@context\":\"https:\/\/schema.org\",\"@graph\":[{\"@type\":\"NewsArticle\",\"@id\":\"https:\/\/www.gaveanews.com\/index.php\/2022\/02\/03\/cbf-define-tabela-do-brasileirao-2022-confira-a-agenda-do-flamengo\/#article\",\"isPartOf\":{\"@id\":\"https:\/\/www.gaveanews.com\/index.php\/2022\/02\/03\/cbf-define-tabela-do-brasileirao-2022-confira-a-agenda-do-flamengo\/\"},\"author\":{\"name\":\"Let\u00edcia Gerheim\",\"@id\":\"https:\/\/www.gaveanews.com\/#\/schema\/person\/714c67050b836198af2450ba1c142a67\"},\"headline\":\"CBF define tabela do Brasileir\u00e3o 2022; confira a agenda do Flamengo\",\"datePublished\":\"2022-02-03T15:43:57+00:00\",\"dateModified\":\"2022-02-03T15:51:30+00:00\",\"mainEntityOfPage\":{\"@id\":\"https:\/\/www.gaveanews.com\/index.php\/2022\/02\/03\/cbf-define-tabela-do-brasileirao-2022-confira-a-agenda-do-flamengo\/\"},\"wordCount\":346,\"commentCount\":5,\"image\":{\"@id\":\"https:\/\/www.gaveanews.com\/index.php\/2022\/02\/03\/cbf-define-tabela-do-brasileirao-2022-confira-a-agenda-do-flamengo\/#primaryimage\"},\"thumbnailUrl\":\"https:\/\/www.gaveanews.com\/wp-content\/uploads\/Taca-do-Campeonato-Brasileiro-com-uma-carta-assinada-pelo-presidente-da-CBF.webp\",\"articleSection\":[\"Flamengo\"],\"inLanguage\":\"pt-BR\",\"potentialAction\":[{\"@type\":\"CommentAction\",\"name\":\"Comment\",\"target\":[\"https:\/\/www.gaveanews.com\/index.php\/2022\/02\/03\/cbf-define-tabela-do-brasileirao-2022-confira-a-agenda-do-flamengo\/#respond\"]}],\"copyrightYear\":\"2022\",\"copyrightHolder\":{\"@id\":\"https:\/\/www.gaveanews.com\/#organization\"}},{\"@type\":\"WebPage\",\"@id\":\"https:\/\/www.gaveanews.com\/index.php\/2022\/02\/03\/cbf-define-tabela-do-brasileirao-2022-confira-a-agenda-do-flamengo\/\",\"url\":\"https:\/\/www.gaveanews.com\/index.php\/2022\/02\/03\/cbf-define-tabela-do-brasileirao-2022-confira-a-agenda-do-flamengo\/\",\"name\":\"CBF define tabela do Brasileir\u00e3o 2022; confira a agenda do Flamengo\",\"isPartOf\":{\"@id\":\"https:\/\/www.gaveanews.com\/#website\"},\"primaryImageOfPage\":{\"@id\":\"https:\/\/www.gaveanews.com\/index.php\/2022\/02\/03\/cbf-define-tabela-do-brasileirao-2022-confira-a-agenda-do-flamengo\/#primaryimage\"},\"image\":{\"@id\":\"https:\/\/www.gaveanews.com\/index.php\/2022\/02\/03\/cbf-define-tabela-do-brasileirao-2022-confira-a-agenda-do-flamengo\/#primaryimage\"},\"thumbnailUrl\":\"https:\/\/www.gaveanews.com\/wp-content\/uploads\/Taca-do-Campeonato-Brasileiro-com-uma-carta-assinada-pelo-presidente-da-CBF.webp\",\"datePublished\":\"2022-02-03T15:43:57+00:00\",\"dateModified\":\"2022-02-03T15:51:30+00:00\",\"author\":{\"@id\":\"https:\/\/www.gaveanews.com\/#\/schema\/person\/714c67050b836198af2450ba1c142a67\"},\"breadcrumb\":{\"@id\":\"https:\/\/www.gaveanews.com\/index.php\/2022\/02\/03\/cbf-define-tabela-do-brasileirao-2022-confira-a-agenda-do-flamengo\/#breadcrumb\"},\"inLanguage\":\"pt-BR\",\"potentialAction\":[{\"@type\":\"ReadAction\",\"target\":[\"https:\/\/www.gaveanews.com\/index.php\/2022\/02\/03\/cbf-define-tabela-do-brasileirao-2022-confira-a-agenda-do-flamengo\/\"]}]},{\"@type\":\"ImageObject\",\"inLanguage\":\"pt-BR\",\"@id\":\"https:\/\/www.gaveanews.com\/index.php\/2022\/02\/03\/cbf-define-tabela-do-brasileirao-2022-confira-a-agenda-do-flamengo\/#primaryimage\",\"url\":\"https:\/\/www.gaveanews.com\/wp-content\/uploads\/Taca-do-Campeonato-Brasileiro-com-uma-carta-assinada-pelo-presidente-da-CBF.webp\",\"contentUrl\":\"https:\/\/www.gaveanews.com\/wp-content\/uploads\/Taca-do-Campeonato-Brasileiro-com-uma-carta-assinada-pelo-presidente-da-CBF.webp\",\"width\":800,\"height\":533,\"caption\":\"Ta\u00e7a do Campeonato Brasileiro com uma carta assinada pelo presidente da CBF (Foto: Marcelo Cortes\/Flamengo)\"},{\"@type\":\"BreadcrumbList\",\"@id\":\"https:\/\/www.gaveanews.com\/index.php\/2022\/02\/03\/cbf-define-tabela-do-brasileirao-2022-confira-a-agenda-do-flamengo\/#breadcrumb\",\"itemListElement\":[{\"@type\":\"ListItem\",\"position\":1,\"name\":\"Home\",\"item\":\"https:\/\/www.gaveanews.com\/\"},{\"@type\":\"ListItem\",\"position\":2,\"name\":\"CBF define tabela do Brasileir\u00e3o 2022; confira a agenda do Flamengo\"}]},{\"@type\":\"WebSite\",\"@id\":\"https:\/\/www.gaveanews.com\/#website\",\"url\":\"https:\/\/www.gaveanews.com\/\",\"name\":\"G\u00e1vea News\",\"description\":\"Veja todas as not\u00edcias sobre o Flamengo: Contrata\u00e7\u00f5es, categorias de base, resultados das partidas, tabela de classifica\u00e7\u00e3o, pr\u00f3ximos jogos!\",\"potentialAction\":[{\"@type\":\"SearchAction\",\"target\":{\"@type\":\"EntryPoint\",\"urlTemplate\":\"https:\/\/www.gaveanews.com\/?s={search_term_string}\"},\"query-input\":{\"@type\":\"PropertyValueSpecification\",\"valueRequired\":true,\"valueName\":\"search_term_string\"}}],\"inLanguage\":\"pt-BR\"},{\"@type\":\"Person\",\"@id\":\"https:\/\/www.gaveanews.com\/#\/schema\/person\/714c67050b836198af2450ba1c142a67\",\"name\":\"Let\u00edcia Gerheim\",\"image\":{\"@type\":\"ImageObject\",\"inLanguage\":\"pt-BR\",\"@id\":\"https:\/\/www.gaveanews.com\/#\/schema\/person\/image\/\",\"url\":\"https:\/\/secure.gravatar.com\/avatar\/60734739c50fcebfbac509e2a826ccd0ff405c019bc73aab9354f19ecad1dcb4?s=96&d=mm&r=g\",\"contentUrl\":\"https:\/\/secure.gravatar.com\/avatar\/60734739c50fcebfbac509e2a826ccd0ff405c019bc73aab9354f19ecad1dcb4?s=96&d=mm&r=g\",\"caption\":\"Let\u00edcia Gerheim\"}}]}<\/script>\n<!-- \/ Yoast SEO Premium plugin. -->","yoast_head_json":{"title":"CBF define tabela do Brasileir\u00e3o 2022; confira a agenda do Flamengo","robots":{"index":"index","follow":"follow","max-snippet":"max-snippet:-1","max-image-preview":"max-image-preview:large","max-video-preview":"max-video-preview:-1"},"canonical":"https:\/\/www.gaveanews.com\/index.php\/2022\/02\/03\/cbf-define-tabela-do-brasileirao-2022-confira-a-agenda-do-flamengo\/","og_locale":"pt_BR","og_type":"article","og_title":"CBF define tabela do Brasileir\u00e3o 2022; confira a agenda do Flamengo","og_description":"Ainda sem uma defini\u00e7\u00e3o pelo palco da Supercopa do Brasil, a CBF agiliza a organiza\u00e7\u00e3o do Campeonato Brasileiro 2022. Ap\u00f3s os dirigentes dos clubes derrubarem uma regra da competi\u00e7\u00e3o, a entidade divulgou a tabela desta edi\u00e7\u00e3o do torneio. O in\u00edcio do Brasileir\u00e3o est\u00e1 marcado para acontecer no dia 09 de abril, com o fim agendado [&hellip;]","og_url":"https:\/\/www.gaveanews.com\/index.php\/2022\/02\/03\/cbf-define-tabela-do-brasileirao-2022-confira-a-agenda-do-flamengo\/","og_site_name":"G\u00e1vea News","article_publisher":"https:\/\/facebook.com\/gaveaNews\/","article_published_time":"2022-02-03T15:43:57+00:00","article_modified_time":"2022-02-03T15:51:30+00:00","og_image":[{"width":800,"height":533,"url":"https:\/\/www.gaveanews.com\/wp-content\/uploads\/Taca-do-Campeonato-Brasileiro-com-uma-carta-assinada-pelo-presidente-da-CBF.webp","type":"image\/jpeg"}],"author":"Let\u00edcia Gerheim","twitter_card":"summary_large_image","twitter_misc":{"Escrito por":"Let\u00edcia Gerheim","Est. tempo de leitura":"3 minutos"},"schema":{"@context":"https:\/\/schema.org","@graph":[{"@type":"NewsArticle","@id":"https:\/\/www.gaveanews.com\/index.php\/2022\/02\/03\/cbf-define-tabela-do-brasileirao-2022-confira-a-agenda-do-flamengo\/#article","isPartOf":{"@id":"https:\/\/www.gaveanews.com\/index.php\/2022\/02\/03\/cbf-define-tabela-do-brasileirao-2022-confira-a-agenda-do-flamengo\/"},"author":{"name":"Let\u00edcia Gerheim","@id":"https:\/\/www.gaveanews.com\/#\/schema\/person\/714c67050b836198af2450ba1c142a67"},"headline":"CBF define tabela do Brasileir\u00e3o 2022; confira a agenda do Flamengo","datePublished":"2022-02-03T15:43:57+00:00","dateModified":"2022-02-03T15:51:30+00:00","mainEntityOfPage":{"@id":"https:\/\/www.gaveanews.com\/index.php\/2022\/02\/03\/cbf-define-tabela-do-brasileirao-2022-confira-a-agenda-do-flamengo\/"},"wordCount":346,"commentCount":5,"image":{"@id":"https:\/\/www.gaveanews.com\/index.php\/2022\/02\/03\/cbf-define-tabela-do-brasileirao-2022-confira-a-agenda-do-flamengo\/#primaryimage"},"thumbnailUrl":"https:\/\/www.gaveanews.com\/wp-content\/uploads\/Taca-do-Campeonato-Brasileiro-com-uma-carta-assinada-pelo-presidente-da-CBF.webp","articleSection":["Flamengo"],"inLanguage":"pt-BR","potentialAction":[{"@type":"CommentAction","name":"Comment","target":["https:\/\/www.gaveanews.com\/index.php\/2022\/02\/03\/cbf-define-tabela-do-brasileirao-2022-confira-a-agenda-do-flamengo\/#respond"]}],"copyrightYear":"2022","copyrightHolder":{"@id":"https:\/\/www.gaveanews.com\/#organization"}},{"@type":"WebPage","@id":"https:\/\/www.gaveanews.com\/index.php\/2022\/02\/03\/cbf-define-tabela-do-brasileirao-2022-confira-a-agenda-do-flamengo\/","url":"https:\/\/www.gaveanews.com\/index.php\/2022\/02\/03\/cbf-define-tabela-do-brasileirao-2022-confira-a-agenda-do-flamengo\/","name":"CBF define tabela do Brasileir\u00e3o 2022; confira a agenda do Flamengo","isPartOf":{"@id":"https:\/\/www.gaveanews.com\/#website"},"primaryImageOfPage":{"@id":"https:\/\/www.gaveanews.com\/index.php\/2022\/02\/03\/cbf-define-tabela-do-brasileirao-2022-confira-a-agenda-do-flamengo\/#primaryimage"},"image":{"@id":"https:\/\/www.gaveanews.com\/index.php\/2022\/02\/03\/cbf-define-tabela-do-brasileirao-2022-confira-a-agenda-do-flamengo\/#primaryimage"},"thumbnailUrl":"https:\/\/www.gaveanews.com\/wp-content\/uploads\/Taca-do-Campeonato-Brasileiro-com-uma-carta-assinada-pelo-presidente-da-CBF.webp","datePublished":"2022-02-03T15:43:57+00:00","dateModified":"2022-02-03T15:51:30+00:00","author":{"@id":"https:\/\/www.gaveanews.com\/#\/schema\/person\/714c67050b836198af2450ba1c142a67"},"breadcrumb":{"@id":"https:\/\/www.gaveanews.com\/index.php\/2022\/02\/03\/cbf-define-tabela-do-brasileirao-2022-confira-a-agenda-do-flamengo\/#breadcrumb"},"inLanguage":"pt-BR","potentialAction":[{"@type":"ReadAction","target":["https:\/\/www.gaveanews.com\/index.php\/2022\/02\/03\/cbf-define-tabela-do-brasileirao-2022-confira-a-agenda-do-flamengo\/"]}]},{"@type":"ImageObject","inLanguage":"pt-BR","@id":"https:\/\/www.gaveanews.com\/index.php\/2022\/02\/03\/cbf-define-tabela-do-brasileirao-2022-confira-a-agenda-do-flamengo\/#primaryimage","url":"https:\/\/www.gaveanews.com\/wp-content\/uploads\/Taca-do-Campeonato-Brasileiro-com-uma-carta-assinada-pelo-presidente-da-CBF.webp","contentUrl":"https:\/\/www.gaveanews.com\/wp-content\/uploads\/Taca-do-Campeonato-Brasileiro-com-uma-carta-assinada-pelo-presidente-da-CBF.webp","width":800,"height":533,"caption":"Ta\u00e7a do Campeonato Brasileiro com uma carta assinada pelo presidente da CBF (Foto: Marcelo Cortes\/Flamengo)"},{"@type":"BreadcrumbList","@id":"https:\/\/www.gaveanews.com\/index.php\/2022\/02\/03\/cbf-define-tabela-do-brasileirao-2022-confira-a-agenda-do-flamengo\/#breadcrumb","itemListElement":[{"@type":"ListItem","position":1,"name":"Home","item":"https:\/\/www.gaveanews.com\/"},{"@type":"ListItem","position":2,"name":"CBF define tabela do Brasileir\u00e3o 2022; confira a agenda do Flamengo"}]},{"@type":"WebSite","@id":"https:\/\/www.gaveanews.com\/#website","url":"https:\/\/www.gaveanews.com\/","name":"G\u00e1vea News","description":"Veja todas as not\u00edcias sobre o Flamengo: Contrata\u00e7\u00f5es, categorias de base, resultados das partidas, tabela de classifica\u00e7\u00e3o, pr\u00f3ximos jogos!","potentialAction":[{"@type":"SearchAction","target":{"@type":"EntryPoint","urlTemplate":"https:\/\/www.gaveanews.com\/?s={search_term_string}"},"query-input":{"@type":"PropertyValueSpecification","valueRequired":true,"valueName":"search_term_string"}}],"inLanguage":"pt-BR"},{"@type":"Person","@id":"https:\/\/www.gaveanews.com\/#\/schema\/person\/714c67050b836198af2450ba1c142a67","name":"Let\u00edcia Gerheim","image":{"@type":"ImageObject","inLanguage":"pt-BR","@id":"https:\/\/www.gaveanews.com\/#\/schema\/person\/image\/","url":"https:\/\/secure.gravatar.com\/avatar\/60734739c50fcebfbac509e2a826ccd0ff405c019bc73aab9354f19ecad1dcb4?s=96&d=mm&r=g","contentUrl":"https:\/\/secure.gravatar.com\/avatar\/60734739c50fcebfbac509e2a826ccd0ff405c019bc73aab9354f19ecad1dcb4?s=96&d=mm&r=g","caption":"Let\u00edcia Gerheim"}}]}},"_links":{"self":[{"href":"https:\/\/www.gaveanews.com\/index.php\/wp-json\/wp\/v2\/posts\/76071","targetHints":{"allow":["GET"]}}],"collection":[{"href":"https:\/\/www.gaveanews.com\/index.php\/wp-json\/wp\/v2\/posts"}],"about":[{"href":"https:\/\/www.gaveanews.com\/index.php\/wp-json\/wp\/v2\/types\/post"}],"author":[{"embeddable":true,"href":"https:\/\/www.gaveanews.com\/index.php\/wp-json\/wp\/v2\/users\/4"}],"replies":[{"embeddable":true,"href":"https:\/\/www.gaveanews.com\/index.php\/wp-json\/wp\/v2\/comments?post=76071"}],"version-history":[{"count":0,"href":"https:\/\/www.gaveanews.com\/index.php\/wp-json\/wp\/v2\/posts\/76071\/revisions"}],"wp:featuredmedia":[{"embeddable":true,"href":"https:\/\/www.gaveanews.com\/index.php\/wp-json\/wp\/v2\/media\/56703"}],"wp:attachment":[{"href":"https:\/\/www.gaveanews.com\/index.php\/wp-json\/wp\/v2\/media?parent=76071"}],"wp:term":[{"taxonomy":"category","embeddable":true,"href":"https:\/\/www.gaveanews.com\/index.php\/wp-json\/wp\/v2\/categories?post=76071"},{"taxonomy":"post_tag","embeddable":true,"href":"https:\/\/www.gaveanews.com\/index.php\/wp-json\/wp\/v2\/tags?post=76071"}],"curies":[{"name":"wp","href":"https:\/\/api.w.org\/{rel}","templated":true}]}}