{"id":76166,"date":"2022-02-06T14:59:57","date_gmt":"2022-02-06T17:59:57","guid":{"rendered":"https:\/\/www.gaveanews.com\/?p=76166"},"modified":"2022-02-06T15:05:25","modified_gmt":"2022-02-06T18:05:25","slug":"saiu-confira-a-escalacao-do-flamengo-para-a-partida-contra-o-fluminense-6","status":"publish","type":"post","link":"https:\/\/www.gaveanews.com\/index.php\/2022\/02\/06\/saiu-confira-a-escalacao-do-flamengo-para-a-partida-contra-o-fluminense-6\/","title":{"rendered":"Saiu! Confira a escala\u00e7\u00e3o do Flamengo para a partida contra o Fluminense"},"content":{"rendered":"\n<p>Daqui a pouco, \u00e0s 16h (hor\u00e1rio de Bras\u00edlia), o Flamengo ir\u00e1 a campo pela quarta rodada da Ta\u00e7a Guanabara, fase inicial do Campeonato Carioca. O Meng\u00e3o enfrentar\u00e1 o Fluminense no primeiro cl\u00e1ssico da temporada em busca de se manter invicto no estadual.<\/p>\n\n\n\n<p><a href=\"https:\/\/www.gaveanews.com\/index.php\/2022\/01\/24\/maracana-atualiza-situacao-da-reforma-do-gramado-veja-foto\/\">Sem poder utilizar o Maracan\u00e3<\/a>, o confronto ocorrer\u00e1 no Est\u00e1dio Nilton Santos, o Engenh\u00e3o, que contar\u00e1 com a presen\u00e7a da torcida rubro-negra. <strong>Confira <strong>abaixo<\/strong> as principais informa\u00e7\u00f5es sobre o jogo:<\/strong><\/p>\n\n\n\n<h2 class=\"wp-block-heading\" id=\"h-transmissao\">Transmiss\u00e3o:<\/h2>\n\n\n\n<p>O portal <a href=\"http:\/\/gaveanews.com\">GaveaNews.com<\/a> ir\u00e1 transmitir o jogo ao vivo, de gra\u00e7a, e com imagens! <\/p>\n\n\n\n<h2 class=\"wp-block-heading\" id=\"h-retrospecto\">Retrospecto:<\/h2>\n\n\n\n<p>No \u00faltimo ano, o Flamengo n\u00e3o teve muita sorte em seus jogos contra este rival pelo Campeonato Brasileiro. No primeiro turno, o Fluminense venceu a partida por 1 a 0. J\u00e1 no segundo, o placar final foi de 3 a 1 para o Tricolor.<\/p>\n\n\n\n<h2 class=\"wp-block-heading\" id=\"h-desfalques\">Desfalques:<\/h2>\n\n\n\n<p>Rodrigo Caio se recupera de complica\u00e7\u00f5es da cirurgia feita em dezembro. Ramon tamb\u00e9m est\u00e1 entregue ao DM para tratar les\u00e3o muscular. Diego Alves sentiu dores no joelho esquerdo no decorrer da semana e segue de fora.<\/p>\n\n\n\n<p>J\u00e1 David Luiz e Bruno Henrique n\u00e3o est\u00e3o lesionados, por\u00e9m apresentaram desgaste muscular e foram poupados.<\/p>\n\n\n\n<h2 class=\"wp-block-heading\" id=\"h-escalacao-oficial\">Escala\u00e7\u00e3o oficial:<\/h2>\n\n\n\n<p>Hugo Souza, Rodinei, Gustavo Henrique, L\u00e9o Pereira e Filipe Lu\u00eds; Willian Ar\u00e3o, Andreas Pereira e Everton Ribeiro; Diego Ribas e Giorgian De Arrascaeta; Gabi.<\/p>\n\n\n\n<h2 class=\"wp-block-heading\" id=\"h-banco-de-reservas\">Banco de reservas:<\/h2>\n\n\n\n<p>Matheus Cunha, Isla, Matheuzinho, Noga, Cleiton, Ren\u00ea, Jo\u00e3o Gomes, Thiago Maia, Marinho, L\u00e1zaro, Vitinho e Pedro.<\/p>\n\n\n\n<h2 class=\"wp-block-heading\" id=\"h-capitao-do-flamengo\">Capit\u00e3o do Flamengo:<\/h2>\n\n\n\n<p>O meia Diego Ribas ser\u00e1 o capit\u00e3o do Flamengo.<\/p>\n\n\n\n<h2 class=\"wp-block-heading\" id=\"h-proximo-compromisso\">Pr\u00f3ximo compromisso:<\/h2>\n\n\n\n<p>O Mais Querido voltar\u00e1 a campo nesta quinta-feira (10), em confronto contra o Audax Rio pela quinta rodada da Ta\u00e7a Guanabara. A partida ocorrer\u00e1 no Raulino de Oliveira, \u00e0s 19h (hor\u00e1rio de Bras\u00edlia).<\/p>\n","protected":false},"excerpt":{"rendered":"<p>Daqui a pouco, \u00e0s 16h (hor\u00e1rio de Bras\u00edlia), o Flamengo ir\u00e1 a campo pela quarta rodada da Ta\u00e7a Guanabara, fase inicial do Campeonato Carioca. O Meng\u00e3o enfrentar\u00e1 o Fluminense no primeiro cl\u00e1ssico da temporada em busca de se manter invicto no estadual. Sem poder utilizar o Maracan\u00e3, o confronto ocorrer\u00e1 no Est\u00e1dio Nilton Santos, o [&hellip;]<\/p>\n","protected":false},"author":4,"featured_media":30000,"comment_status":"open","ping_status":"closed","sticky":false,"template":"","format":"standard","meta":{"footnotes":""},"categories":[1],"tags":[],"class_list":["post-76166","post","type-post","status-publish","format-standard","has-post-thumbnail","hentry","category-flamengo"],"yoast_head":"<!-- This site is optimized with the Yoast SEO Premium plugin v24.2 (Yoast SEO v26.9) - https:\/\/yoast.com\/product\/yoast-seo-premium-wordpress\/ -->\n<title>Saiu! Confira a escala\u00e7\u00e3o do Flamengo para a partida contra o Fluminense<\/title>\n<meta name=\"robots\" content=\"index, follow, max-snippet:-1, max-image-preview:large, max-video-preview:-1\" \/>\n<link rel=\"canonical\" href=\"https:\/\/www.gaveanews.com\/index.php\/2022\/02\/06\/saiu-confira-a-escalacao-do-flamengo-para-a-partida-contra-o-fluminense-6\/\" \/>\n<meta property=\"og:locale\" content=\"pt_BR\" \/>\n<meta property=\"og:type\" content=\"article\" \/>\n<meta property=\"og:title\" content=\"Saiu! Confira a escala\u00e7\u00e3o do Flamengo para a partida contra o Fluminense\" \/>\n<meta property=\"og:description\" content=\"Daqui a pouco, \u00e0s 16h (hor\u00e1rio de Bras\u00edlia), o Flamengo ir\u00e1 a campo pela quarta rodada da Ta\u00e7a Guanabara, fase inicial do Campeonato Carioca. O Meng\u00e3o enfrentar\u00e1 o Fluminense no primeiro cl\u00e1ssico da temporada em busca de se manter invicto no estadual. Sem poder utilizar o Maracan\u00e3, o confronto ocorrer\u00e1 no Est\u00e1dio Nilton Santos, o [&hellip;]\" \/>\n<meta property=\"og:url\" content=\"https:\/\/www.gaveanews.com\/index.php\/2022\/02\/06\/saiu-confira-a-escalacao-do-flamengo-para-a-partida-contra-o-fluminense-6\/\" \/>\n<meta property=\"og:site_name\" content=\"G\u00e1vea News\" \/>\n<meta property=\"article:publisher\" content=\"https:\/\/facebook.com\/gaveaNews\/\" \/>\n<meta property=\"article:published_time\" content=\"2022-02-06T17:59:57+00:00\" \/>\n<meta property=\"article:modified_time\" content=\"2022-02-06T18:05:25+00:00\" \/>\n<meta property=\"og:image\" content=\"https:\/\/www.gaveanews.com\/wp-content\/uploads\/Escalacao-oficial-do-Flamengo.webp\" \/>\n\t<meta property=\"og:image:width\" content=\"1\" \/>\n\t<meta property=\"og:image:height\" content=\"1\" \/>\n\t<meta property=\"og:image:type\" content=\"image\/jpeg\" \/>\n<meta name=\"author\" content=\"Let\u00edcia Gerheim\" \/>\n<meta name=\"twitter:card\" content=\"summary_large_image\" \/>\n<meta name=\"twitter:label1\" content=\"Escrito por\" \/>\n\t<meta name=\"twitter:data1\" content=\"Let\u00edcia Gerheim\" \/>\n\t<meta name=\"twitter:label2\" content=\"Est. tempo de leitura\" \/>\n\t<meta name=\"twitter:data2\" content=\"2 minutos\" \/>\n<script type=\"application\/ld+json\" class=\"yoast-schema-graph\">{\"@context\":\"https:\/\/schema.org\",\"@graph\":[{\"@type\":\"NewsArticle\",\"@id\":\"https:\/\/www.gaveanews.com\/index.php\/2022\/02\/06\/saiu-confira-a-escalacao-do-flamengo-para-a-partida-contra-o-fluminense-6\/#article\",\"isPartOf\":{\"@id\":\"https:\/\/www.gaveanews.com\/index.php\/2022\/02\/06\/saiu-confira-a-escalacao-do-flamengo-para-a-partida-contra-o-fluminense-6\/\"},\"author\":{\"name\":\"Let\u00edcia Gerheim\",\"@id\":\"https:\/\/www.gaveanews.com\/#\/schema\/person\/714c67050b836198af2450ba1c142a67\"},\"headline\":\"Saiu! Confira a escala\u00e7\u00e3o do Flamengo para a partida contra o Fluminense\",\"datePublished\":\"2022-02-06T17:59:57+00:00\",\"dateModified\":\"2022-02-06T18:05:25+00:00\",\"mainEntityOfPage\":{\"@id\":\"https:\/\/www.gaveanews.com\/index.php\/2022\/02\/06\/saiu-confira-a-escalacao-do-flamengo-para-a-partida-contra-o-fluminense-6\/\"},\"wordCount\":316,\"commentCount\":62,\"image\":{\"@id\":\"https:\/\/www.gaveanews.com\/index.php\/2022\/02\/06\/saiu-confira-a-escalacao-do-flamengo-para-a-partida-contra-o-fluminense-6\/#primaryimage\"},\"thumbnailUrl\":\"https:\/\/www.gaveanews.com\/wp-content\/uploads\/Escalacao-oficial-do-Flamengo.webp\",\"articleSection\":[\"Flamengo\"],\"inLanguage\":\"pt-BR\",\"potentialAction\":[{\"@type\":\"CommentAction\",\"name\":\"Comment\",\"target\":[\"https:\/\/www.gaveanews.com\/index.php\/2022\/02\/06\/saiu-confira-a-escalacao-do-flamengo-para-a-partida-contra-o-fluminense-6\/#respond\"]}],\"copyrightYear\":\"2022\",\"copyrightHolder\":{\"@id\":\"https:\/\/www.gaveanews.com\/#organization\"}},{\"@type\":\"WebPage\",\"@id\":\"https:\/\/www.gaveanews.com\/index.php\/2022\/02\/06\/saiu-confira-a-escalacao-do-flamengo-para-a-partida-contra-o-fluminense-6\/\",\"url\":\"https:\/\/www.gaveanews.com\/index.php\/2022\/02\/06\/saiu-confira-a-escalacao-do-flamengo-para-a-partida-contra-o-fluminense-6\/\",\"name\":\"Saiu! Confira a escala\u00e7\u00e3o do Flamengo para a partida contra o Fluminense\",\"isPartOf\":{\"@id\":\"https:\/\/www.gaveanews.com\/#website\"},\"primaryImageOfPage\":{\"@id\":\"https:\/\/www.gaveanews.com\/index.php\/2022\/02\/06\/saiu-confira-a-escalacao-do-flamengo-para-a-partida-contra-o-fluminense-6\/#primaryimage\"},\"image\":{\"@id\":\"https:\/\/www.gaveanews.com\/index.php\/2022\/02\/06\/saiu-confira-a-escalacao-do-flamengo-para-a-partida-contra-o-fluminense-6\/#primaryimage\"},\"thumbnailUrl\":\"https:\/\/www.gaveanews.com\/wp-content\/uploads\/Escalacao-oficial-do-Flamengo.webp\",\"datePublished\":\"2022-02-06T17:59:57+00:00\",\"dateModified\":\"2022-02-06T18:05:25+00:00\",\"author\":{\"@id\":\"https:\/\/www.gaveanews.com\/#\/schema\/person\/714c67050b836198af2450ba1c142a67\"},\"breadcrumb\":{\"@id\":\"https:\/\/www.gaveanews.com\/index.php\/2022\/02\/06\/saiu-confira-a-escalacao-do-flamengo-para-a-partida-contra-o-fluminense-6\/#breadcrumb\"},\"inLanguage\":\"pt-BR\",\"potentialAction\":[{\"@type\":\"ReadAction\",\"target\":[\"https:\/\/www.gaveanews.com\/index.php\/2022\/02\/06\/saiu-confira-a-escalacao-do-flamengo-para-a-partida-contra-o-fluminense-6\/\"]}]},{\"@type\":\"ImageObject\",\"inLanguage\":\"pt-BR\",\"@id\":\"https:\/\/www.gaveanews.com\/index.php\/2022\/02\/06\/saiu-confira-a-escalacao-do-flamengo-para-a-partida-contra-o-fluminense-6\/#primaryimage\",\"url\":\"https:\/\/www.gaveanews.com\/wp-content\/uploads\/Escalacao-oficial-do-Flamengo.webp\",\"contentUrl\":\"https:\/\/www.gaveanews.com\/wp-content\/uploads\/Escalacao-oficial-do-Flamengo.webp\",\"caption\":\"Confira a escala\u00e7\u00e3o oficial do Flamengo (Ilustra\u00e7\u00e3o: Editoria de Arte\/GaveaNews.com)\"},{\"@type\":\"BreadcrumbList\",\"@id\":\"https:\/\/www.gaveanews.com\/index.php\/2022\/02\/06\/saiu-confira-a-escalacao-do-flamengo-para-a-partida-contra-o-fluminense-6\/#breadcrumb\",\"itemListElement\":[{\"@type\":\"ListItem\",\"position\":1,\"name\":\"Home\",\"item\":\"https:\/\/www.gaveanews.com\/\"},{\"@type\":\"ListItem\",\"position\":2,\"name\":\"Saiu! Confira a escala\u00e7\u00e3o do Flamengo para a partida contra o Fluminense\"}]},{\"@type\":\"WebSite\",\"@id\":\"https:\/\/www.gaveanews.com\/#website\",\"url\":\"https:\/\/www.gaveanews.com\/\",\"name\":\"G\u00e1vea News\",\"description\":\"Veja todas as not\u00edcias sobre o Flamengo: Contrata\u00e7\u00f5es, categorias de base, resultados das partidas, tabela de classifica\u00e7\u00e3o, pr\u00f3ximos jogos!\",\"potentialAction\":[{\"@type\":\"SearchAction\",\"target\":{\"@type\":\"EntryPoint\",\"urlTemplate\":\"https:\/\/www.gaveanews.com\/?s={search_term_string}\"},\"query-input\":{\"@type\":\"PropertyValueSpecification\",\"valueRequired\":true,\"valueName\":\"search_term_string\"}}],\"inLanguage\":\"pt-BR\"},{\"@type\":\"Person\",\"@id\":\"https:\/\/www.gaveanews.com\/#\/schema\/person\/714c67050b836198af2450ba1c142a67\",\"name\":\"Let\u00edcia Gerheim\",\"image\":{\"@type\":\"ImageObject\",\"inLanguage\":\"pt-BR\",\"@id\":\"https:\/\/www.gaveanews.com\/#\/schema\/person\/image\/\",\"url\":\"https:\/\/secure.gravatar.com\/avatar\/60734739c50fcebfbac509e2a826ccd0ff405c019bc73aab9354f19ecad1dcb4?s=96&d=mm&r=g\",\"contentUrl\":\"https:\/\/secure.gravatar.com\/avatar\/60734739c50fcebfbac509e2a826ccd0ff405c019bc73aab9354f19ecad1dcb4?s=96&d=mm&r=g\",\"caption\":\"Let\u00edcia Gerheim\"}}]}<\/script>\n<!-- \/ Yoast SEO Premium plugin. -->","yoast_head_json":{"title":"Saiu! Confira a escala\u00e7\u00e3o do Flamengo para a partida contra o Fluminense","robots":{"index":"index","follow":"follow","max-snippet":"max-snippet:-1","max-image-preview":"max-image-preview:large","max-video-preview":"max-video-preview:-1"},"canonical":"https:\/\/www.gaveanews.com\/index.php\/2022\/02\/06\/saiu-confira-a-escalacao-do-flamengo-para-a-partida-contra-o-fluminense-6\/","og_locale":"pt_BR","og_type":"article","og_title":"Saiu! Confira a escala\u00e7\u00e3o do Flamengo para a partida contra o Fluminense","og_description":"Daqui a pouco, \u00e0s 16h (hor\u00e1rio de Bras\u00edlia), o Flamengo ir\u00e1 a campo pela quarta rodada da Ta\u00e7a Guanabara, fase inicial do Campeonato Carioca. O Meng\u00e3o enfrentar\u00e1 o Fluminense no primeiro cl\u00e1ssico da temporada em busca de se manter invicto no estadual. Sem poder utilizar o Maracan\u00e3, o confronto ocorrer\u00e1 no Est\u00e1dio Nilton Santos, o [&hellip;]","og_url":"https:\/\/www.gaveanews.com\/index.php\/2022\/02\/06\/saiu-confira-a-escalacao-do-flamengo-para-a-partida-contra-o-fluminense-6\/","og_site_name":"G\u00e1vea News","article_publisher":"https:\/\/facebook.com\/gaveaNews\/","article_published_time":"2022-02-06T17:59:57+00:00","article_modified_time":"2022-02-06T18:05:25+00:00","og_image":[{"url":"https:\/\/www.gaveanews.com\/wp-content\/uploads\/Escalacao-oficial-do-Flamengo.webp","width":1,"height":1,"type":"image\/jpeg"}],"author":"Let\u00edcia Gerheim","twitter_card":"summary_large_image","twitter_misc":{"Escrito por":"Let\u00edcia Gerheim","Est. tempo de leitura":"2 minutos"},"schema":{"@context":"https:\/\/schema.org","@graph":[{"@type":"NewsArticle","@id":"https:\/\/www.gaveanews.com\/index.php\/2022\/02\/06\/saiu-confira-a-escalacao-do-flamengo-para-a-partida-contra-o-fluminense-6\/#article","isPartOf":{"@id":"https:\/\/www.gaveanews.com\/index.php\/2022\/02\/06\/saiu-confira-a-escalacao-do-flamengo-para-a-partida-contra-o-fluminense-6\/"},"author":{"name":"Let\u00edcia Gerheim","@id":"https:\/\/www.gaveanews.com\/#\/schema\/person\/714c67050b836198af2450ba1c142a67"},"headline":"Saiu! Confira a escala\u00e7\u00e3o do Flamengo para a partida contra o Fluminense","datePublished":"2022-02-06T17:59:57+00:00","dateModified":"2022-02-06T18:05:25+00:00","mainEntityOfPage":{"@id":"https:\/\/www.gaveanews.com\/index.php\/2022\/02\/06\/saiu-confira-a-escalacao-do-flamengo-para-a-partida-contra-o-fluminense-6\/"},"wordCount":316,"commentCount":62,"image":{"@id":"https:\/\/www.gaveanews.com\/index.php\/2022\/02\/06\/saiu-confira-a-escalacao-do-flamengo-para-a-partida-contra-o-fluminense-6\/#primaryimage"},"thumbnailUrl":"https:\/\/www.gaveanews.com\/wp-content\/uploads\/Escalacao-oficial-do-Flamengo.webp","articleSection":["Flamengo"],"inLanguage":"pt-BR","potentialAction":[{"@type":"CommentAction","name":"Comment","target":["https:\/\/www.gaveanews.com\/index.php\/2022\/02\/06\/saiu-confira-a-escalacao-do-flamengo-para-a-partida-contra-o-fluminense-6\/#respond"]}],"copyrightYear":"2022","copyrightHolder":{"@id":"https:\/\/www.gaveanews.com\/#organization"}},{"@type":"WebPage","@id":"https:\/\/www.gaveanews.com\/index.php\/2022\/02\/06\/saiu-confira-a-escalacao-do-flamengo-para-a-partida-contra-o-fluminense-6\/","url":"https:\/\/www.gaveanews.com\/index.php\/2022\/02\/06\/saiu-confira-a-escalacao-do-flamengo-para-a-partida-contra-o-fluminense-6\/","name":"Saiu! Confira a escala\u00e7\u00e3o do Flamengo para a partida contra o Fluminense","isPartOf":{"@id":"https:\/\/www.gaveanews.com\/#website"},"primaryImageOfPage":{"@id":"https:\/\/www.gaveanews.com\/index.php\/2022\/02\/06\/saiu-confira-a-escalacao-do-flamengo-para-a-partida-contra-o-fluminense-6\/#primaryimage"},"image":{"@id":"https:\/\/www.gaveanews.com\/index.php\/2022\/02\/06\/saiu-confira-a-escalacao-do-flamengo-para-a-partida-contra-o-fluminense-6\/#primaryimage"},"thumbnailUrl":"https:\/\/www.gaveanews.com\/wp-content\/uploads\/Escalacao-oficial-do-Flamengo.webp","datePublished":"2022-02-06T17:59:57+00:00","dateModified":"2022-02-06T18:05:25+00:00","author":{"@id":"https:\/\/www.gaveanews.com\/#\/schema\/person\/714c67050b836198af2450ba1c142a67"},"breadcrumb":{"@id":"https:\/\/www.gaveanews.com\/index.php\/2022\/02\/06\/saiu-confira-a-escalacao-do-flamengo-para-a-partida-contra-o-fluminense-6\/#breadcrumb"},"inLanguage":"pt-BR","potentialAction":[{"@type":"ReadAction","target":["https:\/\/www.gaveanews.com\/index.php\/2022\/02\/06\/saiu-confira-a-escalacao-do-flamengo-para-a-partida-contra-o-fluminense-6\/"]}]},{"@type":"ImageObject","inLanguage":"pt-BR","@id":"https:\/\/www.gaveanews.com\/index.php\/2022\/02\/06\/saiu-confira-a-escalacao-do-flamengo-para-a-partida-contra-o-fluminense-6\/#primaryimage","url":"https:\/\/www.gaveanews.com\/wp-content\/uploads\/Escalacao-oficial-do-Flamengo.webp","contentUrl":"https:\/\/www.gaveanews.com\/wp-content\/uploads\/Escalacao-oficial-do-Flamengo.webp","caption":"Confira a escala\u00e7\u00e3o oficial do Flamengo (Ilustra\u00e7\u00e3o: Editoria de Arte\/GaveaNews.com)"},{"@type":"BreadcrumbList","@id":"https:\/\/www.gaveanews.com\/index.php\/2022\/02\/06\/saiu-confira-a-escalacao-do-flamengo-para-a-partida-contra-o-fluminense-6\/#breadcrumb","itemListElement":[{"@type":"ListItem","position":1,"name":"Home","item":"https:\/\/www.gaveanews.com\/"},{"@type":"ListItem","position":2,"name":"Saiu! Confira a escala\u00e7\u00e3o do Flamengo para a partida contra o Fluminense"}]},{"@type":"WebSite","@id":"https:\/\/www.gaveanews.com\/#website","url":"https:\/\/www.gaveanews.com\/","name":"G\u00e1vea News","description":"Veja todas as not\u00edcias sobre o Flamengo: Contrata\u00e7\u00f5es, categorias de base, resultados das partidas, tabela de classifica\u00e7\u00e3o, pr\u00f3ximos jogos!","potentialAction":[{"@type":"SearchAction","target":{"@type":"EntryPoint","urlTemplate":"https:\/\/www.gaveanews.com\/?s={search_term_string}"},"query-input":{"@type":"PropertyValueSpecification","valueRequired":true,"valueName":"search_term_string"}}],"inLanguage":"pt-BR"},{"@type":"Person","@id":"https:\/\/www.gaveanews.com\/#\/schema\/person\/714c67050b836198af2450ba1c142a67","name":"Let\u00edcia Gerheim","image":{"@type":"ImageObject","inLanguage":"pt-BR","@id":"https:\/\/www.gaveanews.com\/#\/schema\/person\/image\/","url":"https:\/\/secure.gravatar.com\/avatar\/60734739c50fcebfbac509e2a826ccd0ff405c019bc73aab9354f19ecad1dcb4?s=96&d=mm&r=g","contentUrl":"https:\/\/secure.gravatar.com\/avatar\/60734739c50fcebfbac509e2a826ccd0ff405c019bc73aab9354f19ecad1dcb4?s=96&d=mm&r=g","caption":"Let\u00edcia Gerheim"}}]}},"_links":{"self":[{"href":"https:\/\/www.gaveanews.com\/index.php\/wp-json\/wp\/v2\/posts\/76166","targetHints":{"allow":["GET"]}}],"collection":[{"href":"https:\/\/www.gaveanews.com\/index.php\/wp-json\/wp\/v2\/posts"}],"about":[{"href":"https:\/\/www.gaveanews.com\/index.php\/wp-json\/wp\/v2\/types\/post"}],"author":[{"embeddable":true,"href":"https:\/\/www.gaveanews.com\/index.php\/wp-json\/wp\/v2\/users\/4"}],"replies":[{"embeddable":true,"href":"https:\/\/www.gaveanews.com\/index.php\/wp-json\/wp\/v2\/comments?post=76166"}],"version-history":[{"count":0,"href":"https:\/\/www.gaveanews.com\/index.php\/wp-json\/wp\/v2\/posts\/76166\/revisions"}],"wp:featuredmedia":[{"embeddable":true,"href":"https:\/\/www.gaveanews.com\/index.php\/wp-json\/wp\/v2\/media\/30000"}],"wp:attachment":[{"href":"https:\/\/www.gaveanews.com\/index.php\/wp-json\/wp\/v2\/media?parent=76166"}],"wp:term":[{"taxonomy":"category","embeddable":true,"href":"https:\/\/www.gaveanews.com\/index.php\/wp-json\/wp\/v2\/categories?post=76166"},{"taxonomy":"post_tag","embeddable":true,"href":"https:\/\/www.gaveanews.com\/index.php\/wp-json\/wp\/v2\/tags?post=76166"}],"curies":[{"name":"wp","href":"https:\/\/api.w.org\/{rel}","templated":true}]}}