{"id":76478,"date":"2022-02-10T08:32:34","date_gmt":"2022-02-10T11:32:34","guid":{"rendered":"https:\/\/www.gaveanews.com\/?p=76478"},"modified":"2022-02-10T08:32:38","modified_gmt":"2022-02-10T11:32:38","slug":"flamengo-mira-supercopa-e-segue-rodizio-no-estadual-para-evitar-lesoes","status":"publish","type":"post","link":"https:\/\/www.gaveanews.com\/index.php\/2022\/02\/10\/flamengo-mira-supercopa-e-segue-rodizio-no-estadual-para-evitar-lesoes\/","title":{"rendered":"Flamengo mira Supercopa e segue rod\u00edzio no Estadual para evitar les\u00f5es"},"content":{"rendered":"\n<p>O planejamento do Flamengo desde a chegada de Paulo Sousa, que completa um m\u00eas de trabalho, prev\u00ea um time mais capaz de corresponder \u00e0s novas ideias de forma gradativa. A meta inicial \u00e9 que o futebol apresentado tenha um salto de qualidade na parte coletiva e f\u00edsica at\u00e9 a final da Supercopa, contra o Atl\u00e9tico-MG, no dia 20, em Cuiab\u00e1. Por isso, o trabalho prioriza o rod\u00edzio de jogadores no Estadual, at\u00e9 agora usado como pr\u00e9-temporada nas primeiras rodadas da equipe principal. <\/p>\n\n\n\n<p>Hoje, contra o Audax, \u00e0s 19h, mais uma vez o t\u00e9cnico portugu\u00eas vai levar em considera\u00e7\u00e3o as respostas dos atletas aos exigentes treinamentos para definir quem vai para Volta Redonda e quem joga efetivamente.<\/p>\n\n\n\n<p>Nos dois primeiros jogos sob seu comando, Paulo Sousa utilizou 23 atletas no total. Alguns que atuaram contra o Boavista n\u00e3o jogaram diante do Fluminense. A forma\u00e7\u00e3o titular teve a repeti\u00e7\u00e3o apenas do goleiro Hugo e do zagueiro Gustavo Henrique. Al\u00e9m deles, Jo\u00e3o Gomes, Ar\u00e3o, Vitinho, \u00c9verton Ribeiro, Marinho e Gabigol tiveram minutos nas duas partidas. <\/p>\n\n\n\n<p>Desta vez, existe a expectativa de Diego Alves enfim fazer sua estreia na temporada ap\u00f3s desgaste f\u00edsico. Bruno Henrique, por sua vez, est\u00e1 vetado, com les\u00e3o muscular. E David Luiz pode ser preservado para n\u00e3o esticar demais a corda.<\/p>\n\n\n\n<p>Ao fazer escolhas para n\u00e3o arriscar perder jogadores por les\u00e3o, Paulo Sousa usou atletas em fun\u00e7\u00f5es que n\u00e3o desempenham bem h\u00e1 anos. Foi o caso de Diego, que atuou como meia centralizado. E Arrascaeta, que jogou de costas para o gol muitas vezes. <\/p>\n\n\n\n<p>O saldo diante do Fluminense foi um time desorganizado, nas palavras do pr\u00f3prio treinador. E a falta de organiza\u00e7\u00e3o gera, obrigatoriamente, um maior desgaste f\u00edsico. \u00c9 esse equil\u00edbrio que o novo comandante pretende encontrar nas pr\u00f3ximas rodadas. At\u00e9 definir, enfim, quem s\u00e3o os 11 titulares de sua prefer\u00eancia.<\/p>\n\n\n\n<p>Retirado de: Extra<\/p>\n","protected":false},"excerpt":{"rendered":"<p>O planejamento do Flamengo desde a chegada de Paulo Sousa, que completa um m\u00eas de trabalho, prev\u00ea um time mais capaz de corresponder \u00e0s novas ideias de forma gradativa. A meta inicial \u00e9 que o futebol apresentado tenha um salto de qualidade na parte coletiva e f\u00edsica at\u00e9 a final da Supercopa, contra o Atl\u00e9tico-MG, [&hellip;]<\/p>\n","protected":false},"author":1,"featured_media":49146,"comment_status":"open","ping_status":"closed","sticky":false,"template":"","format":"standard","meta":{"footnotes":""},"categories":[1],"tags":[],"class_list":["post-76478","post","type-post","status-publish","format-standard","has-post-thumbnail","hentry","category-flamengo"],"yoast_head":"<!-- This site is optimized with the Yoast SEO Premium plugin v24.2 (Yoast SEO v26.9) - https:\/\/yoast.com\/product\/yoast-seo-premium-wordpress\/ -->\n<title>Flamengo mira Supercopa e segue rod\u00edzio no Estadual para evitar les\u00f5es<\/title>\n<meta name=\"robots\" content=\"index, follow, max-snippet:-1, max-image-preview:large, max-video-preview:-1\" \/>\n<link rel=\"canonical\" href=\"https:\/\/www.gaveanews.com\/index.php\/2022\/02\/10\/flamengo-mira-supercopa-e-segue-rodizio-no-estadual-para-evitar-lesoes\/\" \/>\n<meta property=\"og:locale\" content=\"pt_BR\" \/>\n<meta property=\"og:type\" content=\"article\" \/>\n<meta property=\"og:title\" content=\"Flamengo mira Supercopa e segue rod\u00edzio no Estadual para evitar les\u00f5es\" \/>\n<meta property=\"og:description\" content=\"O planejamento do Flamengo desde a chegada de Paulo Sousa, que completa um m\u00eas de trabalho, prev\u00ea um time mais capaz de corresponder \u00e0s novas ideias de forma gradativa. A meta inicial \u00e9 que o futebol apresentado tenha um salto de qualidade na parte coletiva e f\u00edsica at\u00e9 a final da Supercopa, contra o Atl\u00e9tico-MG, [&hellip;]\" \/>\n<meta property=\"og:url\" content=\"https:\/\/www.gaveanews.com\/index.php\/2022\/02\/10\/flamengo-mira-supercopa-e-segue-rodizio-no-estadual-para-evitar-lesoes\/\" \/>\n<meta property=\"og:site_name\" content=\"G\u00e1vea News\" \/>\n<meta property=\"article:publisher\" content=\"https:\/\/facebook.com\/gaveaNews\/\" \/>\n<meta property=\"article:published_time\" content=\"2022-02-10T11:32:34+00:00\" \/>\n<meta property=\"article:modified_time\" content=\"2022-02-10T11:32:38+00:00\" \/>\n<meta property=\"og:image\" content=\"https:\/\/www.gaveanews.com\/wp-content\/uploads\/Elenco-do-Flamengo-em-partida-contra-Goias-no-Brasileiro.webp\" \/>\n\t<meta property=\"og:image:width\" content=\"640\" \/>\n\t<meta property=\"og:image:height\" content=\"400\" \/>\n\t<meta property=\"og:image:type\" content=\"image\/jpeg\" \/>\n<meta name=\"author\" content=\"Equipe G\u00e1vea News\" \/>\n<meta name=\"twitter:card\" content=\"summary_large_image\" \/>\n<meta name=\"twitter:label1\" content=\"Escrito por\" \/>\n\t<meta name=\"twitter:data1\" content=\"Equipe G\u00e1vea News\" \/>\n\t<meta name=\"twitter:label2\" content=\"Est. tempo de leitura\" \/>\n\t<meta name=\"twitter:data2\" content=\"2 minutos\" \/>\n<script type=\"application\/ld+json\" class=\"yoast-schema-graph\">{\"@context\":\"https:\/\/schema.org\",\"@graph\":[{\"@type\":\"NewsArticle\",\"@id\":\"https:\/\/www.gaveanews.com\/index.php\/2022\/02\/10\/flamengo-mira-supercopa-e-segue-rodizio-no-estadual-para-evitar-lesoes\/#article\",\"isPartOf\":{\"@id\":\"https:\/\/www.gaveanews.com\/index.php\/2022\/02\/10\/flamengo-mira-supercopa-e-segue-rodizio-no-estadual-para-evitar-lesoes\/\"},\"author\":{\"name\":\"Equipe G\u00e1vea News\",\"@id\":\"https:\/\/www.gaveanews.com\/#\/schema\/person\/2ec14f73fb96be2caf28f91afb14749d\"},\"headline\":\"Flamengo mira Supercopa e segue rod\u00edzio no Estadual para evitar les\u00f5es\",\"datePublished\":\"2022-02-10T11:32:34+00:00\",\"dateModified\":\"2022-02-10T11:32:38+00:00\",\"mainEntityOfPage\":{\"@id\":\"https:\/\/www.gaveanews.com\/index.php\/2022\/02\/10\/flamengo-mira-supercopa-e-segue-rodizio-no-estadual-para-evitar-lesoes\/\"},\"wordCount\":342,\"commentCount\":7,\"image\":{\"@id\":\"https:\/\/www.gaveanews.com\/index.php\/2022\/02\/10\/flamengo-mira-supercopa-e-segue-rodizio-no-estadual-para-evitar-lesoes\/#primaryimage\"},\"thumbnailUrl\":\"https:\/\/www.gaveanews.com\/wp-content\/uploads\/Elenco-do-Flamengo-em-partida-contra-Goias-no-Brasileiro.webp\",\"articleSection\":[\"Flamengo\"],\"inLanguage\":\"pt-BR\",\"potentialAction\":[{\"@type\":\"CommentAction\",\"name\":\"Comment\",\"target\":[\"https:\/\/www.gaveanews.com\/index.php\/2022\/02\/10\/flamengo-mira-supercopa-e-segue-rodizio-no-estadual-para-evitar-lesoes\/#respond\"]}],\"copyrightYear\":\"2022\",\"copyrightHolder\":{\"@id\":\"https:\/\/www.gaveanews.com\/#organization\"}},{\"@type\":\"WebPage\",\"@id\":\"https:\/\/www.gaveanews.com\/index.php\/2022\/02\/10\/flamengo-mira-supercopa-e-segue-rodizio-no-estadual-para-evitar-lesoes\/\",\"url\":\"https:\/\/www.gaveanews.com\/index.php\/2022\/02\/10\/flamengo-mira-supercopa-e-segue-rodizio-no-estadual-para-evitar-lesoes\/\",\"name\":\"Flamengo mira Supercopa e segue rod\u00edzio no Estadual para evitar les\u00f5es\",\"isPartOf\":{\"@id\":\"https:\/\/www.gaveanews.com\/#website\"},\"primaryImageOfPage\":{\"@id\":\"https:\/\/www.gaveanews.com\/index.php\/2022\/02\/10\/flamengo-mira-supercopa-e-segue-rodizio-no-estadual-para-evitar-lesoes\/#primaryimage\"},\"image\":{\"@id\":\"https:\/\/www.gaveanews.com\/index.php\/2022\/02\/10\/flamengo-mira-supercopa-e-segue-rodizio-no-estadual-para-evitar-lesoes\/#primaryimage\"},\"thumbnailUrl\":\"https:\/\/www.gaveanews.com\/wp-content\/uploads\/Elenco-do-Flamengo-em-partida-contra-Goias-no-Brasileiro.webp\",\"datePublished\":\"2022-02-10T11:32:34+00:00\",\"dateModified\":\"2022-02-10T11:32:38+00:00\",\"author\":{\"@id\":\"https:\/\/www.gaveanews.com\/#\/schema\/person\/2ec14f73fb96be2caf28f91afb14749d\"},\"breadcrumb\":{\"@id\":\"https:\/\/www.gaveanews.com\/index.php\/2022\/02\/10\/flamengo-mira-supercopa-e-segue-rodizio-no-estadual-para-evitar-lesoes\/#breadcrumb\"},\"inLanguage\":\"pt-BR\",\"potentialAction\":[{\"@type\":\"ReadAction\",\"target\":[\"https:\/\/www.gaveanews.com\/index.php\/2022\/02\/10\/flamengo-mira-supercopa-e-segue-rodizio-no-estadual-para-evitar-lesoes\/\"]}]},{\"@type\":\"ImageObject\",\"inLanguage\":\"pt-BR\",\"@id\":\"https:\/\/www.gaveanews.com\/index.php\/2022\/02\/10\/flamengo-mira-supercopa-e-segue-rodizio-no-estadual-para-evitar-lesoes\/#primaryimage\",\"url\":\"https:\/\/www.gaveanews.com\/wp-content\/uploads\/Elenco-do-Flamengo-em-partida-contra-Goias-no-Brasileiro.webp\",\"contentUrl\":\"https:\/\/www.gaveanews.com\/wp-content\/uploads\/Elenco-do-Flamengo-em-partida-contra-Goias-no-Brasileiro.webp\",\"width\":640,\"height\":400,\"caption\":\"Elenco do Flamengo em partida contra Goi\u00e1s no Brasileiro. (Foto: Alexandre Vidal\/Flamengo)\"},{\"@type\":\"BreadcrumbList\",\"@id\":\"https:\/\/www.gaveanews.com\/index.php\/2022\/02\/10\/flamengo-mira-supercopa-e-segue-rodizio-no-estadual-para-evitar-lesoes\/#breadcrumb\",\"itemListElement\":[{\"@type\":\"ListItem\",\"position\":1,\"name\":\"Home\",\"item\":\"https:\/\/www.gaveanews.com\/\"},{\"@type\":\"ListItem\",\"position\":2,\"name\":\"Flamengo mira Supercopa e segue rod\u00edzio no Estadual para evitar les\u00f5es\"}]},{\"@type\":\"WebSite\",\"@id\":\"https:\/\/www.gaveanews.com\/#website\",\"url\":\"https:\/\/www.gaveanews.com\/\",\"name\":\"G\u00e1vea News\",\"description\":\"Veja todas as not\u00edcias sobre o Flamengo: Contrata\u00e7\u00f5es, categorias de base, resultados das partidas, tabela de classifica\u00e7\u00e3o, pr\u00f3ximos jogos!\",\"potentialAction\":[{\"@type\":\"SearchAction\",\"target\":{\"@type\":\"EntryPoint\",\"urlTemplate\":\"https:\/\/www.gaveanews.com\/?s={search_term_string}\"},\"query-input\":{\"@type\":\"PropertyValueSpecification\",\"valueRequired\":true,\"valueName\":\"search_term_string\"}}],\"inLanguage\":\"pt-BR\"},{\"@type\":\"Person\",\"@id\":\"https:\/\/www.gaveanews.com\/#\/schema\/person\/2ec14f73fb96be2caf28f91afb14749d\",\"name\":\"Equipe G\u00e1vea News\",\"image\":{\"@type\":\"ImageObject\",\"inLanguage\":\"pt-BR\",\"@id\":\"https:\/\/www.gaveanews.com\/#\/schema\/person\/image\/\",\"url\":\"https:\/\/secure.gravatar.com\/avatar\/1e1956f1facbffd3f8fa53a326721950116b3b9dc9bd44939c01180fd4a745a9?s=96&d=mm&r=g\",\"contentUrl\":\"https:\/\/secure.gravatar.com\/avatar\/1e1956f1facbffd3f8fa53a326721950116b3b9dc9bd44939c01180fd4a745a9?s=96&d=mm&r=g\",\"caption\":\"Equipe G\u00e1vea News\"}}]}<\/script>\n<!-- \/ Yoast SEO Premium plugin. -->","yoast_head_json":{"title":"Flamengo mira Supercopa e segue rod\u00edzio no Estadual para evitar les\u00f5es","robots":{"index":"index","follow":"follow","max-snippet":"max-snippet:-1","max-image-preview":"max-image-preview:large","max-video-preview":"max-video-preview:-1"},"canonical":"https:\/\/www.gaveanews.com\/index.php\/2022\/02\/10\/flamengo-mira-supercopa-e-segue-rodizio-no-estadual-para-evitar-lesoes\/","og_locale":"pt_BR","og_type":"article","og_title":"Flamengo mira Supercopa e segue rod\u00edzio no Estadual para evitar les\u00f5es","og_description":"O planejamento do Flamengo desde a chegada de Paulo Sousa, que completa um m\u00eas de trabalho, prev\u00ea um time mais capaz de corresponder \u00e0s novas ideias de forma gradativa. A meta inicial \u00e9 que o futebol apresentado tenha um salto de qualidade na parte coletiva e f\u00edsica at\u00e9 a final da Supercopa, contra o Atl\u00e9tico-MG, [&hellip;]","og_url":"https:\/\/www.gaveanews.com\/index.php\/2022\/02\/10\/flamengo-mira-supercopa-e-segue-rodizio-no-estadual-para-evitar-lesoes\/","og_site_name":"G\u00e1vea News","article_publisher":"https:\/\/facebook.com\/gaveaNews\/","article_published_time":"2022-02-10T11:32:34+00:00","article_modified_time":"2022-02-10T11:32:38+00:00","og_image":[{"width":640,"height":400,"url":"https:\/\/www.gaveanews.com\/wp-content\/uploads\/Elenco-do-Flamengo-em-partida-contra-Goias-no-Brasileiro.webp","type":"image\/jpeg"}],"author":"Equipe G\u00e1vea News","twitter_card":"summary_large_image","twitter_misc":{"Escrito por":"Equipe G\u00e1vea News","Est. tempo de leitura":"2 minutos"},"schema":{"@context":"https:\/\/schema.org","@graph":[{"@type":"NewsArticle","@id":"https:\/\/www.gaveanews.com\/index.php\/2022\/02\/10\/flamengo-mira-supercopa-e-segue-rodizio-no-estadual-para-evitar-lesoes\/#article","isPartOf":{"@id":"https:\/\/www.gaveanews.com\/index.php\/2022\/02\/10\/flamengo-mira-supercopa-e-segue-rodizio-no-estadual-para-evitar-lesoes\/"},"author":{"name":"Equipe G\u00e1vea News","@id":"https:\/\/www.gaveanews.com\/#\/schema\/person\/2ec14f73fb96be2caf28f91afb14749d"},"headline":"Flamengo mira Supercopa e segue rod\u00edzio no Estadual para evitar les\u00f5es","datePublished":"2022-02-10T11:32:34+00:00","dateModified":"2022-02-10T11:32:38+00:00","mainEntityOfPage":{"@id":"https:\/\/www.gaveanews.com\/index.php\/2022\/02\/10\/flamengo-mira-supercopa-e-segue-rodizio-no-estadual-para-evitar-lesoes\/"},"wordCount":342,"commentCount":7,"image":{"@id":"https:\/\/www.gaveanews.com\/index.php\/2022\/02\/10\/flamengo-mira-supercopa-e-segue-rodizio-no-estadual-para-evitar-lesoes\/#primaryimage"},"thumbnailUrl":"https:\/\/www.gaveanews.com\/wp-content\/uploads\/Elenco-do-Flamengo-em-partida-contra-Goias-no-Brasileiro.webp","articleSection":["Flamengo"],"inLanguage":"pt-BR","potentialAction":[{"@type":"CommentAction","name":"Comment","target":["https:\/\/www.gaveanews.com\/index.php\/2022\/02\/10\/flamengo-mira-supercopa-e-segue-rodizio-no-estadual-para-evitar-lesoes\/#respond"]}],"copyrightYear":"2022","copyrightHolder":{"@id":"https:\/\/www.gaveanews.com\/#organization"}},{"@type":"WebPage","@id":"https:\/\/www.gaveanews.com\/index.php\/2022\/02\/10\/flamengo-mira-supercopa-e-segue-rodizio-no-estadual-para-evitar-lesoes\/","url":"https:\/\/www.gaveanews.com\/index.php\/2022\/02\/10\/flamengo-mira-supercopa-e-segue-rodizio-no-estadual-para-evitar-lesoes\/","name":"Flamengo mira Supercopa e segue rod\u00edzio no Estadual para evitar les\u00f5es","isPartOf":{"@id":"https:\/\/www.gaveanews.com\/#website"},"primaryImageOfPage":{"@id":"https:\/\/www.gaveanews.com\/index.php\/2022\/02\/10\/flamengo-mira-supercopa-e-segue-rodizio-no-estadual-para-evitar-lesoes\/#primaryimage"},"image":{"@id":"https:\/\/www.gaveanews.com\/index.php\/2022\/02\/10\/flamengo-mira-supercopa-e-segue-rodizio-no-estadual-para-evitar-lesoes\/#primaryimage"},"thumbnailUrl":"https:\/\/www.gaveanews.com\/wp-content\/uploads\/Elenco-do-Flamengo-em-partida-contra-Goias-no-Brasileiro.webp","datePublished":"2022-02-10T11:32:34+00:00","dateModified":"2022-02-10T11:32:38+00:00","author":{"@id":"https:\/\/www.gaveanews.com\/#\/schema\/person\/2ec14f73fb96be2caf28f91afb14749d"},"breadcrumb":{"@id":"https:\/\/www.gaveanews.com\/index.php\/2022\/02\/10\/flamengo-mira-supercopa-e-segue-rodizio-no-estadual-para-evitar-lesoes\/#breadcrumb"},"inLanguage":"pt-BR","potentialAction":[{"@type":"ReadAction","target":["https:\/\/www.gaveanews.com\/index.php\/2022\/02\/10\/flamengo-mira-supercopa-e-segue-rodizio-no-estadual-para-evitar-lesoes\/"]}]},{"@type":"ImageObject","inLanguage":"pt-BR","@id":"https:\/\/www.gaveanews.com\/index.php\/2022\/02\/10\/flamengo-mira-supercopa-e-segue-rodizio-no-estadual-para-evitar-lesoes\/#primaryimage","url":"https:\/\/www.gaveanews.com\/wp-content\/uploads\/Elenco-do-Flamengo-em-partida-contra-Goias-no-Brasileiro.webp","contentUrl":"https:\/\/www.gaveanews.com\/wp-content\/uploads\/Elenco-do-Flamengo-em-partida-contra-Goias-no-Brasileiro.webp","width":640,"height":400,"caption":"Elenco do Flamengo em partida contra Goi\u00e1s no Brasileiro. (Foto: Alexandre Vidal\/Flamengo)"},{"@type":"BreadcrumbList","@id":"https:\/\/www.gaveanews.com\/index.php\/2022\/02\/10\/flamengo-mira-supercopa-e-segue-rodizio-no-estadual-para-evitar-lesoes\/#breadcrumb","itemListElement":[{"@type":"ListItem","position":1,"name":"Home","item":"https:\/\/www.gaveanews.com\/"},{"@type":"ListItem","position":2,"name":"Flamengo mira Supercopa e segue rod\u00edzio no Estadual para evitar les\u00f5es"}]},{"@type":"WebSite","@id":"https:\/\/www.gaveanews.com\/#website","url":"https:\/\/www.gaveanews.com\/","name":"G\u00e1vea News","description":"Veja todas as not\u00edcias sobre o Flamengo: Contrata\u00e7\u00f5es, categorias de base, resultados das partidas, tabela de classifica\u00e7\u00e3o, pr\u00f3ximos jogos!","potentialAction":[{"@type":"SearchAction","target":{"@type":"EntryPoint","urlTemplate":"https:\/\/www.gaveanews.com\/?s={search_term_string}"},"query-input":{"@type":"PropertyValueSpecification","valueRequired":true,"valueName":"search_term_string"}}],"inLanguage":"pt-BR"},{"@type":"Person","@id":"https:\/\/www.gaveanews.com\/#\/schema\/person\/2ec14f73fb96be2caf28f91afb14749d","name":"Equipe G\u00e1vea News","image":{"@type":"ImageObject","inLanguage":"pt-BR","@id":"https:\/\/www.gaveanews.com\/#\/schema\/person\/image\/","url":"https:\/\/secure.gravatar.com\/avatar\/1e1956f1facbffd3f8fa53a326721950116b3b9dc9bd44939c01180fd4a745a9?s=96&d=mm&r=g","contentUrl":"https:\/\/secure.gravatar.com\/avatar\/1e1956f1facbffd3f8fa53a326721950116b3b9dc9bd44939c01180fd4a745a9?s=96&d=mm&r=g","caption":"Equipe G\u00e1vea News"}}]}},"_links":{"self":[{"href":"https:\/\/www.gaveanews.com\/index.php\/wp-json\/wp\/v2\/posts\/76478","targetHints":{"allow":["GET"]}}],"collection":[{"href":"https:\/\/www.gaveanews.com\/index.php\/wp-json\/wp\/v2\/posts"}],"about":[{"href":"https:\/\/www.gaveanews.com\/index.php\/wp-json\/wp\/v2\/types\/post"}],"author":[{"embeddable":true,"href":"https:\/\/www.gaveanews.com\/index.php\/wp-json\/wp\/v2\/users\/1"}],"replies":[{"embeddable":true,"href":"https:\/\/www.gaveanews.com\/index.php\/wp-json\/wp\/v2\/comments?post=76478"}],"version-history":[{"count":0,"href":"https:\/\/www.gaveanews.com\/index.php\/wp-json\/wp\/v2\/posts\/76478\/revisions"}],"wp:featuredmedia":[{"embeddable":true,"href":"https:\/\/www.gaveanews.com\/index.php\/wp-json\/wp\/v2\/media\/49146"}],"wp:attachment":[{"href":"https:\/\/www.gaveanews.com\/index.php\/wp-json\/wp\/v2\/media?parent=76478"}],"wp:term":[{"taxonomy":"category","embeddable":true,"href":"https:\/\/www.gaveanews.com\/index.php\/wp-json\/wp\/v2\/categories?post=76478"},{"taxonomy":"post_tag","embeddable":true,"href":"https:\/\/www.gaveanews.com\/index.php\/wp-json\/wp\/v2\/tags?post=76478"}],"curies":[{"name":"wp","href":"https:\/\/api.w.org\/{rel}","templated":true}]}}