{"id":76620,"date":"2022-02-12T13:16:22","date_gmt":"2022-02-12T16:16:22","guid":{"rendered":"https:\/\/www.gaveanews.com\/?p=76620"},"modified":"2022-02-12T13:16:27","modified_gmt":"2022-02-12T16:16:27","slug":"empresario-de-diego-alves-abre-conversas-com-o-mundo-arabe-flamengo-facilitara","status":"publish","type":"post","link":"https:\/\/www.gaveanews.com\/index.php\/2022\/02\/12\/empresario-de-diego-alves-abre-conversas-com-o-mundo-arabe-flamengo-facilitara\/","title":{"rendered":"Empres\u00e1rio de Diego Alves abre conversas com o mundo \u00e1rabe; Flamengo facilitar\u00e1"},"content":{"rendered":"\n<p>O ciclo de Diego Alves no Flamengo pode estar pr\u00f3ximo de acabar. Isso porque, o empres\u00e1rio do jogador abriu conversas com alguns clubes do mundo \u00e1rabe. Tal situa\u00e7\u00e3o justifica-se por v\u00e1rios fatores. A come\u00e7ar pelo fato da idade avan\u00e7ada de Diego. No dia 24 de junho ele ir\u00e1 completar 37 anos.<\/p>\n\n\n\n<p>Al\u00e9m dessa quest\u00e3o, o valor de seu sal\u00e1rio tamb\u00e9m pesa na balan\u00e7a. Embora o valor exato n\u00e3o tenha sido divulgado, o guarda-redes recebe mais 6 milh\u00f5es por temporada. Ou seja, mais de 500 mil reais por m\u00eas. <\/p>\n\n\n\n<p>E como o Flamengo est\u00e1 procurando a contrata\u00e7\u00e3o de um goleiro, a tend\u00eancia \u00e9 de que Diego se torne a terceira op\u00e7\u00e3o. Isso porque, Paulo Sousa entende que Hugo Souza t\u00eam grande potencial, mas neste exato momento ele n\u00e3o est\u00e1 pronto para assumir a titularidade do rubro-negro. Logo, Marcos Braz e Bruno Spindel visam a contrata\u00e7\u00e3o de um goleiro titular, e Hugo ser\u00e1 o reserva imediato.<\/p>\n\n\n\n<p>\u00c9 importante frisar que a carreira de Diego Alves possu\u00ed membros do staff do atacante <a href=\"https:\/\/www.gaveanews.com\/index.php\/2022\/01\/20\/agora-e-oficial-michael-e-vendido-pelo-flamengo-para-o-al-hilal\/\">Michael, que recentemente foi vendido pelo pr\u00f3prio Flamengo ao Al Hilal.<\/a> E caso uma proposta seja oficializada, a diretoria do Flamengo facilitar\u00e1 o neg\u00f3cio.<\/p>\n\n\n\n<p>Diego Alves chegou ao Flamengo em 2017. Anteriormente, ele defendia o Val\u00eancia. Na \u00e9poca, o Fla pagou 1 milh\u00e3o de reais na transa\u00e7\u00e3o. De l\u00e1, para c\u00e1, o camisa 1 vestiu o Manto Sagrado em 208 jogos. <\/p>\n\n\n\n<p>Sobre os t\u00edtulos, ele foi campe\u00e3o em v\u00e1rias oportunidades: Campeonato Carioca (2019, 2020 e 2021); Campeonato Brasileiro (2019 e 2020); Copa Libertadores (2019); Supercopa do Brasil (2020 e 2021); Recopa Sul-Americana (2020). <\/p>\n","protected":false},"excerpt":{"rendered":"<p>O ciclo de Diego Alves no Flamengo pode estar pr\u00f3ximo de acabar. Isso porque, o empres\u00e1rio do jogador abriu conversas com alguns clubes do mundo \u00e1rabe. Tal situa\u00e7\u00e3o justifica-se por v\u00e1rios fatores. A come\u00e7ar pelo fato da idade avan\u00e7ada de Diego. No dia 24 de junho ele ir\u00e1 completar 37 anos. Al\u00e9m dessa quest\u00e3o, o [&hellip;]<\/p>\n","protected":false},"author":2,"featured_media":28923,"comment_status":"open","ping_status":"closed","sticky":false,"template":"","format":"standard","meta":{"footnotes":""},"categories":[48],"tags":[],"class_list":["post-76620","post","type-post","status-publish","format-standard","has-post-thumbnail","hentry","category-negociacoes"],"yoast_head":"<!-- This site is optimized with the Yoast SEO Premium plugin v24.2 (Yoast SEO v26.9) - https:\/\/yoast.com\/product\/yoast-seo-premium-wordpress\/ -->\n<title>Agente de Diego Alves abre conversas com a Ar\u00e1bia; Flamengo facilitar\u00e1<\/title>\n<meta name=\"robots\" content=\"index, follow, max-snippet:-1, max-image-preview:large, max-video-preview:-1\" \/>\n<link rel=\"canonical\" href=\"https:\/\/www.gaveanews.com\/index.php\/2022\/02\/12\/empresario-de-diego-alves-abre-conversas-com-o-mundo-arabe-flamengo-facilitara\/\" \/>\n<meta property=\"og:locale\" content=\"pt_BR\" \/>\n<meta property=\"og:type\" content=\"article\" \/>\n<meta property=\"og:title\" content=\"Empres\u00e1rio de Diego Alves abre conversas com o mundo \u00e1rabe; Flamengo facilitar\u00e1\" \/>\n<meta property=\"og:description\" content=\"O ciclo de Diego Alves no Flamengo pode estar pr\u00f3ximo de acabar. Isso porque, o empres\u00e1rio do jogador abriu conversas com alguns clubes do mundo \u00e1rabe. Tal situa\u00e7\u00e3o justifica-se por v\u00e1rios fatores. A come\u00e7ar pelo fato da idade avan\u00e7ada de Diego. No dia 24 de junho ele ir\u00e1 completar 37 anos. Al\u00e9m dessa quest\u00e3o, o [&hellip;]\" \/>\n<meta property=\"og:url\" content=\"https:\/\/www.gaveanews.com\/index.php\/2022\/02\/12\/empresario-de-diego-alves-abre-conversas-com-o-mundo-arabe-flamengo-facilitara\/\" \/>\n<meta property=\"og:site_name\" content=\"G\u00e1vea News\" \/>\n<meta property=\"article:publisher\" content=\"https:\/\/facebook.com\/gaveaNews\/\" \/>\n<meta property=\"article:published_time\" content=\"2022-02-12T16:16:22+00:00\" \/>\n<meta property=\"article:modified_time\" content=\"2022-02-12T16:16:27+00:00\" \/>\n<meta property=\"og:image\" content=\"https:\/\/www.gaveanews.com\/wp-content\/uploads\/Goleiro-Diego-Alves-em-acao-pelo-Flamengo.webp\" \/>\n\t<meta property=\"og:image:width\" content=\"1\" \/>\n\t<meta property=\"og:image:height\" content=\"1\" \/>\n\t<meta property=\"og:image:type\" content=\"image\/jpeg\" \/>\n<meta name=\"author\" content=\"Hugo Nogueira\" \/>\n<meta name=\"twitter:card\" content=\"summary_large_image\" \/>\n<meta name=\"twitter:label1\" content=\"Escrito por\" \/>\n\t<meta name=\"twitter:data1\" content=\"Hugo Nogueira\" \/>\n\t<meta name=\"twitter:label2\" content=\"Est. tempo de leitura\" \/>\n\t<meta name=\"twitter:data2\" content=\"2 minutos\" \/>\n<script type=\"application\/ld+json\" class=\"yoast-schema-graph\">{\"@context\":\"https:\/\/schema.org\",\"@graph\":[{\"@type\":\"NewsArticle\",\"@id\":\"https:\/\/www.gaveanews.com\/index.php\/2022\/02\/12\/empresario-de-diego-alves-abre-conversas-com-o-mundo-arabe-flamengo-facilitara\/#article\",\"isPartOf\":{\"@id\":\"https:\/\/www.gaveanews.com\/index.php\/2022\/02\/12\/empresario-de-diego-alves-abre-conversas-com-o-mundo-arabe-flamengo-facilitara\/\"},\"author\":{\"name\":\"Hugo Nogueira\",\"@id\":\"https:\/\/www.gaveanews.com\/#\/schema\/person\/3a0372021fabaeec4e7e4242cfa27841\"},\"headline\":\"Empres\u00e1rio de Diego Alves abre conversas com o mundo \u00e1rabe; Flamengo facilitar\u00e1\",\"datePublished\":\"2022-02-12T16:16:22+00:00\",\"dateModified\":\"2022-02-12T16:16:27+00:00\",\"mainEntityOfPage\":{\"@id\":\"https:\/\/www.gaveanews.com\/index.php\/2022\/02\/12\/empresario-de-diego-alves-abre-conversas-com-o-mundo-arabe-flamengo-facilitara\/\"},\"wordCount\":284,\"commentCount\":12,\"image\":{\"@id\":\"https:\/\/www.gaveanews.com\/index.php\/2022\/02\/12\/empresario-de-diego-alves-abre-conversas-com-o-mundo-arabe-flamengo-facilitara\/#primaryimage\"},\"thumbnailUrl\":\"https:\/\/www.gaveanews.com\/wp-content\/uploads\/Goleiro-Diego-Alves-em-acao-pelo-Flamengo.webp\",\"articleSection\":[\"Negocia\u00e7\u00f5es\"],\"inLanguage\":\"pt-BR\",\"potentialAction\":[{\"@type\":\"CommentAction\",\"name\":\"Comment\",\"target\":[\"https:\/\/www.gaveanews.com\/index.php\/2022\/02\/12\/empresario-de-diego-alves-abre-conversas-com-o-mundo-arabe-flamengo-facilitara\/#respond\"]}],\"copyrightYear\":\"2022\",\"copyrightHolder\":{\"@id\":\"https:\/\/www.gaveanews.com\/#organization\"}},{\"@type\":\"WebPage\",\"@id\":\"https:\/\/www.gaveanews.com\/index.php\/2022\/02\/12\/empresario-de-diego-alves-abre-conversas-com-o-mundo-arabe-flamengo-facilitara\/\",\"url\":\"https:\/\/www.gaveanews.com\/index.php\/2022\/02\/12\/empresario-de-diego-alves-abre-conversas-com-o-mundo-arabe-flamengo-facilitara\/\",\"name\":\"Agente de Diego Alves abre conversas com a Ar\u00e1bia; Flamengo facilitar\u00e1\",\"isPartOf\":{\"@id\":\"https:\/\/www.gaveanews.com\/#website\"},\"primaryImageOfPage\":{\"@id\":\"https:\/\/www.gaveanews.com\/index.php\/2022\/02\/12\/empresario-de-diego-alves-abre-conversas-com-o-mundo-arabe-flamengo-facilitara\/#primaryimage\"},\"image\":{\"@id\":\"https:\/\/www.gaveanews.com\/index.php\/2022\/02\/12\/empresario-de-diego-alves-abre-conversas-com-o-mundo-arabe-flamengo-facilitara\/#primaryimage\"},\"thumbnailUrl\":\"https:\/\/www.gaveanews.com\/wp-content\/uploads\/Goleiro-Diego-Alves-em-acao-pelo-Flamengo.webp\",\"datePublished\":\"2022-02-12T16:16:22+00:00\",\"dateModified\":\"2022-02-12T16:16:27+00:00\",\"author\":{\"@id\":\"https:\/\/www.gaveanews.com\/#\/schema\/person\/3a0372021fabaeec4e7e4242cfa27841\"},\"breadcrumb\":{\"@id\":\"https:\/\/www.gaveanews.com\/index.php\/2022\/02\/12\/empresario-de-diego-alves-abre-conversas-com-o-mundo-arabe-flamengo-facilitara\/#breadcrumb\"},\"inLanguage\":\"pt-BR\",\"potentialAction\":[{\"@type\":\"ReadAction\",\"target\":[\"https:\/\/www.gaveanews.com\/index.php\/2022\/02\/12\/empresario-de-diego-alves-abre-conversas-com-o-mundo-arabe-flamengo-facilitara\/\"]}]},{\"@type\":\"ImageObject\",\"inLanguage\":\"pt-BR\",\"@id\":\"https:\/\/www.gaveanews.com\/index.php\/2022\/02\/12\/empresario-de-diego-alves-abre-conversas-com-o-mundo-arabe-flamengo-facilitara\/#primaryimage\",\"url\":\"https:\/\/www.gaveanews.com\/wp-content\/uploads\/Goleiro-Diego-Alves-em-acao-pelo-Flamengo.webp\",\"contentUrl\":\"https:\/\/www.gaveanews.com\/wp-content\/uploads\/Goleiro-Diego-Alves-em-acao-pelo-Flamengo.webp\",\"caption\":\"Goleiro Diego Alves em a\u00e7\u00e3o pelo Flamengo (Foto: Alexandre Vidal\/Flamengo)\"},{\"@type\":\"BreadcrumbList\",\"@id\":\"https:\/\/www.gaveanews.com\/index.php\/2022\/02\/12\/empresario-de-diego-alves-abre-conversas-com-o-mundo-arabe-flamengo-facilitara\/#breadcrumb\",\"itemListElement\":[{\"@type\":\"ListItem\",\"position\":1,\"name\":\"Home\",\"item\":\"https:\/\/www.gaveanews.com\/\"},{\"@type\":\"ListItem\",\"position\":2,\"name\":\"Empres\u00e1rio de Diego Alves abre conversas com o mundo \u00e1rabe; Flamengo facilitar\u00e1\"}]},{\"@type\":\"WebSite\",\"@id\":\"https:\/\/www.gaveanews.com\/#website\",\"url\":\"https:\/\/www.gaveanews.com\/\",\"name\":\"G\u00e1vea News\",\"description\":\"Veja todas as not\u00edcias sobre o Flamengo: Contrata\u00e7\u00f5es, categorias de base, resultados das partidas, tabela de classifica\u00e7\u00e3o, pr\u00f3ximos jogos!\",\"potentialAction\":[{\"@type\":\"SearchAction\",\"target\":{\"@type\":\"EntryPoint\",\"urlTemplate\":\"https:\/\/www.gaveanews.com\/?s={search_term_string}\"},\"query-input\":{\"@type\":\"PropertyValueSpecification\",\"valueRequired\":true,\"valueName\":\"search_term_string\"}}],\"inLanguage\":\"pt-BR\"},{\"@type\":\"Person\",\"@id\":\"https:\/\/www.gaveanews.com\/#\/schema\/person\/3a0372021fabaeec4e7e4242cfa27841\",\"name\":\"Hugo Nogueira\",\"image\":{\"@type\":\"ImageObject\",\"inLanguage\":\"pt-BR\",\"@id\":\"https:\/\/www.gaveanews.com\/#\/schema\/person\/image\/\",\"url\":\"https:\/\/secure.gravatar.com\/avatar\/0cdd89f3b47bb55926c08eee2db992845cfdd53f84c9fdd47a49d89b3cd40c0a?s=96&d=mm&r=g\",\"contentUrl\":\"https:\/\/secure.gravatar.com\/avatar\/0cdd89f3b47bb55926c08eee2db992845cfdd53f84c9fdd47a49d89b3cd40c0a?s=96&d=mm&r=g\",\"caption\":\"Hugo Nogueira\"}}]}<\/script>\n<!-- \/ Yoast SEO Premium plugin. -->","yoast_head_json":{"title":"Agente de Diego Alves abre conversas com a Ar\u00e1bia; Flamengo facilitar\u00e1","robots":{"index":"index","follow":"follow","max-snippet":"max-snippet:-1","max-image-preview":"max-image-preview:large","max-video-preview":"max-video-preview:-1"},"canonical":"https:\/\/www.gaveanews.com\/index.php\/2022\/02\/12\/empresario-de-diego-alves-abre-conversas-com-o-mundo-arabe-flamengo-facilitara\/","og_locale":"pt_BR","og_type":"article","og_title":"Empres\u00e1rio de Diego Alves abre conversas com o mundo \u00e1rabe; Flamengo facilitar\u00e1","og_description":"O ciclo de Diego Alves no Flamengo pode estar pr\u00f3ximo de acabar. Isso porque, o empres\u00e1rio do jogador abriu conversas com alguns clubes do mundo \u00e1rabe. Tal situa\u00e7\u00e3o justifica-se por v\u00e1rios fatores. A come\u00e7ar pelo fato da idade avan\u00e7ada de Diego. No dia 24 de junho ele ir\u00e1 completar 37 anos. Al\u00e9m dessa quest\u00e3o, o [&hellip;]","og_url":"https:\/\/www.gaveanews.com\/index.php\/2022\/02\/12\/empresario-de-diego-alves-abre-conversas-com-o-mundo-arabe-flamengo-facilitara\/","og_site_name":"G\u00e1vea News","article_publisher":"https:\/\/facebook.com\/gaveaNews\/","article_published_time":"2022-02-12T16:16:22+00:00","article_modified_time":"2022-02-12T16:16:27+00:00","og_image":[{"url":"https:\/\/www.gaveanews.com\/wp-content\/uploads\/Goleiro-Diego-Alves-em-acao-pelo-Flamengo.webp","width":1,"height":1,"type":"image\/jpeg"}],"author":"Hugo Nogueira","twitter_card":"summary_large_image","twitter_misc":{"Escrito por":"Hugo Nogueira","Est. tempo de leitura":"2 minutos"},"schema":{"@context":"https:\/\/schema.org","@graph":[{"@type":"NewsArticle","@id":"https:\/\/www.gaveanews.com\/index.php\/2022\/02\/12\/empresario-de-diego-alves-abre-conversas-com-o-mundo-arabe-flamengo-facilitara\/#article","isPartOf":{"@id":"https:\/\/www.gaveanews.com\/index.php\/2022\/02\/12\/empresario-de-diego-alves-abre-conversas-com-o-mundo-arabe-flamengo-facilitara\/"},"author":{"name":"Hugo Nogueira","@id":"https:\/\/www.gaveanews.com\/#\/schema\/person\/3a0372021fabaeec4e7e4242cfa27841"},"headline":"Empres\u00e1rio de Diego Alves abre conversas com o mundo \u00e1rabe; Flamengo facilitar\u00e1","datePublished":"2022-02-12T16:16:22+00:00","dateModified":"2022-02-12T16:16:27+00:00","mainEntityOfPage":{"@id":"https:\/\/www.gaveanews.com\/index.php\/2022\/02\/12\/empresario-de-diego-alves-abre-conversas-com-o-mundo-arabe-flamengo-facilitara\/"},"wordCount":284,"commentCount":12,"image":{"@id":"https:\/\/www.gaveanews.com\/index.php\/2022\/02\/12\/empresario-de-diego-alves-abre-conversas-com-o-mundo-arabe-flamengo-facilitara\/#primaryimage"},"thumbnailUrl":"https:\/\/www.gaveanews.com\/wp-content\/uploads\/Goleiro-Diego-Alves-em-acao-pelo-Flamengo.webp","articleSection":["Negocia\u00e7\u00f5es"],"inLanguage":"pt-BR","potentialAction":[{"@type":"CommentAction","name":"Comment","target":["https:\/\/www.gaveanews.com\/index.php\/2022\/02\/12\/empresario-de-diego-alves-abre-conversas-com-o-mundo-arabe-flamengo-facilitara\/#respond"]}],"copyrightYear":"2022","copyrightHolder":{"@id":"https:\/\/www.gaveanews.com\/#organization"}},{"@type":"WebPage","@id":"https:\/\/www.gaveanews.com\/index.php\/2022\/02\/12\/empresario-de-diego-alves-abre-conversas-com-o-mundo-arabe-flamengo-facilitara\/","url":"https:\/\/www.gaveanews.com\/index.php\/2022\/02\/12\/empresario-de-diego-alves-abre-conversas-com-o-mundo-arabe-flamengo-facilitara\/","name":"Agente de Diego Alves abre conversas com a Ar\u00e1bia; Flamengo facilitar\u00e1","isPartOf":{"@id":"https:\/\/www.gaveanews.com\/#website"},"primaryImageOfPage":{"@id":"https:\/\/www.gaveanews.com\/index.php\/2022\/02\/12\/empresario-de-diego-alves-abre-conversas-com-o-mundo-arabe-flamengo-facilitara\/#primaryimage"},"image":{"@id":"https:\/\/www.gaveanews.com\/index.php\/2022\/02\/12\/empresario-de-diego-alves-abre-conversas-com-o-mundo-arabe-flamengo-facilitara\/#primaryimage"},"thumbnailUrl":"https:\/\/www.gaveanews.com\/wp-content\/uploads\/Goleiro-Diego-Alves-em-acao-pelo-Flamengo.webp","datePublished":"2022-02-12T16:16:22+00:00","dateModified":"2022-02-12T16:16:27+00:00","author":{"@id":"https:\/\/www.gaveanews.com\/#\/schema\/person\/3a0372021fabaeec4e7e4242cfa27841"},"breadcrumb":{"@id":"https:\/\/www.gaveanews.com\/index.php\/2022\/02\/12\/empresario-de-diego-alves-abre-conversas-com-o-mundo-arabe-flamengo-facilitara\/#breadcrumb"},"inLanguage":"pt-BR","potentialAction":[{"@type":"ReadAction","target":["https:\/\/www.gaveanews.com\/index.php\/2022\/02\/12\/empresario-de-diego-alves-abre-conversas-com-o-mundo-arabe-flamengo-facilitara\/"]}]},{"@type":"ImageObject","inLanguage":"pt-BR","@id":"https:\/\/www.gaveanews.com\/index.php\/2022\/02\/12\/empresario-de-diego-alves-abre-conversas-com-o-mundo-arabe-flamengo-facilitara\/#primaryimage","url":"https:\/\/www.gaveanews.com\/wp-content\/uploads\/Goleiro-Diego-Alves-em-acao-pelo-Flamengo.webp","contentUrl":"https:\/\/www.gaveanews.com\/wp-content\/uploads\/Goleiro-Diego-Alves-em-acao-pelo-Flamengo.webp","caption":"Goleiro Diego Alves em a\u00e7\u00e3o pelo Flamengo (Foto: Alexandre Vidal\/Flamengo)"},{"@type":"BreadcrumbList","@id":"https:\/\/www.gaveanews.com\/index.php\/2022\/02\/12\/empresario-de-diego-alves-abre-conversas-com-o-mundo-arabe-flamengo-facilitara\/#breadcrumb","itemListElement":[{"@type":"ListItem","position":1,"name":"Home","item":"https:\/\/www.gaveanews.com\/"},{"@type":"ListItem","position":2,"name":"Empres\u00e1rio de Diego Alves abre conversas com o mundo \u00e1rabe; Flamengo facilitar\u00e1"}]},{"@type":"WebSite","@id":"https:\/\/www.gaveanews.com\/#website","url":"https:\/\/www.gaveanews.com\/","name":"G\u00e1vea News","description":"Veja todas as not\u00edcias sobre o Flamengo: Contrata\u00e7\u00f5es, categorias de base, resultados das partidas, tabela de classifica\u00e7\u00e3o, pr\u00f3ximos jogos!","potentialAction":[{"@type":"SearchAction","target":{"@type":"EntryPoint","urlTemplate":"https:\/\/www.gaveanews.com\/?s={search_term_string}"},"query-input":{"@type":"PropertyValueSpecification","valueRequired":true,"valueName":"search_term_string"}}],"inLanguage":"pt-BR"},{"@type":"Person","@id":"https:\/\/www.gaveanews.com\/#\/schema\/person\/3a0372021fabaeec4e7e4242cfa27841","name":"Hugo Nogueira","image":{"@type":"ImageObject","inLanguage":"pt-BR","@id":"https:\/\/www.gaveanews.com\/#\/schema\/person\/image\/","url":"https:\/\/secure.gravatar.com\/avatar\/0cdd89f3b47bb55926c08eee2db992845cfdd53f84c9fdd47a49d89b3cd40c0a?s=96&d=mm&r=g","contentUrl":"https:\/\/secure.gravatar.com\/avatar\/0cdd89f3b47bb55926c08eee2db992845cfdd53f84c9fdd47a49d89b3cd40c0a?s=96&d=mm&r=g","caption":"Hugo Nogueira"}}]}},"_links":{"self":[{"href":"https:\/\/www.gaveanews.com\/index.php\/wp-json\/wp\/v2\/posts\/76620","targetHints":{"allow":["GET"]}}],"collection":[{"href":"https:\/\/www.gaveanews.com\/index.php\/wp-json\/wp\/v2\/posts"}],"about":[{"href":"https:\/\/www.gaveanews.com\/index.php\/wp-json\/wp\/v2\/types\/post"}],"author":[{"embeddable":true,"href":"https:\/\/www.gaveanews.com\/index.php\/wp-json\/wp\/v2\/users\/2"}],"replies":[{"embeddable":true,"href":"https:\/\/www.gaveanews.com\/index.php\/wp-json\/wp\/v2\/comments?post=76620"}],"version-history":[{"count":0,"href":"https:\/\/www.gaveanews.com\/index.php\/wp-json\/wp\/v2\/posts\/76620\/revisions"}],"wp:featuredmedia":[{"embeddable":true,"href":"https:\/\/www.gaveanews.com\/index.php\/wp-json\/wp\/v2\/media\/28923"}],"wp:attachment":[{"href":"https:\/\/www.gaveanews.com\/index.php\/wp-json\/wp\/v2\/media?parent=76620"}],"wp:term":[{"taxonomy":"category","embeddable":true,"href":"https:\/\/www.gaveanews.com\/index.php\/wp-json\/wp\/v2\/categories?post=76620"},{"taxonomy":"post_tag","embeddable":true,"href":"https:\/\/www.gaveanews.com\/index.php\/wp-json\/wp\/v2\/tags?post=76620"}],"curies":[{"name":"wp","href":"https:\/\/api.w.org\/{rel}","templated":true}]}}