{"id":76628,"date":"2022-02-12T19:02:30","date_gmt":"2022-02-12T22:02:30","guid":{"rendered":"https:\/\/www.gaveanews.com\/?p=76628"},"modified":"2022-02-12T19:02:33","modified_gmt":"2022-02-12T22:02:33","slug":"paulo-sousa-mira-reforco-no-flamengo-com-caracteristicas-que-nao-existem-no-elenco","status":"publish","type":"post","link":"https:\/\/www.gaveanews.com\/index.php\/2022\/02\/12\/paulo-sousa-mira-reforco-no-flamengo-com-caracteristicas-que-nao-existem-no-elenco\/","title":{"rendered":"Paulo Sousa mira refor\u00e7o no Flamengo com caracter\u00edsticas que n\u00e3o existem no elenco"},"content":{"rendered":"\n<p>O Flamengo vai seguir em busca de refor\u00e7os no mercado da bola para satisfazer pedidos do t\u00e9cnico Paulo Sousa. Segundo a jornalista Raisa Simplicio, o treinador tem algumas exig\u00eancias para o elenco, sendo um goleiro experiente uma delas \u2013 <a href=\"https:\/\/www.gaveanews.com\/index.php\/2022\/02\/11\/paulo-sousa-aprova-e-flamengo-mira-a-contratacao-do-goleiro-santos-do-athletico-pr\/\">o Flamengo abriu negocia\u00e7\u00f5es com o Athletico Parananese pelo goleiro Santos<\/a> -, e a outra \u00e9 por um meio-campista que fa\u00e7a a fun\u00e7\u00e3o de box to box.<\/p>\n\n\n\n<p>Para Paulo Sousa, os atletas que cumprem a fun\u00e7\u00e3o de meio-campistas centrais no Flamengo n\u00e3o possuem essa caracter\u00edstica, como Willian Ar\u00e3o e Andreas Pereira, os atuais titulares da equipe.<\/p>\n\n\n\n<p>Mesmo com a exig\u00eancia, o portugu\u00eas n\u00e3o apontou nenhum nome espec\u00edfico para que o Rubro-Negro buscasse. Ele apenas passou caracter\u00edsticas a Marcos Braz e Bruno Spindel, os respons\u00e1veis pelas contrata\u00e7\u00f5es para o elenco.<\/p>\n\n\n\n<h2 class=\"wp-block-heading\" id=\"h-negociacao-por-thiago-mendes-mela-no-flamengo\">Negocia\u00e7\u00e3o por Thiago Mendes mela no Flamengo<\/h2>\n\n\n\n<p>Um dos jogadores que poderia executar a fun\u00e7\u00e3o e que foi buscado pelo Flamengo foi Thiago Mendes. O volante, ex-Goi\u00e1s e S\u00e3o Paulo, atualmente est\u00e1 no Lyon, da Fran\u00e7a. As partes chegaram a negociar no ano passado e o jogador se animou em atuar pelo Rubro-Negro, ficando perto de voltar ao Brasil no come\u00e7o de 2021.<\/p>\n\n\n\n<p>Entretanto, para 2022, as coisas mudaram. Segundo informa\u00e7\u00f5es, o Fla voltou a negociar com o Lyon por Thiago Mendes, mas os franceses agora exigiram a multa rescis\u00f3ria para liberar o jogador, que cumpriria o pedido de Paulo Sousa e ainda poderia atuar em um fun\u00e7\u00e3o mais recuada.<\/p>\n\n\n\n<p>Al\u00e9m disso, o pr\u00f3prio Thiago Mendes teria mudado de ideia sobre retornar ao futebol brasileiro. O plano do atleta at\u00e9 passa por sair do Lyon nos pr\u00f3ximos meses, mas seu desejo neste momento seria seguir no futebol europeu e buscar espa\u00e7o em outro clube que n\u00e3o fosse no Brasil. Com isso, o Flamengo deve mudar de alvo no mercado.<\/p>\n\n\n\n<p>Retirado de: Torcedores<\/p>\n","protected":false},"excerpt":{"rendered":"<p>O Flamengo vai seguir em busca de refor\u00e7os no mercado da bola para satisfazer pedidos do t\u00e9cnico Paulo Sousa. Segundo a jornalista Raisa Simplicio, o treinador tem algumas exig\u00eancias para o elenco, sendo um goleiro experiente uma delas \u2013 o Flamengo abriu negocia\u00e7\u00f5es com o Athletico Parananese pelo goleiro Santos -, e a outra \u00e9 [&hellip;]<\/p>\n","protected":false},"author":1,"featured_media":76070,"comment_status":"open","ping_status":"closed","sticky":false,"template":"","format":"standard","meta":{"footnotes":""},"categories":[1],"tags":[],"class_list":["post-76628","post","type-post","status-publish","format-standard","has-post-thumbnail","hentry","category-flamengo"],"yoast_head":"<!-- This site is optimized with the Yoast SEO Premium plugin v24.2 (Yoast SEO v26.9) - https:\/\/yoast.com\/product\/yoast-seo-premium-wordpress\/ -->\n<title>Paulo Sousa mira refor\u00e7o no Flamengo com caracter\u00edsticas que n\u00e3o existem no elenco<\/title>\n<meta name=\"robots\" content=\"index, follow, max-snippet:-1, max-image-preview:large, max-video-preview:-1\" \/>\n<link rel=\"canonical\" href=\"https:\/\/www.gaveanews.com\/index.php\/2022\/02\/12\/paulo-sousa-mira-reforco-no-flamengo-com-caracteristicas-que-nao-existem-no-elenco\/\" \/>\n<meta property=\"og:locale\" content=\"pt_BR\" \/>\n<meta property=\"og:type\" content=\"article\" \/>\n<meta property=\"og:title\" content=\"Paulo Sousa mira refor\u00e7o no Flamengo com caracter\u00edsticas que n\u00e3o existem no elenco\" \/>\n<meta property=\"og:description\" content=\"O Flamengo vai seguir em busca de refor\u00e7os no mercado da bola para satisfazer pedidos do t\u00e9cnico Paulo Sousa. Segundo a jornalista Raisa Simplicio, o treinador tem algumas exig\u00eancias para o elenco, sendo um goleiro experiente uma delas \u2013 o Flamengo abriu negocia\u00e7\u00f5es com o Athletico Parananese pelo goleiro Santos -, e a outra \u00e9 [&hellip;]\" \/>\n<meta property=\"og:url\" content=\"https:\/\/www.gaveanews.com\/index.php\/2022\/02\/12\/paulo-sousa-mira-reforco-no-flamengo-com-caracteristicas-que-nao-existem-no-elenco\/\" \/>\n<meta property=\"og:site_name\" content=\"G\u00e1vea News\" \/>\n<meta property=\"article:publisher\" content=\"https:\/\/facebook.com\/gaveaNews\/\" \/>\n<meta property=\"article:published_time\" content=\"2022-02-12T22:02:30+00:00\" \/>\n<meta property=\"article:modified_time\" content=\"2022-02-12T22:02:33+00:00\" \/>\n<meta property=\"og:image\" content=\"https:\/\/www.gaveanews.com\/wp-content\/uploads\/Paulo-Sousa-em-partida-do-Flamengo-contra-o-Boavista-pelo-Campeonato-Carioca-2022.webp\" \/>\n\t<meta property=\"og:image:width\" content=\"2047\" \/>\n\t<meta property=\"og:image:height\" content=\"1365\" \/>\n\t<meta property=\"og:image:type\" content=\"image\/jpeg\" \/>\n<meta name=\"author\" content=\"Equipe G\u00e1vea News\" \/>\n<meta name=\"twitter:card\" content=\"summary_large_image\" \/>\n<meta name=\"twitter:label1\" content=\"Escrito por\" \/>\n\t<meta name=\"twitter:data1\" content=\"Equipe G\u00e1vea News\" \/>\n\t<meta name=\"twitter:label2\" content=\"Est. tempo de leitura\" \/>\n\t<meta name=\"twitter:data2\" content=\"2 minutos\" \/>\n<script type=\"application\/ld+json\" class=\"yoast-schema-graph\">{\"@context\":\"https:\/\/schema.org\",\"@graph\":[{\"@type\":\"NewsArticle\",\"@id\":\"https:\/\/www.gaveanews.com\/index.php\/2022\/02\/12\/paulo-sousa-mira-reforco-no-flamengo-com-caracteristicas-que-nao-existem-no-elenco\/#article\",\"isPartOf\":{\"@id\":\"https:\/\/www.gaveanews.com\/index.php\/2022\/02\/12\/paulo-sousa-mira-reforco-no-flamengo-com-caracteristicas-que-nao-existem-no-elenco\/\"},\"author\":{\"name\":\"Equipe G\u00e1vea News\",\"@id\":\"https:\/\/www.gaveanews.com\/#\/schema\/person\/2ec14f73fb96be2caf28f91afb14749d\"},\"headline\":\"Paulo Sousa mira refor\u00e7o no Flamengo com caracter\u00edsticas que n\u00e3o existem no elenco\",\"datePublished\":\"2022-02-12T22:02:30+00:00\",\"dateModified\":\"2022-02-12T22:02:33+00:00\",\"mainEntityOfPage\":{\"@id\":\"https:\/\/www.gaveanews.com\/index.php\/2022\/02\/12\/paulo-sousa-mira-reforco-no-flamengo-com-caracteristicas-que-nao-existem-no-elenco\/\"},\"wordCount\":343,\"commentCount\":7,\"image\":{\"@id\":\"https:\/\/www.gaveanews.com\/index.php\/2022\/02\/12\/paulo-sousa-mira-reforco-no-flamengo-com-caracteristicas-que-nao-existem-no-elenco\/#primaryimage\"},\"thumbnailUrl\":\"https:\/\/www.gaveanews.com\/wp-content\/uploads\/Paulo-Sousa-em-partida-do-Flamengo-contra-o-Boavista-pelo-Campeonato-Carioca-2022.webp\",\"articleSection\":[\"Flamengo\"],\"inLanguage\":\"pt-BR\",\"potentialAction\":[{\"@type\":\"CommentAction\",\"name\":\"Comment\",\"target\":[\"https:\/\/www.gaveanews.com\/index.php\/2022\/02\/12\/paulo-sousa-mira-reforco-no-flamengo-com-caracteristicas-que-nao-existem-no-elenco\/#respond\"]}],\"copyrightYear\":\"2022\",\"copyrightHolder\":{\"@id\":\"https:\/\/www.gaveanews.com\/#organization\"}},{\"@type\":\"WebPage\",\"@id\":\"https:\/\/www.gaveanews.com\/index.php\/2022\/02\/12\/paulo-sousa-mira-reforco-no-flamengo-com-caracteristicas-que-nao-existem-no-elenco\/\",\"url\":\"https:\/\/www.gaveanews.com\/index.php\/2022\/02\/12\/paulo-sousa-mira-reforco-no-flamengo-com-caracteristicas-que-nao-existem-no-elenco\/\",\"name\":\"Paulo Sousa mira refor\u00e7o no Flamengo com caracter\u00edsticas que n\u00e3o existem no elenco\",\"isPartOf\":{\"@id\":\"https:\/\/www.gaveanews.com\/#website\"},\"primaryImageOfPage\":{\"@id\":\"https:\/\/www.gaveanews.com\/index.php\/2022\/02\/12\/paulo-sousa-mira-reforco-no-flamengo-com-caracteristicas-que-nao-existem-no-elenco\/#primaryimage\"},\"image\":{\"@id\":\"https:\/\/www.gaveanews.com\/index.php\/2022\/02\/12\/paulo-sousa-mira-reforco-no-flamengo-com-caracteristicas-que-nao-existem-no-elenco\/#primaryimage\"},\"thumbnailUrl\":\"https:\/\/www.gaveanews.com\/wp-content\/uploads\/Paulo-Sousa-em-partida-do-Flamengo-contra-o-Boavista-pelo-Campeonato-Carioca-2022.webp\",\"datePublished\":\"2022-02-12T22:02:30+00:00\",\"dateModified\":\"2022-02-12T22:02:33+00:00\",\"author\":{\"@id\":\"https:\/\/www.gaveanews.com\/#\/schema\/person\/2ec14f73fb96be2caf28f91afb14749d\"},\"breadcrumb\":{\"@id\":\"https:\/\/www.gaveanews.com\/index.php\/2022\/02\/12\/paulo-sousa-mira-reforco-no-flamengo-com-caracteristicas-que-nao-existem-no-elenco\/#breadcrumb\"},\"inLanguage\":\"pt-BR\",\"potentialAction\":[{\"@type\":\"ReadAction\",\"target\":[\"https:\/\/www.gaveanews.com\/index.php\/2022\/02\/12\/paulo-sousa-mira-reforco-no-flamengo-com-caracteristicas-que-nao-existem-no-elenco\/\"]}]},{\"@type\":\"ImageObject\",\"inLanguage\":\"pt-BR\",\"@id\":\"https:\/\/www.gaveanews.com\/index.php\/2022\/02\/12\/paulo-sousa-mira-reforco-no-flamengo-com-caracteristicas-que-nao-existem-no-elenco\/#primaryimage\",\"url\":\"https:\/\/www.gaveanews.com\/wp-content\/uploads\/Paulo-Sousa-em-partida-do-Flamengo-contra-o-Boavista-pelo-Campeonato-Carioca-2022.webp\",\"contentUrl\":\"https:\/\/www.gaveanews.com\/wp-content\/uploads\/Paulo-Sousa-em-partida-do-Flamengo-contra-o-Boavista-pelo-Campeonato-Carioca-2022.webp\",\"width\":2047,\"height\":1365,\"caption\":\"Paulo Sousa em partida do Flamengo contra o Boavista pelo Campeonato Carioca 2022 (Foto: Gilvan de Souza\/Flamengo)\"},{\"@type\":\"BreadcrumbList\",\"@id\":\"https:\/\/www.gaveanews.com\/index.php\/2022\/02\/12\/paulo-sousa-mira-reforco-no-flamengo-com-caracteristicas-que-nao-existem-no-elenco\/#breadcrumb\",\"itemListElement\":[{\"@type\":\"ListItem\",\"position\":1,\"name\":\"Home\",\"item\":\"https:\/\/www.gaveanews.com\/\"},{\"@type\":\"ListItem\",\"position\":2,\"name\":\"Paulo Sousa mira refor\u00e7o no Flamengo com caracter\u00edsticas que n\u00e3o existem no elenco\"}]},{\"@type\":\"WebSite\",\"@id\":\"https:\/\/www.gaveanews.com\/#website\",\"url\":\"https:\/\/www.gaveanews.com\/\",\"name\":\"G\u00e1vea News\",\"description\":\"Veja todas as not\u00edcias sobre o Flamengo: Contrata\u00e7\u00f5es, categorias de base, resultados das partidas, tabela de classifica\u00e7\u00e3o, pr\u00f3ximos jogos!\",\"potentialAction\":[{\"@type\":\"SearchAction\",\"target\":{\"@type\":\"EntryPoint\",\"urlTemplate\":\"https:\/\/www.gaveanews.com\/?s={search_term_string}\"},\"query-input\":{\"@type\":\"PropertyValueSpecification\",\"valueRequired\":true,\"valueName\":\"search_term_string\"}}],\"inLanguage\":\"pt-BR\"},{\"@type\":\"Person\",\"@id\":\"https:\/\/www.gaveanews.com\/#\/schema\/person\/2ec14f73fb96be2caf28f91afb14749d\",\"name\":\"Equipe G\u00e1vea News\",\"image\":{\"@type\":\"ImageObject\",\"inLanguage\":\"pt-BR\",\"@id\":\"https:\/\/www.gaveanews.com\/#\/schema\/person\/image\/\",\"url\":\"https:\/\/secure.gravatar.com\/avatar\/1e1956f1facbffd3f8fa53a326721950116b3b9dc9bd44939c01180fd4a745a9?s=96&d=mm&r=g\",\"contentUrl\":\"https:\/\/secure.gravatar.com\/avatar\/1e1956f1facbffd3f8fa53a326721950116b3b9dc9bd44939c01180fd4a745a9?s=96&d=mm&r=g\",\"caption\":\"Equipe G\u00e1vea News\"}}]}<\/script>\n<!-- \/ Yoast SEO Premium plugin. -->","yoast_head_json":{"title":"Paulo Sousa mira refor\u00e7o no Flamengo com caracter\u00edsticas que n\u00e3o existem no elenco","robots":{"index":"index","follow":"follow","max-snippet":"max-snippet:-1","max-image-preview":"max-image-preview:large","max-video-preview":"max-video-preview:-1"},"canonical":"https:\/\/www.gaveanews.com\/index.php\/2022\/02\/12\/paulo-sousa-mira-reforco-no-flamengo-com-caracteristicas-que-nao-existem-no-elenco\/","og_locale":"pt_BR","og_type":"article","og_title":"Paulo Sousa mira refor\u00e7o no Flamengo com caracter\u00edsticas que n\u00e3o existem no elenco","og_description":"O Flamengo vai seguir em busca de refor\u00e7os no mercado da bola para satisfazer pedidos do t\u00e9cnico Paulo Sousa. Segundo a jornalista Raisa Simplicio, o treinador tem algumas exig\u00eancias para o elenco, sendo um goleiro experiente uma delas \u2013 o Flamengo abriu negocia\u00e7\u00f5es com o Athletico Parananese pelo goleiro Santos -, e a outra \u00e9 [&hellip;]","og_url":"https:\/\/www.gaveanews.com\/index.php\/2022\/02\/12\/paulo-sousa-mira-reforco-no-flamengo-com-caracteristicas-que-nao-existem-no-elenco\/","og_site_name":"G\u00e1vea News","article_publisher":"https:\/\/facebook.com\/gaveaNews\/","article_published_time":"2022-02-12T22:02:30+00:00","article_modified_time":"2022-02-12T22:02:33+00:00","og_image":[{"width":2047,"height":1365,"url":"https:\/\/www.gaveanews.com\/wp-content\/uploads\/Paulo-Sousa-em-partida-do-Flamengo-contra-o-Boavista-pelo-Campeonato-Carioca-2022.webp","type":"image\/jpeg"}],"author":"Equipe G\u00e1vea News","twitter_card":"summary_large_image","twitter_misc":{"Escrito por":"Equipe G\u00e1vea News","Est. tempo de leitura":"2 minutos"},"schema":{"@context":"https:\/\/schema.org","@graph":[{"@type":"NewsArticle","@id":"https:\/\/www.gaveanews.com\/index.php\/2022\/02\/12\/paulo-sousa-mira-reforco-no-flamengo-com-caracteristicas-que-nao-existem-no-elenco\/#article","isPartOf":{"@id":"https:\/\/www.gaveanews.com\/index.php\/2022\/02\/12\/paulo-sousa-mira-reforco-no-flamengo-com-caracteristicas-que-nao-existem-no-elenco\/"},"author":{"name":"Equipe G\u00e1vea News","@id":"https:\/\/www.gaveanews.com\/#\/schema\/person\/2ec14f73fb96be2caf28f91afb14749d"},"headline":"Paulo Sousa mira refor\u00e7o no Flamengo com caracter\u00edsticas que n\u00e3o existem no elenco","datePublished":"2022-02-12T22:02:30+00:00","dateModified":"2022-02-12T22:02:33+00:00","mainEntityOfPage":{"@id":"https:\/\/www.gaveanews.com\/index.php\/2022\/02\/12\/paulo-sousa-mira-reforco-no-flamengo-com-caracteristicas-que-nao-existem-no-elenco\/"},"wordCount":343,"commentCount":7,"image":{"@id":"https:\/\/www.gaveanews.com\/index.php\/2022\/02\/12\/paulo-sousa-mira-reforco-no-flamengo-com-caracteristicas-que-nao-existem-no-elenco\/#primaryimage"},"thumbnailUrl":"https:\/\/www.gaveanews.com\/wp-content\/uploads\/Paulo-Sousa-em-partida-do-Flamengo-contra-o-Boavista-pelo-Campeonato-Carioca-2022.webp","articleSection":["Flamengo"],"inLanguage":"pt-BR","potentialAction":[{"@type":"CommentAction","name":"Comment","target":["https:\/\/www.gaveanews.com\/index.php\/2022\/02\/12\/paulo-sousa-mira-reforco-no-flamengo-com-caracteristicas-que-nao-existem-no-elenco\/#respond"]}],"copyrightYear":"2022","copyrightHolder":{"@id":"https:\/\/www.gaveanews.com\/#organization"}},{"@type":"WebPage","@id":"https:\/\/www.gaveanews.com\/index.php\/2022\/02\/12\/paulo-sousa-mira-reforco-no-flamengo-com-caracteristicas-que-nao-existem-no-elenco\/","url":"https:\/\/www.gaveanews.com\/index.php\/2022\/02\/12\/paulo-sousa-mira-reforco-no-flamengo-com-caracteristicas-que-nao-existem-no-elenco\/","name":"Paulo Sousa mira refor\u00e7o no Flamengo com caracter\u00edsticas que n\u00e3o existem no elenco","isPartOf":{"@id":"https:\/\/www.gaveanews.com\/#website"},"primaryImageOfPage":{"@id":"https:\/\/www.gaveanews.com\/index.php\/2022\/02\/12\/paulo-sousa-mira-reforco-no-flamengo-com-caracteristicas-que-nao-existem-no-elenco\/#primaryimage"},"image":{"@id":"https:\/\/www.gaveanews.com\/index.php\/2022\/02\/12\/paulo-sousa-mira-reforco-no-flamengo-com-caracteristicas-que-nao-existem-no-elenco\/#primaryimage"},"thumbnailUrl":"https:\/\/www.gaveanews.com\/wp-content\/uploads\/Paulo-Sousa-em-partida-do-Flamengo-contra-o-Boavista-pelo-Campeonato-Carioca-2022.webp","datePublished":"2022-02-12T22:02:30+00:00","dateModified":"2022-02-12T22:02:33+00:00","author":{"@id":"https:\/\/www.gaveanews.com\/#\/schema\/person\/2ec14f73fb96be2caf28f91afb14749d"},"breadcrumb":{"@id":"https:\/\/www.gaveanews.com\/index.php\/2022\/02\/12\/paulo-sousa-mira-reforco-no-flamengo-com-caracteristicas-que-nao-existem-no-elenco\/#breadcrumb"},"inLanguage":"pt-BR","potentialAction":[{"@type":"ReadAction","target":["https:\/\/www.gaveanews.com\/index.php\/2022\/02\/12\/paulo-sousa-mira-reforco-no-flamengo-com-caracteristicas-que-nao-existem-no-elenco\/"]}]},{"@type":"ImageObject","inLanguage":"pt-BR","@id":"https:\/\/www.gaveanews.com\/index.php\/2022\/02\/12\/paulo-sousa-mira-reforco-no-flamengo-com-caracteristicas-que-nao-existem-no-elenco\/#primaryimage","url":"https:\/\/www.gaveanews.com\/wp-content\/uploads\/Paulo-Sousa-em-partida-do-Flamengo-contra-o-Boavista-pelo-Campeonato-Carioca-2022.webp","contentUrl":"https:\/\/www.gaveanews.com\/wp-content\/uploads\/Paulo-Sousa-em-partida-do-Flamengo-contra-o-Boavista-pelo-Campeonato-Carioca-2022.webp","width":2047,"height":1365,"caption":"Paulo Sousa em partida do Flamengo contra o Boavista pelo Campeonato Carioca 2022 (Foto: Gilvan de Souza\/Flamengo)"},{"@type":"BreadcrumbList","@id":"https:\/\/www.gaveanews.com\/index.php\/2022\/02\/12\/paulo-sousa-mira-reforco-no-flamengo-com-caracteristicas-que-nao-existem-no-elenco\/#breadcrumb","itemListElement":[{"@type":"ListItem","position":1,"name":"Home","item":"https:\/\/www.gaveanews.com\/"},{"@type":"ListItem","position":2,"name":"Paulo Sousa mira refor\u00e7o no Flamengo com caracter\u00edsticas que n\u00e3o existem no elenco"}]},{"@type":"WebSite","@id":"https:\/\/www.gaveanews.com\/#website","url":"https:\/\/www.gaveanews.com\/","name":"G\u00e1vea News","description":"Veja todas as not\u00edcias sobre o Flamengo: Contrata\u00e7\u00f5es, categorias de base, resultados das partidas, tabela de classifica\u00e7\u00e3o, pr\u00f3ximos jogos!","potentialAction":[{"@type":"SearchAction","target":{"@type":"EntryPoint","urlTemplate":"https:\/\/www.gaveanews.com\/?s={search_term_string}"},"query-input":{"@type":"PropertyValueSpecification","valueRequired":true,"valueName":"search_term_string"}}],"inLanguage":"pt-BR"},{"@type":"Person","@id":"https:\/\/www.gaveanews.com\/#\/schema\/person\/2ec14f73fb96be2caf28f91afb14749d","name":"Equipe G\u00e1vea News","image":{"@type":"ImageObject","inLanguage":"pt-BR","@id":"https:\/\/www.gaveanews.com\/#\/schema\/person\/image\/","url":"https:\/\/secure.gravatar.com\/avatar\/1e1956f1facbffd3f8fa53a326721950116b3b9dc9bd44939c01180fd4a745a9?s=96&d=mm&r=g","contentUrl":"https:\/\/secure.gravatar.com\/avatar\/1e1956f1facbffd3f8fa53a326721950116b3b9dc9bd44939c01180fd4a745a9?s=96&d=mm&r=g","caption":"Equipe G\u00e1vea News"}}]}},"_links":{"self":[{"href":"https:\/\/www.gaveanews.com\/index.php\/wp-json\/wp\/v2\/posts\/76628","targetHints":{"allow":["GET"]}}],"collection":[{"href":"https:\/\/www.gaveanews.com\/index.php\/wp-json\/wp\/v2\/posts"}],"about":[{"href":"https:\/\/www.gaveanews.com\/index.php\/wp-json\/wp\/v2\/types\/post"}],"author":[{"embeddable":true,"href":"https:\/\/www.gaveanews.com\/index.php\/wp-json\/wp\/v2\/users\/1"}],"replies":[{"embeddable":true,"href":"https:\/\/www.gaveanews.com\/index.php\/wp-json\/wp\/v2\/comments?post=76628"}],"version-history":[{"count":0,"href":"https:\/\/www.gaveanews.com\/index.php\/wp-json\/wp\/v2\/posts\/76628\/revisions"}],"wp:featuredmedia":[{"embeddable":true,"href":"https:\/\/www.gaveanews.com\/index.php\/wp-json\/wp\/v2\/media\/76070"}],"wp:attachment":[{"href":"https:\/\/www.gaveanews.com\/index.php\/wp-json\/wp\/v2\/media?parent=76628"}],"wp:term":[{"taxonomy":"category","embeddable":true,"href":"https:\/\/www.gaveanews.com\/index.php\/wp-json\/wp\/v2\/categories?post=76628"},{"taxonomy":"post_tag","embeddable":true,"href":"https:\/\/www.gaveanews.com\/index.php\/wp-json\/wp\/v2\/tags?post=76628"}],"curies":[{"name":"wp","href":"https:\/\/api.w.org\/{rel}","templated":true}]}}