{"id":76630,"date":"2022-02-12T19:05:50","date_gmt":"2022-02-12T22:05:50","guid":{"rendered":"https:\/\/www.gaveanews.com\/?p=76630"},"modified":"2022-02-12T19:05:54","modified_gmt":"2022-02-12T22:05:54","slug":"dirigente-do-athletico-abre-o-jogo-sobre-interesse-do-flamengo-em-santos","status":"publish","type":"post","link":"https:\/\/www.gaveanews.com\/index.php\/2022\/02\/12\/dirigente-do-athletico-abre-o-jogo-sobre-interesse-do-flamengo-em-santos\/","title":{"rendered":"Dirigente do Athletico abre o jogo sobre interesse do Flamengo em Santos"},"content":{"rendered":"\n<p>Em busca de refor\u00e7os no mercado da bola, o Flamengo est\u00e1 interessado na contrata\u00e7\u00e3o do goleiro Santos, campe\u00e3o ol\u00edmpico nos jogos de T\u00f3quio em 2021.<\/p>\n\n\n\n<p>De acordo com a informa\u00e7\u00e3o do \u201cge\u201c, Paulo Sousa j\u00e1 falou abertamente com Marcos Braz e Bruno Spindel, que deseja contar com um goleiro mais pronto do que Hugo Souza. O t\u00e9cnico j\u00e1 teria dado sinal verde para que os dirigentes preparassem uma investida por Santos.<\/p>\n\n\n\n<p>No entanto, em contato com o jornalista Jorge Nicola, um dos dirigentes do clube paranaense confirmou o interesse do Flamengo, mas negou qualquer tipo de contato entre as partes at\u00e9 o momento.<\/p>\n\n\n\n<p><strong><em>\u2014 Mandei mensagem para um dirigente importante do Athletico para saber se havia alguma possibilidade de negocia\u00e7\u00e3o. Esse dirigente afirmou que sabe do interesse do Flamengo h\u00e1 algumas semanas, mas em momento algum o clube do Rio de Janeiro entrou em contato para fazer uma sondagem ou proposta oficial.<\/em><\/strong><\/p>\n\n\n\n<p>Santos tem 31 anos e atua no Athletico-PR desde o in\u00edcio de sua carreira profissional, em 2011. Assumiu a titularidade do Furac\u00e3o em 2018 ap\u00f3s a ida de Weverton para o Palmeiras e sempre se destacou pela seguran\u00e7a que passava ao time, al\u00e9m do bom jogo com os p\u00e9s. Titular no ouro ol\u00edmpico em T\u00f3quio, tamb\u00e9m soma algumas convoca\u00e7\u00f5es para a sele\u00e7\u00e3o brasileira principal.<\/p>\n\n\n\n<p>Retirado de: Torcedores<\/p>\n","protected":false},"excerpt":{"rendered":"<p>Em busca de refor\u00e7os no mercado da bola, o Flamengo est\u00e1 interessado na contrata\u00e7\u00e3o do goleiro Santos, campe\u00e3o ol\u00edmpico nos jogos de T\u00f3quio em 2021. De acordo com a informa\u00e7\u00e3o do \u201cge\u201c, Paulo Sousa j\u00e1 falou abertamente com Marcos Braz e Bruno Spindel, que deseja contar com um goleiro mais pronto do que Hugo Souza. [&hellip;]<\/p>\n","protected":false},"author":1,"featured_media":76601,"comment_status":"open","ping_status":"closed","sticky":false,"template":"","format":"standard","meta":{"footnotes":""},"categories":[48],"tags":[],"class_list":["post-76630","post","type-post","status-publish","format-standard","has-post-thumbnail","hentry","category-negociacoes"],"yoast_head":"<!-- This site is optimized with the Yoast SEO Premium plugin v24.2 (Yoast SEO v26.9) - https:\/\/yoast.com\/product\/yoast-seo-premium-wordpress\/ -->\n<title>Dirigente do Athletico abre o jogo sobre interesse do Flamengo em Santos<\/title>\n<meta name=\"robots\" content=\"index, follow, max-snippet:-1, max-image-preview:large, max-video-preview:-1\" \/>\n<link rel=\"canonical\" href=\"https:\/\/www.gaveanews.com\/index.php\/2022\/02\/12\/dirigente-do-athletico-abre-o-jogo-sobre-interesse-do-flamengo-em-santos\/\" \/>\n<meta property=\"og:locale\" content=\"pt_BR\" \/>\n<meta property=\"og:type\" content=\"article\" \/>\n<meta property=\"og:title\" content=\"Dirigente do Athletico abre o jogo sobre interesse do Flamengo em Santos\" \/>\n<meta property=\"og:description\" content=\"Em busca de refor\u00e7os no mercado da bola, o Flamengo est\u00e1 interessado na contrata\u00e7\u00e3o do goleiro Santos, campe\u00e3o ol\u00edmpico nos jogos de T\u00f3quio em 2021. De acordo com a informa\u00e7\u00e3o do \u201cge\u201c, Paulo Sousa j\u00e1 falou abertamente com Marcos Braz e Bruno Spindel, que deseja contar com um goleiro mais pronto do que Hugo Souza. [&hellip;]\" \/>\n<meta property=\"og:url\" content=\"https:\/\/www.gaveanews.com\/index.php\/2022\/02\/12\/dirigente-do-athletico-abre-o-jogo-sobre-interesse-do-flamengo-em-santos\/\" \/>\n<meta property=\"og:site_name\" content=\"G\u00e1vea News\" \/>\n<meta property=\"article:publisher\" content=\"https:\/\/facebook.com\/gaveaNews\/\" \/>\n<meta property=\"article:published_time\" content=\"2022-02-12T22:05:50+00:00\" \/>\n<meta property=\"article:modified_time\" content=\"2022-02-12T22:05:54+00:00\" \/>\n<meta property=\"og:image\" content=\"https:\/\/www.gaveanews.com\/wp-content\/uploads\/Santos-durante-um-treinamento-do-Athletico-PR.webp\" \/>\n\t<meta property=\"og:image:width\" content=\"984\" \/>\n\t<meta property=\"og:image:height\" content=\"532\" \/>\n\t<meta property=\"og:image:type\" content=\"image\/jpeg\" \/>\n<meta name=\"author\" content=\"Equipe G\u00e1vea News\" \/>\n<meta name=\"twitter:card\" content=\"summary_large_image\" \/>\n<meta name=\"twitter:label1\" content=\"Escrito por\" \/>\n\t<meta name=\"twitter:data1\" content=\"Equipe G\u00e1vea News\" \/>\n\t<meta name=\"twitter:label2\" content=\"Est. tempo de leitura\" \/>\n\t<meta name=\"twitter:data2\" content=\"2 minutos\" \/>\n<script type=\"application\/ld+json\" class=\"yoast-schema-graph\">{\"@context\":\"https:\/\/schema.org\",\"@graph\":[{\"@type\":\"NewsArticle\",\"@id\":\"https:\/\/www.gaveanews.com\/index.php\/2022\/02\/12\/dirigente-do-athletico-abre-o-jogo-sobre-interesse-do-flamengo-em-santos\/#article\",\"isPartOf\":{\"@id\":\"https:\/\/www.gaveanews.com\/index.php\/2022\/02\/12\/dirigente-do-athletico-abre-o-jogo-sobre-interesse-do-flamengo-em-santos\/\"},\"author\":{\"name\":\"Equipe G\u00e1vea News\",\"@id\":\"https:\/\/www.gaveanews.com\/#\/schema\/person\/2ec14f73fb96be2caf28f91afb14749d\"},\"headline\":\"Dirigente do Athletico abre o jogo sobre interesse do Flamengo em Santos\",\"datePublished\":\"2022-02-12T22:05:50+00:00\",\"dateModified\":\"2022-02-12T22:05:54+00:00\",\"mainEntityOfPage\":{\"@id\":\"https:\/\/www.gaveanews.com\/index.php\/2022\/02\/12\/dirigente-do-athletico-abre-o-jogo-sobre-interesse-do-flamengo-em-santos\/\"},\"wordCount\":245,\"commentCount\":2,\"image\":{\"@id\":\"https:\/\/www.gaveanews.com\/index.php\/2022\/02\/12\/dirigente-do-athletico-abre-o-jogo-sobre-interesse-do-flamengo-em-santos\/#primaryimage\"},\"thumbnailUrl\":\"https:\/\/www.gaveanews.com\/wp-content\/uploads\/Santos-durante-um-treinamento-do-Athletico-PR.webp\",\"articleSection\":[\"Negocia\u00e7\u00f5es\"],\"inLanguage\":\"pt-BR\",\"potentialAction\":[{\"@type\":\"CommentAction\",\"name\":\"Comment\",\"target\":[\"https:\/\/www.gaveanews.com\/index.php\/2022\/02\/12\/dirigente-do-athletico-abre-o-jogo-sobre-interesse-do-flamengo-em-santos\/#respond\"]}],\"copyrightYear\":\"2022\",\"copyrightHolder\":{\"@id\":\"https:\/\/www.gaveanews.com\/#organization\"}},{\"@type\":\"WebPage\",\"@id\":\"https:\/\/www.gaveanews.com\/index.php\/2022\/02\/12\/dirigente-do-athletico-abre-o-jogo-sobre-interesse-do-flamengo-em-santos\/\",\"url\":\"https:\/\/www.gaveanews.com\/index.php\/2022\/02\/12\/dirigente-do-athletico-abre-o-jogo-sobre-interesse-do-flamengo-em-santos\/\",\"name\":\"Dirigente do Athletico abre o jogo sobre interesse do Flamengo em Santos\",\"isPartOf\":{\"@id\":\"https:\/\/www.gaveanews.com\/#website\"},\"primaryImageOfPage\":{\"@id\":\"https:\/\/www.gaveanews.com\/index.php\/2022\/02\/12\/dirigente-do-athletico-abre-o-jogo-sobre-interesse-do-flamengo-em-santos\/#primaryimage\"},\"image\":{\"@id\":\"https:\/\/www.gaveanews.com\/index.php\/2022\/02\/12\/dirigente-do-athletico-abre-o-jogo-sobre-interesse-do-flamengo-em-santos\/#primaryimage\"},\"thumbnailUrl\":\"https:\/\/www.gaveanews.com\/wp-content\/uploads\/Santos-durante-um-treinamento-do-Athletico-PR.webp\",\"datePublished\":\"2022-02-12T22:05:50+00:00\",\"dateModified\":\"2022-02-12T22:05:54+00:00\",\"author\":{\"@id\":\"https:\/\/www.gaveanews.com\/#\/schema\/person\/2ec14f73fb96be2caf28f91afb14749d\"},\"breadcrumb\":{\"@id\":\"https:\/\/www.gaveanews.com\/index.php\/2022\/02\/12\/dirigente-do-athletico-abre-o-jogo-sobre-interesse-do-flamengo-em-santos\/#breadcrumb\"},\"inLanguage\":\"pt-BR\",\"potentialAction\":[{\"@type\":\"ReadAction\",\"target\":[\"https:\/\/www.gaveanews.com\/index.php\/2022\/02\/12\/dirigente-do-athletico-abre-o-jogo-sobre-interesse-do-flamengo-em-santos\/\"]}]},{\"@type\":\"ImageObject\",\"inLanguage\":\"pt-BR\",\"@id\":\"https:\/\/www.gaveanews.com\/index.php\/2022\/02\/12\/dirigente-do-athletico-abre-o-jogo-sobre-interesse-do-flamengo-em-santos\/#primaryimage\",\"url\":\"https:\/\/www.gaveanews.com\/wp-content\/uploads\/Santos-durante-um-treinamento-do-Athletico-PR.webp\",\"contentUrl\":\"https:\/\/www.gaveanews.com\/wp-content\/uploads\/Santos-durante-um-treinamento-do-Athletico-PR.webp\",\"width\":984,\"height\":532,\"caption\":\"Santos durante um treinamento do Athletico-PR (Foto: Jos\u00e9 Tramontin\/Athletico)\"},{\"@type\":\"BreadcrumbList\",\"@id\":\"https:\/\/www.gaveanews.com\/index.php\/2022\/02\/12\/dirigente-do-athletico-abre-o-jogo-sobre-interesse-do-flamengo-em-santos\/#breadcrumb\",\"itemListElement\":[{\"@type\":\"ListItem\",\"position\":1,\"name\":\"Home\",\"item\":\"https:\/\/www.gaveanews.com\/\"},{\"@type\":\"ListItem\",\"position\":2,\"name\":\"Dirigente do Athletico abre o jogo sobre interesse do Flamengo em Santos\"}]},{\"@type\":\"WebSite\",\"@id\":\"https:\/\/www.gaveanews.com\/#website\",\"url\":\"https:\/\/www.gaveanews.com\/\",\"name\":\"G\u00e1vea News\",\"description\":\"Veja todas as not\u00edcias sobre o Flamengo: Contrata\u00e7\u00f5es, categorias de base, resultados das partidas, tabela de classifica\u00e7\u00e3o, pr\u00f3ximos jogos!\",\"potentialAction\":[{\"@type\":\"SearchAction\",\"target\":{\"@type\":\"EntryPoint\",\"urlTemplate\":\"https:\/\/www.gaveanews.com\/?s={search_term_string}\"},\"query-input\":{\"@type\":\"PropertyValueSpecification\",\"valueRequired\":true,\"valueName\":\"search_term_string\"}}],\"inLanguage\":\"pt-BR\"},{\"@type\":\"Person\",\"@id\":\"https:\/\/www.gaveanews.com\/#\/schema\/person\/2ec14f73fb96be2caf28f91afb14749d\",\"name\":\"Equipe G\u00e1vea News\",\"image\":{\"@type\":\"ImageObject\",\"inLanguage\":\"pt-BR\",\"@id\":\"https:\/\/www.gaveanews.com\/#\/schema\/person\/image\/\",\"url\":\"https:\/\/secure.gravatar.com\/avatar\/1e1956f1facbffd3f8fa53a326721950116b3b9dc9bd44939c01180fd4a745a9?s=96&d=mm&r=g\",\"contentUrl\":\"https:\/\/secure.gravatar.com\/avatar\/1e1956f1facbffd3f8fa53a326721950116b3b9dc9bd44939c01180fd4a745a9?s=96&d=mm&r=g\",\"caption\":\"Equipe G\u00e1vea News\"}}]}<\/script>\n<!-- \/ Yoast SEO Premium plugin. -->","yoast_head_json":{"title":"Dirigente do Athletico abre o jogo sobre interesse do Flamengo em Santos","robots":{"index":"index","follow":"follow","max-snippet":"max-snippet:-1","max-image-preview":"max-image-preview:large","max-video-preview":"max-video-preview:-1"},"canonical":"https:\/\/www.gaveanews.com\/index.php\/2022\/02\/12\/dirigente-do-athletico-abre-o-jogo-sobre-interesse-do-flamengo-em-santos\/","og_locale":"pt_BR","og_type":"article","og_title":"Dirigente do Athletico abre o jogo sobre interesse do Flamengo em Santos","og_description":"Em busca de refor\u00e7os no mercado da bola, o Flamengo est\u00e1 interessado na contrata\u00e7\u00e3o do goleiro Santos, campe\u00e3o ol\u00edmpico nos jogos de T\u00f3quio em 2021. De acordo com a informa\u00e7\u00e3o do \u201cge\u201c, Paulo Sousa j\u00e1 falou abertamente com Marcos Braz e Bruno Spindel, que deseja contar com um goleiro mais pronto do que Hugo Souza. [&hellip;]","og_url":"https:\/\/www.gaveanews.com\/index.php\/2022\/02\/12\/dirigente-do-athletico-abre-o-jogo-sobre-interesse-do-flamengo-em-santos\/","og_site_name":"G\u00e1vea News","article_publisher":"https:\/\/facebook.com\/gaveaNews\/","article_published_time":"2022-02-12T22:05:50+00:00","article_modified_time":"2022-02-12T22:05:54+00:00","og_image":[{"width":984,"height":532,"url":"https:\/\/www.gaveanews.com\/wp-content\/uploads\/Santos-durante-um-treinamento-do-Athletico-PR.webp","type":"image\/jpeg"}],"author":"Equipe G\u00e1vea News","twitter_card":"summary_large_image","twitter_misc":{"Escrito por":"Equipe G\u00e1vea News","Est. tempo de leitura":"2 minutos"},"schema":{"@context":"https:\/\/schema.org","@graph":[{"@type":"NewsArticle","@id":"https:\/\/www.gaveanews.com\/index.php\/2022\/02\/12\/dirigente-do-athletico-abre-o-jogo-sobre-interesse-do-flamengo-em-santos\/#article","isPartOf":{"@id":"https:\/\/www.gaveanews.com\/index.php\/2022\/02\/12\/dirigente-do-athletico-abre-o-jogo-sobre-interesse-do-flamengo-em-santos\/"},"author":{"name":"Equipe G\u00e1vea News","@id":"https:\/\/www.gaveanews.com\/#\/schema\/person\/2ec14f73fb96be2caf28f91afb14749d"},"headline":"Dirigente do Athletico abre o jogo sobre interesse do Flamengo em Santos","datePublished":"2022-02-12T22:05:50+00:00","dateModified":"2022-02-12T22:05:54+00:00","mainEntityOfPage":{"@id":"https:\/\/www.gaveanews.com\/index.php\/2022\/02\/12\/dirigente-do-athletico-abre-o-jogo-sobre-interesse-do-flamengo-em-santos\/"},"wordCount":245,"commentCount":2,"image":{"@id":"https:\/\/www.gaveanews.com\/index.php\/2022\/02\/12\/dirigente-do-athletico-abre-o-jogo-sobre-interesse-do-flamengo-em-santos\/#primaryimage"},"thumbnailUrl":"https:\/\/www.gaveanews.com\/wp-content\/uploads\/Santos-durante-um-treinamento-do-Athletico-PR.webp","articleSection":["Negocia\u00e7\u00f5es"],"inLanguage":"pt-BR","potentialAction":[{"@type":"CommentAction","name":"Comment","target":["https:\/\/www.gaveanews.com\/index.php\/2022\/02\/12\/dirigente-do-athletico-abre-o-jogo-sobre-interesse-do-flamengo-em-santos\/#respond"]}],"copyrightYear":"2022","copyrightHolder":{"@id":"https:\/\/www.gaveanews.com\/#organization"}},{"@type":"WebPage","@id":"https:\/\/www.gaveanews.com\/index.php\/2022\/02\/12\/dirigente-do-athletico-abre-o-jogo-sobre-interesse-do-flamengo-em-santos\/","url":"https:\/\/www.gaveanews.com\/index.php\/2022\/02\/12\/dirigente-do-athletico-abre-o-jogo-sobre-interesse-do-flamengo-em-santos\/","name":"Dirigente do Athletico abre o jogo sobre interesse do Flamengo em Santos","isPartOf":{"@id":"https:\/\/www.gaveanews.com\/#website"},"primaryImageOfPage":{"@id":"https:\/\/www.gaveanews.com\/index.php\/2022\/02\/12\/dirigente-do-athletico-abre-o-jogo-sobre-interesse-do-flamengo-em-santos\/#primaryimage"},"image":{"@id":"https:\/\/www.gaveanews.com\/index.php\/2022\/02\/12\/dirigente-do-athletico-abre-o-jogo-sobre-interesse-do-flamengo-em-santos\/#primaryimage"},"thumbnailUrl":"https:\/\/www.gaveanews.com\/wp-content\/uploads\/Santos-durante-um-treinamento-do-Athletico-PR.webp","datePublished":"2022-02-12T22:05:50+00:00","dateModified":"2022-02-12T22:05:54+00:00","author":{"@id":"https:\/\/www.gaveanews.com\/#\/schema\/person\/2ec14f73fb96be2caf28f91afb14749d"},"breadcrumb":{"@id":"https:\/\/www.gaveanews.com\/index.php\/2022\/02\/12\/dirigente-do-athletico-abre-o-jogo-sobre-interesse-do-flamengo-em-santos\/#breadcrumb"},"inLanguage":"pt-BR","potentialAction":[{"@type":"ReadAction","target":["https:\/\/www.gaveanews.com\/index.php\/2022\/02\/12\/dirigente-do-athletico-abre-o-jogo-sobre-interesse-do-flamengo-em-santos\/"]}]},{"@type":"ImageObject","inLanguage":"pt-BR","@id":"https:\/\/www.gaveanews.com\/index.php\/2022\/02\/12\/dirigente-do-athletico-abre-o-jogo-sobre-interesse-do-flamengo-em-santos\/#primaryimage","url":"https:\/\/www.gaveanews.com\/wp-content\/uploads\/Santos-durante-um-treinamento-do-Athletico-PR.webp","contentUrl":"https:\/\/www.gaveanews.com\/wp-content\/uploads\/Santos-durante-um-treinamento-do-Athletico-PR.webp","width":984,"height":532,"caption":"Santos durante um treinamento do Athletico-PR (Foto: Jos\u00e9 Tramontin\/Athletico)"},{"@type":"BreadcrumbList","@id":"https:\/\/www.gaveanews.com\/index.php\/2022\/02\/12\/dirigente-do-athletico-abre-o-jogo-sobre-interesse-do-flamengo-em-santos\/#breadcrumb","itemListElement":[{"@type":"ListItem","position":1,"name":"Home","item":"https:\/\/www.gaveanews.com\/"},{"@type":"ListItem","position":2,"name":"Dirigente do Athletico abre o jogo sobre interesse do Flamengo em Santos"}]},{"@type":"WebSite","@id":"https:\/\/www.gaveanews.com\/#website","url":"https:\/\/www.gaveanews.com\/","name":"G\u00e1vea News","description":"Veja todas as not\u00edcias sobre o Flamengo: Contrata\u00e7\u00f5es, categorias de base, resultados das partidas, tabela de classifica\u00e7\u00e3o, pr\u00f3ximos jogos!","potentialAction":[{"@type":"SearchAction","target":{"@type":"EntryPoint","urlTemplate":"https:\/\/www.gaveanews.com\/?s={search_term_string}"},"query-input":{"@type":"PropertyValueSpecification","valueRequired":true,"valueName":"search_term_string"}}],"inLanguage":"pt-BR"},{"@type":"Person","@id":"https:\/\/www.gaveanews.com\/#\/schema\/person\/2ec14f73fb96be2caf28f91afb14749d","name":"Equipe G\u00e1vea News","image":{"@type":"ImageObject","inLanguage":"pt-BR","@id":"https:\/\/www.gaveanews.com\/#\/schema\/person\/image\/","url":"https:\/\/secure.gravatar.com\/avatar\/1e1956f1facbffd3f8fa53a326721950116b3b9dc9bd44939c01180fd4a745a9?s=96&d=mm&r=g","contentUrl":"https:\/\/secure.gravatar.com\/avatar\/1e1956f1facbffd3f8fa53a326721950116b3b9dc9bd44939c01180fd4a745a9?s=96&d=mm&r=g","caption":"Equipe G\u00e1vea News"}}]}},"_links":{"self":[{"href":"https:\/\/www.gaveanews.com\/index.php\/wp-json\/wp\/v2\/posts\/76630","targetHints":{"allow":["GET"]}}],"collection":[{"href":"https:\/\/www.gaveanews.com\/index.php\/wp-json\/wp\/v2\/posts"}],"about":[{"href":"https:\/\/www.gaveanews.com\/index.php\/wp-json\/wp\/v2\/types\/post"}],"author":[{"embeddable":true,"href":"https:\/\/www.gaveanews.com\/index.php\/wp-json\/wp\/v2\/users\/1"}],"replies":[{"embeddable":true,"href":"https:\/\/www.gaveanews.com\/index.php\/wp-json\/wp\/v2\/comments?post=76630"}],"version-history":[{"count":0,"href":"https:\/\/www.gaveanews.com\/index.php\/wp-json\/wp\/v2\/posts\/76630\/revisions"}],"wp:featuredmedia":[{"embeddable":true,"href":"https:\/\/www.gaveanews.com\/index.php\/wp-json\/wp\/v2\/media\/76601"}],"wp:attachment":[{"href":"https:\/\/www.gaveanews.com\/index.php\/wp-json\/wp\/v2\/media?parent=76630"}],"wp:term":[{"taxonomy":"category","embeddable":true,"href":"https:\/\/www.gaveanews.com\/index.php\/wp-json\/wp\/v2\/categories?post=76630"},{"taxonomy":"post_tag","embeddable":true,"href":"https:\/\/www.gaveanews.com\/index.php\/wp-json\/wp\/v2\/tags?post=76630"}],"curies":[{"name":"wp","href":"https:\/\/api.w.org\/{rel}","templated":true}]}}