{"id":76634,"date":"2022-02-12T21:04:50","date_gmt":"2022-02-13T00:04:50","guid":{"rendered":"https:\/\/www.gaveanews.com\/?p=76634"},"modified":"2022-02-12T21:14:58","modified_gmt":"2022-02-13T00:14:58","slug":"sondado-pelo-flamengo-conheca-a-historia-de-santos-no-athletico","status":"publish","type":"post","link":"https:\/\/www.gaveanews.com\/index.php\/2022\/02\/12\/sondado-pelo-flamengo-conheca-a-historia-de-santos-no-athletico\/","title":{"rendered":"Sondado pelo Flamengo, conhe\u00e7a a hist\u00f3ria de Santos no Athletico"},"content":{"rendered":"\n<p>Aderbar Melo dos Santos Neto, goleiro de 31 anos de idade, \u00e9 formado no Athletico onde atuou durante toda sua vida. Conhe\u00e7a a hist\u00f3ria do paraibano, \u00eddolo do Furac\u00e3o.<\/p>\n\n\n\n<p>Na categoria de base passou pelo Porto-PE, e chegou ao Athletico em 2008. Foi campe\u00e3o 2x da Copa Tribuna de Futebol Junior, da do Torneio de Oberndorf (Alemanha), do Torneio de Doetinchem (Holanda) e vice campe\u00e3o da Copinha de 2009.<\/p>\n\n\n\n<p>Santos estreou na equipe principal do Furac\u00e3o pela Copa Sul-Americana de 2011, contra o Flamengo, onde foi superado por 1\u00d70 com gol de Ronaldinho Ga\u00facho. Nessa oportunidade, o t\u00e9cnico Renato Ga\u00facho escalou apenas dois titulares no Furac\u00e3o.<\/p>\n\n\n\n<p>Um jogo marcante a Santos foi contra o Corinthians em 2016. Na oportunidade, o goleiro assumiu a titularidade ap\u00f3s a aus\u00eancia de Weverton. O Furac\u00e3o superou o alvinegro por 2\u00d70, com dois gols de Walter. A equipe corintiana finalizou 10 vezes ao gol.<\/p>\n\n\n\n<p>Em 2018, ap\u00f3s a ida de Weverton ao Palmeiras, Santos assumiu a titularidade, nesse mesmo ano venceu a primeira Copa Sul-Americana da hist\u00f3ria do clube. O guarda redes foi um dos destaques da equipe rubro-negra no ano da conquista do torneio internacional.<\/p>\n\n\n\n<p>Em 2019 manteve a titularidade e venceu a Copa do Brasil. Na campanha o Furac\u00e3o derrotou o Fortaleza, Flamengo, Gr\u00eamio e Internacional.<\/p>\n\n\n\n<p>Em setembro de 2019 foi convocado a sele\u00e7\u00e3o, onde n\u00e3o chegou a atuar, sendo banco de Ederson, do Manchester City. Al\u00e9m disso, teve a oportunidade de defender a sele\u00e7\u00e3o brasileira nas Olimp\u00edadas de 2020, em 2021, onde levou o ouro ol\u00edmpico.<\/p>\n\n\n\n<p>Em 2021 Santos voltou a ser vitorioso no Athletico. A equipe paranaense conquistou pela segunda vez em sua hist\u00f3ria o t\u00edtulo da Copa Sul-Americana.<\/p>\n\n\n\n<p>Em 2022 Santos vem sendo sondado pelo Flamengo. Segundo Jorge Nicola, o Athletico tem ci\u00eancia do interesse da equipe carioca no jogador, mas nenhuma oferta foi formalizada (<a href=\"https:\/\/www.gaveanews.com\/index.php\/2022\/02\/12\/dirigente-do-athletico-abre-o-jogo-sobre-interesse-do-flamengo-em-santos\/\">saiba mais aqui<\/a>).<\/p>\n\n\n\n<p>Retirado de: Mercado do Futebol<\/p>\n","protected":false},"excerpt":{"rendered":"<p>Aderbar Melo dos Santos Neto, goleiro de 31 anos de idade, \u00e9 formado no Athletico onde atuou durante toda sua vida. Conhe\u00e7a a hist\u00f3ria do paraibano, \u00eddolo do Furac\u00e3o. Na categoria de base passou pelo Porto-PE, e chegou ao Athletico em 2008. Foi campe\u00e3o 2x da Copa Tribuna de Futebol Junior, da do Torneio de [&hellip;]<\/p>\n","protected":false},"author":1,"featured_media":76601,"comment_status":"open","ping_status":"closed","sticky":false,"template":"","format":"standard","meta":{"footnotes":""},"categories":[1],"tags":[],"class_list":["post-76634","post","type-post","status-publish","format-standard","has-post-thumbnail","hentry","category-flamengo"],"yoast_head":"<!-- This site is optimized with the Yoast SEO Premium plugin v24.2 (Yoast SEO v26.9) - https:\/\/yoast.com\/product\/yoast-seo-premium-wordpress\/ -->\n<title>Sondado pelo Flamengo, conhe\u00e7a a hist\u00f3ria de Santos no Athletico<\/title>\n<meta name=\"robots\" content=\"index, follow, max-snippet:-1, max-image-preview:large, max-video-preview:-1\" \/>\n<link rel=\"canonical\" href=\"https:\/\/www.gaveanews.com\/index.php\/2022\/02\/12\/sondado-pelo-flamengo-conheca-a-historia-de-santos-no-athletico\/\" \/>\n<meta property=\"og:locale\" content=\"pt_BR\" \/>\n<meta property=\"og:type\" content=\"article\" \/>\n<meta property=\"og:title\" content=\"Sondado pelo Flamengo, conhe\u00e7a a hist\u00f3ria de Santos no Athletico\" \/>\n<meta property=\"og:description\" content=\"Aderbar Melo dos Santos Neto, goleiro de 31 anos de idade, \u00e9 formado no Athletico onde atuou durante toda sua vida. Conhe\u00e7a a hist\u00f3ria do paraibano, \u00eddolo do Furac\u00e3o. Na categoria de base passou pelo Porto-PE, e chegou ao Athletico em 2008. Foi campe\u00e3o 2x da Copa Tribuna de Futebol Junior, da do Torneio de [&hellip;]\" \/>\n<meta property=\"og:url\" content=\"https:\/\/www.gaveanews.com\/index.php\/2022\/02\/12\/sondado-pelo-flamengo-conheca-a-historia-de-santos-no-athletico\/\" \/>\n<meta property=\"og:site_name\" content=\"G\u00e1vea News\" \/>\n<meta property=\"article:publisher\" content=\"https:\/\/facebook.com\/gaveaNews\/\" \/>\n<meta property=\"article:published_time\" content=\"2022-02-13T00:04:50+00:00\" \/>\n<meta property=\"article:modified_time\" content=\"2022-02-13T00:14:58+00:00\" \/>\n<meta property=\"og:image\" content=\"https:\/\/www.gaveanews.com\/wp-content\/uploads\/Santos-durante-um-treinamento-do-Athletico-PR.webp\" \/>\n\t<meta property=\"og:image:width\" content=\"984\" \/>\n\t<meta property=\"og:image:height\" content=\"532\" \/>\n\t<meta property=\"og:image:type\" content=\"image\/jpeg\" \/>\n<meta name=\"author\" content=\"Equipe G\u00e1vea News\" \/>\n<meta name=\"twitter:card\" content=\"summary_large_image\" \/>\n<meta name=\"twitter:label1\" content=\"Escrito por\" \/>\n\t<meta name=\"twitter:data1\" content=\"Equipe G\u00e1vea News\" \/>\n\t<meta name=\"twitter:label2\" content=\"Est. tempo de leitura\" \/>\n\t<meta name=\"twitter:data2\" content=\"2 minutos\" \/>\n<script type=\"application\/ld+json\" class=\"yoast-schema-graph\">{\"@context\":\"https:\/\/schema.org\",\"@graph\":[{\"@type\":\"NewsArticle\",\"@id\":\"https:\/\/www.gaveanews.com\/index.php\/2022\/02\/12\/sondado-pelo-flamengo-conheca-a-historia-de-santos-no-athletico\/#article\",\"isPartOf\":{\"@id\":\"https:\/\/www.gaveanews.com\/index.php\/2022\/02\/12\/sondado-pelo-flamengo-conheca-a-historia-de-santos-no-athletico\/\"},\"author\":{\"name\":\"Equipe G\u00e1vea News\",\"@id\":\"https:\/\/www.gaveanews.com\/#\/schema\/person\/2ec14f73fb96be2caf28f91afb14749d\"},\"headline\":\"Sondado pelo Flamengo, conhe\u00e7a a hist\u00f3ria de Santos no Athletico\",\"datePublished\":\"2022-02-13T00:04:50+00:00\",\"dateModified\":\"2022-02-13T00:14:58+00:00\",\"mainEntityOfPage\":{\"@id\":\"https:\/\/www.gaveanews.com\/index.php\/2022\/02\/12\/sondado-pelo-flamengo-conheca-a-historia-de-santos-no-athletico\/\"},\"wordCount\":335,\"commentCount\":2,\"image\":{\"@id\":\"https:\/\/www.gaveanews.com\/index.php\/2022\/02\/12\/sondado-pelo-flamengo-conheca-a-historia-de-santos-no-athletico\/#primaryimage\"},\"thumbnailUrl\":\"https:\/\/www.gaveanews.com\/wp-content\/uploads\/Santos-durante-um-treinamento-do-Athletico-PR.webp\",\"articleSection\":[\"Flamengo\"],\"inLanguage\":\"pt-BR\",\"potentialAction\":[{\"@type\":\"CommentAction\",\"name\":\"Comment\",\"target\":[\"https:\/\/www.gaveanews.com\/index.php\/2022\/02\/12\/sondado-pelo-flamengo-conheca-a-historia-de-santos-no-athletico\/#respond\"]}],\"copyrightYear\":\"2022\",\"copyrightHolder\":{\"@id\":\"https:\/\/www.gaveanews.com\/#organization\"}},{\"@type\":\"WebPage\",\"@id\":\"https:\/\/www.gaveanews.com\/index.php\/2022\/02\/12\/sondado-pelo-flamengo-conheca-a-historia-de-santos-no-athletico\/\",\"url\":\"https:\/\/www.gaveanews.com\/index.php\/2022\/02\/12\/sondado-pelo-flamengo-conheca-a-historia-de-santos-no-athletico\/\",\"name\":\"Sondado pelo Flamengo, conhe\u00e7a a hist\u00f3ria de Santos no Athletico\",\"isPartOf\":{\"@id\":\"https:\/\/www.gaveanews.com\/#website\"},\"primaryImageOfPage\":{\"@id\":\"https:\/\/www.gaveanews.com\/index.php\/2022\/02\/12\/sondado-pelo-flamengo-conheca-a-historia-de-santos-no-athletico\/#primaryimage\"},\"image\":{\"@id\":\"https:\/\/www.gaveanews.com\/index.php\/2022\/02\/12\/sondado-pelo-flamengo-conheca-a-historia-de-santos-no-athletico\/#primaryimage\"},\"thumbnailUrl\":\"https:\/\/www.gaveanews.com\/wp-content\/uploads\/Santos-durante-um-treinamento-do-Athletico-PR.webp\",\"datePublished\":\"2022-02-13T00:04:50+00:00\",\"dateModified\":\"2022-02-13T00:14:58+00:00\",\"author\":{\"@id\":\"https:\/\/www.gaveanews.com\/#\/schema\/person\/2ec14f73fb96be2caf28f91afb14749d\"},\"breadcrumb\":{\"@id\":\"https:\/\/www.gaveanews.com\/index.php\/2022\/02\/12\/sondado-pelo-flamengo-conheca-a-historia-de-santos-no-athletico\/#breadcrumb\"},\"inLanguage\":\"pt-BR\",\"potentialAction\":[{\"@type\":\"ReadAction\",\"target\":[\"https:\/\/www.gaveanews.com\/index.php\/2022\/02\/12\/sondado-pelo-flamengo-conheca-a-historia-de-santos-no-athletico\/\"]}]},{\"@type\":\"ImageObject\",\"inLanguage\":\"pt-BR\",\"@id\":\"https:\/\/www.gaveanews.com\/index.php\/2022\/02\/12\/sondado-pelo-flamengo-conheca-a-historia-de-santos-no-athletico\/#primaryimage\",\"url\":\"https:\/\/www.gaveanews.com\/wp-content\/uploads\/Santos-durante-um-treinamento-do-Athletico-PR.webp\",\"contentUrl\":\"https:\/\/www.gaveanews.com\/wp-content\/uploads\/Santos-durante-um-treinamento-do-Athletico-PR.webp\",\"width\":984,\"height\":532,\"caption\":\"Santos durante um treinamento do Athletico-PR (Foto: Jos\u00e9 Tramontin\/Athletico)\"},{\"@type\":\"BreadcrumbList\",\"@id\":\"https:\/\/www.gaveanews.com\/index.php\/2022\/02\/12\/sondado-pelo-flamengo-conheca-a-historia-de-santos-no-athletico\/#breadcrumb\",\"itemListElement\":[{\"@type\":\"ListItem\",\"position\":1,\"name\":\"Home\",\"item\":\"https:\/\/www.gaveanews.com\/\"},{\"@type\":\"ListItem\",\"position\":2,\"name\":\"Sondado pelo Flamengo, conhe\u00e7a a hist\u00f3ria de Santos no Athletico\"}]},{\"@type\":\"WebSite\",\"@id\":\"https:\/\/www.gaveanews.com\/#website\",\"url\":\"https:\/\/www.gaveanews.com\/\",\"name\":\"G\u00e1vea News\",\"description\":\"Veja todas as not\u00edcias sobre o Flamengo: Contrata\u00e7\u00f5es, categorias de base, resultados das partidas, tabela de classifica\u00e7\u00e3o, pr\u00f3ximos jogos!\",\"potentialAction\":[{\"@type\":\"SearchAction\",\"target\":{\"@type\":\"EntryPoint\",\"urlTemplate\":\"https:\/\/www.gaveanews.com\/?s={search_term_string}\"},\"query-input\":{\"@type\":\"PropertyValueSpecification\",\"valueRequired\":true,\"valueName\":\"search_term_string\"}}],\"inLanguage\":\"pt-BR\"},{\"@type\":\"Person\",\"@id\":\"https:\/\/www.gaveanews.com\/#\/schema\/person\/2ec14f73fb96be2caf28f91afb14749d\",\"name\":\"Equipe G\u00e1vea News\",\"image\":{\"@type\":\"ImageObject\",\"inLanguage\":\"pt-BR\",\"@id\":\"https:\/\/www.gaveanews.com\/#\/schema\/person\/image\/\",\"url\":\"https:\/\/secure.gravatar.com\/avatar\/1e1956f1facbffd3f8fa53a326721950116b3b9dc9bd44939c01180fd4a745a9?s=96&d=mm&r=g\",\"contentUrl\":\"https:\/\/secure.gravatar.com\/avatar\/1e1956f1facbffd3f8fa53a326721950116b3b9dc9bd44939c01180fd4a745a9?s=96&d=mm&r=g\",\"caption\":\"Equipe G\u00e1vea News\"}}]}<\/script>\n<!-- \/ Yoast SEO Premium plugin. -->","yoast_head_json":{"title":"Sondado pelo Flamengo, conhe\u00e7a a hist\u00f3ria de Santos no Athletico","robots":{"index":"index","follow":"follow","max-snippet":"max-snippet:-1","max-image-preview":"max-image-preview:large","max-video-preview":"max-video-preview:-1"},"canonical":"https:\/\/www.gaveanews.com\/index.php\/2022\/02\/12\/sondado-pelo-flamengo-conheca-a-historia-de-santos-no-athletico\/","og_locale":"pt_BR","og_type":"article","og_title":"Sondado pelo Flamengo, conhe\u00e7a a hist\u00f3ria de Santos no Athletico","og_description":"Aderbar Melo dos Santos Neto, goleiro de 31 anos de idade, \u00e9 formado no Athletico onde atuou durante toda sua vida. Conhe\u00e7a a hist\u00f3ria do paraibano, \u00eddolo do Furac\u00e3o. Na categoria de base passou pelo Porto-PE, e chegou ao Athletico em 2008. Foi campe\u00e3o 2x da Copa Tribuna de Futebol Junior, da do Torneio de [&hellip;]","og_url":"https:\/\/www.gaveanews.com\/index.php\/2022\/02\/12\/sondado-pelo-flamengo-conheca-a-historia-de-santos-no-athletico\/","og_site_name":"G\u00e1vea News","article_publisher":"https:\/\/facebook.com\/gaveaNews\/","article_published_time":"2022-02-13T00:04:50+00:00","article_modified_time":"2022-02-13T00:14:58+00:00","og_image":[{"width":984,"height":532,"url":"https:\/\/www.gaveanews.com\/wp-content\/uploads\/Santos-durante-um-treinamento-do-Athletico-PR.webp","type":"image\/jpeg"}],"author":"Equipe G\u00e1vea News","twitter_card":"summary_large_image","twitter_misc":{"Escrito por":"Equipe G\u00e1vea News","Est. tempo de leitura":"2 minutos"},"schema":{"@context":"https:\/\/schema.org","@graph":[{"@type":"NewsArticle","@id":"https:\/\/www.gaveanews.com\/index.php\/2022\/02\/12\/sondado-pelo-flamengo-conheca-a-historia-de-santos-no-athletico\/#article","isPartOf":{"@id":"https:\/\/www.gaveanews.com\/index.php\/2022\/02\/12\/sondado-pelo-flamengo-conheca-a-historia-de-santos-no-athletico\/"},"author":{"name":"Equipe G\u00e1vea News","@id":"https:\/\/www.gaveanews.com\/#\/schema\/person\/2ec14f73fb96be2caf28f91afb14749d"},"headline":"Sondado pelo Flamengo, conhe\u00e7a a hist\u00f3ria de Santos no Athletico","datePublished":"2022-02-13T00:04:50+00:00","dateModified":"2022-02-13T00:14:58+00:00","mainEntityOfPage":{"@id":"https:\/\/www.gaveanews.com\/index.php\/2022\/02\/12\/sondado-pelo-flamengo-conheca-a-historia-de-santos-no-athletico\/"},"wordCount":335,"commentCount":2,"image":{"@id":"https:\/\/www.gaveanews.com\/index.php\/2022\/02\/12\/sondado-pelo-flamengo-conheca-a-historia-de-santos-no-athletico\/#primaryimage"},"thumbnailUrl":"https:\/\/www.gaveanews.com\/wp-content\/uploads\/Santos-durante-um-treinamento-do-Athletico-PR.webp","articleSection":["Flamengo"],"inLanguage":"pt-BR","potentialAction":[{"@type":"CommentAction","name":"Comment","target":["https:\/\/www.gaveanews.com\/index.php\/2022\/02\/12\/sondado-pelo-flamengo-conheca-a-historia-de-santos-no-athletico\/#respond"]}],"copyrightYear":"2022","copyrightHolder":{"@id":"https:\/\/www.gaveanews.com\/#organization"}},{"@type":"WebPage","@id":"https:\/\/www.gaveanews.com\/index.php\/2022\/02\/12\/sondado-pelo-flamengo-conheca-a-historia-de-santos-no-athletico\/","url":"https:\/\/www.gaveanews.com\/index.php\/2022\/02\/12\/sondado-pelo-flamengo-conheca-a-historia-de-santos-no-athletico\/","name":"Sondado pelo Flamengo, conhe\u00e7a a hist\u00f3ria de Santos no Athletico","isPartOf":{"@id":"https:\/\/www.gaveanews.com\/#website"},"primaryImageOfPage":{"@id":"https:\/\/www.gaveanews.com\/index.php\/2022\/02\/12\/sondado-pelo-flamengo-conheca-a-historia-de-santos-no-athletico\/#primaryimage"},"image":{"@id":"https:\/\/www.gaveanews.com\/index.php\/2022\/02\/12\/sondado-pelo-flamengo-conheca-a-historia-de-santos-no-athletico\/#primaryimage"},"thumbnailUrl":"https:\/\/www.gaveanews.com\/wp-content\/uploads\/Santos-durante-um-treinamento-do-Athletico-PR.webp","datePublished":"2022-02-13T00:04:50+00:00","dateModified":"2022-02-13T00:14:58+00:00","author":{"@id":"https:\/\/www.gaveanews.com\/#\/schema\/person\/2ec14f73fb96be2caf28f91afb14749d"},"breadcrumb":{"@id":"https:\/\/www.gaveanews.com\/index.php\/2022\/02\/12\/sondado-pelo-flamengo-conheca-a-historia-de-santos-no-athletico\/#breadcrumb"},"inLanguage":"pt-BR","potentialAction":[{"@type":"ReadAction","target":["https:\/\/www.gaveanews.com\/index.php\/2022\/02\/12\/sondado-pelo-flamengo-conheca-a-historia-de-santos-no-athletico\/"]}]},{"@type":"ImageObject","inLanguage":"pt-BR","@id":"https:\/\/www.gaveanews.com\/index.php\/2022\/02\/12\/sondado-pelo-flamengo-conheca-a-historia-de-santos-no-athletico\/#primaryimage","url":"https:\/\/www.gaveanews.com\/wp-content\/uploads\/Santos-durante-um-treinamento-do-Athletico-PR.webp","contentUrl":"https:\/\/www.gaveanews.com\/wp-content\/uploads\/Santos-durante-um-treinamento-do-Athletico-PR.webp","width":984,"height":532,"caption":"Santos durante um treinamento do Athletico-PR (Foto: Jos\u00e9 Tramontin\/Athletico)"},{"@type":"BreadcrumbList","@id":"https:\/\/www.gaveanews.com\/index.php\/2022\/02\/12\/sondado-pelo-flamengo-conheca-a-historia-de-santos-no-athletico\/#breadcrumb","itemListElement":[{"@type":"ListItem","position":1,"name":"Home","item":"https:\/\/www.gaveanews.com\/"},{"@type":"ListItem","position":2,"name":"Sondado pelo Flamengo, conhe\u00e7a a hist\u00f3ria de Santos no Athletico"}]},{"@type":"WebSite","@id":"https:\/\/www.gaveanews.com\/#website","url":"https:\/\/www.gaveanews.com\/","name":"G\u00e1vea News","description":"Veja todas as not\u00edcias sobre o Flamengo: Contrata\u00e7\u00f5es, categorias de base, resultados das partidas, tabela de classifica\u00e7\u00e3o, pr\u00f3ximos jogos!","potentialAction":[{"@type":"SearchAction","target":{"@type":"EntryPoint","urlTemplate":"https:\/\/www.gaveanews.com\/?s={search_term_string}"},"query-input":{"@type":"PropertyValueSpecification","valueRequired":true,"valueName":"search_term_string"}}],"inLanguage":"pt-BR"},{"@type":"Person","@id":"https:\/\/www.gaveanews.com\/#\/schema\/person\/2ec14f73fb96be2caf28f91afb14749d","name":"Equipe G\u00e1vea News","image":{"@type":"ImageObject","inLanguage":"pt-BR","@id":"https:\/\/www.gaveanews.com\/#\/schema\/person\/image\/","url":"https:\/\/secure.gravatar.com\/avatar\/1e1956f1facbffd3f8fa53a326721950116b3b9dc9bd44939c01180fd4a745a9?s=96&d=mm&r=g","contentUrl":"https:\/\/secure.gravatar.com\/avatar\/1e1956f1facbffd3f8fa53a326721950116b3b9dc9bd44939c01180fd4a745a9?s=96&d=mm&r=g","caption":"Equipe G\u00e1vea News"}}]}},"_links":{"self":[{"href":"https:\/\/www.gaveanews.com\/index.php\/wp-json\/wp\/v2\/posts\/76634","targetHints":{"allow":["GET"]}}],"collection":[{"href":"https:\/\/www.gaveanews.com\/index.php\/wp-json\/wp\/v2\/posts"}],"about":[{"href":"https:\/\/www.gaveanews.com\/index.php\/wp-json\/wp\/v2\/types\/post"}],"author":[{"embeddable":true,"href":"https:\/\/www.gaveanews.com\/index.php\/wp-json\/wp\/v2\/users\/1"}],"replies":[{"embeddable":true,"href":"https:\/\/www.gaveanews.com\/index.php\/wp-json\/wp\/v2\/comments?post=76634"}],"version-history":[{"count":0,"href":"https:\/\/www.gaveanews.com\/index.php\/wp-json\/wp\/v2\/posts\/76634\/revisions"}],"wp:featuredmedia":[{"embeddable":true,"href":"https:\/\/www.gaveanews.com\/index.php\/wp-json\/wp\/v2\/media\/76601"}],"wp:attachment":[{"href":"https:\/\/www.gaveanews.com\/index.php\/wp-json\/wp\/v2\/media?parent=76634"}],"wp:term":[{"taxonomy":"category","embeddable":true,"href":"https:\/\/www.gaveanews.com\/index.php\/wp-json\/wp\/v2\/categories?post=76634"},{"taxonomy":"post_tag","embeddable":true,"href":"https:\/\/www.gaveanews.com\/index.php\/wp-json\/wp\/v2\/tags?post=76634"}],"curies":[{"name":"wp","href":"https:\/\/api.w.org\/{rel}","templated":true}]}}