{"id":76645,"date":"2022-02-13T00:35:28","date_gmt":"2022-02-13T03:35:28","guid":{"rendered":"https:\/\/www.gaveanews.com\/?p=76645"},"modified":"2022-02-13T00:35:33","modified_gmt":"2022-02-13T03:35:33","slug":"paulo-sousa-passa-instrucoes-personalizadas-e-individualizadas-para-cada-jogador-do-flamengo","status":"publish","type":"post","link":"https:\/\/www.gaveanews.com\/index.php\/2022\/02\/13\/paulo-sousa-passa-instrucoes-personalizadas-e-individualizadas-para-cada-jogador-do-flamengo\/","title":{"rendered":"Paulo Sousa passa instru\u00e7\u00f5es personalizadas e individualizadas para cada jogador do Flamengo"},"content":{"rendered":"\n<p>No comando do Flamengo h\u00e1 exatos 31 dias, o t\u00e9cnico Paulo Sousa dirigiu a equipe rubro-negra em apenas tr\u00eas jogos, mas j\u00e1 teve de ouvir protestos de parte da torcida que n\u00e3o gostou da atua\u00e7\u00e3o do time na vit\u00f3ria por 2 a 1 sobre o Audax, na \u00faltima quinta-feira (10), pelo Carioca.<\/p>\n\n\n\n<p>Ap\u00f3s uma temporada frustrante em 2021, o elenco rubro-negro passou por uma pequena revolu\u00e7\u00e3o com a mudan\u00e7a de t\u00e9cnico e os efeitos das ideias do portugu\u00eas j\u00e1 s\u00e3o n\u00edtidas para quem vive o dia a dia do Ninho do Urubu.<\/p>\n\n\n\n<p>Al\u00e9m de pedir a compra de novas tecnologias para o departamento m\u00e9dico do clube, Paulo Sousa tem apostado na diversidade dos treinos e na tecnologia como arma. O v\u00eddeo tem sido uma ferramenta muito usada pelo portugu\u00eas, que solicitou que um tel\u00e3o fosse instalado na beira do campo do Ninho. Al\u00e9m das corre\u00e7\u00f5es em tempo real, o treinador e sua comiss\u00e3o enviam material por celular aos jogadores. O conte\u00fado \u00e9 individualizado e cont\u00e9m an\u00e1lise, imagens e estat\u00edsticas.<\/p>\n\n\n\n<p>Depois do choque provocado pela chegada de Jorge Jesus, o elenco do Fla passou por um per\u00edodo considerado pouco f\u00e9rtil de ideias. Com Dome, pouco aconteceu. Ceni enfrentou problemas de relacionamento, mas deixou boa impress\u00e3o com alguns treinos diferentes implementados. Renato Ga\u00facho, por sua vez, soube criar bom ambiente, mas n\u00e3o ficou marcado pela excel\u00eancia das atividades.<\/p>\n\n\n\n<p><strong><em>\u2014 Fazia tempo que eu n\u00e3o aprendia tanta coisa assim em t\u00e3o pouco tempo. Creio eu que ele tem mais coisas para ensinar e mais coisas para passar de novo. \u00c9 ter um pouquinho de paci\u00eancia n\u00e3o s\u00f3 com ele, mas tamb\u00e9m com a gente por causa dessas mudan\u00e7as que v\u00eam acontecendo. Mas tenho certeza absoluta que vai ser um ano especial para o Flamengo<\/em><\/strong>, disse Gabigol, em entrevista \u00e0 FlaTV.<\/p>\n\n\n\n<p>Al\u00e9m dos recursos tecnol\u00f3gicos, a aproxima\u00e7\u00e3o \u00e9 um recurso que o treinador tenta estabelecer. Semanalmente, ele re\u00fane o elenco para debater a semana e abrir f\u00f3rum de discuss\u00e3o para debates. Para manter a competitividade em alta, as prele\u00e7\u00f5es ocorrem apenas nos vesti\u00e1rios e a escala\u00e7\u00e3o \u00e9 anunciada j\u00e1 no est\u00e1dio. Os que n\u00e3o jogaram treinam para que o patamar f\u00edsico seja mantido.<\/p>\n\n\n\n<p><strong><em>\u2014 Eu acho que tem de ter um pouco de paci\u00eancia, a gente tem de entender que \u00e9 um momento de reformula\u00e7\u00e3o, um momento em que chegou um treinador muito, muito bom mesmo. E a gente vai criando la\u00e7os, n\u00e3o apenas pessoais, mas tamb\u00e9m dentro de campo<\/em><\/strong>, acrescentou o artilheiro.<\/p>\n\n\n\n<p>A dire\u00e7\u00e3o d\u00e1 de ombros para as cornetas e entende que o Carioca \u00e9 o \u00fanico momento que o treinador ter\u00e1 para arrumar a casa. O trabalho \u00e9 avaliado de forma positiva e as reclama\u00e7\u00f5es s\u00e3o apenas de fora para dentro. A dire\u00e7\u00e3o entende que h\u00e1 necessidade de um tempo para que as ideias sejam fixadas e v\u00ea o Rubro-Negro de volta ao rumo certo.<\/p>\n\n\n\n<p>A equipe fez ontem (12) o seu \u00faltimo treino antes de pegar hoje o Nova Igua\u00e7u, \u00e0s 19h, no Raulino de Oliveira, em Volta Redonda. A expectativa fica por conta da utiliza\u00e7\u00e3o de David Luiz, preservado na \u00faltima rodada, e de Bruno Henrique, que ainda recupera a forma f\u00edsica.<\/p>\n\n\n\n<p>Retirado de: UOL <\/p>\n","protected":false},"excerpt":{"rendered":"<p>No comando do Flamengo h\u00e1 exatos 31 dias, o t\u00e9cnico Paulo Sousa dirigiu a equipe rubro-negra em apenas tr\u00eas jogos, mas j\u00e1 teve de ouvir protestos de parte da torcida que n\u00e3o gostou da atua\u00e7\u00e3o do time na vit\u00f3ria por 2 a 1 sobre o Audax, na \u00faltima quinta-feira (10), pelo Carioca. Ap\u00f3s uma temporada [&hellip;]<\/p>\n","protected":false},"author":1,"featured_media":76069,"comment_status":"open","ping_status":"closed","sticky":false,"template":"","format":"standard","meta":{"footnotes":""},"categories":[1],"tags":[],"class_list":["post-76645","post","type-post","status-publish","format-standard","has-post-thumbnail","hentry","category-flamengo"],"yoast_head":"<!-- This site is optimized with the Yoast SEO Premium plugin v24.2 (Yoast SEO v26.9) - https:\/\/yoast.com\/product\/yoast-seo-premium-wordpress\/ -->\n<title>Paulo Sousa passa instru\u00e7\u00f5es personalizadas e individualizadas para cada jogador do Flamengo<\/title>\n<meta name=\"robots\" content=\"index, follow, max-snippet:-1, max-image-preview:large, max-video-preview:-1\" \/>\n<link rel=\"canonical\" href=\"https:\/\/www.gaveanews.com\/index.php\/2022\/02\/13\/paulo-sousa-passa-instrucoes-personalizadas-e-individualizadas-para-cada-jogador-do-flamengo\/\" \/>\n<meta property=\"og:locale\" content=\"pt_BR\" \/>\n<meta property=\"og:type\" content=\"article\" \/>\n<meta property=\"og:title\" content=\"Paulo Sousa passa instru\u00e7\u00f5es personalizadas e individualizadas para cada jogador do Flamengo\" \/>\n<meta property=\"og:description\" content=\"No comando do Flamengo h\u00e1 exatos 31 dias, o t\u00e9cnico Paulo Sousa dirigiu a equipe rubro-negra em apenas tr\u00eas jogos, mas j\u00e1 teve de ouvir protestos de parte da torcida que n\u00e3o gostou da atua\u00e7\u00e3o do time na vit\u00f3ria por 2 a 1 sobre o Audax, na \u00faltima quinta-feira (10), pelo Carioca. Ap\u00f3s uma temporada [&hellip;]\" \/>\n<meta property=\"og:url\" content=\"https:\/\/www.gaveanews.com\/index.php\/2022\/02\/13\/paulo-sousa-passa-instrucoes-personalizadas-e-individualizadas-para-cada-jogador-do-flamengo\/\" \/>\n<meta property=\"og:site_name\" content=\"G\u00e1vea News\" \/>\n<meta property=\"article:publisher\" content=\"https:\/\/facebook.com\/gaveaNews\/\" \/>\n<meta property=\"article:published_time\" content=\"2022-02-13T03:35:28+00:00\" \/>\n<meta property=\"article:modified_time\" content=\"2022-02-13T03:35:33+00:00\" \/>\n<meta property=\"og:image\" content=\"https:\/\/www.gaveanews.com\/wp-content\/uploads\/Paulo-Sousa-comanda-time-do-Flamengo-pela-primeira-vez.webp\" \/>\n\t<meta property=\"og:image:width\" content=\"2047\" \/>\n\t<meta property=\"og:image:height\" content=\"1363\" \/>\n\t<meta property=\"og:image:type\" content=\"image\/jpeg\" \/>\n<meta name=\"author\" content=\"Equipe G\u00e1vea News\" \/>\n<meta name=\"twitter:card\" content=\"summary_large_image\" \/>\n<meta name=\"twitter:label1\" content=\"Escrito por\" \/>\n\t<meta name=\"twitter:data1\" content=\"Equipe G\u00e1vea News\" \/>\n\t<meta name=\"twitter:label2\" content=\"Est. tempo de leitura\" \/>\n\t<meta name=\"twitter:data2\" content=\"3 minutos\" \/>\n<script type=\"application\/ld+json\" class=\"yoast-schema-graph\">{\"@context\":\"https:\/\/schema.org\",\"@graph\":[{\"@type\":\"NewsArticle\",\"@id\":\"https:\/\/www.gaveanews.com\/index.php\/2022\/02\/13\/paulo-sousa-passa-instrucoes-personalizadas-e-individualizadas-para-cada-jogador-do-flamengo\/#article\",\"isPartOf\":{\"@id\":\"https:\/\/www.gaveanews.com\/index.php\/2022\/02\/13\/paulo-sousa-passa-instrucoes-personalizadas-e-individualizadas-para-cada-jogador-do-flamengo\/\"},\"author\":{\"name\":\"Equipe G\u00e1vea News\",\"@id\":\"https:\/\/www.gaveanews.com\/#\/schema\/person\/2ec14f73fb96be2caf28f91afb14749d\"},\"headline\":\"Paulo Sousa passa instru\u00e7\u00f5es personalizadas e individualizadas para cada jogador do Flamengo\",\"datePublished\":\"2022-02-13T03:35:28+00:00\",\"dateModified\":\"2022-02-13T03:35:33+00:00\",\"mainEntityOfPage\":{\"@id\":\"https:\/\/www.gaveanews.com\/index.php\/2022\/02\/13\/paulo-sousa-passa-instrucoes-personalizadas-e-individualizadas-para-cada-jogador-do-flamengo\/\"},\"wordCount\":584,\"commentCount\":0,\"image\":{\"@id\":\"https:\/\/www.gaveanews.com\/index.php\/2022\/02\/13\/paulo-sousa-passa-instrucoes-personalizadas-e-individualizadas-para-cada-jogador-do-flamengo\/#primaryimage\"},\"thumbnailUrl\":\"https:\/\/www.gaveanews.com\/wp-content\/uploads\/Paulo-Sousa-comanda-time-do-Flamengo-pela-primeira-vez.webp\",\"articleSection\":[\"Flamengo\"],\"inLanguage\":\"pt-BR\",\"potentialAction\":[{\"@type\":\"CommentAction\",\"name\":\"Comment\",\"target\":[\"https:\/\/www.gaveanews.com\/index.php\/2022\/02\/13\/paulo-sousa-passa-instrucoes-personalizadas-e-individualizadas-para-cada-jogador-do-flamengo\/#respond\"]}],\"copyrightYear\":\"2022\",\"copyrightHolder\":{\"@id\":\"https:\/\/www.gaveanews.com\/#organization\"}},{\"@type\":\"WebPage\",\"@id\":\"https:\/\/www.gaveanews.com\/index.php\/2022\/02\/13\/paulo-sousa-passa-instrucoes-personalizadas-e-individualizadas-para-cada-jogador-do-flamengo\/\",\"url\":\"https:\/\/www.gaveanews.com\/index.php\/2022\/02\/13\/paulo-sousa-passa-instrucoes-personalizadas-e-individualizadas-para-cada-jogador-do-flamengo\/\",\"name\":\"Paulo Sousa passa instru\u00e7\u00f5es personalizadas e individualizadas para cada jogador do Flamengo\",\"isPartOf\":{\"@id\":\"https:\/\/www.gaveanews.com\/#website\"},\"primaryImageOfPage\":{\"@id\":\"https:\/\/www.gaveanews.com\/index.php\/2022\/02\/13\/paulo-sousa-passa-instrucoes-personalizadas-e-individualizadas-para-cada-jogador-do-flamengo\/#primaryimage\"},\"image\":{\"@id\":\"https:\/\/www.gaveanews.com\/index.php\/2022\/02\/13\/paulo-sousa-passa-instrucoes-personalizadas-e-individualizadas-para-cada-jogador-do-flamengo\/#primaryimage\"},\"thumbnailUrl\":\"https:\/\/www.gaveanews.com\/wp-content\/uploads\/Paulo-Sousa-comanda-time-do-Flamengo-pela-primeira-vez.webp\",\"datePublished\":\"2022-02-13T03:35:28+00:00\",\"dateModified\":\"2022-02-13T03:35:33+00:00\",\"author\":{\"@id\":\"https:\/\/www.gaveanews.com\/#\/schema\/person\/2ec14f73fb96be2caf28f91afb14749d\"},\"breadcrumb\":{\"@id\":\"https:\/\/www.gaveanews.com\/index.php\/2022\/02\/13\/paulo-sousa-passa-instrucoes-personalizadas-e-individualizadas-para-cada-jogador-do-flamengo\/#breadcrumb\"},\"inLanguage\":\"pt-BR\",\"potentialAction\":[{\"@type\":\"ReadAction\",\"target\":[\"https:\/\/www.gaveanews.com\/index.php\/2022\/02\/13\/paulo-sousa-passa-instrucoes-personalizadas-e-individualizadas-para-cada-jogador-do-flamengo\/\"]}]},{\"@type\":\"ImageObject\",\"inLanguage\":\"pt-BR\",\"@id\":\"https:\/\/www.gaveanews.com\/index.php\/2022\/02\/13\/paulo-sousa-passa-instrucoes-personalizadas-e-individualizadas-para-cada-jogador-do-flamengo\/#primaryimage\",\"url\":\"https:\/\/www.gaveanews.com\/wp-content\/uploads\/Paulo-Sousa-comanda-time-do-Flamengo-pela-primeira-vez.webp\",\"contentUrl\":\"https:\/\/www.gaveanews.com\/wp-content\/uploads\/Paulo-Sousa-comanda-time-do-Flamengo-pela-primeira-vez.webp\",\"width\":2047,\"height\":1363,\"caption\":\"Paulo Sousa comanda time do Flamengo pela primeira vez (Foto: Marcelo Cortes\/Flamengo)\"},{\"@type\":\"BreadcrumbList\",\"@id\":\"https:\/\/www.gaveanews.com\/index.php\/2022\/02\/13\/paulo-sousa-passa-instrucoes-personalizadas-e-individualizadas-para-cada-jogador-do-flamengo\/#breadcrumb\",\"itemListElement\":[{\"@type\":\"ListItem\",\"position\":1,\"name\":\"Home\",\"item\":\"https:\/\/www.gaveanews.com\/\"},{\"@type\":\"ListItem\",\"position\":2,\"name\":\"Paulo Sousa passa instru\u00e7\u00f5es personalizadas e individualizadas para cada jogador do Flamengo\"}]},{\"@type\":\"WebSite\",\"@id\":\"https:\/\/www.gaveanews.com\/#website\",\"url\":\"https:\/\/www.gaveanews.com\/\",\"name\":\"G\u00e1vea News\",\"description\":\"Veja todas as not\u00edcias sobre o Flamengo: Contrata\u00e7\u00f5es, categorias de base, resultados das partidas, tabela de classifica\u00e7\u00e3o, pr\u00f3ximos jogos!\",\"potentialAction\":[{\"@type\":\"SearchAction\",\"target\":{\"@type\":\"EntryPoint\",\"urlTemplate\":\"https:\/\/www.gaveanews.com\/?s={search_term_string}\"},\"query-input\":{\"@type\":\"PropertyValueSpecification\",\"valueRequired\":true,\"valueName\":\"search_term_string\"}}],\"inLanguage\":\"pt-BR\"},{\"@type\":\"Person\",\"@id\":\"https:\/\/www.gaveanews.com\/#\/schema\/person\/2ec14f73fb96be2caf28f91afb14749d\",\"name\":\"Equipe G\u00e1vea News\",\"image\":{\"@type\":\"ImageObject\",\"inLanguage\":\"pt-BR\",\"@id\":\"https:\/\/www.gaveanews.com\/#\/schema\/person\/image\/\",\"url\":\"https:\/\/secure.gravatar.com\/avatar\/1e1956f1facbffd3f8fa53a326721950116b3b9dc9bd44939c01180fd4a745a9?s=96&d=mm&r=g\",\"contentUrl\":\"https:\/\/secure.gravatar.com\/avatar\/1e1956f1facbffd3f8fa53a326721950116b3b9dc9bd44939c01180fd4a745a9?s=96&d=mm&r=g\",\"caption\":\"Equipe G\u00e1vea News\"}}]}<\/script>\n<!-- \/ Yoast SEO Premium plugin. -->","yoast_head_json":{"title":"Paulo Sousa passa instru\u00e7\u00f5es personalizadas e individualizadas para cada jogador do Flamengo","robots":{"index":"index","follow":"follow","max-snippet":"max-snippet:-1","max-image-preview":"max-image-preview:large","max-video-preview":"max-video-preview:-1"},"canonical":"https:\/\/www.gaveanews.com\/index.php\/2022\/02\/13\/paulo-sousa-passa-instrucoes-personalizadas-e-individualizadas-para-cada-jogador-do-flamengo\/","og_locale":"pt_BR","og_type":"article","og_title":"Paulo Sousa passa instru\u00e7\u00f5es personalizadas e individualizadas para cada jogador do Flamengo","og_description":"No comando do Flamengo h\u00e1 exatos 31 dias, o t\u00e9cnico Paulo Sousa dirigiu a equipe rubro-negra em apenas tr\u00eas jogos, mas j\u00e1 teve de ouvir protestos de parte da torcida que n\u00e3o gostou da atua\u00e7\u00e3o do time na vit\u00f3ria por 2 a 1 sobre o Audax, na \u00faltima quinta-feira (10), pelo Carioca. Ap\u00f3s uma temporada [&hellip;]","og_url":"https:\/\/www.gaveanews.com\/index.php\/2022\/02\/13\/paulo-sousa-passa-instrucoes-personalizadas-e-individualizadas-para-cada-jogador-do-flamengo\/","og_site_name":"G\u00e1vea News","article_publisher":"https:\/\/facebook.com\/gaveaNews\/","article_published_time":"2022-02-13T03:35:28+00:00","article_modified_time":"2022-02-13T03:35:33+00:00","og_image":[{"width":2047,"height":1363,"url":"https:\/\/www.gaveanews.com\/wp-content\/uploads\/Paulo-Sousa-comanda-time-do-Flamengo-pela-primeira-vez.webp","type":"image\/jpeg"}],"author":"Equipe G\u00e1vea News","twitter_card":"summary_large_image","twitter_misc":{"Escrito por":"Equipe G\u00e1vea News","Est. tempo de leitura":"3 minutos"},"schema":{"@context":"https:\/\/schema.org","@graph":[{"@type":"NewsArticle","@id":"https:\/\/www.gaveanews.com\/index.php\/2022\/02\/13\/paulo-sousa-passa-instrucoes-personalizadas-e-individualizadas-para-cada-jogador-do-flamengo\/#article","isPartOf":{"@id":"https:\/\/www.gaveanews.com\/index.php\/2022\/02\/13\/paulo-sousa-passa-instrucoes-personalizadas-e-individualizadas-para-cada-jogador-do-flamengo\/"},"author":{"name":"Equipe G\u00e1vea News","@id":"https:\/\/www.gaveanews.com\/#\/schema\/person\/2ec14f73fb96be2caf28f91afb14749d"},"headline":"Paulo Sousa passa instru\u00e7\u00f5es personalizadas e individualizadas para cada jogador do Flamengo","datePublished":"2022-02-13T03:35:28+00:00","dateModified":"2022-02-13T03:35:33+00:00","mainEntityOfPage":{"@id":"https:\/\/www.gaveanews.com\/index.php\/2022\/02\/13\/paulo-sousa-passa-instrucoes-personalizadas-e-individualizadas-para-cada-jogador-do-flamengo\/"},"wordCount":584,"commentCount":0,"image":{"@id":"https:\/\/www.gaveanews.com\/index.php\/2022\/02\/13\/paulo-sousa-passa-instrucoes-personalizadas-e-individualizadas-para-cada-jogador-do-flamengo\/#primaryimage"},"thumbnailUrl":"https:\/\/www.gaveanews.com\/wp-content\/uploads\/Paulo-Sousa-comanda-time-do-Flamengo-pela-primeira-vez.webp","articleSection":["Flamengo"],"inLanguage":"pt-BR","potentialAction":[{"@type":"CommentAction","name":"Comment","target":["https:\/\/www.gaveanews.com\/index.php\/2022\/02\/13\/paulo-sousa-passa-instrucoes-personalizadas-e-individualizadas-para-cada-jogador-do-flamengo\/#respond"]}],"copyrightYear":"2022","copyrightHolder":{"@id":"https:\/\/www.gaveanews.com\/#organization"}},{"@type":"WebPage","@id":"https:\/\/www.gaveanews.com\/index.php\/2022\/02\/13\/paulo-sousa-passa-instrucoes-personalizadas-e-individualizadas-para-cada-jogador-do-flamengo\/","url":"https:\/\/www.gaveanews.com\/index.php\/2022\/02\/13\/paulo-sousa-passa-instrucoes-personalizadas-e-individualizadas-para-cada-jogador-do-flamengo\/","name":"Paulo Sousa passa instru\u00e7\u00f5es personalizadas e individualizadas para cada jogador do Flamengo","isPartOf":{"@id":"https:\/\/www.gaveanews.com\/#website"},"primaryImageOfPage":{"@id":"https:\/\/www.gaveanews.com\/index.php\/2022\/02\/13\/paulo-sousa-passa-instrucoes-personalizadas-e-individualizadas-para-cada-jogador-do-flamengo\/#primaryimage"},"image":{"@id":"https:\/\/www.gaveanews.com\/index.php\/2022\/02\/13\/paulo-sousa-passa-instrucoes-personalizadas-e-individualizadas-para-cada-jogador-do-flamengo\/#primaryimage"},"thumbnailUrl":"https:\/\/www.gaveanews.com\/wp-content\/uploads\/Paulo-Sousa-comanda-time-do-Flamengo-pela-primeira-vez.webp","datePublished":"2022-02-13T03:35:28+00:00","dateModified":"2022-02-13T03:35:33+00:00","author":{"@id":"https:\/\/www.gaveanews.com\/#\/schema\/person\/2ec14f73fb96be2caf28f91afb14749d"},"breadcrumb":{"@id":"https:\/\/www.gaveanews.com\/index.php\/2022\/02\/13\/paulo-sousa-passa-instrucoes-personalizadas-e-individualizadas-para-cada-jogador-do-flamengo\/#breadcrumb"},"inLanguage":"pt-BR","potentialAction":[{"@type":"ReadAction","target":["https:\/\/www.gaveanews.com\/index.php\/2022\/02\/13\/paulo-sousa-passa-instrucoes-personalizadas-e-individualizadas-para-cada-jogador-do-flamengo\/"]}]},{"@type":"ImageObject","inLanguage":"pt-BR","@id":"https:\/\/www.gaveanews.com\/index.php\/2022\/02\/13\/paulo-sousa-passa-instrucoes-personalizadas-e-individualizadas-para-cada-jogador-do-flamengo\/#primaryimage","url":"https:\/\/www.gaveanews.com\/wp-content\/uploads\/Paulo-Sousa-comanda-time-do-Flamengo-pela-primeira-vez.webp","contentUrl":"https:\/\/www.gaveanews.com\/wp-content\/uploads\/Paulo-Sousa-comanda-time-do-Flamengo-pela-primeira-vez.webp","width":2047,"height":1363,"caption":"Paulo Sousa comanda time do Flamengo pela primeira vez (Foto: Marcelo Cortes\/Flamengo)"},{"@type":"BreadcrumbList","@id":"https:\/\/www.gaveanews.com\/index.php\/2022\/02\/13\/paulo-sousa-passa-instrucoes-personalizadas-e-individualizadas-para-cada-jogador-do-flamengo\/#breadcrumb","itemListElement":[{"@type":"ListItem","position":1,"name":"Home","item":"https:\/\/www.gaveanews.com\/"},{"@type":"ListItem","position":2,"name":"Paulo Sousa passa instru\u00e7\u00f5es personalizadas e individualizadas para cada jogador do Flamengo"}]},{"@type":"WebSite","@id":"https:\/\/www.gaveanews.com\/#website","url":"https:\/\/www.gaveanews.com\/","name":"G\u00e1vea News","description":"Veja todas as not\u00edcias sobre o Flamengo: Contrata\u00e7\u00f5es, categorias de base, resultados das partidas, tabela de classifica\u00e7\u00e3o, pr\u00f3ximos jogos!","potentialAction":[{"@type":"SearchAction","target":{"@type":"EntryPoint","urlTemplate":"https:\/\/www.gaveanews.com\/?s={search_term_string}"},"query-input":{"@type":"PropertyValueSpecification","valueRequired":true,"valueName":"search_term_string"}}],"inLanguage":"pt-BR"},{"@type":"Person","@id":"https:\/\/www.gaveanews.com\/#\/schema\/person\/2ec14f73fb96be2caf28f91afb14749d","name":"Equipe G\u00e1vea News","image":{"@type":"ImageObject","inLanguage":"pt-BR","@id":"https:\/\/www.gaveanews.com\/#\/schema\/person\/image\/","url":"https:\/\/secure.gravatar.com\/avatar\/1e1956f1facbffd3f8fa53a326721950116b3b9dc9bd44939c01180fd4a745a9?s=96&d=mm&r=g","contentUrl":"https:\/\/secure.gravatar.com\/avatar\/1e1956f1facbffd3f8fa53a326721950116b3b9dc9bd44939c01180fd4a745a9?s=96&d=mm&r=g","caption":"Equipe G\u00e1vea News"}}]}},"_links":{"self":[{"href":"https:\/\/www.gaveanews.com\/index.php\/wp-json\/wp\/v2\/posts\/76645","targetHints":{"allow":["GET"]}}],"collection":[{"href":"https:\/\/www.gaveanews.com\/index.php\/wp-json\/wp\/v2\/posts"}],"about":[{"href":"https:\/\/www.gaveanews.com\/index.php\/wp-json\/wp\/v2\/types\/post"}],"author":[{"embeddable":true,"href":"https:\/\/www.gaveanews.com\/index.php\/wp-json\/wp\/v2\/users\/1"}],"replies":[{"embeddable":true,"href":"https:\/\/www.gaveanews.com\/index.php\/wp-json\/wp\/v2\/comments?post=76645"}],"version-history":[{"count":0,"href":"https:\/\/www.gaveanews.com\/index.php\/wp-json\/wp\/v2\/posts\/76645\/revisions"}],"wp:featuredmedia":[{"embeddable":true,"href":"https:\/\/www.gaveanews.com\/index.php\/wp-json\/wp\/v2\/media\/76069"}],"wp:attachment":[{"href":"https:\/\/www.gaveanews.com\/index.php\/wp-json\/wp\/v2\/media?parent=76645"}],"wp:term":[{"taxonomy":"category","embeddable":true,"href":"https:\/\/www.gaveanews.com\/index.php\/wp-json\/wp\/v2\/categories?post=76645"},{"taxonomy":"post_tag","embeddable":true,"href":"https:\/\/www.gaveanews.com\/index.php\/wp-json\/wp\/v2\/tags?post=76645"}],"curies":[{"name":"wp","href":"https:\/\/api.w.org\/{rel}","templated":true}]}}