{"id":76650,"date":"2022-02-13T01:36:14","date_gmt":"2022-02-13T04:36:14","guid":{"rendered":"https:\/\/www.gaveanews.com\/?p=76650"},"modified":"2022-02-13T01:36:18","modified_gmt":"2022-02-13T04:36:18","slug":"lucas-paqueta-ex-flamengo-se-destaca-e-lyon-vence-mais-uma-partida","status":"publish","type":"post","link":"https:\/\/www.gaveanews.com\/index.php\/2022\/02\/13\/lucas-paqueta-ex-flamengo-se-destaca-e-lyon-vence-mais-uma-partida\/","title":{"rendered":"Lucas Paquet\u00e1, ex-Flamengo, se destaca, e Lyon vence mais uma partida"},"content":{"rendered":"\n<p>Neste s\u00e1bado (12), o Lyon n\u00e3o teve dificuldades e venceu o Nice por 2 a 0 em casa, em jogo v\u00e1lido pela 24\u00aa rodada do Campeonato Franc\u00eas. Ap\u00f3s a derrota para o Monaco na \u00faltima rodada, o time de Lucas Paquet\u00e1 teve uma atua\u00e7\u00e3o s\u00f3lida e bateu o terceiro colocado da Ligue 1 sem sustos, garantindo mais uma vit\u00f3ria importante visando a classifica\u00e7\u00e3o para a Champions League.<\/p>\n\n\n\n<p>O duelo come\u00e7ou come\u00e7ou bastante agitado. Logo aos 2 minutos da primeira etapa, teve um p\u00eanalti marcado a favor do Lyon. O goleiro Ben\u00edtez defendeu a cobran\u00e7a de Moussa Dembel\u00e9, por\u00e9m Lucas Paquet\u00e1 aproveitou o rebote para abrir o placar. No entanto, o VAR mandou repetir a cobran\u00e7a do p\u00eanalti ap\u00f3s invas\u00e3o na \u00e1rea. Ap\u00f3s toda confus\u00e3o, aos 8 minutos, Dembele bateu a penalidade pela segunda vez, desta vez com perfei\u00e7\u00e3o, direto para o fundo da rede.<\/p>\n\n\n\n<p>Depois do gol no in\u00edcio do jogo, o Lyon dominou o advers\u00e1rio, chegando muito pr\u00f3ximo de ampliar a vantagem. Contudo, o gol que sacramentaria o resultado do duelo viria apenas aos 7 minutos da segunda etapa. Ap\u00f3s linda troca de passes, Ndomb\u00e9l\u00e9 cruzou rasteiro para o atacante Toko Ekambi apenas empurrar para o gol do Nice.<\/p>\n\n\n\n<p>Apesar de n\u00e3o ter marcado nenhum gol ou dado uma assist\u00eancia, o ex-Flamengo Lucas Paquet\u00e1 foi um dos destaques do time do Lyon no confronto. O camisa 10 teve uma \u00f3tima performance e esbanjou categoria, sobretudo nos dribles. O Cria do Ninho aplicou uma caneta \u00e0 l\u00e1 Ronaldinho, que inclusive viralizou nas redes sociais.<\/p>\n\n\n\n<figure class=\"wp-block-embed is-type-rich is-provider-twitter wp-block-embed-twitter\"><div class=\"wp-block-embed__wrapper\">\n<blockquote class=\"twitter-tweet\" data-width=\"550\" data-dnt=\"true\"><p lang=\"en\" dir=\"ltr\">Paqueta come back to the serie A bro, we need some of this sauce \ud83c\udde7\ud83c\uddf7 \ud83e\udd24<a href=\"https:\/\/twitter.com\/hashtag\/NutmegOfTheWeek?src=hash&amp;ref_src=twsrc%5Etfw\">#NutmegOfTheWeek<\/a> <a href=\"https:\/\/t.co\/KgFhuIftbK\">pic.twitter.com\/KgFhuIftbK<\/a><\/p>&mdash; Uncle Sharma \ud83c\udf99\ufe0f (@RSharmzz) <a href=\"https:\/\/twitter.com\/RSharmzz\/status\/1492617665092935684?ref_src=twsrc%5Etfw\">February 12, 2022<\/a><\/blockquote><script async src=\"https:\/\/platform.twitter.com\/widgets.js\" charset=\"utf-8\"><\/script>\n<\/div><\/figure>\n\n\n\n<p>Com a vit\u00f3ria, o Lyon somou 37 pontos e alcan\u00e7ou a sexta coloca\u00e7\u00e3o na Ligue 1, chegando cada vez mais perto da zona de classifica\u00e7\u00e3o para a Champions League. Apenas 5 pontos separam a equipe de Paquet\u00e1 do terceiro colocado da competi\u00e7\u00e3o, o Nice.<\/p>\n\n\n\n<p>O Lyon volta \u00e0 campo no pr\u00f3ximo s\u00e1bado (19), \u00e0s 13h, contra o Lens, no est\u00e1dio F\u00e9lix-Bollaert, pela 25\u00aa do Campeonato Franc\u00eas.<\/p>\n\n\n\n<p>Retirado de: Di\u00e1rio do Fla<\/p>\n","protected":false},"excerpt":{"rendered":"<p>Neste s\u00e1bado (12), o Lyon n\u00e3o teve dificuldades e venceu o Nice por 2 a 0 em casa, em jogo v\u00e1lido pela 24\u00aa rodada do Campeonato Franc\u00eas. Ap\u00f3s a derrota para o Monaco na \u00faltima rodada, o time de Lucas Paquet\u00e1 teve uma atua\u00e7\u00e3o s\u00f3lida e bateu o terceiro colocado da Ligue 1 sem sustos, [&hellip;]<\/p>\n","protected":false},"author":1,"featured_media":53993,"comment_status":"open","ping_status":"closed","sticky":false,"template":"","format":"standard","meta":{"footnotes":""},"categories":[1],"tags":[],"class_list":["post-76650","post","type-post","status-publish","format-standard","has-post-thumbnail","hentry","category-flamengo"],"yoast_head":"<!-- This site is optimized with the Yoast SEO Premium plugin v24.2 (Yoast SEO v26.9) - https:\/\/yoast.com\/product\/yoast-seo-premium-wordpress\/ -->\n<title>Lucas Paquet\u00e1, ex-Flamengo, se destaca, e Lyon vence mais uma partida<\/title>\n<meta name=\"robots\" content=\"index, follow, max-snippet:-1, max-image-preview:large, max-video-preview:-1\" \/>\n<link rel=\"canonical\" href=\"https:\/\/www.gaveanews.com\/index.php\/2022\/02\/13\/lucas-paqueta-ex-flamengo-se-destaca-e-lyon-vence-mais-uma-partida\/\" \/>\n<meta property=\"og:locale\" content=\"pt_BR\" \/>\n<meta property=\"og:type\" content=\"article\" \/>\n<meta property=\"og:title\" content=\"Lucas Paquet\u00e1, ex-Flamengo, se destaca, e Lyon vence mais uma partida\" \/>\n<meta property=\"og:description\" content=\"Neste s\u00e1bado (12), o Lyon n\u00e3o teve dificuldades e venceu o Nice por 2 a 0 em casa, em jogo v\u00e1lido pela 24\u00aa rodada do Campeonato Franc\u00eas. Ap\u00f3s a derrota para o Monaco na \u00faltima rodada, o time de Lucas Paquet\u00e1 teve uma atua\u00e7\u00e3o s\u00f3lida e bateu o terceiro colocado da Ligue 1 sem sustos, [&hellip;]\" \/>\n<meta property=\"og:url\" content=\"https:\/\/www.gaveanews.com\/index.php\/2022\/02\/13\/lucas-paqueta-ex-flamengo-se-destaca-e-lyon-vence-mais-uma-partida\/\" \/>\n<meta property=\"og:site_name\" content=\"G\u00e1vea News\" \/>\n<meta property=\"article:publisher\" content=\"https:\/\/facebook.com\/gaveaNews\/\" \/>\n<meta property=\"article:published_time\" content=\"2022-02-13T04:36:14+00:00\" \/>\n<meta property=\"article:modified_time\" content=\"2022-02-13T04:36:18+00:00\" \/>\n<meta property=\"og:image\" content=\"https:\/\/www.gaveanews.com\/wp-content\/uploads\/Lucas-Paqueta-em-acao-pelo-Lyon.webp\" \/>\n\t<meta property=\"og:image:width\" content=\"1080\" \/>\n\t<meta property=\"og:image:height\" content=\"690\" \/>\n\t<meta property=\"og:image:type\" content=\"image\/jpeg\" \/>\n<meta name=\"author\" content=\"Equipe G\u00e1vea News\" \/>\n<meta name=\"twitter:card\" content=\"summary_large_image\" \/>\n<meta name=\"twitter:label1\" content=\"Escrito por\" \/>\n\t<meta name=\"twitter:data1\" content=\"Equipe G\u00e1vea News\" \/>\n\t<meta name=\"twitter:label2\" content=\"Est. tempo de leitura\" \/>\n\t<meta name=\"twitter:data2\" content=\"2 minutos\" \/>\n<script type=\"application\/ld+json\" class=\"yoast-schema-graph\">{\"@context\":\"https:\/\/schema.org\",\"@graph\":[{\"@type\":\"NewsArticle\",\"@id\":\"https:\/\/www.gaveanews.com\/index.php\/2022\/02\/13\/lucas-paqueta-ex-flamengo-se-destaca-e-lyon-vence-mais-uma-partida\/#article\",\"isPartOf\":{\"@id\":\"https:\/\/www.gaveanews.com\/index.php\/2022\/02\/13\/lucas-paqueta-ex-flamengo-se-destaca-e-lyon-vence-mais-uma-partida\/\"},\"author\":{\"name\":\"Equipe G\u00e1vea News\",\"@id\":\"https:\/\/www.gaveanews.com\/#\/schema\/person\/2ec14f73fb96be2caf28f91afb14749d\"},\"headline\":\"Lucas Paquet\u00e1, ex-Flamengo, se destaca, e Lyon vence mais uma partida\",\"datePublished\":\"2022-02-13T04:36:14+00:00\",\"dateModified\":\"2022-02-13T04:36:18+00:00\",\"mainEntityOfPage\":{\"@id\":\"https:\/\/www.gaveanews.com\/index.php\/2022\/02\/13\/lucas-paqueta-ex-flamengo-se-destaca-e-lyon-vence-mais-uma-partida\/\"},\"wordCount\":365,\"commentCount\":1,\"image\":{\"@id\":\"https:\/\/www.gaveanews.com\/index.php\/2022\/02\/13\/lucas-paqueta-ex-flamengo-se-destaca-e-lyon-vence-mais-uma-partida\/#primaryimage\"},\"thumbnailUrl\":\"https:\/\/www.gaveanews.com\/wp-content\/uploads\/Lucas-Paqueta-em-acao-pelo-Lyon.webp\",\"articleSection\":[\"Flamengo\"],\"inLanguage\":\"pt-BR\",\"potentialAction\":[{\"@type\":\"CommentAction\",\"name\":\"Comment\",\"target\":[\"https:\/\/www.gaveanews.com\/index.php\/2022\/02\/13\/lucas-paqueta-ex-flamengo-se-destaca-e-lyon-vence-mais-uma-partida\/#respond\"]}],\"copyrightYear\":\"2022\",\"copyrightHolder\":{\"@id\":\"https:\/\/www.gaveanews.com\/#organization\"}},{\"@type\":\"WebPage\",\"@id\":\"https:\/\/www.gaveanews.com\/index.php\/2022\/02\/13\/lucas-paqueta-ex-flamengo-se-destaca-e-lyon-vence-mais-uma-partida\/\",\"url\":\"https:\/\/www.gaveanews.com\/index.php\/2022\/02\/13\/lucas-paqueta-ex-flamengo-se-destaca-e-lyon-vence-mais-uma-partida\/\",\"name\":\"Lucas Paquet\u00e1, ex-Flamengo, se destaca, e Lyon vence mais uma partida\",\"isPartOf\":{\"@id\":\"https:\/\/www.gaveanews.com\/#website\"},\"primaryImageOfPage\":{\"@id\":\"https:\/\/www.gaveanews.com\/index.php\/2022\/02\/13\/lucas-paqueta-ex-flamengo-se-destaca-e-lyon-vence-mais-uma-partida\/#primaryimage\"},\"image\":{\"@id\":\"https:\/\/www.gaveanews.com\/index.php\/2022\/02\/13\/lucas-paqueta-ex-flamengo-se-destaca-e-lyon-vence-mais-uma-partida\/#primaryimage\"},\"thumbnailUrl\":\"https:\/\/www.gaveanews.com\/wp-content\/uploads\/Lucas-Paqueta-em-acao-pelo-Lyon.webp\",\"datePublished\":\"2022-02-13T04:36:14+00:00\",\"dateModified\":\"2022-02-13T04:36:18+00:00\",\"author\":{\"@id\":\"https:\/\/www.gaveanews.com\/#\/schema\/person\/2ec14f73fb96be2caf28f91afb14749d\"},\"breadcrumb\":{\"@id\":\"https:\/\/www.gaveanews.com\/index.php\/2022\/02\/13\/lucas-paqueta-ex-flamengo-se-destaca-e-lyon-vence-mais-uma-partida\/#breadcrumb\"},\"inLanguage\":\"pt-BR\",\"potentialAction\":[{\"@type\":\"ReadAction\",\"target\":[\"https:\/\/www.gaveanews.com\/index.php\/2022\/02\/13\/lucas-paqueta-ex-flamengo-se-destaca-e-lyon-vence-mais-uma-partida\/\"]}]},{\"@type\":\"ImageObject\",\"inLanguage\":\"pt-BR\",\"@id\":\"https:\/\/www.gaveanews.com\/index.php\/2022\/02\/13\/lucas-paqueta-ex-flamengo-se-destaca-e-lyon-vence-mais-uma-partida\/#primaryimage\",\"url\":\"https:\/\/www.gaveanews.com\/wp-content\/uploads\/Lucas-Paqueta-em-acao-pelo-Lyon.webp\",\"contentUrl\":\"https:\/\/www.gaveanews.com\/wp-content\/uploads\/Lucas-Paqueta-em-acao-pelo-Lyon.webp\",\"width\":1080,\"height\":690,\"caption\":\"Lucas Paquet\u00e1 em a\u00e7\u00e3o pelo Lyon (Foto: Reprodu\u00e7\u00e3o\/Instagram\/@LucasPaqueta)\"},{\"@type\":\"BreadcrumbList\",\"@id\":\"https:\/\/www.gaveanews.com\/index.php\/2022\/02\/13\/lucas-paqueta-ex-flamengo-se-destaca-e-lyon-vence-mais-uma-partida\/#breadcrumb\",\"itemListElement\":[{\"@type\":\"ListItem\",\"position\":1,\"name\":\"Home\",\"item\":\"https:\/\/www.gaveanews.com\/\"},{\"@type\":\"ListItem\",\"position\":2,\"name\":\"Lucas Paquet\u00e1, ex-Flamengo, se destaca, e Lyon vence mais uma partida\"}]},{\"@type\":\"WebSite\",\"@id\":\"https:\/\/www.gaveanews.com\/#website\",\"url\":\"https:\/\/www.gaveanews.com\/\",\"name\":\"G\u00e1vea News\",\"description\":\"Veja todas as not\u00edcias sobre o Flamengo: Contrata\u00e7\u00f5es, categorias de base, resultados das partidas, tabela de classifica\u00e7\u00e3o, pr\u00f3ximos jogos!\",\"potentialAction\":[{\"@type\":\"SearchAction\",\"target\":{\"@type\":\"EntryPoint\",\"urlTemplate\":\"https:\/\/www.gaveanews.com\/?s={search_term_string}\"},\"query-input\":{\"@type\":\"PropertyValueSpecification\",\"valueRequired\":true,\"valueName\":\"search_term_string\"}}],\"inLanguage\":\"pt-BR\"},{\"@type\":\"Person\",\"@id\":\"https:\/\/www.gaveanews.com\/#\/schema\/person\/2ec14f73fb96be2caf28f91afb14749d\",\"name\":\"Equipe G\u00e1vea News\",\"image\":{\"@type\":\"ImageObject\",\"inLanguage\":\"pt-BR\",\"@id\":\"https:\/\/www.gaveanews.com\/#\/schema\/person\/image\/\",\"url\":\"https:\/\/secure.gravatar.com\/avatar\/1e1956f1facbffd3f8fa53a326721950116b3b9dc9bd44939c01180fd4a745a9?s=96&d=mm&r=g\",\"contentUrl\":\"https:\/\/secure.gravatar.com\/avatar\/1e1956f1facbffd3f8fa53a326721950116b3b9dc9bd44939c01180fd4a745a9?s=96&d=mm&r=g\",\"caption\":\"Equipe G\u00e1vea News\"}}]}<\/script>\n<!-- \/ Yoast SEO Premium plugin. -->","yoast_head_json":{"title":"Lucas Paquet\u00e1, ex-Flamengo, se destaca, e Lyon vence mais uma partida","robots":{"index":"index","follow":"follow","max-snippet":"max-snippet:-1","max-image-preview":"max-image-preview:large","max-video-preview":"max-video-preview:-1"},"canonical":"https:\/\/www.gaveanews.com\/index.php\/2022\/02\/13\/lucas-paqueta-ex-flamengo-se-destaca-e-lyon-vence-mais-uma-partida\/","og_locale":"pt_BR","og_type":"article","og_title":"Lucas Paquet\u00e1, ex-Flamengo, se destaca, e Lyon vence mais uma partida","og_description":"Neste s\u00e1bado (12), o Lyon n\u00e3o teve dificuldades e venceu o Nice por 2 a 0 em casa, em jogo v\u00e1lido pela 24\u00aa rodada do Campeonato Franc\u00eas. Ap\u00f3s a derrota para o Monaco na \u00faltima rodada, o time de Lucas Paquet\u00e1 teve uma atua\u00e7\u00e3o s\u00f3lida e bateu o terceiro colocado da Ligue 1 sem sustos, [&hellip;]","og_url":"https:\/\/www.gaveanews.com\/index.php\/2022\/02\/13\/lucas-paqueta-ex-flamengo-se-destaca-e-lyon-vence-mais-uma-partida\/","og_site_name":"G\u00e1vea News","article_publisher":"https:\/\/facebook.com\/gaveaNews\/","article_published_time":"2022-02-13T04:36:14+00:00","article_modified_time":"2022-02-13T04:36:18+00:00","og_image":[{"width":1080,"height":690,"url":"https:\/\/www.gaveanews.com\/wp-content\/uploads\/Lucas-Paqueta-em-acao-pelo-Lyon.webp","type":"image\/jpeg"}],"author":"Equipe G\u00e1vea News","twitter_card":"summary_large_image","twitter_misc":{"Escrito por":"Equipe G\u00e1vea News","Est. tempo de leitura":"2 minutos"},"schema":{"@context":"https:\/\/schema.org","@graph":[{"@type":"NewsArticle","@id":"https:\/\/www.gaveanews.com\/index.php\/2022\/02\/13\/lucas-paqueta-ex-flamengo-se-destaca-e-lyon-vence-mais-uma-partida\/#article","isPartOf":{"@id":"https:\/\/www.gaveanews.com\/index.php\/2022\/02\/13\/lucas-paqueta-ex-flamengo-se-destaca-e-lyon-vence-mais-uma-partida\/"},"author":{"name":"Equipe G\u00e1vea News","@id":"https:\/\/www.gaveanews.com\/#\/schema\/person\/2ec14f73fb96be2caf28f91afb14749d"},"headline":"Lucas Paquet\u00e1, ex-Flamengo, se destaca, e Lyon vence mais uma partida","datePublished":"2022-02-13T04:36:14+00:00","dateModified":"2022-02-13T04:36:18+00:00","mainEntityOfPage":{"@id":"https:\/\/www.gaveanews.com\/index.php\/2022\/02\/13\/lucas-paqueta-ex-flamengo-se-destaca-e-lyon-vence-mais-uma-partida\/"},"wordCount":365,"commentCount":1,"image":{"@id":"https:\/\/www.gaveanews.com\/index.php\/2022\/02\/13\/lucas-paqueta-ex-flamengo-se-destaca-e-lyon-vence-mais-uma-partida\/#primaryimage"},"thumbnailUrl":"https:\/\/www.gaveanews.com\/wp-content\/uploads\/Lucas-Paqueta-em-acao-pelo-Lyon.webp","articleSection":["Flamengo"],"inLanguage":"pt-BR","potentialAction":[{"@type":"CommentAction","name":"Comment","target":["https:\/\/www.gaveanews.com\/index.php\/2022\/02\/13\/lucas-paqueta-ex-flamengo-se-destaca-e-lyon-vence-mais-uma-partida\/#respond"]}],"copyrightYear":"2022","copyrightHolder":{"@id":"https:\/\/www.gaveanews.com\/#organization"}},{"@type":"WebPage","@id":"https:\/\/www.gaveanews.com\/index.php\/2022\/02\/13\/lucas-paqueta-ex-flamengo-se-destaca-e-lyon-vence-mais-uma-partida\/","url":"https:\/\/www.gaveanews.com\/index.php\/2022\/02\/13\/lucas-paqueta-ex-flamengo-se-destaca-e-lyon-vence-mais-uma-partida\/","name":"Lucas Paquet\u00e1, ex-Flamengo, se destaca, e Lyon vence mais uma partida","isPartOf":{"@id":"https:\/\/www.gaveanews.com\/#website"},"primaryImageOfPage":{"@id":"https:\/\/www.gaveanews.com\/index.php\/2022\/02\/13\/lucas-paqueta-ex-flamengo-se-destaca-e-lyon-vence-mais-uma-partida\/#primaryimage"},"image":{"@id":"https:\/\/www.gaveanews.com\/index.php\/2022\/02\/13\/lucas-paqueta-ex-flamengo-se-destaca-e-lyon-vence-mais-uma-partida\/#primaryimage"},"thumbnailUrl":"https:\/\/www.gaveanews.com\/wp-content\/uploads\/Lucas-Paqueta-em-acao-pelo-Lyon.webp","datePublished":"2022-02-13T04:36:14+00:00","dateModified":"2022-02-13T04:36:18+00:00","author":{"@id":"https:\/\/www.gaveanews.com\/#\/schema\/person\/2ec14f73fb96be2caf28f91afb14749d"},"breadcrumb":{"@id":"https:\/\/www.gaveanews.com\/index.php\/2022\/02\/13\/lucas-paqueta-ex-flamengo-se-destaca-e-lyon-vence-mais-uma-partida\/#breadcrumb"},"inLanguage":"pt-BR","potentialAction":[{"@type":"ReadAction","target":["https:\/\/www.gaveanews.com\/index.php\/2022\/02\/13\/lucas-paqueta-ex-flamengo-se-destaca-e-lyon-vence-mais-uma-partida\/"]}]},{"@type":"ImageObject","inLanguage":"pt-BR","@id":"https:\/\/www.gaveanews.com\/index.php\/2022\/02\/13\/lucas-paqueta-ex-flamengo-se-destaca-e-lyon-vence-mais-uma-partida\/#primaryimage","url":"https:\/\/www.gaveanews.com\/wp-content\/uploads\/Lucas-Paqueta-em-acao-pelo-Lyon.webp","contentUrl":"https:\/\/www.gaveanews.com\/wp-content\/uploads\/Lucas-Paqueta-em-acao-pelo-Lyon.webp","width":1080,"height":690,"caption":"Lucas Paquet\u00e1 em a\u00e7\u00e3o pelo Lyon (Foto: Reprodu\u00e7\u00e3o\/Instagram\/@LucasPaqueta)"},{"@type":"BreadcrumbList","@id":"https:\/\/www.gaveanews.com\/index.php\/2022\/02\/13\/lucas-paqueta-ex-flamengo-se-destaca-e-lyon-vence-mais-uma-partida\/#breadcrumb","itemListElement":[{"@type":"ListItem","position":1,"name":"Home","item":"https:\/\/www.gaveanews.com\/"},{"@type":"ListItem","position":2,"name":"Lucas Paquet\u00e1, ex-Flamengo, se destaca, e Lyon vence mais uma partida"}]},{"@type":"WebSite","@id":"https:\/\/www.gaveanews.com\/#website","url":"https:\/\/www.gaveanews.com\/","name":"G\u00e1vea News","description":"Veja todas as not\u00edcias sobre o Flamengo: Contrata\u00e7\u00f5es, categorias de base, resultados das partidas, tabela de classifica\u00e7\u00e3o, pr\u00f3ximos jogos!","potentialAction":[{"@type":"SearchAction","target":{"@type":"EntryPoint","urlTemplate":"https:\/\/www.gaveanews.com\/?s={search_term_string}"},"query-input":{"@type":"PropertyValueSpecification","valueRequired":true,"valueName":"search_term_string"}}],"inLanguage":"pt-BR"},{"@type":"Person","@id":"https:\/\/www.gaveanews.com\/#\/schema\/person\/2ec14f73fb96be2caf28f91afb14749d","name":"Equipe G\u00e1vea News","image":{"@type":"ImageObject","inLanguage":"pt-BR","@id":"https:\/\/www.gaveanews.com\/#\/schema\/person\/image\/","url":"https:\/\/secure.gravatar.com\/avatar\/1e1956f1facbffd3f8fa53a326721950116b3b9dc9bd44939c01180fd4a745a9?s=96&d=mm&r=g","contentUrl":"https:\/\/secure.gravatar.com\/avatar\/1e1956f1facbffd3f8fa53a326721950116b3b9dc9bd44939c01180fd4a745a9?s=96&d=mm&r=g","caption":"Equipe G\u00e1vea News"}}]}},"_links":{"self":[{"href":"https:\/\/www.gaveanews.com\/index.php\/wp-json\/wp\/v2\/posts\/76650","targetHints":{"allow":["GET"]}}],"collection":[{"href":"https:\/\/www.gaveanews.com\/index.php\/wp-json\/wp\/v2\/posts"}],"about":[{"href":"https:\/\/www.gaveanews.com\/index.php\/wp-json\/wp\/v2\/types\/post"}],"author":[{"embeddable":true,"href":"https:\/\/www.gaveanews.com\/index.php\/wp-json\/wp\/v2\/users\/1"}],"replies":[{"embeddable":true,"href":"https:\/\/www.gaveanews.com\/index.php\/wp-json\/wp\/v2\/comments?post=76650"}],"version-history":[{"count":0,"href":"https:\/\/www.gaveanews.com\/index.php\/wp-json\/wp\/v2\/posts\/76650\/revisions"}],"wp:featuredmedia":[{"embeddable":true,"href":"https:\/\/www.gaveanews.com\/index.php\/wp-json\/wp\/v2\/media\/53993"}],"wp:attachment":[{"href":"https:\/\/www.gaveanews.com\/index.php\/wp-json\/wp\/v2\/media?parent=76650"}],"wp:term":[{"taxonomy":"category","embeddable":true,"href":"https:\/\/www.gaveanews.com\/index.php\/wp-json\/wp\/v2\/categories?post=76650"},{"taxonomy":"post_tag","embeddable":true,"href":"https:\/\/www.gaveanews.com\/index.php\/wp-json\/wp\/v2\/tags?post=76650"}],"curies":[{"name":"wp","href":"https:\/\/api.w.org\/{rel}","templated":true}]}}