{"id":76703,"date":"2022-02-14T13:44:36","date_gmt":"2022-02-14T16:44:36","guid":{"rendered":"https:\/\/www.gaveanews.com\/?p=76703"},"modified":"2022-02-14T13:44:39","modified_gmt":"2022-02-14T16:44:39","slug":"paulo-sousa-exalta-evolucao-e-qualidade-de-joao-gomes-do-flamengo","status":"publish","type":"post","link":"https:\/\/www.gaveanews.com\/index.php\/2022\/02\/14\/paulo-sousa-exalta-evolucao-e-qualidade-de-joao-gomes-do-flamengo\/","title":{"rendered":"Paulo Sousa exalta evolu\u00e7\u00e3o e qualidade de Jo\u00e3o Gomes, do Flamengo"},"content":{"rendered":"\n<p>Um dos destaques rubro-negros na goleada contra o Nova Igua\u00e7u, Jo\u00e3o Gomes ganhou elogios do professor ap\u00f3s a partida. Reconhecendo a crescente do volante do elenco principal, Paulo Sousa rasgou elogios ao jovem.<\/p>\n\n\n\n<p>Na entrevista p\u00f3s-jogo, o t\u00e9cnico ressaltou a qualidade t\u00e9cnica do atleta de 21 anos. Al\u00e9m disso, o portugu\u00eas tamb\u00e9m projetou o futuro do camisa 35 no time rubro-negro, mostrando bastante expectativa na contribui\u00e7\u00e3o que o jogador poder\u00e1 dar ao time da G\u00e1vea.<\/p>\n\n\n\n<p><strong><em>\u2014 O Jo\u00e3o sempre foi um jogador que sempre dei como refer\u00eancia. Ele tem muito para poder crescer. Sobretudo a n\u00edvel posicional, porque tem uma din\u00e2mica com bola e sem bola muito boa. Al\u00e9m disso, \u00e9 um atleta que tem um grande porte f\u00edsico e ir\u00e1 evoluir mais. Espero que a equipe possa ajud\u00e1-lo nesse processo, assim como o Jo\u00e3o ir\u00e1 nos ajudar a ganhar jogos.<\/em><\/strong><\/p>\n\n\n\n<p>Cabe lembrar que em sua entrevista de apresenta\u00e7\u00e3o, o t\u00e9cnico foi questionado sobre seus planos para os jogadores mais jovens que fazem transi\u00e7\u00e3o da base do time para o profissional. Naquela ocasi\u00e3o, Paulo Sousa afirmou que avaliaria o preparo dos atletas e os utilizaria quando eles estivessem prontos.<\/p>\n\n\n\n<p>Acionado em tr\u00eas dos quatro jogos comandados pelo treinador portugu\u00eas at\u00e9 aqui, Jo\u00e3o Gomes tem conquistado seu espa\u00e7o entre os jogadores mais experientes do elenco. Agora nas gra\u00e7as de Paulo Sousa, o jovem j\u00e1 \u00e9 um dos que recebem muitos elogios da torcida rubro-negra desde 2020, quando estreou pelo time profissional.<\/p>\n","protected":false},"excerpt":{"rendered":"<p>Um dos destaques rubro-negros na goleada contra o Nova Igua\u00e7u, Jo\u00e3o Gomes ganhou elogios do professor ap\u00f3s a partida. Reconhecendo a crescente do volante do elenco principal, Paulo Sousa rasgou elogios ao jovem. Na entrevista p\u00f3s-jogo, o t\u00e9cnico ressaltou a qualidade t\u00e9cnica do atleta de 21 anos. Al\u00e9m disso, o portugu\u00eas tamb\u00e9m projetou o futuro [&hellip;]<\/p>\n","protected":false},"author":4,"featured_media":76704,"comment_status":"open","ping_status":"closed","sticky":false,"template":"","format":"standard","meta":{"footnotes":""},"categories":[1],"tags":[],"class_list":["post-76703","post","type-post","status-publish","format-standard","has-post-thumbnail","hentry","category-flamengo"],"yoast_head":"<!-- This site is optimized with the Yoast SEO Premium plugin v24.2 (Yoast SEO v26.9) - https:\/\/yoast.com\/product\/yoast-seo-premium-wordpress\/ -->\n<title>Paulo Sousa exalta evolu\u00e7\u00e3o e qualidade de Jo\u00e3o Gomes, do Flamengo<\/title>\n<meta name=\"robots\" content=\"index, follow, max-snippet:-1, max-image-preview:large, max-video-preview:-1\" \/>\n<link rel=\"canonical\" href=\"https:\/\/www.gaveanews.com\/index.php\/2022\/02\/14\/paulo-sousa-exalta-evolucao-e-qualidade-de-joao-gomes-do-flamengo\/\" \/>\n<meta property=\"og:locale\" content=\"pt_BR\" \/>\n<meta property=\"og:type\" content=\"article\" \/>\n<meta property=\"og:title\" content=\"Paulo Sousa exalta evolu\u00e7\u00e3o e qualidade de Jo\u00e3o Gomes, do Flamengo\" \/>\n<meta property=\"og:description\" content=\"Um dos destaques rubro-negros na goleada contra o Nova Igua\u00e7u, Jo\u00e3o Gomes ganhou elogios do professor ap\u00f3s a partida. Reconhecendo a crescente do volante do elenco principal, Paulo Sousa rasgou elogios ao jovem. Na entrevista p\u00f3s-jogo, o t\u00e9cnico ressaltou a qualidade t\u00e9cnica do atleta de 21 anos. Al\u00e9m disso, o portugu\u00eas tamb\u00e9m projetou o futuro [&hellip;]\" \/>\n<meta property=\"og:url\" content=\"https:\/\/www.gaveanews.com\/index.php\/2022\/02\/14\/paulo-sousa-exalta-evolucao-e-qualidade-de-joao-gomes-do-flamengo\/\" \/>\n<meta property=\"og:site_name\" content=\"G\u00e1vea News\" \/>\n<meta property=\"article:publisher\" content=\"https:\/\/facebook.com\/gaveaNews\/\" \/>\n<meta property=\"article:published_time\" content=\"2022-02-14T16:44:36+00:00\" \/>\n<meta property=\"article:modified_time\" content=\"2022-02-14T16:44:39+00:00\" \/>\n<meta property=\"og:image\" content=\"https:\/\/www.gaveanews.com\/wp-content\/uploads\/Joao-Gomes-em-acao-pelo-Flamengo-contra-o-Nova-Iguacu.webp\" \/>\n\t<meta property=\"og:image:width\" content=\"800\" \/>\n\t<meta property=\"og:image:height\" content=\"533\" \/>\n\t<meta property=\"og:image:type\" content=\"image\/jpeg\" \/>\n<meta name=\"author\" content=\"Let\u00edcia Gerheim\" \/>\n<meta name=\"twitter:card\" content=\"summary_large_image\" \/>\n<meta name=\"twitter:label1\" content=\"Escrito por\" \/>\n\t<meta name=\"twitter:data1\" content=\"Let\u00edcia Gerheim\" \/>\n\t<meta name=\"twitter:label2\" content=\"Est. tempo de leitura\" \/>\n\t<meta name=\"twitter:data2\" content=\"2 minutos\" \/>\n<script type=\"application\/ld+json\" class=\"yoast-schema-graph\">{\"@context\":\"https:\/\/schema.org\",\"@graph\":[{\"@type\":\"NewsArticle\",\"@id\":\"https:\/\/www.gaveanews.com\/index.php\/2022\/02\/14\/paulo-sousa-exalta-evolucao-e-qualidade-de-joao-gomes-do-flamengo\/#article\",\"isPartOf\":{\"@id\":\"https:\/\/www.gaveanews.com\/index.php\/2022\/02\/14\/paulo-sousa-exalta-evolucao-e-qualidade-de-joao-gomes-do-flamengo\/\"},\"author\":{\"name\":\"Let\u00edcia Gerheim\",\"@id\":\"https:\/\/www.gaveanews.com\/#\/schema\/person\/714c67050b836198af2450ba1c142a67\"},\"headline\":\"Paulo Sousa exalta evolu\u00e7\u00e3o e qualidade de Jo\u00e3o Gomes, do Flamengo\",\"datePublished\":\"2022-02-14T16:44:36+00:00\",\"dateModified\":\"2022-02-14T16:44:39+00:00\",\"mainEntityOfPage\":{\"@id\":\"https:\/\/www.gaveanews.com\/index.php\/2022\/02\/14\/paulo-sousa-exalta-evolucao-e-qualidade-de-joao-gomes-do-flamengo\/\"},\"wordCount\":275,\"commentCount\":6,\"image\":{\"@id\":\"https:\/\/www.gaveanews.com\/index.php\/2022\/02\/14\/paulo-sousa-exalta-evolucao-e-qualidade-de-joao-gomes-do-flamengo\/#primaryimage\"},\"thumbnailUrl\":\"https:\/\/www.gaveanews.com\/wp-content\/uploads\/Joao-Gomes-em-acao-pelo-Flamengo-contra-o-Nova-Iguacu.webp\",\"articleSection\":[\"Flamengo\"],\"inLanguage\":\"pt-BR\",\"potentialAction\":[{\"@type\":\"CommentAction\",\"name\":\"Comment\",\"target\":[\"https:\/\/www.gaveanews.com\/index.php\/2022\/02\/14\/paulo-sousa-exalta-evolucao-e-qualidade-de-joao-gomes-do-flamengo\/#respond\"]}],\"copyrightYear\":\"2022\",\"copyrightHolder\":{\"@id\":\"https:\/\/www.gaveanews.com\/#organization\"}},{\"@type\":\"WebPage\",\"@id\":\"https:\/\/www.gaveanews.com\/index.php\/2022\/02\/14\/paulo-sousa-exalta-evolucao-e-qualidade-de-joao-gomes-do-flamengo\/\",\"url\":\"https:\/\/www.gaveanews.com\/index.php\/2022\/02\/14\/paulo-sousa-exalta-evolucao-e-qualidade-de-joao-gomes-do-flamengo\/\",\"name\":\"Paulo Sousa exalta evolu\u00e7\u00e3o e qualidade de Jo\u00e3o Gomes, do Flamengo\",\"isPartOf\":{\"@id\":\"https:\/\/www.gaveanews.com\/#website\"},\"primaryImageOfPage\":{\"@id\":\"https:\/\/www.gaveanews.com\/index.php\/2022\/02\/14\/paulo-sousa-exalta-evolucao-e-qualidade-de-joao-gomes-do-flamengo\/#primaryimage\"},\"image\":{\"@id\":\"https:\/\/www.gaveanews.com\/index.php\/2022\/02\/14\/paulo-sousa-exalta-evolucao-e-qualidade-de-joao-gomes-do-flamengo\/#primaryimage\"},\"thumbnailUrl\":\"https:\/\/www.gaveanews.com\/wp-content\/uploads\/Joao-Gomes-em-acao-pelo-Flamengo-contra-o-Nova-Iguacu.webp\",\"datePublished\":\"2022-02-14T16:44:36+00:00\",\"dateModified\":\"2022-02-14T16:44:39+00:00\",\"author\":{\"@id\":\"https:\/\/www.gaveanews.com\/#\/schema\/person\/714c67050b836198af2450ba1c142a67\"},\"breadcrumb\":{\"@id\":\"https:\/\/www.gaveanews.com\/index.php\/2022\/02\/14\/paulo-sousa-exalta-evolucao-e-qualidade-de-joao-gomes-do-flamengo\/#breadcrumb\"},\"inLanguage\":\"pt-BR\",\"potentialAction\":[{\"@type\":\"ReadAction\",\"target\":[\"https:\/\/www.gaveanews.com\/index.php\/2022\/02\/14\/paulo-sousa-exalta-evolucao-e-qualidade-de-joao-gomes-do-flamengo\/\"]}]},{\"@type\":\"ImageObject\",\"inLanguage\":\"pt-BR\",\"@id\":\"https:\/\/www.gaveanews.com\/index.php\/2022\/02\/14\/paulo-sousa-exalta-evolucao-e-qualidade-de-joao-gomes-do-flamengo\/#primaryimage\",\"url\":\"https:\/\/www.gaveanews.com\/wp-content\/uploads\/Joao-Gomes-em-acao-pelo-Flamengo-contra-o-Nova-Iguacu.webp\",\"contentUrl\":\"https:\/\/www.gaveanews.com\/wp-content\/uploads\/Joao-Gomes-em-acao-pelo-Flamengo-contra-o-Nova-Iguacu.webp\",\"width\":800,\"height\":533,\"caption\":\"Jo\u00e3o Gomes em a\u00e7\u00e3o pelo Flamengo contra o Nova Igua\u00e7u (Foto: Marcelo Cortes\/Flamengo)\"},{\"@type\":\"BreadcrumbList\",\"@id\":\"https:\/\/www.gaveanews.com\/index.php\/2022\/02\/14\/paulo-sousa-exalta-evolucao-e-qualidade-de-joao-gomes-do-flamengo\/#breadcrumb\",\"itemListElement\":[{\"@type\":\"ListItem\",\"position\":1,\"name\":\"Home\",\"item\":\"https:\/\/www.gaveanews.com\/\"},{\"@type\":\"ListItem\",\"position\":2,\"name\":\"Paulo Sousa exalta evolu\u00e7\u00e3o e qualidade de Jo\u00e3o Gomes, do Flamengo\"}]},{\"@type\":\"WebSite\",\"@id\":\"https:\/\/www.gaveanews.com\/#website\",\"url\":\"https:\/\/www.gaveanews.com\/\",\"name\":\"G\u00e1vea News\",\"description\":\"Veja todas as not\u00edcias sobre o Flamengo: Contrata\u00e7\u00f5es, categorias de base, resultados das partidas, tabela de classifica\u00e7\u00e3o, pr\u00f3ximos jogos!\",\"potentialAction\":[{\"@type\":\"SearchAction\",\"target\":{\"@type\":\"EntryPoint\",\"urlTemplate\":\"https:\/\/www.gaveanews.com\/?s={search_term_string}\"},\"query-input\":{\"@type\":\"PropertyValueSpecification\",\"valueRequired\":true,\"valueName\":\"search_term_string\"}}],\"inLanguage\":\"pt-BR\"},{\"@type\":\"Person\",\"@id\":\"https:\/\/www.gaveanews.com\/#\/schema\/person\/714c67050b836198af2450ba1c142a67\",\"name\":\"Let\u00edcia Gerheim\",\"image\":{\"@type\":\"ImageObject\",\"inLanguage\":\"pt-BR\",\"@id\":\"https:\/\/www.gaveanews.com\/#\/schema\/person\/image\/\",\"url\":\"https:\/\/secure.gravatar.com\/avatar\/60734739c50fcebfbac509e2a826ccd0ff405c019bc73aab9354f19ecad1dcb4?s=96&d=mm&r=g\",\"contentUrl\":\"https:\/\/secure.gravatar.com\/avatar\/60734739c50fcebfbac509e2a826ccd0ff405c019bc73aab9354f19ecad1dcb4?s=96&d=mm&r=g\",\"caption\":\"Let\u00edcia Gerheim\"}}]}<\/script>\n<!-- \/ Yoast SEO Premium plugin. -->","yoast_head_json":{"title":"Paulo Sousa exalta evolu\u00e7\u00e3o e qualidade de Jo\u00e3o Gomes, do Flamengo","robots":{"index":"index","follow":"follow","max-snippet":"max-snippet:-1","max-image-preview":"max-image-preview:large","max-video-preview":"max-video-preview:-1"},"canonical":"https:\/\/www.gaveanews.com\/index.php\/2022\/02\/14\/paulo-sousa-exalta-evolucao-e-qualidade-de-joao-gomes-do-flamengo\/","og_locale":"pt_BR","og_type":"article","og_title":"Paulo Sousa exalta evolu\u00e7\u00e3o e qualidade de Jo\u00e3o Gomes, do Flamengo","og_description":"Um dos destaques rubro-negros na goleada contra o Nova Igua\u00e7u, Jo\u00e3o Gomes ganhou elogios do professor ap\u00f3s a partida. Reconhecendo a crescente do volante do elenco principal, Paulo Sousa rasgou elogios ao jovem. Na entrevista p\u00f3s-jogo, o t\u00e9cnico ressaltou a qualidade t\u00e9cnica do atleta de 21 anos. Al\u00e9m disso, o portugu\u00eas tamb\u00e9m projetou o futuro [&hellip;]","og_url":"https:\/\/www.gaveanews.com\/index.php\/2022\/02\/14\/paulo-sousa-exalta-evolucao-e-qualidade-de-joao-gomes-do-flamengo\/","og_site_name":"G\u00e1vea News","article_publisher":"https:\/\/facebook.com\/gaveaNews\/","article_published_time":"2022-02-14T16:44:36+00:00","article_modified_time":"2022-02-14T16:44:39+00:00","og_image":[{"width":800,"height":533,"url":"https:\/\/www.gaveanews.com\/wp-content\/uploads\/Joao-Gomes-em-acao-pelo-Flamengo-contra-o-Nova-Iguacu.webp","type":"image\/jpeg"}],"author":"Let\u00edcia Gerheim","twitter_card":"summary_large_image","twitter_misc":{"Escrito por":"Let\u00edcia Gerheim","Est. tempo de leitura":"2 minutos"},"schema":{"@context":"https:\/\/schema.org","@graph":[{"@type":"NewsArticle","@id":"https:\/\/www.gaveanews.com\/index.php\/2022\/02\/14\/paulo-sousa-exalta-evolucao-e-qualidade-de-joao-gomes-do-flamengo\/#article","isPartOf":{"@id":"https:\/\/www.gaveanews.com\/index.php\/2022\/02\/14\/paulo-sousa-exalta-evolucao-e-qualidade-de-joao-gomes-do-flamengo\/"},"author":{"name":"Let\u00edcia Gerheim","@id":"https:\/\/www.gaveanews.com\/#\/schema\/person\/714c67050b836198af2450ba1c142a67"},"headline":"Paulo Sousa exalta evolu\u00e7\u00e3o e qualidade de Jo\u00e3o Gomes, do Flamengo","datePublished":"2022-02-14T16:44:36+00:00","dateModified":"2022-02-14T16:44:39+00:00","mainEntityOfPage":{"@id":"https:\/\/www.gaveanews.com\/index.php\/2022\/02\/14\/paulo-sousa-exalta-evolucao-e-qualidade-de-joao-gomes-do-flamengo\/"},"wordCount":275,"commentCount":6,"image":{"@id":"https:\/\/www.gaveanews.com\/index.php\/2022\/02\/14\/paulo-sousa-exalta-evolucao-e-qualidade-de-joao-gomes-do-flamengo\/#primaryimage"},"thumbnailUrl":"https:\/\/www.gaveanews.com\/wp-content\/uploads\/Joao-Gomes-em-acao-pelo-Flamengo-contra-o-Nova-Iguacu.webp","articleSection":["Flamengo"],"inLanguage":"pt-BR","potentialAction":[{"@type":"CommentAction","name":"Comment","target":["https:\/\/www.gaveanews.com\/index.php\/2022\/02\/14\/paulo-sousa-exalta-evolucao-e-qualidade-de-joao-gomes-do-flamengo\/#respond"]}],"copyrightYear":"2022","copyrightHolder":{"@id":"https:\/\/www.gaveanews.com\/#organization"}},{"@type":"WebPage","@id":"https:\/\/www.gaveanews.com\/index.php\/2022\/02\/14\/paulo-sousa-exalta-evolucao-e-qualidade-de-joao-gomes-do-flamengo\/","url":"https:\/\/www.gaveanews.com\/index.php\/2022\/02\/14\/paulo-sousa-exalta-evolucao-e-qualidade-de-joao-gomes-do-flamengo\/","name":"Paulo Sousa exalta evolu\u00e7\u00e3o e qualidade de Jo\u00e3o Gomes, do Flamengo","isPartOf":{"@id":"https:\/\/www.gaveanews.com\/#website"},"primaryImageOfPage":{"@id":"https:\/\/www.gaveanews.com\/index.php\/2022\/02\/14\/paulo-sousa-exalta-evolucao-e-qualidade-de-joao-gomes-do-flamengo\/#primaryimage"},"image":{"@id":"https:\/\/www.gaveanews.com\/index.php\/2022\/02\/14\/paulo-sousa-exalta-evolucao-e-qualidade-de-joao-gomes-do-flamengo\/#primaryimage"},"thumbnailUrl":"https:\/\/www.gaveanews.com\/wp-content\/uploads\/Joao-Gomes-em-acao-pelo-Flamengo-contra-o-Nova-Iguacu.webp","datePublished":"2022-02-14T16:44:36+00:00","dateModified":"2022-02-14T16:44:39+00:00","author":{"@id":"https:\/\/www.gaveanews.com\/#\/schema\/person\/714c67050b836198af2450ba1c142a67"},"breadcrumb":{"@id":"https:\/\/www.gaveanews.com\/index.php\/2022\/02\/14\/paulo-sousa-exalta-evolucao-e-qualidade-de-joao-gomes-do-flamengo\/#breadcrumb"},"inLanguage":"pt-BR","potentialAction":[{"@type":"ReadAction","target":["https:\/\/www.gaveanews.com\/index.php\/2022\/02\/14\/paulo-sousa-exalta-evolucao-e-qualidade-de-joao-gomes-do-flamengo\/"]}]},{"@type":"ImageObject","inLanguage":"pt-BR","@id":"https:\/\/www.gaveanews.com\/index.php\/2022\/02\/14\/paulo-sousa-exalta-evolucao-e-qualidade-de-joao-gomes-do-flamengo\/#primaryimage","url":"https:\/\/www.gaveanews.com\/wp-content\/uploads\/Joao-Gomes-em-acao-pelo-Flamengo-contra-o-Nova-Iguacu.webp","contentUrl":"https:\/\/www.gaveanews.com\/wp-content\/uploads\/Joao-Gomes-em-acao-pelo-Flamengo-contra-o-Nova-Iguacu.webp","width":800,"height":533,"caption":"Jo\u00e3o Gomes em a\u00e7\u00e3o pelo Flamengo contra o Nova Igua\u00e7u (Foto: Marcelo Cortes\/Flamengo)"},{"@type":"BreadcrumbList","@id":"https:\/\/www.gaveanews.com\/index.php\/2022\/02\/14\/paulo-sousa-exalta-evolucao-e-qualidade-de-joao-gomes-do-flamengo\/#breadcrumb","itemListElement":[{"@type":"ListItem","position":1,"name":"Home","item":"https:\/\/www.gaveanews.com\/"},{"@type":"ListItem","position":2,"name":"Paulo Sousa exalta evolu\u00e7\u00e3o e qualidade de Jo\u00e3o Gomes, do Flamengo"}]},{"@type":"WebSite","@id":"https:\/\/www.gaveanews.com\/#website","url":"https:\/\/www.gaveanews.com\/","name":"G\u00e1vea News","description":"Veja todas as not\u00edcias sobre o Flamengo: Contrata\u00e7\u00f5es, categorias de base, resultados das partidas, tabela de classifica\u00e7\u00e3o, pr\u00f3ximos jogos!","potentialAction":[{"@type":"SearchAction","target":{"@type":"EntryPoint","urlTemplate":"https:\/\/www.gaveanews.com\/?s={search_term_string}"},"query-input":{"@type":"PropertyValueSpecification","valueRequired":true,"valueName":"search_term_string"}}],"inLanguage":"pt-BR"},{"@type":"Person","@id":"https:\/\/www.gaveanews.com\/#\/schema\/person\/714c67050b836198af2450ba1c142a67","name":"Let\u00edcia Gerheim","image":{"@type":"ImageObject","inLanguage":"pt-BR","@id":"https:\/\/www.gaveanews.com\/#\/schema\/person\/image\/","url":"https:\/\/secure.gravatar.com\/avatar\/60734739c50fcebfbac509e2a826ccd0ff405c019bc73aab9354f19ecad1dcb4?s=96&d=mm&r=g","contentUrl":"https:\/\/secure.gravatar.com\/avatar\/60734739c50fcebfbac509e2a826ccd0ff405c019bc73aab9354f19ecad1dcb4?s=96&d=mm&r=g","caption":"Let\u00edcia Gerheim"}}]}},"_links":{"self":[{"href":"https:\/\/www.gaveanews.com\/index.php\/wp-json\/wp\/v2\/posts\/76703","targetHints":{"allow":["GET"]}}],"collection":[{"href":"https:\/\/www.gaveanews.com\/index.php\/wp-json\/wp\/v2\/posts"}],"about":[{"href":"https:\/\/www.gaveanews.com\/index.php\/wp-json\/wp\/v2\/types\/post"}],"author":[{"embeddable":true,"href":"https:\/\/www.gaveanews.com\/index.php\/wp-json\/wp\/v2\/users\/4"}],"replies":[{"embeddable":true,"href":"https:\/\/www.gaveanews.com\/index.php\/wp-json\/wp\/v2\/comments?post=76703"}],"version-history":[{"count":0,"href":"https:\/\/www.gaveanews.com\/index.php\/wp-json\/wp\/v2\/posts\/76703\/revisions"}],"wp:featuredmedia":[{"embeddable":true,"href":"https:\/\/www.gaveanews.com\/index.php\/wp-json\/wp\/v2\/media\/76704"}],"wp:attachment":[{"href":"https:\/\/www.gaveanews.com\/index.php\/wp-json\/wp\/v2\/media?parent=76703"}],"wp:term":[{"taxonomy":"category","embeddable":true,"href":"https:\/\/www.gaveanews.com\/index.php\/wp-json\/wp\/v2\/categories?post=76703"},{"taxonomy":"post_tag","embeddable":true,"href":"https:\/\/www.gaveanews.com\/index.php\/wp-json\/wp\/v2\/tags?post=76703"}],"curies":[{"name":"wp","href":"https:\/\/api.w.org\/{rel}","templated":true}]}}