{"id":76724,"date":"2022-02-14T19:52:49","date_gmt":"2022-02-14T22:52:49","guid":{"rendered":"https:\/\/www.gaveanews.com\/?p=76724"},"modified":"2022-02-14T20:14:29","modified_gmt":"2022-02-14T23:14:29","slug":"vinicius-junior-rodrygo-reinier-cristiano-ronaldo-paulinho-lukaku-bale-e-dybala-os-jogadores-mais-caros-ate-os-18-anos","status":"publish","type":"post","link":"https:\/\/www.gaveanews.com\/index.php\/2022\/02\/14\/vinicius-junior-rodrygo-reinier-cristiano-ronaldo-paulinho-lukaku-bale-e-dybala-os-jogadores-mais-caros-ate-os-18-anos\/","title":{"rendered":"Vinicius Junior, Rodrygo, Reinier, Cristiano Ronaldo, Paulinho, Lukaku, Bale e Dybala: Os  jogadores mais caros at\u00e9 os 18 anos"},"content":{"rendered":"\n<p>A grande maioria dos atletas que hoje se destacam no meio do futebol conseguiu alcan\u00e7ar seu potencial gra\u00e7as \u00e0s boas categorias de base em suas respectivas forma\u00e7\u00f5es. Por isso, os principais clubes se mant\u00e9m bastante atentos aos talentos revelados ao redor do mundo.<\/p>\n\n\n\n<p>Assim, quando encontram jovens tratados como promessas, muitos times desejam aproveitar a oportunidade e compr\u00e1-los para conseguir trabalhar a capacidade t\u00e9cnica destes jogadores e valoriz\u00e1-los ainda mais.<\/p>\n\n\n\n<p>Foi neste cen\u00e1rio que o Real Madrid comprou Vinicius Junior do Flamengo. O atacante era uma joia da base rubro-negra, e para garantir a transfer\u00eancia do jovem, o clube espanhol desembolsou nada menos que \u20ac 45 milh\u00f5es.<\/p>\n\n\n\n<p>Este modelo de negocia\u00e7\u00f5es faz equipes de maior express\u00e3o, principalmente do continente europeu, realizarem movimenta\u00e7\u00f5es expressivas para garantir que seu elenco tivesse determinado jogador, como foi o caso de vendas de nomes como Rodrygo, Cristiano Ronaldo, Lukako e Dybala.<\/p>\n\n\n\n<h2 class=\"wp-block-heading\" id=\"h-veja-a-lista-dos-jogadores-mais-caros-ate-os-18-anos\">Veja a lista dos jogadores mais caros at\u00e9 os 18 anos:<\/h2>\n\n\n\n<figure class=\"wp-block-table aligncenter is-style-stripes\"><table><tbody><tr><td class=\"has-text-align-center\" data-align=\"center\"><\/td><td class=\"has-text-align-left\" data-align=\"left\"><strong>Jogador<\/strong><\/td><td class=\"has-text-align-left\" data-align=\"left\"><strong>Clube de origem<\/strong><\/td><td><strong>Destino<\/strong><\/td><td class=\"has-text-align-left\" data-align=\"left\"><strong>Valor pago (\u20ac)<\/strong><\/td><\/tr><tr><td class=\"has-text-align-center\" data-align=\"center\">1<\/td><td class=\"has-text-align-left\" data-align=\"left\">Vinicius Junior<\/td><td class=\"has-text-align-left\" data-align=\"left\">Flamengo<\/td><td>Real Madrid<\/td><td class=\"has-text-align-left\" data-align=\"left\">45 milh\u00f5es<\/td><\/tr><tr><td class=\"has-text-align-center\" data-align=\"center\">2<\/td><td class=\"has-text-align-left\" data-align=\"left\">Rodrygo<\/td><td class=\"has-text-align-left\" data-align=\"left\">Santos<\/td><td>Real Madrid<\/td><td class=\"has-text-align-left\" data-align=\"left\">45 milh\u00f5es<\/td><\/tr><tr><td class=\"has-text-align-center\" data-align=\"center\">3<\/td><td class=\"has-text-align-left\" data-align=\"left\">F\u00e1bio Silva<\/td><td class=\"has-text-align-left\" data-align=\"left\">Porto<\/td><td>Wolves<\/td><td class=\"has-text-align-left\" data-align=\"left\">40 milh\u00f5es<\/td><\/tr><tr><td class=\"has-text-align-center\" data-align=\"center\">4<\/td><td class=\"has-text-align-left\" data-align=\"left\">Luke Shaw<\/td><td class=\"has-text-align-left\" data-align=\"left\">Southampton         <\/td><td>Manchester United   <\/td><td class=\"has-text-align-left\" data-align=\"left\">37,5 milh\u00f5es<\/td><\/tr><tr><td class=\"has-text-align-center\" data-align=\"center\">5<\/td><td class=\"has-text-align-left\" data-align=\"left\">Wayne Rooney<\/td><td class=\"has-text-align-left\" data-align=\"left\">Everton<\/td><td>Manchester United<\/td><td class=\"has-text-align-left\" data-align=\"left\">37 milh\u00f5es<\/td><\/tr><tr><td class=\"has-text-align-center\" data-align=\"center\">6<\/td><td class=\"has-text-align-left\" data-align=\"left\">Renato Sanches<\/td><td class=\"has-text-align-left\" data-align=\"left\">Benfica<\/td><td>Bayern de Munique<\/td><td class=\"has-text-align-left\" data-align=\"left\">35 milh\u00f5es<\/td><\/tr><tr><td class=\"has-text-align-center\" data-align=\"center\">7<\/td><td class=\"has-text-align-left\" data-align=\"left\">Alessandro Bastoni<\/td><td class=\"has-text-align-left\" data-align=\"left\">Atalanta<\/td><td>Inter de Mil\u00e3o<\/td><td class=\"has-text-align-left\" data-align=\"left\">31,1 milh\u00f5es<\/td><\/tr><tr><td class=\"has-text-align-center\" data-align=\"center\">8<\/td><td class=\"has-text-align-left\" data-align=\"left\">Eduardo Camavinga<\/td><td class=\"has-text-align-left\" data-align=\"left\">Rennes<\/td><td>Real Madrid<\/td><td class=\"has-text-align-left\" data-align=\"left\">31 milh\u00f5es<\/td><\/tr><tr><td class=\"has-text-align-center\" data-align=\"center\">9<\/td><td class=\"has-text-align-left\" data-align=\"left\">Antonio Cassano<\/td><td class=\"has-text-align-left\" data-align=\"left\">Bari<\/td><td>Roma<\/td><td class=\"has-text-align-left\" data-align=\"left\">31 milh\u00f5es<\/td><\/tr><tr><td class=\"has-text-align-center\" data-align=\"center\">10<\/td><td class=\"has-text-align-left\" data-align=\"left\">Reinier<\/td><td class=\"has-text-align-left\" data-align=\"left\">Flamengo<\/td><td>Real Madrid<\/td><td class=\"has-text-align-left\" data-align=\"left\">30 milh\u00f5es<\/td><\/tr><tr><td class=\"has-text-align-center\" data-align=\"center\">11<\/td><td class=\"has-text-align-left\" data-align=\"left\">William Saliba<\/td><td class=\"has-text-align-left\" data-align=\"left\">Saint-\u00c9tienne<\/td><td>Arsenal<\/td><td class=\"has-text-align-left\" data-align=\"left\">30 milh\u00f5es<\/td><\/tr><tr><td class=\"has-text-align-center\" data-align=\"center\">12<\/td><td class=\"has-text-align-left\" data-align=\"left\">J\u00e9r\u00e9my Doku<\/td><td class=\"has-text-align-left\" data-align=\"left\">Anderlecht<\/td><td>Rennes<\/td><td class=\"has-text-align-left\" data-align=\"left\">26 milh\u00f5es<\/td><\/tr><tr><td class=\"has-text-align-center\" data-align=\"center\">13<\/td><td class=\"has-text-align-left\" data-align=\"left\">Alexandre Pato<\/td><td class=\"has-text-align-left\" data-align=\"left\">Internacional<\/td><td>Milan<\/td><td class=\"has-text-align-left\" data-align=\"left\">24 milh\u00f5es<\/td><\/tr><tr><td class=\"has-text-align-center\" data-align=\"center\">14<\/td><td class=\"has-text-align-left\" data-align=\"left\">Jude Bellinghan<\/td><td class=\"has-text-align-left\" data-align=\"left\">Birmingham<\/td><td>B. Dortmund<\/td><td class=\"has-text-align-left\" data-align=\"left\">23 milh\u00f5es<\/td><\/tr><tr><td class=\"has-text-align-center\" data-align=\"center\">15<\/td><td class=\"has-text-align-left\" data-align=\"left\">Sergio Ag\u00fcero<\/td><td class=\"has-text-align-left\" data-align=\"left\">Independiente<\/td><td>Atl\u00e9tico<\/td><td class=\"has-text-align-left\" data-align=\"left\">21,7 milh\u00f5es<\/td><\/tr><tr><td class=\"has-text-align-center\" data-align=\"center\">16<\/td><td class=\"has-text-align-left\" data-align=\"left\">Amad Diallo<\/td><td class=\"has-text-align-left\" data-align=\"left\">Atalanta<\/td><td>Manchester United<\/td><td class=\"has-text-align-left\" data-align=\"left\">21 milh\u00f5es<\/td><\/tr><tr><td class=\"has-text-align-center\" data-align=\"center\">17<\/td><td class=\"has-text-align-left\" data-align=\"left\">Pietro Pellegri<\/td><td class=\"has-text-align-left\" data-align=\"left\">Genoa<\/td><td>M\u00f4naco<\/td><td class=\"has-text-align-left\" data-align=\"left\">20,9 milh\u00f5es<\/td><\/tr><tr><td class=\"has-text-align-center\" data-align=\"center\">18<\/td><td class=\"has-text-align-left\" data-align=\"left\">Stephan El Shaarawy<\/td><td class=\"has-text-align-left\" data-align=\"left\">Genoa<\/td><td>Milan<\/td><td class=\"has-text-align-left\" data-align=\"left\">20,3 milh\u00f5es<\/td><\/tr><tr><td class=\"has-text-align-center\" data-align=\"center\">19<\/td><td class=\"has-text-align-left\" data-align=\"left\">Pedri<\/td><td class=\"has-text-align-left\" data-align=\"left\">Las Palmas<\/td><td>Barcelona<\/td><td class=\"has-text-align-left\" data-align=\"left\">20 milh\u00f5es<\/td><\/tr><tr><td class=\"has-text-align-center\" data-align=\"center\">20<\/td><td class=\"has-text-align-left\" data-align=\"left\">Willem Geubbels<\/td><td class=\"has-text-align-left\" data-align=\"left\">Lyon<\/td><td>M\u00f4naco<\/td><td class=\"has-text-align-left\" data-align=\"left\">20 milh\u00f5es<\/td><\/tr><tr><td class=\"has-text-align-center\" data-align=\"center\">21<\/td><td class=\"has-text-align-left\" data-align=\"left\">Cristiano Ronaldo<\/td><td class=\"has-text-align-left\" data-align=\"left\">Sporting<\/td><td>Manchester United<\/td><td class=\"has-text-align-left\" data-align=\"left\">19 milh\u00f5es<\/td><\/tr><tr><td class=\"has-text-align-center\" data-align=\"center\">22<\/td><td class=\"has-text-align-left\" data-align=\"left\">Paulinho<\/td><td class=\"has-text-align-left\" data-align=\"left\">Vasco<\/td><td>Leverkusen<\/td><td class=\"has-text-align-left\" data-align=\"left\">18,5 milh\u00f5es<\/td><\/tr><tr><td class=\"has-text-align-center\" data-align=\"center\">23<\/td><td class=\"has-text-align-left\" data-align=\"left\">Dayot Upamecano<\/td><td class=\"has-text-align-left\" data-align=\"left\">RB Salzburg<\/td><td>RB Leipzig<\/td><td class=\"has-text-align-left\" data-align=\"left\">18,5 milh\u00f5es<\/td><\/tr><tr><td class=\"has-text-align-center\" data-align=\"center\">24<\/td><td class=\"has-text-align-left\" data-align=\"left\">Pape Sarr<\/td><td class=\"has-text-align-left\" data-align=\"left\">Metz<\/td><td>Tottenhan<\/td><td class=\"has-text-align-left\" data-align=\"left\">16,9 milh\u00f5es<\/td><\/tr><tr><td class=\"has-text-align-center\" data-align=\"center\">25<\/td><td class=\"has-text-align-left\" data-align=\"left\">Ricardo Pepi<\/td><td class=\"has-text-align-left\" data-align=\"left\">FC Dallas<\/td><td>Augsburg<\/td><td class=\"has-text-align-left\" data-align=\"left\">16,4 milh\u00f5es<\/td><\/tr><tr><td class=\"has-text-align-center\" data-align=\"center\">26<\/td><td class=\"has-text-align-left\" data-align=\"left\">Ilaix Moriba<\/td><td class=\"has-text-align-left\" data-align=\"left\">Barcelona<\/td><td>RB Leipzig<\/td><td class=\"has-text-align-left\" data-align=\"left\">16 milh\u00f5es<\/td><\/tr><tr><td class=\"has-text-align-center\" data-align=\"center\">27<\/td><td class=\"has-text-align-left\" data-align=\"left\">Romelu Lukaku<\/td><td class=\"has-text-align-left\" data-align=\"left\">Anderlecht<\/td><td>Chelsea<\/td><td class=\"has-text-align-left\" data-align=\"left\">15 milh\u00f5es<\/td><\/tr><tr><td class=\"has-text-align-center\" data-align=\"center\">28<\/td><td class=\"has-text-align-left\" data-align=\"left\">Gareth Bale<\/td><td class=\"has-text-align-left\" data-align=\"left\">Southampton<\/td><td>Tottenhan<\/td><td class=\"has-text-align-left\" data-align=\"left\">14,7 milh\u00f5es<\/td><\/tr><tr><td class=\"has-text-align-center\" data-align=\"center\">29<\/td><td class=\"has-text-align-left\" data-align=\"left\">S\u00e9bastien Frey<\/td><td class=\"has-text-align-left\" data-align=\"left\">Cannes<\/td><td>Inter de Mil\u00e3o<\/td><td class=\"has-text-align-left\" data-align=\"left\">14 milh\u00f5es<\/td><\/tr><tr><td class=\"has-text-align-center\" data-align=\"center\">30<\/td><td class=\"has-text-align-left\" data-align=\"left\">Valeri Bojinov<\/td><td class=\"has-text-align-left\" data-align=\"left\">Lecce<\/td><td>Fiorentina<\/td><td class=\"has-text-align-left\" data-align=\"left\">14 milh\u00f5es<\/td><\/tr><tr><td class=\"has-text-align-center\" data-align=\"center\">31<\/td><td class=\"has-text-align-left\" data-align=\"left\">Diego Lainez<\/td><td class=\"has-text-align-left\" data-align=\"left\">Am\u00e9rica<\/td><td>Real Betis<\/td><td class=\"has-text-align-left\" data-align=\"left\">14 milh\u00f5es<\/td><\/tr><tr><td class=\"has-text-align-center\" data-align=\"center\">32<\/td><td class=\"has-text-align-left\" data-align=\"left\">Alex Oxlade-Chamberlain  <\/td><td class=\"has-text-align-left\" data-align=\"left\">Southampton<\/td><td>Arsenal<\/td><td class=\"has-text-align-left\" data-align=\"left\">13,8 milh\u00f5es<\/td><\/tr><tr><td class=\"has-text-align-center\" data-align=\"center\">33<\/td><td class=\"has-text-align-left\" data-align=\"left\">Lucas Ocampos<\/td><td class=\"has-text-align-left\" data-align=\"left\">River Plate<\/td><td>M\u00f4naco<\/td><td class=\"has-text-align-left\" data-align=\"left\">13 milh\u00f5es<\/td><\/tr><tr><td class=\"has-text-align-center\" data-align=\"center\">34<\/td><td class=\"has-text-align-left\" data-align=\"left\">Bruma<\/td><td class=\"has-text-align-left\" data-align=\"left\">Sporting<\/td><td>Galatasaray<\/td><td class=\"has-text-align-left\" data-align=\"left\">13 milh\u00f5es<\/td><\/tr><tr><td class=\"has-text-align-center\" data-align=\"center\">35<\/td><td class=\"has-text-align-left\" data-align=\"left\">Ezequiel Barco<\/td><td class=\"has-text-align-left\" data-align=\"left\">Independiente<\/td><td>Atlanta United<\/td><td class=\"has-text-align-left\" data-align=\"left\">12,3 milh\u00f5es<\/td><\/tr><tr><td class=\"has-text-align-center\" data-align=\"center\">36<\/td><td class=\"has-text-align-left\" data-align=\"left\">Breno<\/td><td class=\"has-text-align-left\" data-align=\"left\">S\u00e3o Paulo<\/td><td>Bayern de Munique<\/td><td class=\"has-text-align-left\" data-align=\"left\">12 milh\u00f5es<\/td><\/tr><tr><td class=\"has-text-align-center\" data-align=\"center\">37<\/td><td class=\"has-text-align-left\" data-align=\"left\">Paulo Dybala<\/td><td class=\"has-text-align-left\" data-align=\"left\">Instituto AC<\/td><td>Palermo<\/td><td class=\"has-text-align-left\" data-align=\"left\">11,9 milh\u00f5es<\/td><\/tr><\/tbody><\/table><figcaption>Fonte: Transfermarkt<\/figcaption><\/figure>\n","protected":false},"excerpt":{"rendered":"<p>A grande maioria dos atletas que hoje se destacam no meio do futebol conseguiu alcan\u00e7ar seu potencial gra\u00e7as \u00e0s boas categorias de base em suas respectivas forma\u00e7\u00f5es. Por isso, os principais clubes se mant\u00e9m bastante atentos aos talentos revelados ao redor do mundo. Assim, quando encontram jovens tratados como promessas, muitos times desejam aproveitar a [&hellip;]<\/p>\n","protected":false},"author":4,"featured_media":74986,"comment_status":"open","ping_status":"closed","sticky":false,"template":"","format":"standard","meta":{"footnotes":""},"categories":[1],"tags":[],"class_list":["post-76724","post","type-post","status-publish","format-standard","has-post-thumbnail","hentry","category-flamengo"],"yoast_head":"<!-- This site is optimized with the Yoast SEO Premium plugin v24.2 (Yoast SEO v26.9) - https:\/\/yoast.com\/product\/yoast-seo-premium-wordpress\/ -->\n<title>Vinicius Junior, Rodrygo, Reinier, Cristiano Ronaldo, Paulinho, Lukaku, Bale e Dybala: Os jogadores mais caros at\u00e9 os 18 anos<\/title>\n<meta name=\"robots\" content=\"index, follow, max-snippet:-1, max-image-preview:large, max-video-preview:-1\" \/>\n<link rel=\"canonical\" href=\"https:\/\/www.gaveanews.com\/index.php\/2022\/02\/14\/vinicius-junior-rodrygo-reinier-cristiano-ronaldo-paulinho-lukaku-bale-e-dybala-os-jogadores-mais-caros-ate-os-18-anos\/\" \/>\n<meta property=\"og:locale\" content=\"pt_BR\" \/>\n<meta property=\"og:type\" content=\"article\" \/>\n<meta property=\"og:title\" content=\"Vinicius Junior, Rodrygo, Reinier, Cristiano Ronaldo, Paulinho, Lukaku, Bale e Dybala: Os jogadores mais caros at\u00e9 os 18 anos\" \/>\n<meta property=\"og:description\" content=\"A grande maioria dos atletas que hoje se destacam no meio do futebol conseguiu alcan\u00e7ar seu potencial gra\u00e7as \u00e0s boas categorias de base em suas respectivas forma\u00e7\u00f5es. Por isso, os principais clubes se mant\u00e9m bastante atentos aos talentos revelados ao redor do mundo. Assim, quando encontram jovens tratados como promessas, muitos times desejam aproveitar a [&hellip;]\" \/>\n<meta property=\"og:url\" content=\"https:\/\/www.gaveanews.com\/index.php\/2022\/02\/14\/vinicius-junior-rodrygo-reinier-cristiano-ronaldo-paulinho-lukaku-bale-e-dybala-os-jogadores-mais-caros-ate-os-18-anos\/\" \/>\n<meta property=\"og:site_name\" content=\"G\u00e1vea News\" \/>\n<meta property=\"article:publisher\" content=\"https:\/\/facebook.com\/gaveaNews\/\" \/>\n<meta property=\"article:published_time\" content=\"2022-02-14T22:52:49+00:00\" \/>\n<meta property=\"article:modified_time\" content=\"2022-02-14T23:14:29+00:00\" \/>\n<meta property=\"og:image\" content=\"https:\/\/www.gaveanews.com\/wp-content\/uploads\/Vinicius-Junior-e-Benzema-em-acao-pelo-Real-Madrid.webp\" \/>\n\t<meta property=\"og:image:width\" content=\"846\" \/>\n\t<meta property=\"og:image:height\" content=\"564\" \/>\n\t<meta property=\"og:image:type\" content=\"image\/jpeg\" \/>\n<meta name=\"author\" content=\"Let\u00edcia Gerheim\" \/>\n<meta name=\"twitter:card\" content=\"summary_large_image\" \/>\n<meta name=\"twitter:label1\" content=\"Escrito por\" \/>\n\t<meta name=\"twitter:data1\" content=\"Let\u00edcia Gerheim\" \/>\n\t<meta name=\"twitter:label2\" content=\"Est. tempo de leitura\" \/>\n\t<meta name=\"twitter:data2\" content=\"3 minutos\" \/>\n<script type=\"application\/ld+json\" class=\"yoast-schema-graph\">{\"@context\":\"https:\/\/schema.org\",\"@graph\":[{\"@type\":\"NewsArticle\",\"@id\":\"https:\/\/www.gaveanews.com\/index.php\/2022\/02\/14\/vinicius-junior-rodrygo-reinier-cristiano-ronaldo-paulinho-lukaku-bale-e-dybala-os-jogadores-mais-caros-ate-os-18-anos\/#article\",\"isPartOf\":{\"@id\":\"https:\/\/www.gaveanews.com\/index.php\/2022\/02\/14\/vinicius-junior-rodrygo-reinier-cristiano-ronaldo-paulinho-lukaku-bale-e-dybala-os-jogadores-mais-caros-ate-os-18-anos\/\"},\"author\":{\"name\":\"Let\u00edcia Gerheim\",\"@id\":\"https:\/\/www.gaveanews.com\/#\/schema\/person\/714c67050b836198af2450ba1c142a67\"},\"headline\":\"Vinicius Junior, Rodrygo, Reinier, Cristiano Ronaldo, Paulinho, Lukaku, Bale e Dybala: Os jogadores mais caros at\u00e9 os 18 anos\",\"datePublished\":\"2022-02-14T22:52:49+00:00\",\"dateModified\":\"2022-02-14T23:14:29+00:00\",\"mainEntityOfPage\":{\"@id\":\"https:\/\/www.gaveanews.com\/index.php\/2022\/02\/14\/vinicius-junior-rodrygo-reinier-cristiano-ronaldo-paulinho-lukaku-bale-e-dybala-os-jogadores-mais-caros-ate-os-18-anos\/\"},\"wordCount\":452,\"commentCount\":2,\"image\":{\"@id\":\"https:\/\/www.gaveanews.com\/index.php\/2022\/02\/14\/vinicius-junior-rodrygo-reinier-cristiano-ronaldo-paulinho-lukaku-bale-e-dybala-os-jogadores-mais-caros-ate-os-18-anos\/#primaryimage\"},\"thumbnailUrl\":\"https:\/\/www.gaveanews.com\/wp-content\/uploads\/Vinicius-Junior-e-Benzema-em-acao-pelo-Real-Madrid.webp\",\"articleSection\":[\"Flamengo\"],\"inLanguage\":\"pt-BR\",\"potentialAction\":[{\"@type\":\"CommentAction\",\"name\":\"Comment\",\"target\":[\"https:\/\/www.gaveanews.com\/index.php\/2022\/02\/14\/vinicius-junior-rodrygo-reinier-cristiano-ronaldo-paulinho-lukaku-bale-e-dybala-os-jogadores-mais-caros-ate-os-18-anos\/#respond\"]}],\"copyrightYear\":\"2022\",\"copyrightHolder\":{\"@id\":\"https:\/\/www.gaveanews.com\/#organization\"}},{\"@type\":\"WebPage\",\"@id\":\"https:\/\/www.gaveanews.com\/index.php\/2022\/02\/14\/vinicius-junior-rodrygo-reinier-cristiano-ronaldo-paulinho-lukaku-bale-e-dybala-os-jogadores-mais-caros-ate-os-18-anos\/\",\"url\":\"https:\/\/www.gaveanews.com\/index.php\/2022\/02\/14\/vinicius-junior-rodrygo-reinier-cristiano-ronaldo-paulinho-lukaku-bale-e-dybala-os-jogadores-mais-caros-ate-os-18-anos\/\",\"name\":\"Vinicius Junior, Rodrygo, Reinier, Cristiano Ronaldo, Paulinho, Lukaku, Bale e Dybala: Os jogadores mais caros at\u00e9 os 18 anos\",\"isPartOf\":{\"@id\":\"https:\/\/www.gaveanews.com\/#website\"},\"primaryImageOfPage\":{\"@id\":\"https:\/\/www.gaveanews.com\/index.php\/2022\/02\/14\/vinicius-junior-rodrygo-reinier-cristiano-ronaldo-paulinho-lukaku-bale-e-dybala-os-jogadores-mais-caros-ate-os-18-anos\/#primaryimage\"},\"image\":{\"@id\":\"https:\/\/www.gaveanews.com\/index.php\/2022\/02\/14\/vinicius-junior-rodrygo-reinier-cristiano-ronaldo-paulinho-lukaku-bale-e-dybala-os-jogadores-mais-caros-ate-os-18-anos\/#primaryimage\"},\"thumbnailUrl\":\"https:\/\/www.gaveanews.com\/wp-content\/uploads\/Vinicius-Junior-e-Benzema-em-acao-pelo-Real-Madrid.webp\",\"datePublished\":\"2022-02-14T22:52:49+00:00\",\"dateModified\":\"2022-02-14T23:14:29+00:00\",\"author\":{\"@id\":\"https:\/\/www.gaveanews.com\/#\/schema\/person\/714c67050b836198af2450ba1c142a67\"},\"breadcrumb\":{\"@id\":\"https:\/\/www.gaveanews.com\/index.php\/2022\/02\/14\/vinicius-junior-rodrygo-reinier-cristiano-ronaldo-paulinho-lukaku-bale-e-dybala-os-jogadores-mais-caros-ate-os-18-anos\/#breadcrumb\"},\"inLanguage\":\"pt-BR\",\"potentialAction\":[{\"@type\":\"ReadAction\",\"target\":[\"https:\/\/www.gaveanews.com\/index.php\/2022\/02\/14\/vinicius-junior-rodrygo-reinier-cristiano-ronaldo-paulinho-lukaku-bale-e-dybala-os-jogadores-mais-caros-ate-os-18-anos\/\"]}]},{\"@type\":\"ImageObject\",\"inLanguage\":\"pt-BR\",\"@id\":\"https:\/\/www.gaveanews.com\/index.php\/2022\/02\/14\/vinicius-junior-rodrygo-reinier-cristiano-ronaldo-paulinho-lukaku-bale-e-dybala-os-jogadores-mais-caros-ate-os-18-anos\/#primaryimage\",\"url\":\"https:\/\/www.gaveanews.com\/wp-content\/uploads\/Vinicius-Junior-e-Benzema-em-acao-pelo-Real-Madrid.webp\",\"contentUrl\":\"https:\/\/www.gaveanews.com\/wp-content\/uploads\/Vinicius-Junior-e-Benzema-em-acao-pelo-Real-Madrid.webp\",\"width\":846,\"height\":564,\"caption\":\"Vinicius Junior e Benzema em a\u00e7\u00e3o pelo Real Madrid (Foto: Pedro Castillo\/Real Madrid)\"},{\"@type\":\"BreadcrumbList\",\"@id\":\"https:\/\/www.gaveanews.com\/index.php\/2022\/02\/14\/vinicius-junior-rodrygo-reinier-cristiano-ronaldo-paulinho-lukaku-bale-e-dybala-os-jogadores-mais-caros-ate-os-18-anos\/#breadcrumb\",\"itemListElement\":[{\"@type\":\"ListItem\",\"position\":1,\"name\":\"Home\",\"item\":\"https:\/\/www.gaveanews.com\/\"},{\"@type\":\"ListItem\",\"position\":2,\"name\":\"Vinicius Junior, Rodrygo, Reinier, Cristiano Ronaldo, Paulinho, Lukaku, Bale e Dybala: Os jogadores mais caros at\u00e9 os 18 anos\"}]},{\"@type\":\"WebSite\",\"@id\":\"https:\/\/www.gaveanews.com\/#website\",\"url\":\"https:\/\/www.gaveanews.com\/\",\"name\":\"G\u00e1vea News\",\"description\":\"Veja todas as not\u00edcias sobre o Flamengo: Contrata\u00e7\u00f5es, categorias de base, resultados das partidas, tabela de classifica\u00e7\u00e3o, pr\u00f3ximos jogos!\",\"potentialAction\":[{\"@type\":\"SearchAction\",\"target\":{\"@type\":\"EntryPoint\",\"urlTemplate\":\"https:\/\/www.gaveanews.com\/?s={search_term_string}\"},\"query-input\":{\"@type\":\"PropertyValueSpecification\",\"valueRequired\":true,\"valueName\":\"search_term_string\"}}],\"inLanguage\":\"pt-BR\"},{\"@type\":\"Person\",\"@id\":\"https:\/\/www.gaveanews.com\/#\/schema\/person\/714c67050b836198af2450ba1c142a67\",\"name\":\"Let\u00edcia Gerheim\",\"image\":{\"@type\":\"ImageObject\",\"inLanguage\":\"pt-BR\",\"@id\":\"https:\/\/www.gaveanews.com\/#\/schema\/person\/image\/\",\"url\":\"https:\/\/secure.gravatar.com\/avatar\/60734739c50fcebfbac509e2a826ccd0ff405c019bc73aab9354f19ecad1dcb4?s=96&d=mm&r=g\",\"contentUrl\":\"https:\/\/secure.gravatar.com\/avatar\/60734739c50fcebfbac509e2a826ccd0ff405c019bc73aab9354f19ecad1dcb4?s=96&d=mm&r=g\",\"caption\":\"Let\u00edcia Gerheim\"}}]}<\/script>\n<!-- \/ Yoast SEO Premium plugin. -->","yoast_head_json":{"title":"Vinicius Junior, Rodrygo, Reinier, Cristiano Ronaldo, Paulinho, Lukaku, Bale e Dybala: Os jogadores mais caros at\u00e9 os 18 anos","robots":{"index":"index","follow":"follow","max-snippet":"max-snippet:-1","max-image-preview":"max-image-preview:large","max-video-preview":"max-video-preview:-1"},"canonical":"https:\/\/www.gaveanews.com\/index.php\/2022\/02\/14\/vinicius-junior-rodrygo-reinier-cristiano-ronaldo-paulinho-lukaku-bale-e-dybala-os-jogadores-mais-caros-ate-os-18-anos\/","og_locale":"pt_BR","og_type":"article","og_title":"Vinicius Junior, Rodrygo, Reinier, Cristiano Ronaldo, Paulinho, Lukaku, Bale e Dybala: Os jogadores mais caros at\u00e9 os 18 anos","og_description":"A grande maioria dos atletas que hoje se destacam no meio do futebol conseguiu alcan\u00e7ar seu potencial gra\u00e7as \u00e0s boas categorias de base em suas respectivas forma\u00e7\u00f5es. Por isso, os principais clubes se mant\u00e9m bastante atentos aos talentos revelados ao redor do mundo. Assim, quando encontram jovens tratados como promessas, muitos times desejam aproveitar a [&hellip;]","og_url":"https:\/\/www.gaveanews.com\/index.php\/2022\/02\/14\/vinicius-junior-rodrygo-reinier-cristiano-ronaldo-paulinho-lukaku-bale-e-dybala-os-jogadores-mais-caros-ate-os-18-anos\/","og_site_name":"G\u00e1vea News","article_publisher":"https:\/\/facebook.com\/gaveaNews\/","article_published_time":"2022-02-14T22:52:49+00:00","article_modified_time":"2022-02-14T23:14:29+00:00","og_image":[{"width":846,"height":564,"url":"https:\/\/www.gaveanews.com\/wp-content\/uploads\/Vinicius-Junior-e-Benzema-em-acao-pelo-Real-Madrid.webp","type":"image\/jpeg"}],"author":"Let\u00edcia Gerheim","twitter_card":"summary_large_image","twitter_misc":{"Escrito por":"Let\u00edcia Gerheim","Est. tempo de leitura":"3 minutos"},"schema":{"@context":"https:\/\/schema.org","@graph":[{"@type":"NewsArticle","@id":"https:\/\/www.gaveanews.com\/index.php\/2022\/02\/14\/vinicius-junior-rodrygo-reinier-cristiano-ronaldo-paulinho-lukaku-bale-e-dybala-os-jogadores-mais-caros-ate-os-18-anos\/#article","isPartOf":{"@id":"https:\/\/www.gaveanews.com\/index.php\/2022\/02\/14\/vinicius-junior-rodrygo-reinier-cristiano-ronaldo-paulinho-lukaku-bale-e-dybala-os-jogadores-mais-caros-ate-os-18-anos\/"},"author":{"name":"Let\u00edcia Gerheim","@id":"https:\/\/www.gaveanews.com\/#\/schema\/person\/714c67050b836198af2450ba1c142a67"},"headline":"Vinicius Junior, Rodrygo, Reinier, Cristiano Ronaldo, Paulinho, Lukaku, Bale e Dybala: Os jogadores mais caros at\u00e9 os 18 anos","datePublished":"2022-02-14T22:52:49+00:00","dateModified":"2022-02-14T23:14:29+00:00","mainEntityOfPage":{"@id":"https:\/\/www.gaveanews.com\/index.php\/2022\/02\/14\/vinicius-junior-rodrygo-reinier-cristiano-ronaldo-paulinho-lukaku-bale-e-dybala-os-jogadores-mais-caros-ate-os-18-anos\/"},"wordCount":452,"commentCount":2,"image":{"@id":"https:\/\/www.gaveanews.com\/index.php\/2022\/02\/14\/vinicius-junior-rodrygo-reinier-cristiano-ronaldo-paulinho-lukaku-bale-e-dybala-os-jogadores-mais-caros-ate-os-18-anos\/#primaryimage"},"thumbnailUrl":"https:\/\/www.gaveanews.com\/wp-content\/uploads\/Vinicius-Junior-e-Benzema-em-acao-pelo-Real-Madrid.webp","articleSection":["Flamengo"],"inLanguage":"pt-BR","potentialAction":[{"@type":"CommentAction","name":"Comment","target":["https:\/\/www.gaveanews.com\/index.php\/2022\/02\/14\/vinicius-junior-rodrygo-reinier-cristiano-ronaldo-paulinho-lukaku-bale-e-dybala-os-jogadores-mais-caros-ate-os-18-anos\/#respond"]}],"copyrightYear":"2022","copyrightHolder":{"@id":"https:\/\/www.gaveanews.com\/#organization"}},{"@type":"WebPage","@id":"https:\/\/www.gaveanews.com\/index.php\/2022\/02\/14\/vinicius-junior-rodrygo-reinier-cristiano-ronaldo-paulinho-lukaku-bale-e-dybala-os-jogadores-mais-caros-ate-os-18-anos\/","url":"https:\/\/www.gaveanews.com\/index.php\/2022\/02\/14\/vinicius-junior-rodrygo-reinier-cristiano-ronaldo-paulinho-lukaku-bale-e-dybala-os-jogadores-mais-caros-ate-os-18-anos\/","name":"Vinicius Junior, Rodrygo, Reinier, Cristiano Ronaldo, Paulinho, Lukaku, Bale e Dybala: Os jogadores mais caros at\u00e9 os 18 anos","isPartOf":{"@id":"https:\/\/www.gaveanews.com\/#website"},"primaryImageOfPage":{"@id":"https:\/\/www.gaveanews.com\/index.php\/2022\/02\/14\/vinicius-junior-rodrygo-reinier-cristiano-ronaldo-paulinho-lukaku-bale-e-dybala-os-jogadores-mais-caros-ate-os-18-anos\/#primaryimage"},"image":{"@id":"https:\/\/www.gaveanews.com\/index.php\/2022\/02\/14\/vinicius-junior-rodrygo-reinier-cristiano-ronaldo-paulinho-lukaku-bale-e-dybala-os-jogadores-mais-caros-ate-os-18-anos\/#primaryimage"},"thumbnailUrl":"https:\/\/www.gaveanews.com\/wp-content\/uploads\/Vinicius-Junior-e-Benzema-em-acao-pelo-Real-Madrid.webp","datePublished":"2022-02-14T22:52:49+00:00","dateModified":"2022-02-14T23:14:29+00:00","author":{"@id":"https:\/\/www.gaveanews.com\/#\/schema\/person\/714c67050b836198af2450ba1c142a67"},"breadcrumb":{"@id":"https:\/\/www.gaveanews.com\/index.php\/2022\/02\/14\/vinicius-junior-rodrygo-reinier-cristiano-ronaldo-paulinho-lukaku-bale-e-dybala-os-jogadores-mais-caros-ate-os-18-anos\/#breadcrumb"},"inLanguage":"pt-BR","potentialAction":[{"@type":"ReadAction","target":["https:\/\/www.gaveanews.com\/index.php\/2022\/02\/14\/vinicius-junior-rodrygo-reinier-cristiano-ronaldo-paulinho-lukaku-bale-e-dybala-os-jogadores-mais-caros-ate-os-18-anos\/"]}]},{"@type":"ImageObject","inLanguage":"pt-BR","@id":"https:\/\/www.gaveanews.com\/index.php\/2022\/02\/14\/vinicius-junior-rodrygo-reinier-cristiano-ronaldo-paulinho-lukaku-bale-e-dybala-os-jogadores-mais-caros-ate-os-18-anos\/#primaryimage","url":"https:\/\/www.gaveanews.com\/wp-content\/uploads\/Vinicius-Junior-e-Benzema-em-acao-pelo-Real-Madrid.webp","contentUrl":"https:\/\/www.gaveanews.com\/wp-content\/uploads\/Vinicius-Junior-e-Benzema-em-acao-pelo-Real-Madrid.webp","width":846,"height":564,"caption":"Vinicius Junior e Benzema em a\u00e7\u00e3o pelo Real Madrid (Foto: Pedro Castillo\/Real Madrid)"},{"@type":"BreadcrumbList","@id":"https:\/\/www.gaveanews.com\/index.php\/2022\/02\/14\/vinicius-junior-rodrygo-reinier-cristiano-ronaldo-paulinho-lukaku-bale-e-dybala-os-jogadores-mais-caros-ate-os-18-anos\/#breadcrumb","itemListElement":[{"@type":"ListItem","position":1,"name":"Home","item":"https:\/\/www.gaveanews.com\/"},{"@type":"ListItem","position":2,"name":"Vinicius Junior, Rodrygo, Reinier, Cristiano Ronaldo, Paulinho, Lukaku, Bale e Dybala: Os jogadores mais caros at\u00e9 os 18 anos"}]},{"@type":"WebSite","@id":"https:\/\/www.gaveanews.com\/#website","url":"https:\/\/www.gaveanews.com\/","name":"G\u00e1vea News","description":"Veja todas as not\u00edcias sobre o Flamengo: Contrata\u00e7\u00f5es, categorias de base, resultados das partidas, tabela de classifica\u00e7\u00e3o, pr\u00f3ximos jogos!","potentialAction":[{"@type":"SearchAction","target":{"@type":"EntryPoint","urlTemplate":"https:\/\/www.gaveanews.com\/?s={search_term_string}"},"query-input":{"@type":"PropertyValueSpecification","valueRequired":true,"valueName":"search_term_string"}}],"inLanguage":"pt-BR"},{"@type":"Person","@id":"https:\/\/www.gaveanews.com\/#\/schema\/person\/714c67050b836198af2450ba1c142a67","name":"Let\u00edcia Gerheim","image":{"@type":"ImageObject","inLanguage":"pt-BR","@id":"https:\/\/www.gaveanews.com\/#\/schema\/person\/image\/","url":"https:\/\/secure.gravatar.com\/avatar\/60734739c50fcebfbac509e2a826ccd0ff405c019bc73aab9354f19ecad1dcb4?s=96&d=mm&r=g","contentUrl":"https:\/\/secure.gravatar.com\/avatar\/60734739c50fcebfbac509e2a826ccd0ff405c019bc73aab9354f19ecad1dcb4?s=96&d=mm&r=g","caption":"Let\u00edcia Gerheim"}}]}},"_links":{"self":[{"href":"https:\/\/www.gaveanews.com\/index.php\/wp-json\/wp\/v2\/posts\/76724","targetHints":{"allow":["GET"]}}],"collection":[{"href":"https:\/\/www.gaveanews.com\/index.php\/wp-json\/wp\/v2\/posts"}],"about":[{"href":"https:\/\/www.gaveanews.com\/index.php\/wp-json\/wp\/v2\/types\/post"}],"author":[{"embeddable":true,"href":"https:\/\/www.gaveanews.com\/index.php\/wp-json\/wp\/v2\/users\/4"}],"replies":[{"embeddable":true,"href":"https:\/\/www.gaveanews.com\/index.php\/wp-json\/wp\/v2\/comments?post=76724"}],"version-history":[{"count":0,"href":"https:\/\/www.gaveanews.com\/index.php\/wp-json\/wp\/v2\/posts\/76724\/revisions"}],"wp:featuredmedia":[{"embeddable":true,"href":"https:\/\/www.gaveanews.com\/index.php\/wp-json\/wp\/v2\/media\/74986"}],"wp:attachment":[{"href":"https:\/\/www.gaveanews.com\/index.php\/wp-json\/wp\/v2\/media?parent=76724"}],"wp:term":[{"taxonomy":"category","embeddable":true,"href":"https:\/\/www.gaveanews.com\/index.php\/wp-json\/wp\/v2\/categories?post=76724"},{"taxonomy":"post_tag","embeddable":true,"href":"https:\/\/www.gaveanews.com\/index.php\/wp-json\/wp\/v2\/tags?post=76724"}],"curies":[{"name":"wp","href":"https:\/\/api.w.org\/{rel}","templated":true}]}}