{"id":76752,"date":"2022-02-15T01:26:01","date_gmt":"2022-02-15T04:26:01","guid":{"rendered":"https:\/\/www.gaveanews.com\/?p=76752"},"modified":"2022-02-15T06:39:02","modified_gmt":"2022-02-15T09:39:02","slug":"flamengo-devera-ser-desfalcado-para-novo-brasil-x-argentina","status":"publish","type":"post","link":"https:\/\/www.gaveanews.com\/index.php\/2022\/02\/15\/flamengo-devera-ser-desfalcado-para-novo-brasil-x-argentina\/","title":{"rendered":"Flamengo dever\u00e1 ser desfalcado para novo Brasil x Argentina"},"content":{"rendered":"\n<p>Em setembro do ano passado, Brasil e Argentina se enfrentariam pelas Eliminat\u00f3rias para a Copa do Mundo. No entanto, logo aos 5 minutos de partida, agentes da Anvisa (Ag\u00eancia Nacional de Vigil\u00e2ncia Sanit\u00e1ria) e da Pol\u00edcia Federal entraram no campo para paralisar o jogo. Isso porque, quatro jogadores argentinos descumpriram os protocolos sanit\u00e1rios de entrada no pa\u00eds.<\/p>\n\n\n\n<p>Com isso, nesta segunda-feira, j\u00e1 em fevereiro de 2022, a FIFA definiu que as sele\u00e7\u00f5es ir\u00e3o se enfrentar novamente na Neo Qu\u00edmica Arena. De acordo com o jornalista Renan Moura, a entidade ainda vai definir o dia e o hor\u00e1rio do duelo. Vale ressaltar que por conta disso, \u00e9 prov\u00e1vel que o Flamengo perca jogadores em algum momento pr\u00f3ximo. Gabigol e Everton Ribeiro s\u00e3o os nomes mais cotados para as convoca\u00e7\u00f5es.<\/p>\n\n\n\n<p>Ainda segundo informa\u00e7\u00e3o do jornalista, a CBF e a AFA foram multadas em 500 mil e 200 mil francos su\u00ed\u00e7os, respectivamente. Os jogadores da Argentina, Buend\u00eda, Emiliano Mart\u00ednez, Lo Celso e Romero, respons\u00e1veis pela confus\u00e3o, foram suspensos por dois jogos por descumprimento do Protocolo de Jogo Internacional de Retorno ao Futebol da FIFA.<\/p>\n\n\n\n<p>Retirado de: Di\u00e1rio do Fla<\/p>\n","protected":false},"excerpt":{"rendered":"<p>Em setembro do ano passado, Brasil e Argentina se enfrentariam pelas Eliminat\u00f3rias para a Copa do Mundo. No entanto, logo aos 5 minutos de partida, agentes da Anvisa (Ag\u00eancia Nacional de Vigil\u00e2ncia Sanit\u00e1ria) e da Pol\u00edcia Federal entraram no campo para paralisar o jogo. Isso porque, quatro jogadores argentinos descumpriram os protocolos sanit\u00e1rios de entrada [&hellip;]<\/p>\n","protected":false},"author":1,"featured_media":63079,"comment_status":"open","ping_status":"closed","sticky":false,"template":"","format":"standard","meta":{"footnotes":""},"categories":[1],"tags":[],"class_list":["post-76752","post","type-post","status-publish","format-standard","has-post-thumbnail","hentry","category-flamengo"],"yoast_head":"<!-- This site is optimized with the Yoast SEO Premium plugin v24.2 (Yoast SEO v26.9) - https:\/\/yoast.com\/product\/yoast-seo-premium-wordpress\/ -->\n<title>Flamengo dever\u00e1 ser desfalcado para novo Brasil x Argentina<\/title>\n<meta name=\"robots\" content=\"index, follow, max-snippet:-1, max-image-preview:large, max-video-preview:-1\" \/>\n<link rel=\"canonical\" href=\"https:\/\/www.gaveanews.com\/index.php\/2022\/02\/15\/flamengo-devera-ser-desfalcado-para-novo-brasil-x-argentina\/\" \/>\n<meta property=\"og:locale\" content=\"pt_BR\" \/>\n<meta property=\"og:type\" content=\"article\" \/>\n<meta property=\"og:title\" content=\"Flamengo dever\u00e1 ser desfalcado para novo Brasil x Argentina\" \/>\n<meta property=\"og:description\" content=\"Em setembro do ano passado, Brasil e Argentina se enfrentariam pelas Eliminat\u00f3rias para a Copa do Mundo. No entanto, logo aos 5 minutos de partida, agentes da Anvisa (Ag\u00eancia Nacional de Vigil\u00e2ncia Sanit\u00e1ria) e da Pol\u00edcia Federal entraram no campo para paralisar o jogo. Isso porque, quatro jogadores argentinos descumpriram os protocolos sanit\u00e1rios de entrada [&hellip;]\" \/>\n<meta property=\"og:url\" content=\"https:\/\/www.gaveanews.com\/index.php\/2022\/02\/15\/flamengo-devera-ser-desfalcado-para-novo-brasil-x-argentina\/\" \/>\n<meta property=\"og:site_name\" content=\"G\u00e1vea News\" \/>\n<meta property=\"article:publisher\" content=\"https:\/\/facebook.com\/gaveaNews\/\" \/>\n<meta property=\"article:published_time\" content=\"2022-02-15T04:26:01+00:00\" \/>\n<meta property=\"article:modified_time\" content=\"2022-02-15T09:39:02+00:00\" \/>\n<meta property=\"og:image\" content=\"https:\/\/www.gaveanews.com\/wp-content\/uploads\/Gabigol-comemorando-gol-marcado-pela-Selecao-Brasileira-na-Copa-America.webp\" \/>\n\t<meta property=\"og:image:width\" content=\"640\" \/>\n\t<meta property=\"og:image:height\" content=\"400\" \/>\n\t<meta property=\"og:image:type\" content=\"image\/png\" \/>\n<meta name=\"author\" content=\"Equipe G\u00e1vea News\" \/>\n<meta name=\"twitter:card\" content=\"summary_large_image\" \/>\n<meta name=\"twitter:label1\" content=\"Escrito por\" \/>\n\t<meta name=\"twitter:data1\" content=\"Equipe G\u00e1vea News\" \/>\n\t<meta name=\"twitter:label2\" content=\"Est. tempo de leitura\" \/>\n\t<meta name=\"twitter:data2\" content=\"2 minutos\" \/>\n<script type=\"application\/ld+json\" class=\"yoast-schema-graph\">{\"@context\":\"https:\/\/schema.org\",\"@graph\":[{\"@type\":\"NewsArticle\",\"@id\":\"https:\/\/www.gaveanews.com\/index.php\/2022\/02\/15\/flamengo-devera-ser-desfalcado-para-novo-brasil-x-argentina\/#article\",\"isPartOf\":{\"@id\":\"https:\/\/www.gaveanews.com\/index.php\/2022\/02\/15\/flamengo-devera-ser-desfalcado-para-novo-brasil-x-argentina\/\"},\"author\":{\"name\":\"Equipe G\u00e1vea News\",\"@id\":\"https:\/\/www.gaveanews.com\/#\/schema\/person\/2ec14f73fb96be2caf28f91afb14749d\"},\"headline\":\"Flamengo dever\u00e1 ser desfalcado para novo Brasil x Argentina\",\"datePublished\":\"2022-02-15T04:26:01+00:00\",\"dateModified\":\"2022-02-15T09:39:02+00:00\",\"mainEntityOfPage\":{\"@id\":\"https:\/\/www.gaveanews.com\/index.php\/2022\/02\/15\/flamengo-devera-ser-desfalcado-para-novo-brasil-x-argentina\/\"},\"wordCount\":212,\"commentCount\":6,\"image\":{\"@id\":\"https:\/\/www.gaveanews.com\/index.php\/2022\/02\/15\/flamengo-devera-ser-desfalcado-para-novo-brasil-x-argentina\/#primaryimage\"},\"thumbnailUrl\":\"https:\/\/www.gaveanews.com\/wp-content\/uploads\/Gabigol-comemorando-gol-marcado-pela-Selecao-Brasileira-na-Copa-America.webp\",\"articleSection\":[\"Flamengo\"],\"inLanguage\":\"pt-BR\",\"potentialAction\":[{\"@type\":\"CommentAction\",\"name\":\"Comment\",\"target\":[\"https:\/\/www.gaveanews.com\/index.php\/2022\/02\/15\/flamengo-devera-ser-desfalcado-para-novo-brasil-x-argentina\/#respond\"]}],\"copyrightYear\":\"2022\",\"copyrightHolder\":{\"@id\":\"https:\/\/www.gaveanews.com\/#organization\"}},{\"@type\":\"WebPage\",\"@id\":\"https:\/\/www.gaveanews.com\/index.php\/2022\/02\/15\/flamengo-devera-ser-desfalcado-para-novo-brasil-x-argentina\/\",\"url\":\"https:\/\/www.gaveanews.com\/index.php\/2022\/02\/15\/flamengo-devera-ser-desfalcado-para-novo-brasil-x-argentina\/\",\"name\":\"Flamengo dever\u00e1 ser desfalcado para novo Brasil x Argentina\",\"isPartOf\":{\"@id\":\"https:\/\/www.gaveanews.com\/#website\"},\"primaryImageOfPage\":{\"@id\":\"https:\/\/www.gaveanews.com\/index.php\/2022\/02\/15\/flamengo-devera-ser-desfalcado-para-novo-brasil-x-argentina\/#primaryimage\"},\"image\":{\"@id\":\"https:\/\/www.gaveanews.com\/index.php\/2022\/02\/15\/flamengo-devera-ser-desfalcado-para-novo-brasil-x-argentina\/#primaryimage\"},\"thumbnailUrl\":\"https:\/\/www.gaveanews.com\/wp-content\/uploads\/Gabigol-comemorando-gol-marcado-pela-Selecao-Brasileira-na-Copa-America.webp\",\"datePublished\":\"2022-02-15T04:26:01+00:00\",\"dateModified\":\"2022-02-15T09:39:02+00:00\",\"author\":{\"@id\":\"https:\/\/www.gaveanews.com\/#\/schema\/person\/2ec14f73fb96be2caf28f91afb14749d\"},\"breadcrumb\":{\"@id\":\"https:\/\/www.gaveanews.com\/index.php\/2022\/02\/15\/flamengo-devera-ser-desfalcado-para-novo-brasil-x-argentina\/#breadcrumb\"},\"inLanguage\":\"pt-BR\",\"potentialAction\":[{\"@type\":\"ReadAction\",\"target\":[\"https:\/\/www.gaveanews.com\/index.php\/2022\/02\/15\/flamengo-devera-ser-desfalcado-para-novo-brasil-x-argentina\/\"]}]},{\"@type\":\"ImageObject\",\"inLanguage\":\"pt-BR\",\"@id\":\"https:\/\/www.gaveanews.com\/index.php\/2022\/02\/15\/flamengo-devera-ser-desfalcado-para-novo-brasil-x-argentina\/#primaryimage\",\"url\":\"https:\/\/www.gaveanews.com\/wp-content\/uploads\/Gabigol-comemorando-gol-marcado-pela-Selecao-Brasileira-na-Copa-America.webp\",\"contentUrl\":\"https:\/\/www.gaveanews.com\/wp-content\/uploads\/Gabigol-comemorando-gol-marcado-pela-Selecao-Brasileira-na-Copa-America.webp\",\"width\":640,\"height\":400,\"caption\":\"Gabigol comemorando gol marcado pela Sele\u00e7\u00e3o Brasileira na Copa Am\u00e9rica (Foto: Reprodu\u00e7\u00e3o\/CBF)\"},{\"@type\":\"BreadcrumbList\",\"@id\":\"https:\/\/www.gaveanews.com\/index.php\/2022\/02\/15\/flamengo-devera-ser-desfalcado-para-novo-brasil-x-argentina\/#breadcrumb\",\"itemListElement\":[{\"@type\":\"ListItem\",\"position\":1,\"name\":\"Home\",\"item\":\"https:\/\/www.gaveanews.com\/\"},{\"@type\":\"ListItem\",\"position\":2,\"name\":\"Flamengo dever\u00e1 ser desfalcado para novo Brasil x Argentina\"}]},{\"@type\":\"WebSite\",\"@id\":\"https:\/\/www.gaveanews.com\/#website\",\"url\":\"https:\/\/www.gaveanews.com\/\",\"name\":\"G\u00e1vea News\",\"description\":\"Veja todas as not\u00edcias sobre o Flamengo: Contrata\u00e7\u00f5es, categorias de base, resultados das partidas, tabela de classifica\u00e7\u00e3o, pr\u00f3ximos jogos!\",\"potentialAction\":[{\"@type\":\"SearchAction\",\"target\":{\"@type\":\"EntryPoint\",\"urlTemplate\":\"https:\/\/www.gaveanews.com\/?s={search_term_string}\"},\"query-input\":{\"@type\":\"PropertyValueSpecification\",\"valueRequired\":true,\"valueName\":\"search_term_string\"}}],\"inLanguage\":\"pt-BR\"},{\"@type\":\"Person\",\"@id\":\"https:\/\/www.gaveanews.com\/#\/schema\/person\/2ec14f73fb96be2caf28f91afb14749d\",\"name\":\"Equipe G\u00e1vea News\",\"image\":{\"@type\":\"ImageObject\",\"inLanguage\":\"pt-BR\",\"@id\":\"https:\/\/www.gaveanews.com\/#\/schema\/person\/image\/\",\"url\":\"https:\/\/secure.gravatar.com\/avatar\/1e1956f1facbffd3f8fa53a326721950116b3b9dc9bd44939c01180fd4a745a9?s=96&d=mm&r=g\",\"contentUrl\":\"https:\/\/secure.gravatar.com\/avatar\/1e1956f1facbffd3f8fa53a326721950116b3b9dc9bd44939c01180fd4a745a9?s=96&d=mm&r=g\",\"caption\":\"Equipe G\u00e1vea News\"}}]}<\/script>\n<!-- \/ Yoast SEO Premium plugin. -->","yoast_head_json":{"title":"Flamengo dever\u00e1 ser desfalcado para novo Brasil x Argentina","robots":{"index":"index","follow":"follow","max-snippet":"max-snippet:-1","max-image-preview":"max-image-preview:large","max-video-preview":"max-video-preview:-1"},"canonical":"https:\/\/www.gaveanews.com\/index.php\/2022\/02\/15\/flamengo-devera-ser-desfalcado-para-novo-brasil-x-argentina\/","og_locale":"pt_BR","og_type":"article","og_title":"Flamengo dever\u00e1 ser desfalcado para novo Brasil x Argentina","og_description":"Em setembro do ano passado, Brasil e Argentina se enfrentariam pelas Eliminat\u00f3rias para a Copa do Mundo. No entanto, logo aos 5 minutos de partida, agentes da Anvisa (Ag\u00eancia Nacional de Vigil\u00e2ncia Sanit\u00e1ria) e da Pol\u00edcia Federal entraram no campo para paralisar o jogo. Isso porque, quatro jogadores argentinos descumpriram os protocolos sanit\u00e1rios de entrada [&hellip;]","og_url":"https:\/\/www.gaveanews.com\/index.php\/2022\/02\/15\/flamengo-devera-ser-desfalcado-para-novo-brasil-x-argentina\/","og_site_name":"G\u00e1vea News","article_publisher":"https:\/\/facebook.com\/gaveaNews\/","article_published_time":"2022-02-15T04:26:01+00:00","article_modified_time":"2022-02-15T09:39:02+00:00","og_image":[{"width":640,"height":400,"url":"https:\/\/www.gaveanews.com\/wp-content\/uploads\/Gabigol-comemorando-gol-marcado-pela-Selecao-Brasileira-na-Copa-America.webp","type":"image\/png"}],"author":"Equipe G\u00e1vea News","twitter_card":"summary_large_image","twitter_misc":{"Escrito por":"Equipe G\u00e1vea News","Est. tempo de leitura":"2 minutos"},"schema":{"@context":"https:\/\/schema.org","@graph":[{"@type":"NewsArticle","@id":"https:\/\/www.gaveanews.com\/index.php\/2022\/02\/15\/flamengo-devera-ser-desfalcado-para-novo-brasil-x-argentina\/#article","isPartOf":{"@id":"https:\/\/www.gaveanews.com\/index.php\/2022\/02\/15\/flamengo-devera-ser-desfalcado-para-novo-brasil-x-argentina\/"},"author":{"name":"Equipe G\u00e1vea News","@id":"https:\/\/www.gaveanews.com\/#\/schema\/person\/2ec14f73fb96be2caf28f91afb14749d"},"headline":"Flamengo dever\u00e1 ser desfalcado para novo Brasil x Argentina","datePublished":"2022-02-15T04:26:01+00:00","dateModified":"2022-02-15T09:39:02+00:00","mainEntityOfPage":{"@id":"https:\/\/www.gaveanews.com\/index.php\/2022\/02\/15\/flamengo-devera-ser-desfalcado-para-novo-brasil-x-argentina\/"},"wordCount":212,"commentCount":6,"image":{"@id":"https:\/\/www.gaveanews.com\/index.php\/2022\/02\/15\/flamengo-devera-ser-desfalcado-para-novo-brasil-x-argentina\/#primaryimage"},"thumbnailUrl":"https:\/\/www.gaveanews.com\/wp-content\/uploads\/Gabigol-comemorando-gol-marcado-pela-Selecao-Brasileira-na-Copa-America.webp","articleSection":["Flamengo"],"inLanguage":"pt-BR","potentialAction":[{"@type":"CommentAction","name":"Comment","target":["https:\/\/www.gaveanews.com\/index.php\/2022\/02\/15\/flamengo-devera-ser-desfalcado-para-novo-brasil-x-argentina\/#respond"]}],"copyrightYear":"2022","copyrightHolder":{"@id":"https:\/\/www.gaveanews.com\/#organization"}},{"@type":"WebPage","@id":"https:\/\/www.gaveanews.com\/index.php\/2022\/02\/15\/flamengo-devera-ser-desfalcado-para-novo-brasil-x-argentina\/","url":"https:\/\/www.gaveanews.com\/index.php\/2022\/02\/15\/flamengo-devera-ser-desfalcado-para-novo-brasil-x-argentina\/","name":"Flamengo dever\u00e1 ser desfalcado para novo Brasil x Argentina","isPartOf":{"@id":"https:\/\/www.gaveanews.com\/#website"},"primaryImageOfPage":{"@id":"https:\/\/www.gaveanews.com\/index.php\/2022\/02\/15\/flamengo-devera-ser-desfalcado-para-novo-brasil-x-argentina\/#primaryimage"},"image":{"@id":"https:\/\/www.gaveanews.com\/index.php\/2022\/02\/15\/flamengo-devera-ser-desfalcado-para-novo-brasil-x-argentina\/#primaryimage"},"thumbnailUrl":"https:\/\/www.gaveanews.com\/wp-content\/uploads\/Gabigol-comemorando-gol-marcado-pela-Selecao-Brasileira-na-Copa-America.webp","datePublished":"2022-02-15T04:26:01+00:00","dateModified":"2022-02-15T09:39:02+00:00","author":{"@id":"https:\/\/www.gaveanews.com\/#\/schema\/person\/2ec14f73fb96be2caf28f91afb14749d"},"breadcrumb":{"@id":"https:\/\/www.gaveanews.com\/index.php\/2022\/02\/15\/flamengo-devera-ser-desfalcado-para-novo-brasil-x-argentina\/#breadcrumb"},"inLanguage":"pt-BR","potentialAction":[{"@type":"ReadAction","target":["https:\/\/www.gaveanews.com\/index.php\/2022\/02\/15\/flamengo-devera-ser-desfalcado-para-novo-brasil-x-argentina\/"]}]},{"@type":"ImageObject","inLanguage":"pt-BR","@id":"https:\/\/www.gaveanews.com\/index.php\/2022\/02\/15\/flamengo-devera-ser-desfalcado-para-novo-brasil-x-argentina\/#primaryimage","url":"https:\/\/www.gaveanews.com\/wp-content\/uploads\/Gabigol-comemorando-gol-marcado-pela-Selecao-Brasileira-na-Copa-America.webp","contentUrl":"https:\/\/www.gaveanews.com\/wp-content\/uploads\/Gabigol-comemorando-gol-marcado-pela-Selecao-Brasileira-na-Copa-America.webp","width":640,"height":400,"caption":"Gabigol comemorando gol marcado pela Sele\u00e7\u00e3o Brasileira na Copa Am\u00e9rica (Foto: Reprodu\u00e7\u00e3o\/CBF)"},{"@type":"BreadcrumbList","@id":"https:\/\/www.gaveanews.com\/index.php\/2022\/02\/15\/flamengo-devera-ser-desfalcado-para-novo-brasil-x-argentina\/#breadcrumb","itemListElement":[{"@type":"ListItem","position":1,"name":"Home","item":"https:\/\/www.gaveanews.com\/"},{"@type":"ListItem","position":2,"name":"Flamengo dever\u00e1 ser desfalcado para novo Brasil x Argentina"}]},{"@type":"WebSite","@id":"https:\/\/www.gaveanews.com\/#website","url":"https:\/\/www.gaveanews.com\/","name":"G\u00e1vea News","description":"Veja todas as not\u00edcias sobre o Flamengo: Contrata\u00e7\u00f5es, categorias de base, resultados das partidas, tabela de classifica\u00e7\u00e3o, pr\u00f3ximos jogos!","potentialAction":[{"@type":"SearchAction","target":{"@type":"EntryPoint","urlTemplate":"https:\/\/www.gaveanews.com\/?s={search_term_string}"},"query-input":{"@type":"PropertyValueSpecification","valueRequired":true,"valueName":"search_term_string"}}],"inLanguage":"pt-BR"},{"@type":"Person","@id":"https:\/\/www.gaveanews.com\/#\/schema\/person\/2ec14f73fb96be2caf28f91afb14749d","name":"Equipe G\u00e1vea News","image":{"@type":"ImageObject","inLanguage":"pt-BR","@id":"https:\/\/www.gaveanews.com\/#\/schema\/person\/image\/","url":"https:\/\/secure.gravatar.com\/avatar\/1e1956f1facbffd3f8fa53a326721950116b3b9dc9bd44939c01180fd4a745a9?s=96&d=mm&r=g","contentUrl":"https:\/\/secure.gravatar.com\/avatar\/1e1956f1facbffd3f8fa53a326721950116b3b9dc9bd44939c01180fd4a745a9?s=96&d=mm&r=g","caption":"Equipe G\u00e1vea News"}}]}},"_links":{"self":[{"href":"https:\/\/www.gaveanews.com\/index.php\/wp-json\/wp\/v2\/posts\/76752","targetHints":{"allow":["GET"]}}],"collection":[{"href":"https:\/\/www.gaveanews.com\/index.php\/wp-json\/wp\/v2\/posts"}],"about":[{"href":"https:\/\/www.gaveanews.com\/index.php\/wp-json\/wp\/v2\/types\/post"}],"author":[{"embeddable":true,"href":"https:\/\/www.gaveanews.com\/index.php\/wp-json\/wp\/v2\/users\/1"}],"replies":[{"embeddable":true,"href":"https:\/\/www.gaveanews.com\/index.php\/wp-json\/wp\/v2\/comments?post=76752"}],"version-history":[{"count":0,"href":"https:\/\/www.gaveanews.com\/index.php\/wp-json\/wp\/v2\/posts\/76752\/revisions"}],"wp:featuredmedia":[{"embeddable":true,"href":"https:\/\/www.gaveanews.com\/index.php\/wp-json\/wp\/v2\/media\/63079"}],"wp:attachment":[{"href":"https:\/\/www.gaveanews.com\/index.php\/wp-json\/wp\/v2\/media?parent=76752"}],"wp:term":[{"taxonomy":"category","embeddable":true,"href":"https:\/\/www.gaveanews.com\/index.php\/wp-json\/wp\/v2\/categories?post=76752"},{"taxonomy":"post_tag","embeddable":true,"href":"https:\/\/www.gaveanews.com\/index.php\/wp-json\/wp\/v2\/tags?post=76752"}],"curies":[{"name":"wp","href":"https:\/\/api.w.org\/{rel}","templated":true}]}}