{"id":76758,"date":"2022-02-15T06:51:17","date_gmt":"2022-02-15T09:51:17","guid":{"rendered":"https:\/\/www.gaveanews.com\/?p=76758"},"modified":"2022-02-15T06:51:20","modified_gmt":"2022-02-15T09:51:20","slug":"negociacao-entre-flamengo-e-benfica-por-everton-cebolinha-regride","status":"publish","type":"post","link":"https:\/\/www.gaveanews.com\/index.php\/2022\/02\/15\/negociacao-entre-flamengo-e-benfica-por-everton-cebolinha-regride\/","title":{"rendered":"Negocia\u00e7\u00e3o entre Flamengo e Benfica, por Everton Cebolinha regride"},"content":{"rendered":"\n<p>A negocia\u00e7\u00e3o entre Flamengo e Benfica por Everton Cebolinha esfriou. Os cariocas chegaram a discutir o percentual da proposta pela contrata\u00e7\u00e3o do atacante de 25 anos, mas n\u00e3o chegaram a um acordo com os lusitanos e recuaram nas tratativas.<\/p>\n\n\n\n<p>As tratativas entre Fla e Benfica, que se iniciaram nos primeiros dias de fevereiro, eram conduzidas pelos dirigentes Marcos Braz e Bruno Spindel. Ambos est\u00e3o na Europa com o intuito de discutir poss\u00edveis refor\u00e7os. Eles aproveitaram a estadia no continente, onde discutem a contrata\u00e7\u00e3o de Andreas Pereira com o Manchester United, para falar sobre o atleta brasileiro que se destacou no Gr\u00eamio, com t\u00edtulos de Copa do Brasil e Libertadores.<\/p>\n\n\n\n<p>A &#8216;Goal&#8217; apurou que o Flamengo chegou a esbo\u00e7ar uma proposta de 13 milh\u00f5es de euros (R$ 76,65 milh\u00f5es na cota\u00e7\u00e3o atual) por 80% dos direitos econ\u00f4micos do atacante. Os n\u00fameros n\u00e3o agradam o Benfica, principalmente porque o atleta tem crescido de rendimento na equipe.<\/p>\n\n\n\n<p>Desde a sa\u00edda de Jorge Jesus, Everton Cebolinha atuou em oito partidas do Benfica, todas na condi\u00e7\u00e3o de titular. No per\u00edodo, fez tr\u00eas gols e se responsabilizou por duas assist\u00eancias. O atacante esteve em campo por 555 minutos. Ou seja, ele \u00e9 um dos destaques do time lisboeta, que n\u00e3o pretende negoci\u00e1-lo neste momento.<\/p>\n\n\n\n<p>Al\u00e9m do Flamengo, o Al Hilal, da Ar\u00e1bia Saudita, tamb\u00e9m tem desejo de contar com o jogador. Os sauditas fizeram duas ofertas pelo atleta. Na primeira ocasi\u00e3o, propuseram 6 milh\u00f5es de euros. Posteriormente, ofereceram 8 milh\u00f5es de euros. Os valores n\u00e3o agradaram aos lusitanos.<\/p>\n\n\n\n<p>Retirado de: Goal<\/p>\n","protected":false},"excerpt":{"rendered":"<p>A negocia\u00e7\u00e3o entre Flamengo e Benfica por Everton Cebolinha esfriou. Os cariocas chegaram a discutir o percentual da proposta pela contrata\u00e7\u00e3o do atacante de 25 anos, mas n\u00e3o chegaram a um acordo com os lusitanos e recuaram nas tratativas. As tratativas entre Fla e Benfica, que se iniciaram nos primeiros dias de fevereiro, eram conduzidas [&hellip;]<\/p>\n","protected":false},"author":1,"featured_media":75097,"comment_status":"open","ping_status":"closed","sticky":false,"template":"","format":"standard","meta":{"footnotes":""},"categories":[48],"tags":[],"class_list":["post-76758","post","type-post","status-publish","format-standard","has-post-thumbnail","hentry","category-negociacoes"],"yoast_head":"<!-- This site is optimized with the Yoast SEO Premium plugin v24.2 (Yoast SEO v26.9) - https:\/\/yoast.com\/product\/yoast-seo-premium-wordpress\/ -->\n<title>Negocia\u00e7\u00e3o entre Flamengo e Benfica, por Everton Cebolinha regride<\/title>\n<meta name=\"robots\" content=\"index, follow, max-snippet:-1, max-image-preview:large, max-video-preview:-1\" \/>\n<link rel=\"canonical\" href=\"https:\/\/www.gaveanews.com\/index.php\/2022\/02\/15\/negociacao-entre-flamengo-e-benfica-por-everton-cebolinha-regride\/\" \/>\n<meta property=\"og:locale\" content=\"pt_BR\" \/>\n<meta property=\"og:type\" content=\"article\" \/>\n<meta property=\"og:title\" content=\"Negocia\u00e7\u00e3o entre Flamengo e Benfica, por Everton Cebolinha regride\" \/>\n<meta property=\"og:description\" content=\"A negocia\u00e7\u00e3o entre Flamengo e Benfica por Everton Cebolinha esfriou. Os cariocas chegaram a discutir o percentual da proposta pela contrata\u00e7\u00e3o do atacante de 25 anos, mas n\u00e3o chegaram a um acordo com os lusitanos e recuaram nas tratativas. As tratativas entre Fla e Benfica, que se iniciaram nos primeiros dias de fevereiro, eram conduzidas [&hellip;]\" \/>\n<meta property=\"og:url\" content=\"https:\/\/www.gaveanews.com\/index.php\/2022\/02\/15\/negociacao-entre-flamengo-e-benfica-por-everton-cebolinha-regride\/\" \/>\n<meta property=\"og:site_name\" content=\"G\u00e1vea News\" \/>\n<meta property=\"article:publisher\" content=\"https:\/\/facebook.com\/gaveaNews\/\" \/>\n<meta property=\"article:published_time\" content=\"2022-02-15T09:51:17+00:00\" \/>\n<meta property=\"article:modified_time\" content=\"2022-02-15T09:51:20+00:00\" \/>\n<meta property=\"og:image\" content=\"https:\/\/www.gaveanews.com\/wp-content\/uploads\/Everton-Cebolinha-em-acao-pelo-Benfica.webp\" \/>\n\t<meta property=\"og:image:width\" content=\"1280\" \/>\n\t<meta property=\"og:image:height\" content=\"720\" \/>\n\t<meta property=\"og:image:type\" content=\"image\/jpeg\" \/>\n<meta name=\"author\" content=\"Equipe G\u00e1vea News\" \/>\n<meta name=\"twitter:card\" content=\"summary_large_image\" \/>\n<meta name=\"twitter:label1\" content=\"Escrito por\" \/>\n\t<meta name=\"twitter:data1\" content=\"Equipe G\u00e1vea News\" \/>\n\t<meta name=\"twitter:label2\" content=\"Est. tempo de leitura\" \/>\n\t<meta name=\"twitter:data2\" content=\"2 minutos\" \/>\n<script type=\"application\/ld+json\" class=\"yoast-schema-graph\">{\"@context\":\"https:\/\/schema.org\",\"@graph\":[{\"@type\":\"NewsArticle\",\"@id\":\"https:\/\/www.gaveanews.com\/index.php\/2022\/02\/15\/negociacao-entre-flamengo-e-benfica-por-everton-cebolinha-regride\/#article\",\"isPartOf\":{\"@id\":\"https:\/\/www.gaveanews.com\/index.php\/2022\/02\/15\/negociacao-entre-flamengo-e-benfica-por-everton-cebolinha-regride\/\"},\"author\":{\"name\":\"Equipe G\u00e1vea News\",\"@id\":\"https:\/\/www.gaveanews.com\/#\/schema\/person\/2ec14f73fb96be2caf28f91afb14749d\"},\"headline\":\"Negocia\u00e7\u00e3o entre Flamengo e Benfica, por Everton Cebolinha regride\",\"datePublished\":\"2022-02-15T09:51:17+00:00\",\"dateModified\":\"2022-02-15T09:51:20+00:00\",\"mainEntityOfPage\":{\"@id\":\"https:\/\/www.gaveanews.com\/index.php\/2022\/02\/15\/negociacao-entre-flamengo-e-benfica-por-everton-cebolinha-regride\/\"},\"wordCount\":287,\"commentCount\":11,\"image\":{\"@id\":\"https:\/\/www.gaveanews.com\/index.php\/2022\/02\/15\/negociacao-entre-flamengo-e-benfica-por-everton-cebolinha-regride\/#primaryimage\"},\"thumbnailUrl\":\"https:\/\/www.gaveanews.com\/wp-content\/uploads\/Everton-Cebolinha-em-acao-pelo-Benfica.webp\",\"articleSection\":[\"Negocia\u00e7\u00f5es\"],\"inLanguage\":\"pt-BR\",\"potentialAction\":[{\"@type\":\"CommentAction\",\"name\":\"Comment\",\"target\":[\"https:\/\/www.gaveanews.com\/index.php\/2022\/02\/15\/negociacao-entre-flamengo-e-benfica-por-everton-cebolinha-regride\/#respond\"]}],\"copyrightYear\":\"2022\",\"copyrightHolder\":{\"@id\":\"https:\/\/www.gaveanews.com\/#organization\"}},{\"@type\":\"WebPage\",\"@id\":\"https:\/\/www.gaveanews.com\/index.php\/2022\/02\/15\/negociacao-entre-flamengo-e-benfica-por-everton-cebolinha-regride\/\",\"url\":\"https:\/\/www.gaveanews.com\/index.php\/2022\/02\/15\/negociacao-entre-flamengo-e-benfica-por-everton-cebolinha-regride\/\",\"name\":\"Negocia\u00e7\u00e3o entre Flamengo e Benfica, por Everton Cebolinha regride\",\"isPartOf\":{\"@id\":\"https:\/\/www.gaveanews.com\/#website\"},\"primaryImageOfPage\":{\"@id\":\"https:\/\/www.gaveanews.com\/index.php\/2022\/02\/15\/negociacao-entre-flamengo-e-benfica-por-everton-cebolinha-regride\/#primaryimage\"},\"image\":{\"@id\":\"https:\/\/www.gaveanews.com\/index.php\/2022\/02\/15\/negociacao-entre-flamengo-e-benfica-por-everton-cebolinha-regride\/#primaryimage\"},\"thumbnailUrl\":\"https:\/\/www.gaveanews.com\/wp-content\/uploads\/Everton-Cebolinha-em-acao-pelo-Benfica.webp\",\"datePublished\":\"2022-02-15T09:51:17+00:00\",\"dateModified\":\"2022-02-15T09:51:20+00:00\",\"author\":{\"@id\":\"https:\/\/www.gaveanews.com\/#\/schema\/person\/2ec14f73fb96be2caf28f91afb14749d\"},\"breadcrumb\":{\"@id\":\"https:\/\/www.gaveanews.com\/index.php\/2022\/02\/15\/negociacao-entre-flamengo-e-benfica-por-everton-cebolinha-regride\/#breadcrumb\"},\"inLanguage\":\"pt-BR\",\"potentialAction\":[{\"@type\":\"ReadAction\",\"target\":[\"https:\/\/www.gaveanews.com\/index.php\/2022\/02\/15\/negociacao-entre-flamengo-e-benfica-por-everton-cebolinha-regride\/\"]}]},{\"@type\":\"ImageObject\",\"inLanguage\":\"pt-BR\",\"@id\":\"https:\/\/www.gaveanews.com\/index.php\/2022\/02\/15\/negociacao-entre-flamengo-e-benfica-por-everton-cebolinha-regride\/#primaryimage\",\"url\":\"https:\/\/www.gaveanews.com\/wp-content\/uploads\/Everton-Cebolinha-em-acao-pelo-Benfica.webp\",\"contentUrl\":\"https:\/\/www.gaveanews.com\/wp-content\/uploads\/Everton-Cebolinha-em-acao-pelo-Benfica.webp\",\"width\":1280,\"height\":720,\"caption\":\"Everton Cebolinha em a\u00e7\u00e3o pelo Benfica (Foto: Divulga\u00e7\u00e3o\/Benfica)\"},{\"@type\":\"BreadcrumbList\",\"@id\":\"https:\/\/www.gaveanews.com\/index.php\/2022\/02\/15\/negociacao-entre-flamengo-e-benfica-por-everton-cebolinha-regride\/#breadcrumb\",\"itemListElement\":[{\"@type\":\"ListItem\",\"position\":1,\"name\":\"Home\",\"item\":\"https:\/\/www.gaveanews.com\/\"},{\"@type\":\"ListItem\",\"position\":2,\"name\":\"Negocia\u00e7\u00e3o entre Flamengo e Benfica, por Everton Cebolinha regride\"}]},{\"@type\":\"WebSite\",\"@id\":\"https:\/\/www.gaveanews.com\/#website\",\"url\":\"https:\/\/www.gaveanews.com\/\",\"name\":\"G\u00e1vea News\",\"description\":\"Veja todas as not\u00edcias sobre o Flamengo: Contrata\u00e7\u00f5es, categorias de base, resultados das partidas, tabela de classifica\u00e7\u00e3o, pr\u00f3ximos jogos!\",\"potentialAction\":[{\"@type\":\"SearchAction\",\"target\":{\"@type\":\"EntryPoint\",\"urlTemplate\":\"https:\/\/www.gaveanews.com\/?s={search_term_string}\"},\"query-input\":{\"@type\":\"PropertyValueSpecification\",\"valueRequired\":true,\"valueName\":\"search_term_string\"}}],\"inLanguage\":\"pt-BR\"},{\"@type\":\"Person\",\"@id\":\"https:\/\/www.gaveanews.com\/#\/schema\/person\/2ec14f73fb96be2caf28f91afb14749d\",\"name\":\"Equipe G\u00e1vea News\",\"image\":{\"@type\":\"ImageObject\",\"inLanguage\":\"pt-BR\",\"@id\":\"https:\/\/www.gaveanews.com\/#\/schema\/person\/image\/\",\"url\":\"https:\/\/secure.gravatar.com\/avatar\/1e1956f1facbffd3f8fa53a326721950116b3b9dc9bd44939c01180fd4a745a9?s=96&d=mm&r=g\",\"contentUrl\":\"https:\/\/secure.gravatar.com\/avatar\/1e1956f1facbffd3f8fa53a326721950116b3b9dc9bd44939c01180fd4a745a9?s=96&d=mm&r=g\",\"caption\":\"Equipe G\u00e1vea News\"}}]}<\/script>\n<!-- \/ Yoast SEO Premium plugin. -->","yoast_head_json":{"title":"Negocia\u00e7\u00e3o entre Flamengo e Benfica, por Everton Cebolinha regride","robots":{"index":"index","follow":"follow","max-snippet":"max-snippet:-1","max-image-preview":"max-image-preview:large","max-video-preview":"max-video-preview:-1"},"canonical":"https:\/\/www.gaveanews.com\/index.php\/2022\/02\/15\/negociacao-entre-flamengo-e-benfica-por-everton-cebolinha-regride\/","og_locale":"pt_BR","og_type":"article","og_title":"Negocia\u00e7\u00e3o entre Flamengo e Benfica, por Everton Cebolinha regride","og_description":"A negocia\u00e7\u00e3o entre Flamengo e Benfica por Everton Cebolinha esfriou. Os cariocas chegaram a discutir o percentual da proposta pela contrata\u00e7\u00e3o do atacante de 25 anos, mas n\u00e3o chegaram a um acordo com os lusitanos e recuaram nas tratativas. As tratativas entre Fla e Benfica, que se iniciaram nos primeiros dias de fevereiro, eram conduzidas [&hellip;]","og_url":"https:\/\/www.gaveanews.com\/index.php\/2022\/02\/15\/negociacao-entre-flamengo-e-benfica-por-everton-cebolinha-regride\/","og_site_name":"G\u00e1vea News","article_publisher":"https:\/\/facebook.com\/gaveaNews\/","article_published_time":"2022-02-15T09:51:17+00:00","article_modified_time":"2022-02-15T09:51:20+00:00","og_image":[{"width":1280,"height":720,"url":"https:\/\/www.gaveanews.com\/wp-content\/uploads\/Everton-Cebolinha-em-acao-pelo-Benfica.webp","type":"image\/jpeg"}],"author":"Equipe G\u00e1vea News","twitter_card":"summary_large_image","twitter_misc":{"Escrito por":"Equipe G\u00e1vea News","Est. tempo de leitura":"2 minutos"},"schema":{"@context":"https:\/\/schema.org","@graph":[{"@type":"NewsArticle","@id":"https:\/\/www.gaveanews.com\/index.php\/2022\/02\/15\/negociacao-entre-flamengo-e-benfica-por-everton-cebolinha-regride\/#article","isPartOf":{"@id":"https:\/\/www.gaveanews.com\/index.php\/2022\/02\/15\/negociacao-entre-flamengo-e-benfica-por-everton-cebolinha-regride\/"},"author":{"name":"Equipe G\u00e1vea News","@id":"https:\/\/www.gaveanews.com\/#\/schema\/person\/2ec14f73fb96be2caf28f91afb14749d"},"headline":"Negocia\u00e7\u00e3o entre Flamengo e Benfica, por Everton Cebolinha regride","datePublished":"2022-02-15T09:51:17+00:00","dateModified":"2022-02-15T09:51:20+00:00","mainEntityOfPage":{"@id":"https:\/\/www.gaveanews.com\/index.php\/2022\/02\/15\/negociacao-entre-flamengo-e-benfica-por-everton-cebolinha-regride\/"},"wordCount":287,"commentCount":11,"image":{"@id":"https:\/\/www.gaveanews.com\/index.php\/2022\/02\/15\/negociacao-entre-flamengo-e-benfica-por-everton-cebolinha-regride\/#primaryimage"},"thumbnailUrl":"https:\/\/www.gaveanews.com\/wp-content\/uploads\/Everton-Cebolinha-em-acao-pelo-Benfica.webp","articleSection":["Negocia\u00e7\u00f5es"],"inLanguage":"pt-BR","potentialAction":[{"@type":"CommentAction","name":"Comment","target":["https:\/\/www.gaveanews.com\/index.php\/2022\/02\/15\/negociacao-entre-flamengo-e-benfica-por-everton-cebolinha-regride\/#respond"]}],"copyrightYear":"2022","copyrightHolder":{"@id":"https:\/\/www.gaveanews.com\/#organization"}},{"@type":"WebPage","@id":"https:\/\/www.gaveanews.com\/index.php\/2022\/02\/15\/negociacao-entre-flamengo-e-benfica-por-everton-cebolinha-regride\/","url":"https:\/\/www.gaveanews.com\/index.php\/2022\/02\/15\/negociacao-entre-flamengo-e-benfica-por-everton-cebolinha-regride\/","name":"Negocia\u00e7\u00e3o entre Flamengo e Benfica, por Everton Cebolinha regride","isPartOf":{"@id":"https:\/\/www.gaveanews.com\/#website"},"primaryImageOfPage":{"@id":"https:\/\/www.gaveanews.com\/index.php\/2022\/02\/15\/negociacao-entre-flamengo-e-benfica-por-everton-cebolinha-regride\/#primaryimage"},"image":{"@id":"https:\/\/www.gaveanews.com\/index.php\/2022\/02\/15\/negociacao-entre-flamengo-e-benfica-por-everton-cebolinha-regride\/#primaryimage"},"thumbnailUrl":"https:\/\/www.gaveanews.com\/wp-content\/uploads\/Everton-Cebolinha-em-acao-pelo-Benfica.webp","datePublished":"2022-02-15T09:51:17+00:00","dateModified":"2022-02-15T09:51:20+00:00","author":{"@id":"https:\/\/www.gaveanews.com\/#\/schema\/person\/2ec14f73fb96be2caf28f91afb14749d"},"breadcrumb":{"@id":"https:\/\/www.gaveanews.com\/index.php\/2022\/02\/15\/negociacao-entre-flamengo-e-benfica-por-everton-cebolinha-regride\/#breadcrumb"},"inLanguage":"pt-BR","potentialAction":[{"@type":"ReadAction","target":["https:\/\/www.gaveanews.com\/index.php\/2022\/02\/15\/negociacao-entre-flamengo-e-benfica-por-everton-cebolinha-regride\/"]}]},{"@type":"ImageObject","inLanguage":"pt-BR","@id":"https:\/\/www.gaveanews.com\/index.php\/2022\/02\/15\/negociacao-entre-flamengo-e-benfica-por-everton-cebolinha-regride\/#primaryimage","url":"https:\/\/www.gaveanews.com\/wp-content\/uploads\/Everton-Cebolinha-em-acao-pelo-Benfica.webp","contentUrl":"https:\/\/www.gaveanews.com\/wp-content\/uploads\/Everton-Cebolinha-em-acao-pelo-Benfica.webp","width":1280,"height":720,"caption":"Everton Cebolinha em a\u00e7\u00e3o pelo Benfica (Foto: Divulga\u00e7\u00e3o\/Benfica)"},{"@type":"BreadcrumbList","@id":"https:\/\/www.gaveanews.com\/index.php\/2022\/02\/15\/negociacao-entre-flamengo-e-benfica-por-everton-cebolinha-regride\/#breadcrumb","itemListElement":[{"@type":"ListItem","position":1,"name":"Home","item":"https:\/\/www.gaveanews.com\/"},{"@type":"ListItem","position":2,"name":"Negocia\u00e7\u00e3o entre Flamengo e Benfica, por Everton Cebolinha regride"}]},{"@type":"WebSite","@id":"https:\/\/www.gaveanews.com\/#website","url":"https:\/\/www.gaveanews.com\/","name":"G\u00e1vea News","description":"Veja todas as not\u00edcias sobre o Flamengo: Contrata\u00e7\u00f5es, categorias de base, resultados das partidas, tabela de classifica\u00e7\u00e3o, pr\u00f3ximos jogos!","potentialAction":[{"@type":"SearchAction","target":{"@type":"EntryPoint","urlTemplate":"https:\/\/www.gaveanews.com\/?s={search_term_string}"},"query-input":{"@type":"PropertyValueSpecification","valueRequired":true,"valueName":"search_term_string"}}],"inLanguage":"pt-BR"},{"@type":"Person","@id":"https:\/\/www.gaveanews.com\/#\/schema\/person\/2ec14f73fb96be2caf28f91afb14749d","name":"Equipe G\u00e1vea News","image":{"@type":"ImageObject","inLanguage":"pt-BR","@id":"https:\/\/www.gaveanews.com\/#\/schema\/person\/image\/","url":"https:\/\/secure.gravatar.com\/avatar\/1e1956f1facbffd3f8fa53a326721950116b3b9dc9bd44939c01180fd4a745a9?s=96&d=mm&r=g","contentUrl":"https:\/\/secure.gravatar.com\/avatar\/1e1956f1facbffd3f8fa53a326721950116b3b9dc9bd44939c01180fd4a745a9?s=96&d=mm&r=g","caption":"Equipe G\u00e1vea News"}}]}},"_links":{"self":[{"href":"https:\/\/www.gaveanews.com\/index.php\/wp-json\/wp\/v2\/posts\/76758","targetHints":{"allow":["GET"]}}],"collection":[{"href":"https:\/\/www.gaveanews.com\/index.php\/wp-json\/wp\/v2\/posts"}],"about":[{"href":"https:\/\/www.gaveanews.com\/index.php\/wp-json\/wp\/v2\/types\/post"}],"author":[{"embeddable":true,"href":"https:\/\/www.gaveanews.com\/index.php\/wp-json\/wp\/v2\/users\/1"}],"replies":[{"embeddable":true,"href":"https:\/\/www.gaveanews.com\/index.php\/wp-json\/wp\/v2\/comments?post=76758"}],"version-history":[{"count":0,"href":"https:\/\/www.gaveanews.com\/index.php\/wp-json\/wp\/v2\/posts\/76758\/revisions"}],"wp:featuredmedia":[{"embeddable":true,"href":"https:\/\/www.gaveanews.com\/index.php\/wp-json\/wp\/v2\/media\/75097"}],"wp:attachment":[{"href":"https:\/\/www.gaveanews.com\/index.php\/wp-json\/wp\/v2\/media?parent=76758"}],"wp:term":[{"taxonomy":"category","embeddable":true,"href":"https:\/\/www.gaveanews.com\/index.php\/wp-json\/wp\/v2\/categories?post=76758"},{"taxonomy":"post_tag","embeddable":true,"href":"https:\/\/www.gaveanews.com\/index.php\/wp-json\/wp\/v2\/tags?post=76758"}],"curies":[{"name":"wp","href":"https:\/\/api.w.org\/{rel}","templated":true}]}}