{"id":76762,"date":"2022-02-15T06:58:56","date_gmt":"2022-02-15T09:58:56","guid":{"rendered":"https:\/\/www.gaveanews.com\/?p=76762"},"modified":"2022-02-15T06:59:01","modified_gmt":"2022-02-15T09:59:01","slug":"flamengo-avalia-a-contratacao-de-ex-zagueiro-do-barcelona-e-do-palmeiras","status":"publish","type":"post","link":"https:\/\/www.gaveanews.com\/index.php\/2022\/02\/15\/flamengo-avalia-a-contratacao-de-ex-zagueiro-do-barcelona-e-do-palmeiras\/","title":{"rendered":"Flamengo avalia a contrata\u00e7\u00e3o de ex-zagueiro do Barcelona e do Palmeiras"},"content":{"rendered":"\n<p>O\u00a0Flamengo\u00a0segue em busca de refor\u00e7os no futebol europeu e um dos focos \u00e9 um zagueiro. A contrata\u00e7\u00e3o de um jogador para a posi\u00e7\u00e3o \u00e9 considerada prioridade pelo clube. Afinal, a diretoria trabalha nos bastidores para atender ao pedido do t\u00e9cnico Paulo Sousa.<\/p>\n\n\n\n<p>O\u00a0site Torcedores\u00a0apurou que o colombiano Yerry Mina, que pertence ao Everton, da Inglaterra, foi oferecido ao Flamengo. O zagueiro foi oferecido ao clube pelo empres\u00e1rio Giuliano Bertolucci.<\/p>\n\n\n\n<p>A princ\u00edpio, o clube est\u00e1 avaliando a possibilidade de uma contrata\u00e7\u00e3o por empr\u00e9stimo, com op\u00e7\u00e3o de compra de 50% dos direitos econ\u00f4micos e, se optar por formalizar uma oferta, deve faz\u00ea-lo at\u00e9 o fim da janela de transfer\u00eancias que expira em 12 de abril.<\/p>\n\n\n\n<p>Ainda segundo apurou a reportagem, Yerry Mina tem interesse em ouvir uma proposta do\u00a0Flamengo. Ele, inclusive, sabe que \u00e9 um dos alvos desejados por Paulo Sousa para atuar juntamente com Rodrigo Caio e David Luiz na chamada \u201czaga ideal\u201d.<\/p>\n\n\n\n<p>Ainda sem oficializar uma proposta, os valores para um poss\u00edvel empr\u00e9stimo giram em torno de 2 milh\u00f5es de euros (R$ 11,8 milh\u00f5es, pela cota\u00e7\u00e3o atual). O Everton, por sua vez, tem interesse em facilitar a sa\u00edda do jogador que est\u00e1 em baixa no clube.<\/p>\n\n\n\n<p>Nesta temporada, por exemplo, Yerry Mina foi titular em oito das 26 partidas do Everton somando as participa\u00e7\u00f5es na Premier League na Copa da Inglaterra. Al\u00e9m disso, ele vem les\u00f5es musculares que vem atrapalhando seu rendimento deste ao ano passado.<\/p>\n\n\n\n<p>Atualmente, o colombiano est\u00e1 entregue ao departamento m\u00e9dico em virtude de uma grave les\u00e3o na coxa direita. Ele se lesionou na derrota do Everton por 3 a 1 para o Newcastle, no \u00faltimo dia 8, pela 24\u00aa rodada da Premier League.<\/p>\n\n\n\n<h3 class=\"wp-block-heading\" id=\"h-a-carreira-de-yerry-mina\"><strong>A carreira de Yerry Mina<\/strong><\/h3>\n\n\n\n<div class=\"wp-block-image is-style-default\"><figure class=\"aligncenter size-large is-resized\"><img loading=\"lazy\" decoding=\"async\" src=\"https:\/\/static-wp-tor15-prd.torcedores.com\/wp-content\/uploads\/2022\/02\/flamengo-everton-inglaterra-colombia-zagueiro-yerry-mina.webp\" alt=\"\" width=\"743\" height=\"495\"\/><figcaption>Yerry Mina (Cr\u00e9dito: Divulga\u00e7\u00e3o\/ Everton)<\/figcaption><\/figure><\/div>\n\n\n\n<p>Revelado pelo Deportivo Pasto, da Col\u00f4mbia, Yerry Mina ganhou proje\u00e7\u00e3o no seu pa\u00eds atuando pelo Santa F\u00e9 em 2015. No ano seguinte, ele foi negociado com o\u00a0Palmeiras\u00a0onde disputou 49 jogos, marcou nove gols e conquistou o Campeonato Brasileiro.<\/p>\n\n\n\n<p>Posteriormente, o zagueiro foi negociado com o Barcelona. Por\u00e9m, teve passagem discreta pela LaLiga. Posteriormente, o defensor se transferiu para o Everton onde est\u00e1 desde junho de 2018. Seu contrato com o clube ingl\u00eas vai at\u00e9 em julho de 2023.<\/p>\n\n\n\n<p>Retirado de: Torcedores<\/p>\n","protected":false},"excerpt":{"rendered":"<p>O\u00a0Flamengo\u00a0segue em busca de refor\u00e7os no futebol europeu e um dos focos \u00e9 um zagueiro. A contrata\u00e7\u00e3o de um jogador para a posi\u00e7\u00e3o \u00e9 considerada prioridade pelo clube. Afinal, a diretoria trabalha nos bastidores para atender ao pedido do t\u00e9cnico Paulo Sousa. O\u00a0site Torcedores\u00a0apurou que o colombiano Yerry Mina, que pertence ao Everton, da Inglaterra, [&hellip;]<\/p>\n","protected":false},"author":1,"featured_media":64346,"comment_status":"open","ping_status":"closed","sticky":false,"template":"","format":"standard","meta":{"footnotes":""},"categories":[48],"tags":[],"class_list":["post-76762","post","type-post","status-publish","format-standard","has-post-thumbnail","hentry","category-negociacoes"],"yoast_head":"<!-- This site is optimized with the Yoast SEO Premium plugin v24.2 (Yoast SEO v26.9) - https:\/\/yoast.com\/product\/yoast-seo-premium-wordpress\/ -->\n<title>Flamengo avalia a contrata\u00e7\u00e3o de ex-zagueiro do Barcelona e do Palmeiras<\/title>\n<meta name=\"robots\" content=\"index, follow, max-snippet:-1, max-image-preview:large, max-video-preview:-1\" \/>\n<link rel=\"canonical\" href=\"https:\/\/www.gaveanews.com\/index.php\/2022\/02\/15\/flamengo-avalia-a-contratacao-de-ex-zagueiro-do-barcelona-e-do-palmeiras\/\" \/>\n<meta property=\"og:locale\" content=\"pt_BR\" \/>\n<meta property=\"og:type\" content=\"article\" \/>\n<meta property=\"og:title\" content=\"Flamengo avalia a contrata\u00e7\u00e3o de ex-zagueiro do Barcelona e do Palmeiras\" \/>\n<meta property=\"og:description\" content=\"O\u00a0Flamengo\u00a0segue em busca de refor\u00e7os no futebol europeu e um dos focos \u00e9 um zagueiro. A contrata\u00e7\u00e3o de um jogador para a posi\u00e7\u00e3o \u00e9 considerada prioridade pelo clube. Afinal, a diretoria trabalha nos bastidores para atender ao pedido do t\u00e9cnico Paulo Sousa. O\u00a0site Torcedores\u00a0apurou que o colombiano Yerry Mina, que pertence ao Everton, da Inglaterra, [&hellip;]\" \/>\n<meta property=\"og:url\" content=\"https:\/\/www.gaveanews.com\/index.php\/2022\/02\/15\/flamengo-avalia-a-contratacao-de-ex-zagueiro-do-barcelona-e-do-palmeiras\/\" \/>\n<meta property=\"og:site_name\" content=\"G\u00e1vea News\" \/>\n<meta property=\"article:publisher\" content=\"https:\/\/facebook.com\/gaveaNews\/\" \/>\n<meta property=\"article:published_time\" content=\"2022-02-15T09:58:56+00:00\" \/>\n<meta property=\"article:modified_time\" content=\"2022-02-15T09:59:01+00:00\" \/>\n<meta property=\"og:image\" content=\"https:\/\/www.gaveanews.com\/wp-content\/uploads\/Marcos-Braz-em-entrevista-coletiva-no-Ninho-do-Urubu.webp\" \/>\n\t<meta property=\"og:image:width\" content=\"799\" \/>\n\t<meta property=\"og:image:height\" content=\"532\" \/>\n\t<meta property=\"og:image:type\" content=\"image\/jpeg\" \/>\n<meta name=\"author\" content=\"Equipe G\u00e1vea News\" \/>\n<meta name=\"twitter:card\" content=\"summary_large_image\" \/>\n<meta name=\"twitter:label1\" content=\"Escrito por\" \/>\n\t<meta name=\"twitter:data1\" content=\"Equipe G\u00e1vea News\" \/>\n\t<meta name=\"twitter:label2\" content=\"Est. tempo de leitura\" \/>\n\t<meta name=\"twitter:data2\" content=\"3 minutos\" \/>\n<script type=\"application\/ld+json\" class=\"yoast-schema-graph\">{\"@context\":\"https:\/\/schema.org\",\"@graph\":[{\"@type\":\"NewsArticle\",\"@id\":\"https:\/\/www.gaveanews.com\/index.php\/2022\/02\/15\/flamengo-avalia-a-contratacao-de-ex-zagueiro-do-barcelona-e-do-palmeiras\/#article\",\"isPartOf\":{\"@id\":\"https:\/\/www.gaveanews.com\/index.php\/2022\/02\/15\/flamengo-avalia-a-contratacao-de-ex-zagueiro-do-barcelona-e-do-palmeiras\/\"},\"author\":{\"name\":\"Equipe G\u00e1vea News\",\"@id\":\"https:\/\/www.gaveanews.com\/#\/schema\/person\/2ec14f73fb96be2caf28f91afb14749d\"},\"headline\":\"Flamengo avalia a contrata\u00e7\u00e3o de ex-zagueiro do Barcelona e do Palmeiras\",\"datePublished\":\"2022-02-15T09:58:56+00:00\",\"dateModified\":\"2022-02-15T09:59:01+00:00\",\"mainEntityOfPage\":{\"@id\":\"https:\/\/www.gaveanews.com\/index.php\/2022\/02\/15\/flamengo-avalia-a-contratacao-de-ex-zagueiro-do-barcelona-e-do-palmeiras\/\"},\"wordCount\":401,\"commentCount\":20,\"image\":{\"@id\":\"https:\/\/www.gaveanews.com\/index.php\/2022\/02\/15\/flamengo-avalia-a-contratacao-de-ex-zagueiro-do-barcelona-e-do-palmeiras\/#primaryimage\"},\"thumbnailUrl\":\"https:\/\/www.gaveanews.com\/wp-content\/uploads\/Marcos-Braz-em-entrevista-coletiva-no-Ninho-do-Urubu.webp\",\"articleSection\":[\"Negocia\u00e7\u00f5es\"],\"inLanguage\":\"pt-BR\",\"potentialAction\":[{\"@type\":\"CommentAction\",\"name\":\"Comment\",\"target\":[\"https:\/\/www.gaveanews.com\/index.php\/2022\/02\/15\/flamengo-avalia-a-contratacao-de-ex-zagueiro-do-barcelona-e-do-palmeiras\/#respond\"]}],\"copyrightYear\":\"2022\",\"copyrightHolder\":{\"@id\":\"https:\/\/www.gaveanews.com\/#organization\"}},{\"@type\":\"WebPage\",\"@id\":\"https:\/\/www.gaveanews.com\/index.php\/2022\/02\/15\/flamengo-avalia-a-contratacao-de-ex-zagueiro-do-barcelona-e-do-palmeiras\/\",\"url\":\"https:\/\/www.gaveanews.com\/index.php\/2022\/02\/15\/flamengo-avalia-a-contratacao-de-ex-zagueiro-do-barcelona-e-do-palmeiras\/\",\"name\":\"Flamengo avalia a contrata\u00e7\u00e3o de ex-zagueiro do Barcelona e do Palmeiras\",\"isPartOf\":{\"@id\":\"https:\/\/www.gaveanews.com\/#website\"},\"primaryImageOfPage\":{\"@id\":\"https:\/\/www.gaveanews.com\/index.php\/2022\/02\/15\/flamengo-avalia-a-contratacao-de-ex-zagueiro-do-barcelona-e-do-palmeiras\/#primaryimage\"},\"image\":{\"@id\":\"https:\/\/www.gaveanews.com\/index.php\/2022\/02\/15\/flamengo-avalia-a-contratacao-de-ex-zagueiro-do-barcelona-e-do-palmeiras\/#primaryimage\"},\"thumbnailUrl\":\"https:\/\/www.gaveanews.com\/wp-content\/uploads\/Marcos-Braz-em-entrevista-coletiva-no-Ninho-do-Urubu.webp\",\"datePublished\":\"2022-02-15T09:58:56+00:00\",\"dateModified\":\"2022-02-15T09:59:01+00:00\",\"author\":{\"@id\":\"https:\/\/www.gaveanews.com\/#\/schema\/person\/2ec14f73fb96be2caf28f91afb14749d\"},\"breadcrumb\":{\"@id\":\"https:\/\/www.gaveanews.com\/index.php\/2022\/02\/15\/flamengo-avalia-a-contratacao-de-ex-zagueiro-do-barcelona-e-do-palmeiras\/#breadcrumb\"},\"inLanguage\":\"pt-BR\",\"potentialAction\":[{\"@type\":\"ReadAction\",\"target\":[\"https:\/\/www.gaveanews.com\/index.php\/2022\/02\/15\/flamengo-avalia-a-contratacao-de-ex-zagueiro-do-barcelona-e-do-palmeiras\/\"]}]},{\"@type\":\"ImageObject\",\"inLanguage\":\"pt-BR\",\"@id\":\"https:\/\/www.gaveanews.com\/index.php\/2022\/02\/15\/flamengo-avalia-a-contratacao-de-ex-zagueiro-do-barcelona-e-do-palmeiras\/#primaryimage\",\"url\":\"https:\/\/www.gaveanews.com\/wp-content\/uploads\/Marcos-Braz-em-entrevista-coletiva-no-Ninho-do-Urubu.webp\",\"contentUrl\":\"https:\/\/www.gaveanews.com\/wp-content\/uploads\/Marcos-Braz-em-entrevista-coletiva-no-Ninho-do-Urubu.webp\",\"width\":799,\"height\":532,\"caption\":\"Marcos Braz em entrevista coletiva no Ninho do Urubu (Foto: Alexandre Vidal\/Flamengo)\"},{\"@type\":\"BreadcrumbList\",\"@id\":\"https:\/\/www.gaveanews.com\/index.php\/2022\/02\/15\/flamengo-avalia-a-contratacao-de-ex-zagueiro-do-barcelona-e-do-palmeiras\/#breadcrumb\",\"itemListElement\":[{\"@type\":\"ListItem\",\"position\":1,\"name\":\"Home\",\"item\":\"https:\/\/www.gaveanews.com\/\"},{\"@type\":\"ListItem\",\"position\":2,\"name\":\"Flamengo avalia a contrata\u00e7\u00e3o de ex-zagueiro do Barcelona e do Palmeiras\"}]},{\"@type\":\"WebSite\",\"@id\":\"https:\/\/www.gaveanews.com\/#website\",\"url\":\"https:\/\/www.gaveanews.com\/\",\"name\":\"G\u00e1vea News\",\"description\":\"Veja todas as not\u00edcias sobre o Flamengo: Contrata\u00e7\u00f5es, categorias de base, resultados das partidas, tabela de classifica\u00e7\u00e3o, pr\u00f3ximos jogos!\",\"potentialAction\":[{\"@type\":\"SearchAction\",\"target\":{\"@type\":\"EntryPoint\",\"urlTemplate\":\"https:\/\/www.gaveanews.com\/?s={search_term_string}\"},\"query-input\":{\"@type\":\"PropertyValueSpecification\",\"valueRequired\":true,\"valueName\":\"search_term_string\"}}],\"inLanguage\":\"pt-BR\"},{\"@type\":\"Person\",\"@id\":\"https:\/\/www.gaveanews.com\/#\/schema\/person\/2ec14f73fb96be2caf28f91afb14749d\",\"name\":\"Equipe G\u00e1vea News\",\"image\":{\"@type\":\"ImageObject\",\"inLanguage\":\"pt-BR\",\"@id\":\"https:\/\/www.gaveanews.com\/#\/schema\/person\/image\/\",\"url\":\"https:\/\/secure.gravatar.com\/avatar\/1e1956f1facbffd3f8fa53a326721950116b3b9dc9bd44939c01180fd4a745a9?s=96&d=mm&r=g\",\"contentUrl\":\"https:\/\/secure.gravatar.com\/avatar\/1e1956f1facbffd3f8fa53a326721950116b3b9dc9bd44939c01180fd4a745a9?s=96&d=mm&r=g\",\"caption\":\"Equipe G\u00e1vea News\"}}]}<\/script>\n<!-- \/ Yoast SEO Premium plugin. -->","yoast_head_json":{"title":"Flamengo avalia a contrata\u00e7\u00e3o de ex-zagueiro do Barcelona e do Palmeiras","robots":{"index":"index","follow":"follow","max-snippet":"max-snippet:-1","max-image-preview":"max-image-preview:large","max-video-preview":"max-video-preview:-1"},"canonical":"https:\/\/www.gaveanews.com\/index.php\/2022\/02\/15\/flamengo-avalia-a-contratacao-de-ex-zagueiro-do-barcelona-e-do-palmeiras\/","og_locale":"pt_BR","og_type":"article","og_title":"Flamengo avalia a contrata\u00e7\u00e3o de ex-zagueiro do Barcelona e do Palmeiras","og_description":"O\u00a0Flamengo\u00a0segue em busca de refor\u00e7os no futebol europeu e um dos focos \u00e9 um zagueiro. A contrata\u00e7\u00e3o de um jogador para a posi\u00e7\u00e3o \u00e9 considerada prioridade pelo clube. Afinal, a diretoria trabalha nos bastidores para atender ao pedido do t\u00e9cnico Paulo Sousa. O\u00a0site Torcedores\u00a0apurou que o colombiano Yerry Mina, que pertence ao Everton, da Inglaterra, [&hellip;]","og_url":"https:\/\/www.gaveanews.com\/index.php\/2022\/02\/15\/flamengo-avalia-a-contratacao-de-ex-zagueiro-do-barcelona-e-do-palmeiras\/","og_site_name":"G\u00e1vea News","article_publisher":"https:\/\/facebook.com\/gaveaNews\/","article_published_time":"2022-02-15T09:58:56+00:00","article_modified_time":"2022-02-15T09:59:01+00:00","og_image":[{"width":799,"height":532,"url":"https:\/\/www.gaveanews.com\/wp-content\/uploads\/Marcos-Braz-em-entrevista-coletiva-no-Ninho-do-Urubu.webp","type":"image\/jpeg"}],"author":"Equipe G\u00e1vea News","twitter_card":"summary_large_image","twitter_misc":{"Escrito por":"Equipe G\u00e1vea News","Est. tempo de leitura":"3 minutos"},"schema":{"@context":"https:\/\/schema.org","@graph":[{"@type":"NewsArticle","@id":"https:\/\/www.gaveanews.com\/index.php\/2022\/02\/15\/flamengo-avalia-a-contratacao-de-ex-zagueiro-do-barcelona-e-do-palmeiras\/#article","isPartOf":{"@id":"https:\/\/www.gaveanews.com\/index.php\/2022\/02\/15\/flamengo-avalia-a-contratacao-de-ex-zagueiro-do-barcelona-e-do-palmeiras\/"},"author":{"name":"Equipe G\u00e1vea News","@id":"https:\/\/www.gaveanews.com\/#\/schema\/person\/2ec14f73fb96be2caf28f91afb14749d"},"headline":"Flamengo avalia a contrata\u00e7\u00e3o de ex-zagueiro do Barcelona e do Palmeiras","datePublished":"2022-02-15T09:58:56+00:00","dateModified":"2022-02-15T09:59:01+00:00","mainEntityOfPage":{"@id":"https:\/\/www.gaveanews.com\/index.php\/2022\/02\/15\/flamengo-avalia-a-contratacao-de-ex-zagueiro-do-barcelona-e-do-palmeiras\/"},"wordCount":401,"commentCount":20,"image":{"@id":"https:\/\/www.gaveanews.com\/index.php\/2022\/02\/15\/flamengo-avalia-a-contratacao-de-ex-zagueiro-do-barcelona-e-do-palmeiras\/#primaryimage"},"thumbnailUrl":"https:\/\/www.gaveanews.com\/wp-content\/uploads\/Marcos-Braz-em-entrevista-coletiva-no-Ninho-do-Urubu.webp","articleSection":["Negocia\u00e7\u00f5es"],"inLanguage":"pt-BR","potentialAction":[{"@type":"CommentAction","name":"Comment","target":["https:\/\/www.gaveanews.com\/index.php\/2022\/02\/15\/flamengo-avalia-a-contratacao-de-ex-zagueiro-do-barcelona-e-do-palmeiras\/#respond"]}],"copyrightYear":"2022","copyrightHolder":{"@id":"https:\/\/www.gaveanews.com\/#organization"}},{"@type":"WebPage","@id":"https:\/\/www.gaveanews.com\/index.php\/2022\/02\/15\/flamengo-avalia-a-contratacao-de-ex-zagueiro-do-barcelona-e-do-palmeiras\/","url":"https:\/\/www.gaveanews.com\/index.php\/2022\/02\/15\/flamengo-avalia-a-contratacao-de-ex-zagueiro-do-barcelona-e-do-palmeiras\/","name":"Flamengo avalia a contrata\u00e7\u00e3o de ex-zagueiro do Barcelona e do Palmeiras","isPartOf":{"@id":"https:\/\/www.gaveanews.com\/#website"},"primaryImageOfPage":{"@id":"https:\/\/www.gaveanews.com\/index.php\/2022\/02\/15\/flamengo-avalia-a-contratacao-de-ex-zagueiro-do-barcelona-e-do-palmeiras\/#primaryimage"},"image":{"@id":"https:\/\/www.gaveanews.com\/index.php\/2022\/02\/15\/flamengo-avalia-a-contratacao-de-ex-zagueiro-do-barcelona-e-do-palmeiras\/#primaryimage"},"thumbnailUrl":"https:\/\/www.gaveanews.com\/wp-content\/uploads\/Marcos-Braz-em-entrevista-coletiva-no-Ninho-do-Urubu.webp","datePublished":"2022-02-15T09:58:56+00:00","dateModified":"2022-02-15T09:59:01+00:00","author":{"@id":"https:\/\/www.gaveanews.com\/#\/schema\/person\/2ec14f73fb96be2caf28f91afb14749d"},"breadcrumb":{"@id":"https:\/\/www.gaveanews.com\/index.php\/2022\/02\/15\/flamengo-avalia-a-contratacao-de-ex-zagueiro-do-barcelona-e-do-palmeiras\/#breadcrumb"},"inLanguage":"pt-BR","potentialAction":[{"@type":"ReadAction","target":["https:\/\/www.gaveanews.com\/index.php\/2022\/02\/15\/flamengo-avalia-a-contratacao-de-ex-zagueiro-do-barcelona-e-do-palmeiras\/"]}]},{"@type":"ImageObject","inLanguage":"pt-BR","@id":"https:\/\/www.gaveanews.com\/index.php\/2022\/02\/15\/flamengo-avalia-a-contratacao-de-ex-zagueiro-do-barcelona-e-do-palmeiras\/#primaryimage","url":"https:\/\/www.gaveanews.com\/wp-content\/uploads\/Marcos-Braz-em-entrevista-coletiva-no-Ninho-do-Urubu.webp","contentUrl":"https:\/\/www.gaveanews.com\/wp-content\/uploads\/Marcos-Braz-em-entrevista-coletiva-no-Ninho-do-Urubu.webp","width":799,"height":532,"caption":"Marcos Braz em entrevista coletiva no Ninho do Urubu (Foto: Alexandre Vidal\/Flamengo)"},{"@type":"BreadcrumbList","@id":"https:\/\/www.gaveanews.com\/index.php\/2022\/02\/15\/flamengo-avalia-a-contratacao-de-ex-zagueiro-do-barcelona-e-do-palmeiras\/#breadcrumb","itemListElement":[{"@type":"ListItem","position":1,"name":"Home","item":"https:\/\/www.gaveanews.com\/"},{"@type":"ListItem","position":2,"name":"Flamengo avalia a contrata\u00e7\u00e3o de ex-zagueiro do Barcelona e do Palmeiras"}]},{"@type":"WebSite","@id":"https:\/\/www.gaveanews.com\/#website","url":"https:\/\/www.gaveanews.com\/","name":"G\u00e1vea News","description":"Veja todas as not\u00edcias sobre o Flamengo: Contrata\u00e7\u00f5es, categorias de base, resultados das partidas, tabela de classifica\u00e7\u00e3o, pr\u00f3ximos jogos!","potentialAction":[{"@type":"SearchAction","target":{"@type":"EntryPoint","urlTemplate":"https:\/\/www.gaveanews.com\/?s={search_term_string}"},"query-input":{"@type":"PropertyValueSpecification","valueRequired":true,"valueName":"search_term_string"}}],"inLanguage":"pt-BR"},{"@type":"Person","@id":"https:\/\/www.gaveanews.com\/#\/schema\/person\/2ec14f73fb96be2caf28f91afb14749d","name":"Equipe G\u00e1vea News","image":{"@type":"ImageObject","inLanguage":"pt-BR","@id":"https:\/\/www.gaveanews.com\/#\/schema\/person\/image\/","url":"https:\/\/secure.gravatar.com\/avatar\/1e1956f1facbffd3f8fa53a326721950116b3b9dc9bd44939c01180fd4a745a9?s=96&d=mm&r=g","contentUrl":"https:\/\/secure.gravatar.com\/avatar\/1e1956f1facbffd3f8fa53a326721950116b3b9dc9bd44939c01180fd4a745a9?s=96&d=mm&r=g","caption":"Equipe G\u00e1vea News"}}]}},"_links":{"self":[{"href":"https:\/\/www.gaveanews.com\/index.php\/wp-json\/wp\/v2\/posts\/76762","targetHints":{"allow":["GET"]}}],"collection":[{"href":"https:\/\/www.gaveanews.com\/index.php\/wp-json\/wp\/v2\/posts"}],"about":[{"href":"https:\/\/www.gaveanews.com\/index.php\/wp-json\/wp\/v2\/types\/post"}],"author":[{"embeddable":true,"href":"https:\/\/www.gaveanews.com\/index.php\/wp-json\/wp\/v2\/users\/1"}],"replies":[{"embeddable":true,"href":"https:\/\/www.gaveanews.com\/index.php\/wp-json\/wp\/v2\/comments?post=76762"}],"version-history":[{"count":0,"href":"https:\/\/www.gaveanews.com\/index.php\/wp-json\/wp\/v2\/posts\/76762\/revisions"}],"wp:featuredmedia":[{"embeddable":true,"href":"https:\/\/www.gaveanews.com\/index.php\/wp-json\/wp\/v2\/media\/64346"}],"wp:attachment":[{"href":"https:\/\/www.gaveanews.com\/index.php\/wp-json\/wp\/v2\/media?parent=76762"}],"wp:term":[{"taxonomy":"category","embeddable":true,"href":"https:\/\/www.gaveanews.com\/index.php\/wp-json\/wp\/v2\/categories?post=76762"},{"taxonomy":"post_tag","embeddable":true,"href":"https:\/\/www.gaveanews.com\/index.php\/wp-json\/wp\/v2\/tags?post=76762"}],"curies":[{"name":"wp","href":"https:\/\/api.w.org\/{rel}","templated":true}]}}