{"id":76964,"date":"2022-02-18T07:35:09","date_gmt":"2022-02-18T10:35:09","guid":{"rendered":"https:\/\/www.gaveanews.com\/?p=76964"},"modified":"2022-02-18T07:35:12","modified_gmt":"2022-02-18T10:35:12","slug":"flamengo-ja-sabe-quando-tera-thiago-maia-de-volta-ao-time","status":"publish","type":"post","link":"https:\/\/www.gaveanews.com\/index.php\/2022\/02\/18\/flamengo-ja-sabe-quando-tera-thiago-maia-de-volta-ao-time\/","title":{"rendered":"Flamengo j\u00e1 sabe quando ter\u00e1 Thiago Maia de volta ao time"},"content":{"rendered":"\n<p>O Flamengo j\u00e1 tem previs\u00e3o de quando ir\u00e1 voltar a contar com Thiago Maia no time ap\u00f3s a les\u00e3o sofrida pelo atleta em treino. Segundo publica\u00e7\u00e3o do jornalista Ven\u00ea Casagrande, o atleta deve voltar a atuar com a camisa do Rubro-Negro em mar\u00e7o.<\/p>\n\n\n\n<p>O volante recebeu cerca de dez pontos no local do corte que sofreu ap\u00f3s dividida com David Luiz em treino. O Flamengo levou o jogador rapidamente ao hospital para que n\u00e3o houvesse qualquer risco de infec\u00e7\u00e3o.<\/p>\n\n\n\n<h2 class=\"wp-block-heading\" id=\"h-lesao-assustou-em-treino-do-flamengo\">Les\u00e3o assustou em treino do Flamengo<\/h2>\n\n\n\n<p>A les\u00e3o de Thiago Maia em treino do Flamengo chocou a todos os presentes no trabalho comandado por Paulo Sousa e fez com que o mesmo fosse encerrado na hora. O que se sabe \u00e9 que o volante dividiu uma jogada e David Luiz, com os cravos da chuteira, cortou a perna do volante at\u00e9 que osso da t\u00edbia fosse exposto.<\/p>\n\n\n\n<p>O susto e a vis\u00e3o do resultado da entrada de David Luiz em Thiago Maia foi maior do que a gravidade da les\u00e3o. Mesmo com a r\u00e1pida recupera\u00e7\u00e3o, o que \u00e9 certo \u00e9 que o volante n\u00e3o vai disputar a Supercopa do Brasil, no domingo (20), quando o Flamengo enfrenta o Atl\u00e9tico-MG. O atleta lutava pela titularidade com Paulo Sousa e perder\u00e1 a chance de disputar a partida, que ser\u00e1 em Cuiab\u00e1, na Arena Pantanal, \u00e0s 16h.<\/p>\n\n\n\n<p>De qualquer forma, o procedimento cir\u00fargico foi considerado um sucesso e o meio-campista retorna ao Flamengo para a sequ\u00eancia do Campeonato Carioca dentro de alguns dias, caso n\u00e3o hajam complica\u00e7\u00f5es na les\u00e3o.<\/p>\n\n\n\n<p>Retirado de: Torcedores<\/p>\n","protected":false},"excerpt":{"rendered":"<p>O Flamengo j\u00e1 tem previs\u00e3o de quando ir\u00e1 voltar a contar com Thiago Maia no time ap\u00f3s a les\u00e3o sofrida pelo atleta em treino. Segundo publica\u00e7\u00e3o do jornalista Ven\u00ea Casagrande, o atleta deve voltar a atuar com a camisa do Rubro-Negro em mar\u00e7o. O volante recebeu cerca de dez pontos no local do corte que [&hellip;]<\/p>\n","protected":false},"author":1,"featured_media":63876,"comment_status":"open","ping_status":"closed","sticky":false,"template":"","format":"standard","meta":{"footnotes":""},"categories":[1],"tags":[],"class_list":["post-76964","post","type-post","status-publish","format-standard","has-post-thumbnail","hentry","category-flamengo"],"yoast_head":"<!-- This site is optimized with the Yoast SEO Premium plugin v24.2 (Yoast SEO v26.9) - https:\/\/yoast.com\/product\/yoast-seo-premium-wordpress\/ -->\n<title>Flamengo j\u00e1 sabe quando ter\u00e1 Thiago Maia de volta ao time<\/title>\n<meta name=\"robots\" content=\"index, follow, max-snippet:-1, max-image-preview:large, max-video-preview:-1\" \/>\n<link rel=\"canonical\" href=\"https:\/\/www.gaveanews.com\/index.php\/2022\/02\/18\/flamengo-ja-sabe-quando-tera-thiago-maia-de-volta-ao-time\/\" \/>\n<meta property=\"og:locale\" content=\"pt_BR\" \/>\n<meta property=\"og:type\" content=\"article\" \/>\n<meta property=\"og:title\" content=\"Flamengo j\u00e1 sabe quando ter\u00e1 Thiago Maia de volta ao time\" \/>\n<meta property=\"og:description\" content=\"O Flamengo j\u00e1 tem previs\u00e3o de quando ir\u00e1 voltar a contar com Thiago Maia no time ap\u00f3s a les\u00e3o sofrida pelo atleta em treino. Segundo publica\u00e7\u00e3o do jornalista Ven\u00ea Casagrande, o atleta deve voltar a atuar com a camisa do Rubro-Negro em mar\u00e7o. O volante recebeu cerca de dez pontos no local do corte que [&hellip;]\" \/>\n<meta property=\"og:url\" content=\"https:\/\/www.gaveanews.com\/index.php\/2022\/02\/18\/flamengo-ja-sabe-quando-tera-thiago-maia-de-volta-ao-time\/\" \/>\n<meta property=\"og:site_name\" content=\"G\u00e1vea News\" \/>\n<meta property=\"article:publisher\" content=\"https:\/\/facebook.com\/gaveaNews\/\" \/>\n<meta property=\"article:published_time\" content=\"2022-02-18T10:35:09+00:00\" \/>\n<meta property=\"article:modified_time\" content=\"2022-02-18T10:35:12+00:00\" \/>\n<meta property=\"og:image\" content=\"https:\/\/www.gaveanews.com\/wp-content\/uploads\/Thiago-Maia-em-acao-pelo-Flamengo-diante-da-equipe-do-Cuiaba-pelo-Campeonato-Brasileiro-da-temporada-de-2021.webp\" \/>\n\t<meta property=\"og:image:width\" content=\"799\" \/>\n\t<meta property=\"og:image:height\" content=\"533\" \/>\n\t<meta property=\"og:image:type\" content=\"image\/jpeg\" \/>\n<meta name=\"author\" content=\"Equipe G\u00e1vea News\" \/>\n<meta name=\"twitter:card\" content=\"summary_large_image\" \/>\n<meta name=\"twitter:label1\" content=\"Escrito por\" \/>\n\t<meta name=\"twitter:data1\" content=\"Equipe G\u00e1vea News\" \/>\n\t<meta name=\"twitter:label2\" content=\"Est. tempo de leitura\" \/>\n\t<meta name=\"twitter:data2\" content=\"2 minutos\" \/>\n<script type=\"application\/ld+json\" class=\"yoast-schema-graph\">{\"@context\":\"https:\/\/schema.org\",\"@graph\":[{\"@type\":\"NewsArticle\",\"@id\":\"https:\/\/www.gaveanews.com\/index.php\/2022\/02\/18\/flamengo-ja-sabe-quando-tera-thiago-maia-de-volta-ao-time\/#article\",\"isPartOf\":{\"@id\":\"https:\/\/www.gaveanews.com\/index.php\/2022\/02\/18\/flamengo-ja-sabe-quando-tera-thiago-maia-de-volta-ao-time\/\"},\"author\":{\"name\":\"Equipe G\u00e1vea News\",\"@id\":\"https:\/\/www.gaveanews.com\/#\/schema\/person\/2ec14f73fb96be2caf28f91afb14749d\"},\"headline\":\"Flamengo j\u00e1 sabe quando ter\u00e1 Thiago Maia de volta ao time\",\"datePublished\":\"2022-02-18T10:35:09+00:00\",\"dateModified\":\"2022-02-18T10:35:12+00:00\",\"mainEntityOfPage\":{\"@id\":\"https:\/\/www.gaveanews.com\/index.php\/2022\/02\/18\/flamengo-ja-sabe-quando-tera-thiago-maia-de-volta-ao-time\/\"},\"wordCount\":287,\"commentCount\":6,\"image\":{\"@id\":\"https:\/\/www.gaveanews.com\/index.php\/2022\/02\/18\/flamengo-ja-sabe-quando-tera-thiago-maia-de-volta-ao-time\/#primaryimage\"},\"thumbnailUrl\":\"https:\/\/www.gaveanews.com\/wp-content\/uploads\/Thiago-Maia-em-acao-pelo-Flamengo-diante-da-equipe-do-Cuiaba-pelo-Campeonato-Brasileiro-da-temporada-de-2021.webp\",\"articleSection\":[\"Flamengo\"],\"inLanguage\":\"pt-BR\",\"potentialAction\":[{\"@type\":\"CommentAction\",\"name\":\"Comment\",\"target\":[\"https:\/\/www.gaveanews.com\/index.php\/2022\/02\/18\/flamengo-ja-sabe-quando-tera-thiago-maia-de-volta-ao-time\/#respond\"]}],\"copyrightYear\":\"2022\",\"copyrightHolder\":{\"@id\":\"https:\/\/www.gaveanews.com\/#organization\"}},{\"@type\":\"WebPage\",\"@id\":\"https:\/\/www.gaveanews.com\/index.php\/2022\/02\/18\/flamengo-ja-sabe-quando-tera-thiago-maia-de-volta-ao-time\/\",\"url\":\"https:\/\/www.gaveanews.com\/index.php\/2022\/02\/18\/flamengo-ja-sabe-quando-tera-thiago-maia-de-volta-ao-time\/\",\"name\":\"Flamengo j\u00e1 sabe quando ter\u00e1 Thiago Maia de volta ao time\",\"isPartOf\":{\"@id\":\"https:\/\/www.gaveanews.com\/#website\"},\"primaryImageOfPage\":{\"@id\":\"https:\/\/www.gaveanews.com\/index.php\/2022\/02\/18\/flamengo-ja-sabe-quando-tera-thiago-maia-de-volta-ao-time\/#primaryimage\"},\"image\":{\"@id\":\"https:\/\/www.gaveanews.com\/index.php\/2022\/02\/18\/flamengo-ja-sabe-quando-tera-thiago-maia-de-volta-ao-time\/#primaryimage\"},\"thumbnailUrl\":\"https:\/\/www.gaveanews.com\/wp-content\/uploads\/Thiago-Maia-em-acao-pelo-Flamengo-diante-da-equipe-do-Cuiaba-pelo-Campeonato-Brasileiro-da-temporada-de-2021.webp\",\"datePublished\":\"2022-02-18T10:35:09+00:00\",\"dateModified\":\"2022-02-18T10:35:12+00:00\",\"author\":{\"@id\":\"https:\/\/www.gaveanews.com\/#\/schema\/person\/2ec14f73fb96be2caf28f91afb14749d\"},\"breadcrumb\":{\"@id\":\"https:\/\/www.gaveanews.com\/index.php\/2022\/02\/18\/flamengo-ja-sabe-quando-tera-thiago-maia-de-volta-ao-time\/#breadcrumb\"},\"inLanguage\":\"pt-BR\",\"potentialAction\":[{\"@type\":\"ReadAction\",\"target\":[\"https:\/\/www.gaveanews.com\/index.php\/2022\/02\/18\/flamengo-ja-sabe-quando-tera-thiago-maia-de-volta-ao-time\/\"]}]},{\"@type\":\"ImageObject\",\"inLanguage\":\"pt-BR\",\"@id\":\"https:\/\/www.gaveanews.com\/index.php\/2022\/02\/18\/flamengo-ja-sabe-quando-tera-thiago-maia-de-volta-ao-time\/#primaryimage\",\"url\":\"https:\/\/www.gaveanews.com\/wp-content\/uploads\/Thiago-Maia-em-acao-pelo-Flamengo-diante-da-equipe-do-Cuiaba-pelo-Campeonato-Brasileiro-da-temporada-de-2021.webp\",\"contentUrl\":\"https:\/\/www.gaveanews.com\/wp-content\/uploads\/Thiago-Maia-em-acao-pelo-Flamengo-diante-da-equipe-do-Cuiaba-pelo-Campeonato-Brasileiro-da-temporada-de-2021.webp\",\"width\":799,\"height\":533,\"caption\":\"Thiago Maia em a\u00e7\u00e3o pelo Flamengo diante da equipe do Cuiab\u00e1 pelo Campeonato Brasileiro da temporada de 2021 (Foto: Alexandre Vidal\/Flamengo)\"},{\"@type\":\"BreadcrumbList\",\"@id\":\"https:\/\/www.gaveanews.com\/index.php\/2022\/02\/18\/flamengo-ja-sabe-quando-tera-thiago-maia-de-volta-ao-time\/#breadcrumb\",\"itemListElement\":[{\"@type\":\"ListItem\",\"position\":1,\"name\":\"Home\",\"item\":\"https:\/\/www.gaveanews.com\/\"},{\"@type\":\"ListItem\",\"position\":2,\"name\":\"Flamengo j\u00e1 sabe quando ter\u00e1 Thiago Maia de volta ao time\"}]},{\"@type\":\"WebSite\",\"@id\":\"https:\/\/www.gaveanews.com\/#website\",\"url\":\"https:\/\/www.gaveanews.com\/\",\"name\":\"G\u00e1vea News\",\"description\":\"Veja todas as not\u00edcias sobre o Flamengo: Contrata\u00e7\u00f5es, categorias de base, resultados das partidas, tabela de classifica\u00e7\u00e3o, pr\u00f3ximos jogos!\",\"potentialAction\":[{\"@type\":\"SearchAction\",\"target\":{\"@type\":\"EntryPoint\",\"urlTemplate\":\"https:\/\/www.gaveanews.com\/?s={search_term_string}\"},\"query-input\":{\"@type\":\"PropertyValueSpecification\",\"valueRequired\":true,\"valueName\":\"search_term_string\"}}],\"inLanguage\":\"pt-BR\"},{\"@type\":\"Person\",\"@id\":\"https:\/\/www.gaveanews.com\/#\/schema\/person\/2ec14f73fb96be2caf28f91afb14749d\",\"name\":\"Equipe G\u00e1vea News\",\"image\":{\"@type\":\"ImageObject\",\"inLanguage\":\"pt-BR\",\"@id\":\"https:\/\/www.gaveanews.com\/#\/schema\/person\/image\/\",\"url\":\"https:\/\/secure.gravatar.com\/avatar\/1e1956f1facbffd3f8fa53a326721950116b3b9dc9bd44939c01180fd4a745a9?s=96&d=mm&r=g\",\"contentUrl\":\"https:\/\/secure.gravatar.com\/avatar\/1e1956f1facbffd3f8fa53a326721950116b3b9dc9bd44939c01180fd4a745a9?s=96&d=mm&r=g\",\"caption\":\"Equipe G\u00e1vea News\"}}]}<\/script>\n<!-- \/ Yoast SEO Premium plugin. -->","yoast_head_json":{"title":"Flamengo j\u00e1 sabe quando ter\u00e1 Thiago Maia de volta ao time","robots":{"index":"index","follow":"follow","max-snippet":"max-snippet:-1","max-image-preview":"max-image-preview:large","max-video-preview":"max-video-preview:-1"},"canonical":"https:\/\/www.gaveanews.com\/index.php\/2022\/02\/18\/flamengo-ja-sabe-quando-tera-thiago-maia-de-volta-ao-time\/","og_locale":"pt_BR","og_type":"article","og_title":"Flamengo j\u00e1 sabe quando ter\u00e1 Thiago Maia de volta ao time","og_description":"O Flamengo j\u00e1 tem previs\u00e3o de quando ir\u00e1 voltar a contar com Thiago Maia no time ap\u00f3s a les\u00e3o sofrida pelo atleta em treino. Segundo publica\u00e7\u00e3o do jornalista Ven\u00ea Casagrande, o atleta deve voltar a atuar com a camisa do Rubro-Negro em mar\u00e7o. O volante recebeu cerca de dez pontos no local do corte que [&hellip;]","og_url":"https:\/\/www.gaveanews.com\/index.php\/2022\/02\/18\/flamengo-ja-sabe-quando-tera-thiago-maia-de-volta-ao-time\/","og_site_name":"G\u00e1vea News","article_publisher":"https:\/\/facebook.com\/gaveaNews\/","article_published_time":"2022-02-18T10:35:09+00:00","article_modified_time":"2022-02-18T10:35:12+00:00","og_image":[{"width":799,"height":533,"url":"https:\/\/www.gaveanews.com\/wp-content\/uploads\/Thiago-Maia-em-acao-pelo-Flamengo-diante-da-equipe-do-Cuiaba-pelo-Campeonato-Brasileiro-da-temporada-de-2021.webp","type":"image\/jpeg"}],"author":"Equipe G\u00e1vea News","twitter_card":"summary_large_image","twitter_misc":{"Escrito por":"Equipe G\u00e1vea News","Est. tempo de leitura":"2 minutos"},"schema":{"@context":"https:\/\/schema.org","@graph":[{"@type":"NewsArticle","@id":"https:\/\/www.gaveanews.com\/index.php\/2022\/02\/18\/flamengo-ja-sabe-quando-tera-thiago-maia-de-volta-ao-time\/#article","isPartOf":{"@id":"https:\/\/www.gaveanews.com\/index.php\/2022\/02\/18\/flamengo-ja-sabe-quando-tera-thiago-maia-de-volta-ao-time\/"},"author":{"name":"Equipe G\u00e1vea News","@id":"https:\/\/www.gaveanews.com\/#\/schema\/person\/2ec14f73fb96be2caf28f91afb14749d"},"headline":"Flamengo j\u00e1 sabe quando ter\u00e1 Thiago Maia de volta ao time","datePublished":"2022-02-18T10:35:09+00:00","dateModified":"2022-02-18T10:35:12+00:00","mainEntityOfPage":{"@id":"https:\/\/www.gaveanews.com\/index.php\/2022\/02\/18\/flamengo-ja-sabe-quando-tera-thiago-maia-de-volta-ao-time\/"},"wordCount":287,"commentCount":6,"image":{"@id":"https:\/\/www.gaveanews.com\/index.php\/2022\/02\/18\/flamengo-ja-sabe-quando-tera-thiago-maia-de-volta-ao-time\/#primaryimage"},"thumbnailUrl":"https:\/\/www.gaveanews.com\/wp-content\/uploads\/Thiago-Maia-em-acao-pelo-Flamengo-diante-da-equipe-do-Cuiaba-pelo-Campeonato-Brasileiro-da-temporada-de-2021.webp","articleSection":["Flamengo"],"inLanguage":"pt-BR","potentialAction":[{"@type":"CommentAction","name":"Comment","target":["https:\/\/www.gaveanews.com\/index.php\/2022\/02\/18\/flamengo-ja-sabe-quando-tera-thiago-maia-de-volta-ao-time\/#respond"]}],"copyrightYear":"2022","copyrightHolder":{"@id":"https:\/\/www.gaveanews.com\/#organization"}},{"@type":"WebPage","@id":"https:\/\/www.gaveanews.com\/index.php\/2022\/02\/18\/flamengo-ja-sabe-quando-tera-thiago-maia-de-volta-ao-time\/","url":"https:\/\/www.gaveanews.com\/index.php\/2022\/02\/18\/flamengo-ja-sabe-quando-tera-thiago-maia-de-volta-ao-time\/","name":"Flamengo j\u00e1 sabe quando ter\u00e1 Thiago Maia de volta ao time","isPartOf":{"@id":"https:\/\/www.gaveanews.com\/#website"},"primaryImageOfPage":{"@id":"https:\/\/www.gaveanews.com\/index.php\/2022\/02\/18\/flamengo-ja-sabe-quando-tera-thiago-maia-de-volta-ao-time\/#primaryimage"},"image":{"@id":"https:\/\/www.gaveanews.com\/index.php\/2022\/02\/18\/flamengo-ja-sabe-quando-tera-thiago-maia-de-volta-ao-time\/#primaryimage"},"thumbnailUrl":"https:\/\/www.gaveanews.com\/wp-content\/uploads\/Thiago-Maia-em-acao-pelo-Flamengo-diante-da-equipe-do-Cuiaba-pelo-Campeonato-Brasileiro-da-temporada-de-2021.webp","datePublished":"2022-02-18T10:35:09+00:00","dateModified":"2022-02-18T10:35:12+00:00","author":{"@id":"https:\/\/www.gaveanews.com\/#\/schema\/person\/2ec14f73fb96be2caf28f91afb14749d"},"breadcrumb":{"@id":"https:\/\/www.gaveanews.com\/index.php\/2022\/02\/18\/flamengo-ja-sabe-quando-tera-thiago-maia-de-volta-ao-time\/#breadcrumb"},"inLanguage":"pt-BR","potentialAction":[{"@type":"ReadAction","target":["https:\/\/www.gaveanews.com\/index.php\/2022\/02\/18\/flamengo-ja-sabe-quando-tera-thiago-maia-de-volta-ao-time\/"]}]},{"@type":"ImageObject","inLanguage":"pt-BR","@id":"https:\/\/www.gaveanews.com\/index.php\/2022\/02\/18\/flamengo-ja-sabe-quando-tera-thiago-maia-de-volta-ao-time\/#primaryimage","url":"https:\/\/www.gaveanews.com\/wp-content\/uploads\/Thiago-Maia-em-acao-pelo-Flamengo-diante-da-equipe-do-Cuiaba-pelo-Campeonato-Brasileiro-da-temporada-de-2021.webp","contentUrl":"https:\/\/www.gaveanews.com\/wp-content\/uploads\/Thiago-Maia-em-acao-pelo-Flamengo-diante-da-equipe-do-Cuiaba-pelo-Campeonato-Brasileiro-da-temporada-de-2021.webp","width":799,"height":533,"caption":"Thiago Maia em a\u00e7\u00e3o pelo Flamengo diante da equipe do Cuiab\u00e1 pelo Campeonato Brasileiro da temporada de 2021 (Foto: Alexandre Vidal\/Flamengo)"},{"@type":"BreadcrumbList","@id":"https:\/\/www.gaveanews.com\/index.php\/2022\/02\/18\/flamengo-ja-sabe-quando-tera-thiago-maia-de-volta-ao-time\/#breadcrumb","itemListElement":[{"@type":"ListItem","position":1,"name":"Home","item":"https:\/\/www.gaveanews.com\/"},{"@type":"ListItem","position":2,"name":"Flamengo j\u00e1 sabe quando ter\u00e1 Thiago Maia de volta ao time"}]},{"@type":"WebSite","@id":"https:\/\/www.gaveanews.com\/#website","url":"https:\/\/www.gaveanews.com\/","name":"G\u00e1vea News","description":"Veja todas as not\u00edcias sobre o Flamengo: Contrata\u00e7\u00f5es, categorias de base, resultados das partidas, tabela de classifica\u00e7\u00e3o, pr\u00f3ximos jogos!","potentialAction":[{"@type":"SearchAction","target":{"@type":"EntryPoint","urlTemplate":"https:\/\/www.gaveanews.com\/?s={search_term_string}"},"query-input":{"@type":"PropertyValueSpecification","valueRequired":true,"valueName":"search_term_string"}}],"inLanguage":"pt-BR"},{"@type":"Person","@id":"https:\/\/www.gaveanews.com\/#\/schema\/person\/2ec14f73fb96be2caf28f91afb14749d","name":"Equipe G\u00e1vea News","image":{"@type":"ImageObject","inLanguage":"pt-BR","@id":"https:\/\/www.gaveanews.com\/#\/schema\/person\/image\/","url":"https:\/\/secure.gravatar.com\/avatar\/1e1956f1facbffd3f8fa53a326721950116b3b9dc9bd44939c01180fd4a745a9?s=96&d=mm&r=g","contentUrl":"https:\/\/secure.gravatar.com\/avatar\/1e1956f1facbffd3f8fa53a326721950116b3b9dc9bd44939c01180fd4a745a9?s=96&d=mm&r=g","caption":"Equipe G\u00e1vea News"}}]}},"_links":{"self":[{"href":"https:\/\/www.gaveanews.com\/index.php\/wp-json\/wp\/v2\/posts\/76964","targetHints":{"allow":["GET"]}}],"collection":[{"href":"https:\/\/www.gaveanews.com\/index.php\/wp-json\/wp\/v2\/posts"}],"about":[{"href":"https:\/\/www.gaveanews.com\/index.php\/wp-json\/wp\/v2\/types\/post"}],"author":[{"embeddable":true,"href":"https:\/\/www.gaveanews.com\/index.php\/wp-json\/wp\/v2\/users\/1"}],"replies":[{"embeddable":true,"href":"https:\/\/www.gaveanews.com\/index.php\/wp-json\/wp\/v2\/comments?post=76964"}],"version-history":[{"count":0,"href":"https:\/\/www.gaveanews.com\/index.php\/wp-json\/wp\/v2\/posts\/76964\/revisions"}],"wp:featuredmedia":[{"embeddable":true,"href":"https:\/\/www.gaveanews.com\/index.php\/wp-json\/wp\/v2\/media\/63876"}],"wp:attachment":[{"href":"https:\/\/www.gaveanews.com\/index.php\/wp-json\/wp\/v2\/media?parent=76964"}],"wp:term":[{"taxonomy":"category","embeddable":true,"href":"https:\/\/www.gaveanews.com\/index.php\/wp-json\/wp\/v2\/categories?post=76964"},{"taxonomy":"post_tag","embeddable":true,"href":"https:\/\/www.gaveanews.com\/index.php\/wp-json\/wp\/v2\/tags?post=76964"}],"curies":[{"name":"wp","href":"https:\/\/api.w.org\/{rel}","templated":true}]}}