{"id":77244,"date":"2022-02-23T13:02:41","date_gmt":"2022-02-23T16:02:41","guid":{"rendered":"https:\/\/www.gaveanews.com\/?p=77244"},"modified":"2024-04-07T09:30:15","modified_gmt":"2024-04-07T12:30:15","slug":"escolhas-de-paulo-sousa-mostram-o-fim-da-cadeira-cativa-no-flamengo","status":"publish","type":"post","link":"https:\/\/www.gaveanews.com\/index.php\/2022\/02\/23\/escolhas-de-paulo-sousa-mostram-o-fim-da-cadeira-cativa-no-flamengo\/","title":{"rendered":"Escolhas de Paulo Sousa mostram o fim da &#8220;cadeira cativa&#8221; no Flamengo"},"content":{"rendered":"<p>Ainda em clima de pr\u00e9-temporada e de testes, Paulo Sousa j\u00e1 mostra como agir\u00e1 com o elenco do Flamengo no dia a dia. O t\u00e9cnico aproveitou as poucas semanas que teve para focar apenas nos treinamentos e iniciou a avalia\u00e7\u00e3o do time como um todo.<\/p>\n<p>Assim, ele tem utilizado o Campeonato Carioca como um laborat\u00f3rio e analisado quais op\u00e7\u00f5es funcionam e quais n\u00e3o. Um fato importante de ser observado se deve ao treinador acionar os jogadores da forma que acha adequada ao jogo, sem se prender nos atletas que eram titulares incontest\u00e1veis anteriormente.<\/p>\n<p>Nesta leva, os mais jovens do elenco ganharam mais oportunidades. Dentre eles, Jo\u00e3o Gomes, L\u00e1zaro e Hugo Souza est\u00e3o sendo utilizados um grande frequ\u00eancia pelo portugu\u00eas. Matheuzinho, Cleiton e Noga n\u00e3o ficam em tanta evid\u00eancia quanto a dupla citada, mas tamb\u00e9m possuem espa\u00e7o na equipe rubro-negra.<\/p>\n<p>Em contrapartida, jogadores mais experientes est\u00e3o passando mais tempo no banco do que costumavam at\u00e9 a \u00faltima temporada. Isla e Diego Alves, por exemplo, s\u00e3o pouco lembrados. O chileno perdeu espa\u00e7o com o novo t\u00e9cnico, que tem preferido utilizar Rodinei na posi\u00e7\u00e3o. Diego Alves, por sua vez, ainda n\u00e3o estreou em 2022, mesmo estando bem fisicamente.<\/p>\n<p>Outro caso curioso \u00e9 o de Andreas Pereira. O volante chegou no ano passado e rapidamente se tornou titular absoluto do time. O camisa 18, no entanto est\u00e1 sendo preterido em diversas ocasi\u00f5es para que Jo\u00e3o Gomes a partida em campo.<\/p>\n<p>Desta forma, Paulo Sousa d\u00e1 claros sinais de que est\u00e1 fazendo uma reforma no time titular do Flamengo. Assim, o t\u00e9cnico promove a competitividade por posi\u00e7\u00f5es na equipe e faz com que os jogadores precisem se esfor\u00e7ar um pouco mais para serem garantidos entre os 11 principais.<\/p>\n","protected":false},"excerpt":{"rendered":"<p>Ainda em clima de pr\u00e9-temporada e de testes, Paulo Sousa j\u00e1 mostra como agir\u00e1 com o elenco do Flamengo no dia a dia. O t\u00e9cnico aproveitou as poucas semanas que teve para focar apenas nos treinamentos e iniciou a avalia\u00e7\u00e3o do time como um todo. Assim, ele tem utilizado o Campeonato Carioca como um laborat\u00f3rio [&hellip;]<\/p>\n","protected":false},"author":4,"featured_media":77091,"comment_status":"open","ping_status":"closed","sticky":false,"template":"","format":"standard","meta":{"footnotes":""},"categories":[1],"tags":[205],"class_list":["post-77244","post","type-post","status-publish","format-standard","has-post-thumbnail","hentry","category-flamengo","tag-paulo-manuel-carvalho-sousa"],"yoast_head":"<!-- This site is optimized with the Yoast SEO Premium plugin v24.2 (Yoast SEO v26.9) - https:\/\/yoast.com\/product\/yoast-seo-premium-wordpress\/ -->\n<title>Escolhas de Paulo Sousa mostram o fim da &quot;cadeira cativa&quot; no Flamengo<\/title>\n<meta name=\"robots\" content=\"index, follow, max-snippet:-1, max-image-preview:large, max-video-preview:-1\" \/>\n<link rel=\"canonical\" href=\"https:\/\/www.gaveanews.com\/index.php\/2022\/02\/23\/escolhas-de-paulo-sousa-mostram-o-fim-da-cadeira-cativa-no-flamengo\/\" \/>\n<meta property=\"og:locale\" content=\"pt_BR\" \/>\n<meta property=\"og:type\" content=\"article\" \/>\n<meta property=\"og:title\" content=\"Escolhas de Paulo Sousa mostram o fim da &quot;cadeira cativa&quot; no Flamengo\" \/>\n<meta property=\"og:description\" content=\"Ainda em clima de pr\u00e9-temporada e de testes, Paulo Sousa j\u00e1 mostra como agir\u00e1 com o elenco do Flamengo no dia a dia. O t\u00e9cnico aproveitou as poucas semanas que teve para focar apenas nos treinamentos e iniciou a avalia\u00e7\u00e3o do time como um todo. Assim, ele tem utilizado o Campeonato Carioca como um laborat\u00f3rio [&hellip;]\" \/>\n<meta property=\"og:url\" content=\"https:\/\/www.gaveanews.com\/index.php\/2022\/02\/23\/escolhas-de-paulo-sousa-mostram-o-fim-da-cadeira-cativa-no-flamengo\/\" \/>\n<meta property=\"og:site_name\" content=\"G\u00e1vea News\" \/>\n<meta property=\"article:publisher\" content=\"https:\/\/facebook.com\/gaveaNews\/\" \/>\n<meta property=\"article:published_time\" content=\"2022-02-23T16:02:41+00:00\" \/>\n<meta property=\"article:modified_time\" content=\"2024-04-07T12:30:15+00:00\" \/>\n<meta property=\"og:image\" content=\"https:\/\/www.gaveanews.com\/wp-content\/uploads\/Paulo-Sousa-comanda-elenco-do-Flamengo-na-final-da-Supercopa-do-Brasil-2022.webp\" \/>\n\t<meta property=\"og:image:width\" content=\"799\" \/>\n\t<meta property=\"og:image:height\" content=\"533\" \/>\n\t<meta property=\"og:image:type\" content=\"image\/jpeg\" \/>\n<meta name=\"author\" content=\"Let\u00edcia Gerheim\" \/>\n<meta name=\"twitter:card\" content=\"summary_large_image\" \/>\n<meta name=\"twitter:label1\" content=\"Escrito por\" \/>\n\t<meta name=\"twitter:data1\" content=\"Let\u00edcia Gerheim\" \/>\n\t<meta name=\"twitter:label2\" content=\"Est. tempo de leitura\" \/>\n\t<meta name=\"twitter:data2\" content=\"2 minutos\" \/>\n<script type=\"application\/ld+json\" class=\"yoast-schema-graph\">{\"@context\":\"https:\/\/schema.org\",\"@graph\":[{\"@type\":\"NewsArticle\",\"@id\":\"https:\/\/www.gaveanews.com\/index.php\/2022\/02\/23\/escolhas-de-paulo-sousa-mostram-o-fim-da-cadeira-cativa-no-flamengo\/#article\",\"isPartOf\":{\"@id\":\"https:\/\/www.gaveanews.com\/index.php\/2022\/02\/23\/escolhas-de-paulo-sousa-mostram-o-fim-da-cadeira-cativa-no-flamengo\/\"},\"author\":{\"name\":\"Let\u00edcia Gerheim\",\"@id\":\"https:\/\/www.gaveanews.com\/#\/schema\/person\/714c67050b836198af2450ba1c142a67\"},\"headline\":\"Escolhas de Paulo Sousa mostram o fim da &#8220;cadeira cativa&#8221; no Flamengo\",\"datePublished\":\"2022-02-23T16:02:41+00:00\",\"dateModified\":\"2024-04-07T12:30:15+00:00\",\"mainEntityOfPage\":{\"@id\":\"https:\/\/www.gaveanews.com\/index.php\/2022\/02\/23\/escolhas-de-paulo-sousa-mostram-o-fim-da-cadeira-cativa-no-flamengo\/\"},\"wordCount\":318,\"commentCount\":12,\"image\":{\"@id\":\"https:\/\/www.gaveanews.com\/index.php\/2022\/02\/23\/escolhas-de-paulo-sousa-mostram-o-fim-da-cadeira-cativa-no-flamengo\/#primaryimage\"},\"thumbnailUrl\":\"https:\/\/www.gaveanews.com\/wp-content\/uploads\/Paulo-Sousa-comanda-elenco-do-Flamengo-na-final-da-Supercopa-do-Brasil-2022.webp\",\"keywords\":[\"Paulo Manuel Carvalho Sousa\"],\"articleSection\":[\"Flamengo\"],\"inLanguage\":\"pt-BR\",\"potentialAction\":[{\"@type\":\"CommentAction\",\"name\":\"Comment\",\"target\":[\"https:\/\/www.gaveanews.com\/index.php\/2022\/02\/23\/escolhas-de-paulo-sousa-mostram-o-fim-da-cadeira-cativa-no-flamengo\/#respond\"]}],\"copyrightYear\":\"2022\",\"copyrightHolder\":{\"@id\":\"https:\/\/www.gaveanews.com\/#organization\"}},{\"@type\":\"WebPage\",\"@id\":\"https:\/\/www.gaveanews.com\/index.php\/2022\/02\/23\/escolhas-de-paulo-sousa-mostram-o-fim-da-cadeira-cativa-no-flamengo\/\",\"url\":\"https:\/\/www.gaveanews.com\/index.php\/2022\/02\/23\/escolhas-de-paulo-sousa-mostram-o-fim-da-cadeira-cativa-no-flamengo\/\",\"name\":\"Escolhas de Paulo Sousa mostram o fim da \\\"cadeira cativa\\\" no Flamengo\",\"isPartOf\":{\"@id\":\"https:\/\/www.gaveanews.com\/#website\"},\"primaryImageOfPage\":{\"@id\":\"https:\/\/www.gaveanews.com\/index.php\/2022\/02\/23\/escolhas-de-paulo-sousa-mostram-o-fim-da-cadeira-cativa-no-flamengo\/#primaryimage\"},\"image\":{\"@id\":\"https:\/\/www.gaveanews.com\/index.php\/2022\/02\/23\/escolhas-de-paulo-sousa-mostram-o-fim-da-cadeira-cativa-no-flamengo\/#primaryimage\"},\"thumbnailUrl\":\"https:\/\/www.gaveanews.com\/wp-content\/uploads\/Paulo-Sousa-comanda-elenco-do-Flamengo-na-final-da-Supercopa-do-Brasil-2022.webp\",\"datePublished\":\"2022-02-23T16:02:41+00:00\",\"dateModified\":\"2024-04-07T12:30:15+00:00\",\"author\":{\"@id\":\"https:\/\/www.gaveanews.com\/#\/schema\/person\/714c67050b836198af2450ba1c142a67\"},\"breadcrumb\":{\"@id\":\"https:\/\/www.gaveanews.com\/index.php\/2022\/02\/23\/escolhas-de-paulo-sousa-mostram-o-fim-da-cadeira-cativa-no-flamengo\/#breadcrumb\"},\"inLanguage\":\"pt-BR\",\"potentialAction\":[{\"@type\":\"ReadAction\",\"target\":[\"https:\/\/www.gaveanews.com\/index.php\/2022\/02\/23\/escolhas-de-paulo-sousa-mostram-o-fim-da-cadeira-cativa-no-flamengo\/\"]}]},{\"@type\":\"ImageObject\",\"inLanguage\":\"pt-BR\",\"@id\":\"https:\/\/www.gaveanews.com\/index.php\/2022\/02\/23\/escolhas-de-paulo-sousa-mostram-o-fim-da-cadeira-cativa-no-flamengo\/#primaryimage\",\"url\":\"https:\/\/www.gaveanews.com\/wp-content\/uploads\/Paulo-Sousa-comanda-elenco-do-Flamengo-na-final-da-Supercopa-do-Brasil-2022.webp\",\"contentUrl\":\"https:\/\/www.gaveanews.com\/wp-content\/uploads\/Paulo-Sousa-comanda-elenco-do-Flamengo-na-final-da-Supercopa-do-Brasil-2022.webp\",\"width\":799,\"height\":533,\"caption\":\"Paulo Sousa comanda elenco do Flamengo na final da Supercopa do Brasil 2022 (Foto: Marcelo Cortes\/Flamengo)\"},{\"@type\":\"BreadcrumbList\",\"@id\":\"https:\/\/www.gaveanews.com\/index.php\/2022\/02\/23\/escolhas-de-paulo-sousa-mostram-o-fim-da-cadeira-cativa-no-flamengo\/#breadcrumb\",\"itemListElement\":[{\"@type\":\"ListItem\",\"position\":1,\"name\":\"Home\",\"item\":\"https:\/\/www.gaveanews.com\/\"},{\"@type\":\"ListItem\",\"position\":2,\"name\":\"Escolhas de Paulo Sousa mostram o fim da &#8220;cadeira cativa&#8221; no Flamengo\"}]},{\"@type\":\"WebSite\",\"@id\":\"https:\/\/www.gaveanews.com\/#website\",\"url\":\"https:\/\/www.gaveanews.com\/\",\"name\":\"G\u00e1vea News\",\"description\":\"Veja todas as not\u00edcias sobre o Flamengo: Contrata\u00e7\u00f5es, categorias de base, resultados das partidas, tabela de classifica\u00e7\u00e3o, pr\u00f3ximos jogos!\",\"potentialAction\":[{\"@type\":\"SearchAction\",\"target\":{\"@type\":\"EntryPoint\",\"urlTemplate\":\"https:\/\/www.gaveanews.com\/?s={search_term_string}\"},\"query-input\":{\"@type\":\"PropertyValueSpecification\",\"valueRequired\":true,\"valueName\":\"search_term_string\"}}],\"inLanguage\":\"pt-BR\"},{\"@type\":\"Person\",\"@id\":\"https:\/\/www.gaveanews.com\/#\/schema\/person\/714c67050b836198af2450ba1c142a67\",\"name\":\"Let\u00edcia Gerheim\",\"image\":{\"@type\":\"ImageObject\",\"inLanguage\":\"pt-BR\",\"@id\":\"https:\/\/www.gaveanews.com\/#\/schema\/person\/image\/\",\"url\":\"https:\/\/secure.gravatar.com\/avatar\/60734739c50fcebfbac509e2a826ccd0ff405c019bc73aab9354f19ecad1dcb4?s=96&d=mm&r=g\",\"contentUrl\":\"https:\/\/secure.gravatar.com\/avatar\/60734739c50fcebfbac509e2a826ccd0ff405c019bc73aab9354f19ecad1dcb4?s=96&d=mm&r=g\",\"caption\":\"Let\u00edcia Gerheim\"}}]}<\/script>\n<!-- \/ Yoast SEO Premium plugin. -->","yoast_head_json":{"title":"Escolhas de Paulo Sousa mostram o fim da \"cadeira cativa\" no Flamengo","robots":{"index":"index","follow":"follow","max-snippet":"max-snippet:-1","max-image-preview":"max-image-preview:large","max-video-preview":"max-video-preview:-1"},"canonical":"https:\/\/www.gaveanews.com\/index.php\/2022\/02\/23\/escolhas-de-paulo-sousa-mostram-o-fim-da-cadeira-cativa-no-flamengo\/","og_locale":"pt_BR","og_type":"article","og_title":"Escolhas de Paulo Sousa mostram o fim da \"cadeira cativa\" no Flamengo","og_description":"Ainda em clima de pr\u00e9-temporada e de testes, Paulo Sousa j\u00e1 mostra como agir\u00e1 com o elenco do Flamengo no dia a dia. O t\u00e9cnico aproveitou as poucas semanas que teve para focar apenas nos treinamentos e iniciou a avalia\u00e7\u00e3o do time como um todo. Assim, ele tem utilizado o Campeonato Carioca como um laborat\u00f3rio [&hellip;]","og_url":"https:\/\/www.gaveanews.com\/index.php\/2022\/02\/23\/escolhas-de-paulo-sousa-mostram-o-fim-da-cadeira-cativa-no-flamengo\/","og_site_name":"G\u00e1vea News","article_publisher":"https:\/\/facebook.com\/gaveaNews\/","article_published_time":"2022-02-23T16:02:41+00:00","article_modified_time":"2024-04-07T12:30:15+00:00","og_image":[{"width":799,"height":533,"url":"https:\/\/www.gaveanews.com\/wp-content\/uploads\/Paulo-Sousa-comanda-elenco-do-Flamengo-na-final-da-Supercopa-do-Brasil-2022.webp","type":"image\/jpeg"}],"author":"Let\u00edcia Gerheim","twitter_card":"summary_large_image","twitter_misc":{"Escrito por":"Let\u00edcia Gerheim","Est. tempo de leitura":"2 minutos"},"schema":{"@context":"https:\/\/schema.org","@graph":[{"@type":"NewsArticle","@id":"https:\/\/www.gaveanews.com\/index.php\/2022\/02\/23\/escolhas-de-paulo-sousa-mostram-o-fim-da-cadeira-cativa-no-flamengo\/#article","isPartOf":{"@id":"https:\/\/www.gaveanews.com\/index.php\/2022\/02\/23\/escolhas-de-paulo-sousa-mostram-o-fim-da-cadeira-cativa-no-flamengo\/"},"author":{"name":"Let\u00edcia Gerheim","@id":"https:\/\/www.gaveanews.com\/#\/schema\/person\/714c67050b836198af2450ba1c142a67"},"headline":"Escolhas de Paulo Sousa mostram o fim da &#8220;cadeira cativa&#8221; no Flamengo","datePublished":"2022-02-23T16:02:41+00:00","dateModified":"2024-04-07T12:30:15+00:00","mainEntityOfPage":{"@id":"https:\/\/www.gaveanews.com\/index.php\/2022\/02\/23\/escolhas-de-paulo-sousa-mostram-o-fim-da-cadeira-cativa-no-flamengo\/"},"wordCount":318,"commentCount":12,"image":{"@id":"https:\/\/www.gaveanews.com\/index.php\/2022\/02\/23\/escolhas-de-paulo-sousa-mostram-o-fim-da-cadeira-cativa-no-flamengo\/#primaryimage"},"thumbnailUrl":"https:\/\/www.gaveanews.com\/wp-content\/uploads\/Paulo-Sousa-comanda-elenco-do-Flamengo-na-final-da-Supercopa-do-Brasil-2022.webp","keywords":["Paulo Manuel Carvalho Sousa"],"articleSection":["Flamengo"],"inLanguage":"pt-BR","potentialAction":[{"@type":"CommentAction","name":"Comment","target":["https:\/\/www.gaveanews.com\/index.php\/2022\/02\/23\/escolhas-de-paulo-sousa-mostram-o-fim-da-cadeira-cativa-no-flamengo\/#respond"]}],"copyrightYear":"2022","copyrightHolder":{"@id":"https:\/\/www.gaveanews.com\/#organization"}},{"@type":"WebPage","@id":"https:\/\/www.gaveanews.com\/index.php\/2022\/02\/23\/escolhas-de-paulo-sousa-mostram-o-fim-da-cadeira-cativa-no-flamengo\/","url":"https:\/\/www.gaveanews.com\/index.php\/2022\/02\/23\/escolhas-de-paulo-sousa-mostram-o-fim-da-cadeira-cativa-no-flamengo\/","name":"Escolhas de Paulo Sousa mostram o fim da \"cadeira cativa\" no Flamengo","isPartOf":{"@id":"https:\/\/www.gaveanews.com\/#website"},"primaryImageOfPage":{"@id":"https:\/\/www.gaveanews.com\/index.php\/2022\/02\/23\/escolhas-de-paulo-sousa-mostram-o-fim-da-cadeira-cativa-no-flamengo\/#primaryimage"},"image":{"@id":"https:\/\/www.gaveanews.com\/index.php\/2022\/02\/23\/escolhas-de-paulo-sousa-mostram-o-fim-da-cadeira-cativa-no-flamengo\/#primaryimage"},"thumbnailUrl":"https:\/\/www.gaveanews.com\/wp-content\/uploads\/Paulo-Sousa-comanda-elenco-do-Flamengo-na-final-da-Supercopa-do-Brasil-2022.webp","datePublished":"2022-02-23T16:02:41+00:00","dateModified":"2024-04-07T12:30:15+00:00","author":{"@id":"https:\/\/www.gaveanews.com\/#\/schema\/person\/714c67050b836198af2450ba1c142a67"},"breadcrumb":{"@id":"https:\/\/www.gaveanews.com\/index.php\/2022\/02\/23\/escolhas-de-paulo-sousa-mostram-o-fim-da-cadeira-cativa-no-flamengo\/#breadcrumb"},"inLanguage":"pt-BR","potentialAction":[{"@type":"ReadAction","target":["https:\/\/www.gaveanews.com\/index.php\/2022\/02\/23\/escolhas-de-paulo-sousa-mostram-o-fim-da-cadeira-cativa-no-flamengo\/"]}]},{"@type":"ImageObject","inLanguage":"pt-BR","@id":"https:\/\/www.gaveanews.com\/index.php\/2022\/02\/23\/escolhas-de-paulo-sousa-mostram-o-fim-da-cadeira-cativa-no-flamengo\/#primaryimage","url":"https:\/\/www.gaveanews.com\/wp-content\/uploads\/Paulo-Sousa-comanda-elenco-do-Flamengo-na-final-da-Supercopa-do-Brasil-2022.webp","contentUrl":"https:\/\/www.gaveanews.com\/wp-content\/uploads\/Paulo-Sousa-comanda-elenco-do-Flamengo-na-final-da-Supercopa-do-Brasil-2022.webp","width":799,"height":533,"caption":"Paulo Sousa comanda elenco do Flamengo na final da Supercopa do Brasil 2022 (Foto: Marcelo Cortes\/Flamengo)"},{"@type":"BreadcrumbList","@id":"https:\/\/www.gaveanews.com\/index.php\/2022\/02\/23\/escolhas-de-paulo-sousa-mostram-o-fim-da-cadeira-cativa-no-flamengo\/#breadcrumb","itemListElement":[{"@type":"ListItem","position":1,"name":"Home","item":"https:\/\/www.gaveanews.com\/"},{"@type":"ListItem","position":2,"name":"Escolhas de Paulo Sousa mostram o fim da &#8220;cadeira cativa&#8221; no Flamengo"}]},{"@type":"WebSite","@id":"https:\/\/www.gaveanews.com\/#website","url":"https:\/\/www.gaveanews.com\/","name":"G\u00e1vea News","description":"Veja todas as not\u00edcias sobre o Flamengo: Contrata\u00e7\u00f5es, categorias de base, resultados das partidas, tabela de classifica\u00e7\u00e3o, pr\u00f3ximos jogos!","potentialAction":[{"@type":"SearchAction","target":{"@type":"EntryPoint","urlTemplate":"https:\/\/www.gaveanews.com\/?s={search_term_string}"},"query-input":{"@type":"PropertyValueSpecification","valueRequired":true,"valueName":"search_term_string"}}],"inLanguage":"pt-BR"},{"@type":"Person","@id":"https:\/\/www.gaveanews.com\/#\/schema\/person\/714c67050b836198af2450ba1c142a67","name":"Let\u00edcia Gerheim","image":{"@type":"ImageObject","inLanguage":"pt-BR","@id":"https:\/\/www.gaveanews.com\/#\/schema\/person\/image\/","url":"https:\/\/secure.gravatar.com\/avatar\/60734739c50fcebfbac509e2a826ccd0ff405c019bc73aab9354f19ecad1dcb4?s=96&d=mm&r=g","contentUrl":"https:\/\/secure.gravatar.com\/avatar\/60734739c50fcebfbac509e2a826ccd0ff405c019bc73aab9354f19ecad1dcb4?s=96&d=mm&r=g","caption":"Let\u00edcia Gerheim"}}]}},"_links":{"self":[{"href":"https:\/\/www.gaveanews.com\/index.php\/wp-json\/wp\/v2\/posts\/77244","targetHints":{"allow":["GET"]}}],"collection":[{"href":"https:\/\/www.gaveanews.com\/index.php\/wp-json\/wp\/v2\/posts"}],"about":[{"href":"https:\/\/www.gaveanews.com\/index.php\/wp-json\/wp\/v2\/types\/post"}],"author":[{"embeddable":true,"href":"https:\/\/www.gaveanews.com\/index.php\/wp-json\/wp\/v2\/users\/4"}],"replies":[{"embeddable":true,"href":"https:\/\/www.gaveanews.com\/index.php\/wp-json\/wp\/v2\/comments?post=77244"}],"version-history":[{"count":1,"href":"https:\/\/www.gaveanews.com\/index.php\/wp-json\/wp\/v2\/posts\/77244\/revisions"}],"predecessor-version":[{"id":136966,"href":"https:\/\/www.gaveanews.com\/index.php\/wp-json\/wp\/v2\/posts\/77244\/revisions\/136966"}],"wp:featuredmedia":[{"embeddable":true,"href":"https:\/\/www.gaveanews.com\/index.php\/wp-json\/wp\/v2\/media\/77091"}],"wp:attachment":[{"href":"https:\/\/www.gaveanews.com\/index.php\/wp-json\/wp\/v2\/media?parent=77244"}],"wp:term":[{"taxonomy":"category","embeddable":true,"href":"https:\/\/www.gaveanews.com\/index.php\/wp-json\/wp\/v2\/categories?post=77244"},{"taxonomy":"post_tag","embeddable":true,"href":"https:\/\/www.gaveanews.com\/index.php\/wp-json\/wp\/v2\/tags?post=77244"}],"curies":[{"name":"wp","href":"https:\/\/api.w.org\/{rel}","templated":true}]}}