{"id":77335,"date":"2022-02-24T16:20:18","date_gmt":"2022-02-24T19:20:18","guid":{"rendered":"https:\/\/www.gaveanews.com\/?p=77335"},"modified":"2022-02-24T16:20:18","modified_gmt":"2022-02-24T19:20:18","slug":"pedro-autoriza-agentes-a-conversar-com-o-palmeiras-mas-flamengo-veta","status":"publish","type":"post","link":"https:\/\/www.gaveanews.com\/index.php\/2022\/02\/24\/pedro-autoriza-agentes-a-conversar-com-o-palmeiras-mas-flamengo-veta\/","title":{"rendered":"Pedro autoriza agentes a conversar com o Palmeiras, mas Flamengo veta"},"content":{"rendered":"<p>O talento e a qualidade de Pedro chama a aten\u00e7\u00e3o de outros clubes brasileiros j\u00e1 h\u00e1 algum tempo. O jogador exibe bons n\u00fameros pelo Flamengo e atrai o interesse de equipes como o Palmeiras, por exemplo.<\/p>\n<p>E por falar no Alviverde, o clube paulista fez uma proposta pela transfer\u00eancia do camisa 21 rubro-negro. As conversas com os agentes do atleta foram autorizadas pelo pr\u00f3prio jogador, que avalia a mudan\u00e7a de ares como positiva.<\/p>\n<p>A ideia de Pedro \u00e9 de entrar um pouco mais em evid\u00eancia para que tenha a possibilidade de ser convocado para a Sele\u00e7\u00e3o Brasileira. Com o desejo em mente, o atacante viu acenou positivamente para negocia\u00e7\u00f5es com o Palmeiras.<\/p>\n<p>O valor oferecido pela transa\u00e7\u00e3o at\u00e9 agrada o Flamengo. Contudo, o Mais Querido recha\u00e7a qualquer possibilidade de refor\u00e7ar um rival de tal forma.<\/p>\n<p>Por isso, os dirigentes da G\u00e1vea rapidamente rejeitaram a proposta do time de S\u00e3o Paulo e pretende seguir com o jogador, visto como bastante importante internamente, no elenco. As informa\u00e7\u00f5es foram divulgadas pelo portal <em>&#8220;Goal&#8221;<\/em>.<\/p>\n<p>Contratado pelo Flamengo por empr\u00e9stimo em 2020 e comprado no ano seguinte, Pedro j\u00e1 disputou 105 partidas pelo Rubro-Negro. Neste per\u00edodo, o camisa 21 marcou 44 gols e deu 110 assist\u00eancias.<\/p>\n","protected":false},"excerpt":{"rendered":"<p>O talento e a qualidade de Pedro chama a aten\u00e7\u00e3o de outros clubes brasileiros j\u00e1 h\u00e1 algum tempo. O jogador exibe bons n\u00fameros pelo Flamengo e atrai o interesse de equipes como o Palmeiras, por exemplo. E por falar no Alviverde, o clube paulista fez uma proposta pela transfer\u00eancia do camisa 21 rubro-negro. As conversas [&hellip;]<\/p>\n","protected":false},"author":4,"featured_media":77336,"comment_status":"open","ping_status":"closed","sticky":false,"template":"","format":"standard","meta":{"footnotes":""},"categories":[1],"tags":[],"class_list":["post-77335","post","type-post","status-publish","format-standard","has-post-thumbnail","hentry","category-flamengo"],"yoast_head":"<!-- This site is optimized with the Yoast SEO Premium plugin v24.2 (Yoast SEO v26.9) - https:\/\/yoast.com\/product\/yoast-seo-premium-wordpress\/ -->\n<title>Pedro autoriza agentes a conversar com o Palmeiras, mas Flamengo veta<\/title>\n<meta name=\"robots\" content=\"index, follow, max-snippet:-1, max-image-preview:large, max-video-preview:-1\" \/>\n<link rel=\"canonical\" href=\"https:\/\/www.gaveanews.com\/index.php\/2022\/02\/24\/pedro-autoriza-agentes-a-conversar-com-o-palmeiras-mas-flamengo-veta\/\" \/>\n<meta property=\"og:locale\" content=\"pt_BR\" \/>\n<meta property=\"og:type\" content=\"article\" \/>\n<meta property=\"og:title\" content=\"Pedro autoriza agentes a conversar com o Palmeiras, mas Flamengo veta\" \/>\n<meta property=\"og:description\" content=\"O talento e a qualidade de Pedro chama a aten\u00e7\u00e3o de outros clubes brasileiros j\u00e1 h\u00e1 algum tempo. O jogador exibe bons n\u00fameros pelo Flamengo e atrai o interesse de equipes como o Palmeiras, por exemplo. E por falar no Alviverde, o clube paulista fez uma proposta pela transfer\u00eancia do camisa 21 rubro-negro. As conversas [&hellip;]\" \/>\n<meta property=\"og:url\" content=\"https:\/\/www.gaveanews.com\/index.php\/2022\/02\/24\/pedro-autoriza-agentes-a-conversar-com-o-palmeiras-mas-flamengo-veta\/\" \/>\n<meta property=\"og:site_name\" content=\"G\u00e1vea News\" \/>\n<meta property=\"article:publisher\" content=\"https:\/\/facebook.com\/gaveaNews\/\" \/>\n<meta property=\"article:published_time\" content=\"2022-02-24T19:20:18+00:00\" \/>\n<meta property=\"og:image\" content=\"https:\/\/www.gaveanews.com\/wp-content\/uploads\/Pedro-comemora-gol-marcado-pelo-Flamengo-contra-o-Botafogo.webp\" \/>\n\t<meta property=\"og:image:width\" content=\"800\" \/>\n\t<meta property=\"og:image:height\" content=\"560\" \/>\n\t<meta property=\"og:image:type\" content=\"image\/jpeg\" \/>\n<meta name=\"author\" content=\"Let\u00edcia Gerheim\" \/>\n<meta name=\"twitter:card\" content=\"summary_large_image\" \/>\n<meta name=\"twitter:label1\" content=\"Escrito por\" \/>\n\t<meta name=\"twitter:data1\" content=\"Let\u00edcia Gerheim\" \/>\n\t<meta name=\"twitter:label2\" content=\"Est. tempo de leitura\" \/>\n\t<meta name=\"twitter:data2\" content=\"1 minuto\" \/>\n<script type=\"application\/ld+json\" class=\"yoast-schema-graph\">{\"@context\":\"https:\/\/schema.org\",\"@graph\":[{\"@type\":\"NewsArticle\",\"@id\":\"https:\/\/www.gaveanews.com\/index.php\/2022\/02\/24\/pedro-autoriza-agentes-a-conversar-com-o-palmeiras-mas-flamengo-veta\/#article\",\"isPartOf\":{\"@id\":\"https:\/\/www.gaveanews.com\/index.php\/2022\/02\/24\/pedro-autoriza-agentes-a-conversar-com-o-palmeiras-mas-flamengo-veta\/\"},\"author\":{\"name\":\"Let\u00edcia Gerheim\",\"@id\":\"https:\/\/www.gaveanews.com\/#\/schema\/person\/714c67050b836198af2450ba1c142a67\"},\"headline\":\"Pedro autoriza agentes a conversar com o Palmeiras, mas Flamengo veta\",\"datePublished\":\"2022-02-24T19:20:18+00:00\",\"mainEntityOfPage\":{\"@id\":\"https:\/\/www.gaveanews.com\/index.php\/2022\/02\/24\/pedro-autoriza-agentes-a-conversar-com-o-palmeiras-mas-flamengo-veta\/\"},\"wordCount\":222,\"commentCount\":41,\"image\":{\"@id\":\"https:\/\/www.gaveanews.com\/index.php\/2022\/02\/24\/pedro-autoriza-agentes-a-conversar-com-o-palmeiras-mas-flamengo-veta\/#primaryimage\"},\"thumbnailUrl\":\"https:\/\/www.gaveanews.com\/wp-content\/uploads\/Pedro-comemora-gol-marcado-pelo-Flamengo-contra-o-Botafogo.webp\",\"articleSection\":[\"Flamengo\"],\"inLanguage\":\"pt-BR\",\"potentialAction\":[{\"@type\":\"CommentAction\",\"name\":\"Comment\",\"target\":[\"https:\/\/www.gaveanews.com\/index.php\/2022\/02\/24\/pedro-autoriza-agentes-a-conversar-com-o-palmeiras-mas-flamengo-veta\/#respond\"]}],\"copyrightYear\":\"2022\",\"copyrightHolder\":{\"@id\":\"https:\/\/www.gaveanews.com\/#organization\"}},{\"@type\":\"WebPage\",\"@id\":\"https:\/\/www.gaveanews.com\/index.php\/2022\/02\/24\/pedro-autoriza-agentes-a-conversar-com-o-palmeiras-mas-flamengo-veta\/\",\"url\":\"https:\/\/www.gaveanews.com\/index.php\/2022\/02\/24\/pedro-autoriza-agentes-a-conversar-com-o-palmeiras-mas-flamengo-veta\/\",\"name\":\"Pedro autoriza agentes a conversar com o Palmeiras, mas Flamengo veta\",\"isPartOf\":{\"@id\":\"https:\/\/www.gaveanews.com\/#website\"},\"primaryImageOfPage\":{\"@id\":\"https:\/\/www.gaveanews.com\/index.php\/2022\/02\/24\/pedro-autoriza-agentes-a-conversar-com-o-palmeiras-mas-flamengo-veta\/#primaryimage\"},\"image\":{\"@id\":\"https:\/\/www.gaveanews.com\/index.php\/2022\/02\/24\/pedro-autoriza-agentes-a-conversar-com-o-palmeiras-mas-flamengo-veta\/#primaryimage\"},\"thumbnailUrl\":\"https:\/\/www.gaveanews.com\/wp-content\/uploads\/Pedro-comemora-gol-marcado-pelo-Flamengo-contra-o-Botafogo.webp\",\"datePublished\":\"2022-02-24T19:20:18+00:00\",\"author\":{\"@id\":\"https:\/\/www.gaveanews.com\/#\/schema\/person\/714c67050b836198af2450ba1c142a67\"},\"breadcrumb\":{\"@id\":\"https:\/\/www.gaveanews.com\/index.php\/2022\/02\/24\/pedro-autoriza-agentes-a-conversar-com-o-palmeiras-mas-flamengo-veta\/#breadcrumb\"},\"inLanguage\":\"pt-BR\",\"potentialAction\":[{\"@type\":\"ReadAction\",\"target\":[\"https:\/\/www.gaveanews.com\/index.php\/2022\/02\/24\/pedro-autoriza-agentes-a-conversar-com-o-palmeiras-mas-flamengo-veta\/\"]}]},{\"@type\":\"ImageObject\",\"inLanguage\":\"pt-BR\",\"@id\":\"https:\/\/www.gaveanews.com\/index.php\/2022\/02\/24\/pedro-autoriza-agentes-a-conversar-com-o-palmeiras-mas-flamengo-veta\/#primaryimage\",\"url\":\"https:\/\/www.gaveanews.com\/wp-content\/uploads\/Pedro-comemora-gol-marcado-pelo-Flamengo-contra-o-Botafogo.webp\",\"contentUrl\":\"https:\/\/www.gaveanews.com\/wp-content\/uploads\/Pedro-comemora-gol-marcado-pelo-Flamengo-contra-o-Botafogo.webp\",\"width\":800,\"height\":560,\"caption\":\"Pedro comemora gol marcado pelo Flamengo contra o Botafogo (Foto: Gilvan de Souza\/Flamengo)\"},{\"@type\":\"BreadcrumbList\",\"@id\":\"https:\/\/www.gaveanews.com\/index.php\/2022\/02\/24\/pedro-autoriza-agentes-a-conversar-com-o-palmeiras-mas-flamengo-veta\/#breadcrumb\",\"itemListElement\":[{\"@type\":\"ListItem\",\"position\":1,\"name\":\"Home\",\"item\":\"https:\/\/www.gaveanews.com\/\"},{\"@type\":\"ListItem\",\"position\":2,\"name\":\"Pedro autoriza agentes a conversar com o Palmeiras, mas Flamengo veta\"}]},{\"@type\":\"WebSite\",\"@id\":\"https:\/\/www.gaveanews.com\/#website\",\"url\":\"https:\/\/www.gaveanews.com\/\",\"name\":\"G\u00e1vea News\",\"description\":\"Veja todas as not\u00edcias sobre o Flamengo: Contrata\u00e7\u00f5es, categorias de base, resultados das partidas, tabela de classifica\u00e7\u00e3o, pr\u00f3ximos jogos!\",\"potentialAction\":[{\"@type\":\"SearchAction\",\"target\":{\"@type\":\"EntryPoint\",\"urlTemplate\":\"https:\/\/www.gaveanews.com\/?s={search_term_string}\"},\"query-input\":{\"@type\":\"PropertyValueSpecification\",\"valueRequired\":true,\"valueName\":\"search_term_string\"}}],\"inLanguage\":\"pt-BR\"},{\"@type\":\"Person\",\"@id\":\"https:\/\/www.gaveanews.com\/#\/schema\/person\/714c67050b836198af2450ba1c142a67\",\"name\":\"Let\u00edcia Gerheim\",\"image\":{\"@type\":\"ImageObject\",\"inLanguage\":\"pt-BR\",\"@id\":\"https:\/\/www.gaveanews.com\/#\/schema\/person\/image\/\",\"url\":\"https:\/\/secure.gravatar.com\/avatar\/60734739c50fcebfbac509e2a826ccd0ff405c019bc73aab9354f19ecad1dcb4?s=96&d=mm&r=g\",\"contentUrl\":\"https:\/\/secure.gravatar.com\/avatar\/60734739c50fcebfbac509e2a826ccd0ff405c019bc73aab9354f19ecad1dcb4?s=96&d=mm&r=g\",\"caption\":\"Let\u00edcia Gerheim\"}}]}<\/script>\n<!-- \/ Yoast SEO Premium plugin. -->","yoast_head_json":{"title":"Pedro autoriza agentes a conversar com o Palmeiras, mas Flamengo veta","robots":{"index":"index","follow":"follow","max-snippet":"max-snippet:-1","max-image-preview":"max-image-preview:large","max-video-preview":"max-video-preview:-1"},"canonical":"https:\/\/www.gaveanews.com\/index.php\/2022\/02\/24\/pedro-autoriza-agentes-a-conversar-com-o-palmeiras-mas-flamengo-veta\/","og_locale":"pt_BR","og_type":"article","og_title":"Pedro autoriza agentes a conversar com o Palmeiras, mas Flamengo veta","og_description":"O talento e a qualidade de Pedro chama a aten\u00e7\u00e3o de outros clubes brasileiros j\u00e1 h\u00e1 algum tempo. O jogador exibe bons n\u00fameros pelo Flamengo e atrai o interesse de equipes como o Palmeiras, por exemplo. E por falar no Alviverde, o clube paulista fez uma proposta pela transfer\u00eancia do camisa 21 rubro-negro. As conversas [&hellip;]","og_url":"https:\/\/www.gaveanews.com\/index.php\/2022\/02\/24\/pedro-autoriza-agentes-a-conversar-com-o-palmeiras-mas-flamengo-veta\/","og_site_name":"G\u00e1vea News","article_publisher":"https:\/\/facebook.com\/gaveaNews\/","article_published_time":"2022-02-24T19:20:18+00:00","og_image":[{"width":800,"height":560,"url":"https:\/\/www.gaveanews.com\/wp-content\/uploads\/Pedro-comemora-gol-marcado-pelo-Flamengo-contra-o-Botafogo.webp","type":"image\/jpeg"}],"author":"Let\u00edcia Gerheim","twitter_card":"summary_large_image","twitter_misc":{"Escrito por":"Let\u00edcia Gerheim","Est. tempo de leitura":"1 minuto"},"schema":{"@context":"https:\/\/schema.org","@graph":[{"@type":"NewsArticle","@id":"https:\/\/www.gaveanews.com\/index.php\/2022\/02\/24\/pedro-autoriza-agentes-a-conversar-com-o-palmeiras-mas-flamengo-veta\/#article","isPartOf":{"@id":"https:\/\/www.gaveanews.com\/index.php\/2022\/02\/24\/pedro-autoriza-agentes-a-conversar-com-o-palmeiras-mas-flamengo-veta\/"},"author":{"name":"Let\u00edcia Gerheim","@id":"https:\/\/www.gaveanews.com\/#\/schema\/person\/714c67050b836198af2450ba1c142a67"},"headline":"Pedro autoriza agentes a conversar com o Palmeiras, mas Flamengo veta","datePublished":"2022-02-24T19:20:18+00:00","mainEntityOfPage":{"@id":"https:\/\/www.gaveanews.com\/index.php\/2022\/02\/24\/pedro-autoriza-agentes-a-conversar-com-o-palmeiras-mas-flamengo-veta\/"},"wordCount":222,"commentCount":41,"image":{"@id":"https:\/\/www.gaveanews.com\/index.php\/2022\/02\/24\/pedro-autoriza-agentes-a-conversar-com-o-palmeiras-mas-flamengo-veta\/#primaryimage"},"thumbnailUrl":"https:\/\/www.gaveanews.com\/wp-content\/uploads\/Pedro-comemora-gol-marcado-pelo-Flamengo-contra-o-Botafogo.webp","articleSection":["Flamengo"],"inLanguage":"pt-BR","potentialAction":[{"@type":"CommentAction","name":"Comment","target":["https:\/\/www.gaveanews.com\/index.php\/2022\/02\/24\/pedro-autoriza-agentes-a-conversar-com-o-palmeiras-mas-flamengo-veta\/#respond"]}],"copyrightYear":"2022","copyrightHolder":{"@id":"https:\/\/www.gaveanews.com\/#organization"}},{"@type":"WebPage","@id":"https:\/\/www.gaveanews.com\/index.php\/2022\/02\/24\/pedro-autoriza-agentes-a-conversar-com-o-palmeiras-mas-flamengo-veta\/","url":"https:\/\/www.gaveanews.com\/index.php\/2022\/02\/24\/pedro-autoriza-agentes-a-conversar-com-o-palmeiras-mas-flamengo-veta\/","name":"Pedro autoriza agentes a conversar com o Palmeiras, mas Flamengo veta","isPartOf":{"@id":"https:\/\/www.gaveanews.com\/#website"},"primaryImageOfPage":{"@id":"https:\/\/www.gaveanews.com\/index.php\/2022\/02\/24\/pedro-autoriza-agentes-a-conversar-com-o-palmeiras-mas-flamengo-veta\/#primaryimage"},"image":{"@id":"https:\/\/www.gaveanews.com\/index.php\/2022\/02\/24\/pedro-autoriza-agentes-a-conversar-com-o-palmeiras-mas-flamengo-veta\/#primaryimage"},"thumbnailUrl":"https:\/\/www.gaveanews.com\/wp-content\/uploads\/Pedro-comemora-gol-marcado-pelo-Flamengo-contra-o-Botafogo.webp","datePublished":"2022-02-24T19:20:18+00:00","author":{"@id":"https:\/\/www.gaveanews.com\/#\/schema\/person\/714c67050b836198af2450ba1c142a67"},"breadcrumb":{"@id":"https:\/\/www.gaveanews.com\/index.php\/2022\/02\/24\/pedro-autoriza-agentes-a-conversar-com-o-palmeiras-mas-flamengo-veta\/#breadcrumb"},"inLanguage":"pt-BR","potentialAction":[{"@type":"ReadAction","target":["https:\/\/www.gaveanews.com\/index.php\/2022\/02\/24\/pedro-autoriza-agentes-a-conversar-com-o-palmeiras-mas-flamengo-veta\/"]}]},{"@type":"ImageObject","inLanguage":"pt-BR","@id":"https:\/\/www.gaveanews.com\/index.php\/2022\/02\/24\/pedro-autoriza-agentes-a-conversar-com-o-palmeiras-mas-flamengo-veta\/#primaryimage","url":"https:\/\/www.gaveanews.com\/wp-content\/uploads\/Pedro-comemora-gol-marcado-pelo-Flamengo-contra-o-Botafogo.webp","contentUrl":"https:\/\/www.gaveanews.com\/wp-content\/uploads\/Pedro-comemora-gol-marcado-pelo-Flamengo-contra-o-Botafogo.webp","width":800,"height":560,"caption":"Pedro comemora gol marcado pelo Flamengo contra o Botafogo (Foto: Gilvan de Souza\/Flamengo)"},{"@type":"BreadcrumbList","@id":"https:\/\/www.gaveanews.com\/index.php\/2022\/02\/24\/pedro-autoriza-agentes-a-conversar-com-o-palmeiras-mas-flamengo-veta\/#breadcrumb","itemListElement":[{"@type":"ListItem","position":1,"name":"Home","item":"https:\/\/www.gaveanews.com\/"},{"@type":"ListItem","position":2,"name":"Pedro autoriza agentes a conversar com o Palmeiras, mas Flamengo veta"}]},{"@type":"WebSite","@id":"https:\/\/www.gaveanews.com\/#website","url":"https:\/\/www.gaveanews.com\/","name":"G\u00e1vea News","description":"Veja todas as not\u00edcias sobre o Flamengo: Contrata\u00e7\u00f5es, categorias de base, resultados das partidas, tabela de classifica\u00e7\u00e3o, pr\u00f3ximos jogos!","potentialAction":[{"@type":"SearchAction","target":{"@type":"EntryPoint","urlTemplate":"https:\/\/www.gaveanews.com\/?s={search_term_string}"},"query-input":{"@type":"PropertyValueSpecification","valueRequired":true,"valueName":"search_term_string"}}],"inLanguage":"pt-BR"},{"@type":"Person","@id":"https:\/\/www.gaveanews.com\/#\/schema\/person\/714c67050b836198af2450ba1c142a67","name":"Let\u00edcia Gerheim","image":{"@type":"ImageObject","inLanguage":"pt-BR","@id":"https:\/\/www.gaveanews.com\/#\/schema\/person\/image\/","url":"https:\/\/secure.gravatar.com\/avatar\/60734739c50fcebfbac509e2a826ccd0ff405c019bc73aab9354f19ecad1dcb4?s=96&d=mm&r=g","contentUrl":"https:\/\/secure.gravatar.com\/avatar\/60734739c50fcebfbac509e2a826ccd0ff405c019bc73aab9354f19ecad1dcb4?s=96&d=mm&r=g","caption":"Let\u00edcia Gerheim"}}]}},"_links":{"self":[{"href":"https:\/\/www.gaveanews.com\/index.php\/wp-json\/wp\/v2\/posts\/77335","targetHints":{"allow":["GET"]}}],"collection":[{"href":"https:\/\/www.gaveanews.com\/index.php\/wp-json\/wp\/v2\/posts"}],"about":[{"href":"https:\/\/www.gaveanews.com\/index.php\/wp-json\/wp\/v2\/types\/post"}],"author":[{"embeddable":true,"href":"https:\/\/www.gaveanews.com\/index.php\/wp-json\/wp\/v2\/users\/4"}],"replies":[{"embeddable":true,"href":"https:\/\/www.gaveanews.com\/index.php\/wp-json\/wp\/v2\/comments?post=77335"}],"version-history":[{"count":0,"href":"https:\/\/www.gaveanews.com\/index.php\/wp-json\/wp\/v2\/posts\/77335\/revisions"}],"wp:featuredmedia":[{"embeddable":true,"href":"https:\/\/www.gaveanews.com\/index.php\/wp-json\/wp\/v2\/media\/77336"}],"wp:attachment":[{"href":"https:\/\/www.gaveanews.com\/index.php\/wp-json\/wp\/v2\/media?parent=77335"}],"wp:term":[{"taxonomy":"category","embeddable":true,"href":"https:\/\/www.gaveanews.com\/index.php\/wp-json\/wp\/v2\/categories?post=77335"},{"taxonomy":"post_tag","embeddable":true,"href":"https:\/\/www.gaveanews.com\/index.php\/wp-json\/wp\/v2\/tags?post=77335"}],"curies":[{"name":"wp","href":"https:\/\/api.w.org\/{rel}","templated":true}]}}