{"id":77369,"date":"2022-02-24T19:19:06","date_gmt":"2022-02-24T22:19:06","guid":{"rendered":"https:\/\/www.gaveanews.com\/?p=77369"},"modified":"2022-02-24T19:19:06","modified_gmt":"2022-02-24T22:19:06","slug":"torcedores-do-flamengo-sugerem-troca-para-liberar-pedro-ao-palmeiras","status":"publish","type":"post","link":"https:\/\/www.gaveanews.com\/index.php\/2022\/02\/24\/torcedores-do-flamengo-sugerem-troca-para-liberar-pedro-ao-palmeiras\/","title":{"rendered":"Torcedores do Flamengo sugerem troca para \u2018liberar\u2019 Pedro ao Palmeiras"},"content":{"rendered":"<p>O Palmeiras n\u00e3o desistiu da contrata\u00e7\u00e3o de Pedro, do Flamengo. Segundo informa\u00e7\u00f5es iniciais de GOAL, o clube paulista teria apresentado uma nova oferta para tirar o atacante da G\u00e1vea. De acordo com a publica\u00e7\u00e3o, o Rubro-Negro prontamente recusou qualquer possibilidade de fazer neg\u00f3cio.<\/p>\n<p>Pedro, inclusive, estaria disposto a mudar de ares, sobretudo para chegar \u00e0 sele\u00e7\u00e3o brasileira e teria dado ok para seguir com as tratativas. O Flamengo, por\u00e9m, n\u00e3o quer refor\u00e7ar um rival direto por t\u00edtulos.<\/p>\n<p>Apesar de ser reserva no Flamengo, na maioria das vezes, Pedro \u00e9 visto como um centroavante importante do futebol brasileiro. No clube carioca, Gabigol \u00e9 titular absoluto, o que \u2018impede\u2019 o companheiro de ter mais minutos em campo. Com Paulo Sousa, ambos j\u00e1 atuaram juntos em algumas partidas.<\/p>\n<p>Nas redes sociais, torcedores do Flamengo ficaram irritados com a investida do Palmeiras e sugeriram uma troca para \u2018liberar\u2019 Pedro.<\/p>\n<p>https:\/\/twitter.com\/lagrimira\/status\/1496894615433232389?ref_src=twsrc%5Etfw%7Ctwcamp%5Etweetembed%7Ctwterm%5E1496894615433232389%7Ctwgr%5E%7Ctwcon%5Es1_&#038;ref_url=https%3A%2F%2Fwww.torcedores.com%2Fnoticias%2F2022%2F02%2Ftorcedores-do-flamengo-sugerem-troca-para-liberar-pedro-ao-palmeiras<\/p>\n<blockquote class=\"twitter-tweet\" data-width=\"550\" data-dnt=\"true\">\n<p lang=\"pt\" dir=\"ltr\">As pepas querem o Pedro, blz&#8230;Manda pra c\u00e1 o Weverton, G. Gomes e o Veiga, e deposita 100 milh\u00f5es na conta do Fla. Pronto!<\/p>\n<p>&mdash; 1981 (@Cleiber1981) <a href=\"https:\/\/twitter.com\/Cleiber1981\/status\/1496901208803581960?ref_src=twsrc%5Etfw\">February 24, 2022<\/a><\/p><\/blockquote>\n<p><script async src=\"https:\/\/platform.twitter.com\/widgets.js\" charset=\"utf-8\"><\/script><\/p>\n<p>https:\/\/twitter.com\/07_Fla\/status\/1496902307333746688?ref_src=twsrc%5Etfw%7Ctwcamp%5Etweetembed%7Ctwterm%5E1496902307333746688%7Ctwgr%5E%7Ctwcon%5Es1_&#038;ref_url=https%3A%2F%2Fwww.torcedores.com%2Fnoticias%2F2022%2F02%2Ftorcedores-do-flamengo-sugerem-troca-para-liberar-pedro-ao-palmeiras<\/p>\n<blockquote class=\"twitter-tweet\" data-width=\"550\" data-dnt=\"true\">\n<p lang=\"pt\" dir=\"ltr\">Se eu sou o Braz, eu fa\u00e7o uma proposta pelo Weverton tbm, s\u00f3 pra colocar lenha na fogueira. <a href=\"https:\/\/t.co\/RUIVqS2OOe\">https:\/\/t.co\/RUIVqS2OOe<\/a><\/p>\n<p>&mdash; Carol Schneider \ud83d\udd34\u26ab\ufe0f (@mrschneiider) <a href=\"https:\/\/twitter.com\/mrschneiider\/status\/1496902400933781506?ref_src=twsrc%5Etfw\">February 24, 2022<\/a><\/p><\/blockquote>\n<p><script async src=\"https:\/\/platform.twitter.com\/widgets.js\" charset=\"utf-8\"><\/script><\/p>\n<p>https:\/\/twitter.com\/flvmengz\/status\/1496897212105695251?ref_src=twsrc%5Etfw%7Ctwcamp%5Etweetembed%7Ctwterm%5E1496897212105695251%7Ctwgr%5E%7Ctwcon%5Es1_&#038;ref_url=https%3A%2F%2Fwww.torcedores.com%2Fnoticias%2F2022%2F02%2Ftorcedores-do-flamengo-sugerem-troca-para-liberar-pedro-ao-palmeiras<\/p>\n<p>A negocia\u00e7\u00e3o, por\u00e9m, \u00e9 considerada extremamente dif\u00edcil, pois al\u00e9m das quest\u00f5es financeiras j\u00e1 conhecidas, o Flamengo n\u00e3o pretende fazer neg\u00f3cio com o jogador perante um rival direto na briga por t\u00edtulos em 2022.<\/p>\n<p>Apesar do interesse alviverde, \u00e9 muito dif\u00edcil que o Flamengo abra m\u00e3o de Pedro. Para contrat\u00e1-lo, o Rubro-Negro desembolsou ao todo 14 milh\u00f5es de euros (R$ 87 milh\u00f5es na cota\u00e7\u00e3o da \u00e9poca em que o neg\u00f3cio foi fechado).<\/p>\n<p>O Palmeiras, por sua vez, busca desesperadamente um camisa 9 no mercado da bola. Pressionada, a presidente Leila Pereira busca atender a um pedido antigo do t\u00e9cnico Abel Ferreira, que v\u00ea o setor carente de um goleador.<\/p>\n<p>Retirado de: Torcedores<\/p>\n","protected":false},"excerpt":{"rendered":"<p>O Palmeiras n\u00e3o desistiu da contrata\u00e7\u00e3o de Pedro, do Flamengo. Segundo informa\u00e7\u00f5es iniciais de GOAL, o clube paulista teria apresentado uma nova oferta para tirar o atacante da G\u00e1vea. De acordo com a publica\u00e7\u00e3o, o Rubro-Negro prontamente recusou qualquer possibilidade de fazer neg\u00f3cio. Pedro, inclusive, estaria disposto a mudar de ares, sobretudo para chegar \u00e0 [&hellip;]<\/p>\n","protected":false},"author":1,"featured_media":77336,"comment_status":"open","ping_status":"closed","sticky":false,"template":"","format":"standard","meta":{"footnotes":""},"categories":[1],"tags":[],"class_list":["post-77369","post","type-post","status-publish","format-standard","has-post-thumbnail","hentry","category-flamengo"],"yoast_head":"<!-- This site is optimized with the Yoast SEO Premium plugin v24.2 (Yoast SEO v26.9) - https:\/\/yoast.com\/product\/yoast-seo-premium-wordpress\/ -->\n<title>Torcedores do Flamengo sugerem troca para \u2018liberar\u2019 Pedro ao Palmeiras<\/title>\n<meta name=\"robots\" content=\"index, follow, max-snippet:-1, max-image-preview:large, max-video-preview:-1\" \/>\n<link rel=\"canonical\" href=\"https:\/\/www.gaveanews.com\/index.php\/2022\/02\/24\/torcedores-do-flamengo-sugerem-troca-para-liberar-pedro-ao-palmeiras\/\" \/>\n<meta property=\"og:locale\" content=\"pt_BR\" \/>\n<meta property=\"og:type\" content=\"article\" \/>\n<meta property=\"og:title\" content=\"Torcedores do Flamengo sugerem troca para \u2018liberar\u2019 Pedro ao Palmeiras\" \/>\n<meta property=\"og:description\" content=\"O Palmeiras n\u00e3o desistiu da contrata\u00e7\u00e3o de Pedro, do Flamengo. Segundo informa\u00e7\u00f5es iniciais de GOAL, o clube paulista teria apresentado uma nova oferta para tirar o atacante da G\u00e1vea. De acordo com a publica\u00e7\u00e3o, o Rubro-Negro prontamente recusou qualquer possibilidade de fazer neg\u00f3cio. Pedro, inclusive, estaria disposto a mudar de ares, sobretudo para chegar \u00e0 [&hellip;]\" \/>\n<meta property=\"og:url\" content=\"https:\/\/www.gaveanews.com\/index.php\/2022\/02\/24\/torcedores-do-flamengo-sugerem-troca-para-liberar-pedro-ao-palmeiras\/\" \/>\n<meta property=\"og:site_name\" content=\"G\u00e1vea News\" \/>\n<meta property=\"article:publisher\" content=\"https:\/\/facebook.com\/gaveaNews\/\" \/>\n<meta property=\"article:published_time\" content=\"2022-02-24T22:19:06+00:00\" \/>\n<meta property=\"og:image\" content=\"https:\/\/www.gaveanews.com\/wp-content\/uploads\/Pedro-comemora-gol-marcado-pelo-Flamengo-contra-o-Botafogo.webp\" \/>\n\t<meta property=\"og:image:width\" content=\"800\" \/>\n\t<meta property=\"og:image:height\" content=\"560\" \/>\n\t<meta property=\"og:image:type\" content=\"image\/jpeg\" \/>\n<meta name=\"author\" content=\"Equipe G\u00e1vea News\" \/>\n<meta name=\"twitter:card\" content=\"summary_large_image\" \/>\n<meta name=\"twitter:label1\" content=\"Escrito por\" \/>\n\t<meta name=\"twitter:data1\" content=\"Equipe G\u00e1vea News\" \/>\n\t<meta name=\"twitter:label2\" content=\"Est. tempo de leitura\" \/>\n\t<meta name=\"twitter:data2\" content=\"2 minutos\" \/>\n<script type=\"application\/ld+json\" class=\"yoast-schema-graph\">{\"@context\":\"https:\/\/schema.org\",\"@graph\":[{\"@type\":\"NewsArticle\",\"@id\":\"https:\/\/www.gaveanews.com\/index.php\/2022\/02\/24\/torcedores-do-flamengo-sugerem-troca-para-liberar-pedro-ao-palmeiras\/#article\",\"isPartOf\":{\"@id\":\"https:\/\/www.gaveanews.com\/index.php\/2022\/02\/24\/torcedores-do-flamengo-sugerem-troca-para-liberar-pedro-ao-palmeiras\/\"},\"author\":{\"name\":\"Equipe G\u00e1vea News\",\"@id\":\"https:\/\/www.gaveanews.com\/#\/schema\/person\/2ec14f73fb96be2caf28f91afb14749d\"},\"headline\":\"Torcedores do Flamengo sugerem troca para \u2018liberar\u2019 Pedro ao Palmeiras\",\"datePublished\":\"2022-02-24T22:19:06+00:00\",\"mainEntityOfPage\":{\"@id\":\"https:\/\/www.gaveanews.com\/index.php\/2022\/02\/24\/torcedores-do-flamengo-sugerem-troca-para-liberar-pedro-ao-palmeiras\/\"},\"wordCount\":434,\"commentCount\":18,\"image\":{\"@id\":\"https:\/\/www.gaveanews.com\/index.php\/2022\/02\/24\/torcedores-do-flamengo-sugerem-troca-para-liberar-pedro-ao-palmeiras\/#primaryimage\"},\"thumbnailUrl\":\"https:\/\/www.gaveanews.com\/wp-content\/uploads\/Pedro-comemora-gol-marcado-pelo-Flamengo-contra-o-Botafogo.webp\",\"articleSection\":[\"Flamengo\"],\"inLanguage\":\"pt-BR\",\"potentialAction\":[{\"@type\":\"CommentAction\",\"name\":\"Comment\",\"target\":[\"https:\/\/www.gaveanews.com\/index.php\/2022\/02\/24\/torcedores-do-flamengo-sugerem-troca-para-liberar-pedro-ao-palmeiras\/#respond\"]}],\"copyrightYear\":\"2022\",\"copyrightHolder\":{\"@id\":\"https:\/\/www.gaveanews.com\/#organization\"}},{\"@type\":\"WebPage\",\"@id\":\"https:\/\/www.gaveanews.com\/index.php\/2022\/02\/24\/torcedores-do-flamengo-sugerem-troca-para-liberar-pedro-ao-palmeiras\/\",\"url\":\"https:\/\/www.gaveanews.com\/index.php\/2022\/02\/24\/torcedores-do-flamengo-sugerem-troca-para-liberar-pedro-ao-palmeiras\/\",\"name\":\"Torcedores do Flamengo sugerem troca para \u2018liberar\u2019 Pedro ao Palmeiras\",\"isPartOf\":{\"@id\":\"https:\/\/www.gaveanews.com\/#website\"},\"primaryImageOfPage\":{\"@id\":\"https:\/\/www.gaveanews.com\/index.php\/2022\/02\/24\/torcedores-do-flamengo-sugerem-troca-para-liberar-pedro-ao-palmeiras\/#primaryimage\"},\"image\":{\"@id\":\"https:\/\/www.gaveanews.com\/index.php\/2022\/02\/24\/torcedores-do-flamengo-sugerem-troca-para-liberar-pedro-ao-palmeiras\/#primaryimage\"},\"thumbnailUrl\":\"https:\/\/www.gaveanews.com\/wp-content\/uploads\/Pedro-comemora-gol-marcado-pelo-Flamengo-contra-o-Botafogo.webp\",\"datePublished\":\"2022-02-24T22:19:06+00:00\",\"author\":{\"@id\":\"https:\/\/www.gaveanews.com\/#\/schema\/person\/2ec14f73fb96be2caf28f91afb14749d\"},\"breadcrumb\":{\"@id\":\"https:\/\/www.gaveanews.com\/index.php\/2022\/02\/24\/torcedores-do-flamengo-sugerem-troca-para-liberar-pedro-ao-palmeiras\/#breadcrumb\"},\"inLanguage\":\"pt-BR\",\"potentialAction\":[{\"@type\":\"ReadAction\",\"target\":[\"https:\/\/www.gaveanews.com\/index.php\/2022\/02\/24\/torcedores-do-flamengo-sugerem-troca-para-liberar-pedro-ao-palmeiras\/\"]}]},{\"@type\":\"ImageObject\",\"inLanguage\":\"pt-BR\",\"@id\":\"https:\/\/www.gaveanews.com\/index.php\/2022\/02\/24\/torcedores-do-flamengo-sugerem-troca-para-liberar-pedro-ao-palmeiras\/#primaryimage\",\"url\":\"https:\/\/www.gaveanews.com\/wp-content\/uploads\/Pedro-comemora-gol-marcado-pelo-Flamengo-contra-o-Botafogo.webp\",\"contentUrl\":\"https:\/\/www.gaveanews.com\/wp-content\/uploads\/Pedro-comemora-gol-marcado-pelo-Flamengo-contra-o-Botafogo.webp\",\"width\":800,\"height\":560,\"caption\":\"Pedro comemora gol marcado pelo Flamengo contra o Botafogo (Foto: Gilvan de Souza\/Flamengo)\"},{\"@type\":\"BreadcrumbList\",\"@id\":\"https:\/\/www.gaveanews.com\/index.php\/2022\/02\/24\/torcedores-do-flamengo-sugerem-troca-para-liberar-pedro-ao-palmeiras\/#breadcrumb\",\"itemListElement\":[{\"@type\":\"ListItem\",\"position\":1,\"name\":\"Home\",\"item\":\"https:\/\/www.gaveanews.com\/\"},{\"@type\":\"ListItem\",\"position\":2,\"name\":\"Torcedores do Flamengo sugerem troca para \u2018liberar\u2019 Pedro ao Palmeiras\"}]},{\"@type\":\"WebSite\",\"@id\":\"https:\/\/www.gaveanews.com\/#website\",\"url\":\"https:\/\/www.gaveanews.com\/\",\"name\":\"G\u00e1vea News\",\"description\":\"Veja todas as not\u00edcias sobre o Flamengo: Contrata\u00e7\u00f5es, categorias de base, resultados das partidas, tabela de classifica\u00e7\u00e3o, pr\u00f3ximos jogos!\",\"potentialAction\":[{\"@type\":\"SearchAction\",\"target\":{\"@type\":\"EntryPoint\",\"urlTemplate\":\"https:\/\/www.gaveanews.com\/?s={search_term_string}\"},\"query-input\":{\"@type\":\"PropertyValueSpecification\",\"valueRequired\":true,\"valueName\":\"search_term_string\"}}],\"inLanguage\":\"pt-BR\"},{\"@type\":\"Person\",\"@id\":\"https:\/\/www.gaveanews.com\/#\/schema\/person\/2ec14f73fb96be2caf28f91afb14749d\",\"name\":\"Equipe G\u00e1vea News\",\"image\":{\"@type\":\"ImageObject\",\"inLanguage\":\"pt-BR\",\"@id\":\"https:\/\/www.gaveanews.com\/#\/schema\/person\/image\/\",\"url\":\"https:\/\/secure.gravatar.com\/avatar\/1e1956f1facbffd3f8fa53a326721950116b3b9dc9bd44939c01180fd4a745a9?s=96&d=mm&r=g\",\"contentUrl\":\"https:\/\/secure.gravatar.com\/avatar\/1e1956f1facbffd3f8fa53a326721950116b3b9dc9bd44939c01180fd4a745a9?s=96&d=mm&r=g\",\"caption\":\"Equipe G\u00e1vea News\"}}]}<\/script>\n<!-- \/ Yoast SEO Premium plugin. -->","yoast_head_json":{"title":"Torcedores do Flamengo sugerem troca para \u2018liberar\u2019 Pedro ao Palmeiras","robots":{"index":"index","follow":"follow","max-snippet":"max-snippet:-1","max-image-preview":"max-image-preview:large","max-video-preview":"max-video-preview:-1"},"canonical":"https:\/\/www.gaveanews.com\/index.php\/2022\/02\/24\/torcedores-do-flamengo-sugerem-troca-para-liberar-pedro-ao-palmeiras\/","og_locale":"pt_BR","og_type":"article","og_title":"Torcedores do Flamengo sugerem troca para \u2018liberar\u2019 Pedro ao Palmeiras","og_description":"O Palmeiras n\u00e3o desistiu da contrata\u00e7\u00e3o de Pedro, do Flamengo. Segundo informa\u00e7\u00f5es iniciais de GOAL, o clube paulista teria apresentado uma nova oferta para tirar o atacante da G\u00e1vea. De acordo com a publica\u00e7\u00e3o, o Rubro-Negro prontamente recusou qualquer possibilidade de fazer neg\u00f3cio. Pedro, inclusive, estaria disposto a mudar de ares, sobretudo para chegar \u00e0 [&hellip;]","og_url":"https:\/\/www.gaveanews.com\/index.php\/2022\/02\/24\/torcedores-do-flamengo-sugerem-troca-para-liberar-pedro-ao-palmeiras\/","og_site_name":"G\u00e1vea News","article_publisher":"https:\/\/facebook.com\/gaveaNews\/","article_published_time":"2022-02-24T22:19:06+00:00","og_image":[{"width":800,"height":560,"url":"https:\/\/www.gaveanews.com\/wp-content\/uploads\/Pedro-comemora-gol-marcado-pelo-Flamengo-contra-o-Botafogo.webp","type":"image\/jpeg"}],"author":"Equipe G\u00e1vea News","twitter_card":"summary_large_image","twitter_misc":{"Escrito por":"Equipe G\u00e1vea News","Est. tempo de leitura":"2 minutos"},"schema":{"@context":"https:\/\/schema.org","@graph":[{"@type":"NewsArticle","@id":"https:\/\/www.gaveanews.com\/index.php\/2022\/02\/24\/torcedores-do-flamengo-sugerem-troca-para-liberar-pedro-ao-palmeiras\/#article","isPartOf":{"@id":"https:\/\/www.gaveanews.com\/index.php\/2022\/02\/24\/torcedores-do-flamengo-sugerem-troca-para-liberar-pedro-ao-palmeiras\/"},"author":{"name":"Equipe G\u00e1vea News","@id":"https:\/\/www.gaveanews.com\/#\/schema\/person\/2ec14f73fb96be2caf28f91afb14749d"},"headline":"Torcedores do Flamengo sugerem troca para \u2018liberar\u2019 Pedro ao Palmeiras","datePublished":"2022-02-24T22:19:06+00:00","mainEntityOfPage":{"@id":"https:\/\/www.gaveanews.com\/index.php\/2022\/02\/24\/torcedores-do-flamengo-sugerem-troca-para-liberar-pedro-ao-palmeiras\/"},"wordCount":434,"commentCount":18,"image":{"@id":"https:\/\/www.gaveanews.com\/index.php\/2022\/02\/24\/torcedores-do-flamengo-sugerem-troca-para-liberar-pedro-ao-palmeiras\/#primaryimage"},"thumbnailUrl":"https:\/\/www.gaveanews.com\/wp-content\/uploads\/Pedro-comemora-gol-marcado-pelo-Flamengo-contra-o-Botafogo.webp","articleSection":["Flamengo"],"inLanguage":"pt-BR","potentialAction":[{"@type":"CommentAction","name":"Comment","target":["https:\/\/www.gaveanews.com\/index.php\/2022\/02\/24\/torcedores-do-flamengo-sugerem-troca-para-liberar-pedro-ao-palmeiras\/#respond"]}],"copyrightYear":"2022","copyrightHolder":{"@id":"https:\/\/www.gaveanews.com\/#organization"}},{"@type":"WebPage","@id":"https:\/\/www.gaveanews.com\/index.php\/2022\/02\/24\/torcedores-do-flamengo-sugerem-troca-para-liberar-pedro-ao-palmeiras\/","url":"https:\/\/www.gaveanews.com\/index.php\/2022\/02\/24\/torcedores-do-flamengo-sugerem-troca-para-liberar-pedro-ao-palmeiras\/","name":"Torcedores do Flamengo sugerem troca para \u2018liberar\u2019 Pedro ao Palmeiras","isPartOf":{"@id":"https:\/\/www.gaveanews.com\/#website"},"primaryImageOfPage":{"@id":"https:\/\/www.gaveanews.com\/index.php\/2022\/02\/24\/torcedores-do-flamengo-sugerem-troca-para-liberar-pedro-ao-palmeiras\/#primaryimage"},"image":{"@id":"https:\/\/www.gaveanews.com\/index.php\/2022\/02\/24\/torcedores-do-flamengo-sugerem-troca-para-liberar-pedro-ao-palmeiras\/#primaryimage"},"thumbnailUrl":"https:\/\/www.gaveanews.com\/wp-content\/uploads\/Pedro-comemora-gol-marcado-pelo-Flamengo-contra-o-Botafogo.webp","datePublished":"2022-02-24T22:19:06+00:00","author":{"@id":"https:\/\/www.gaveanews.com\/#\/schema\/person\/2ec14f73fb96be2caf28f91afb14749d"},"breadcrumb":{"@id":"https:\/\/www.gaveanews.com\/index.php\/2022\/02\/24\/torcedores-do-flamengo-sugerem-troca-para-liberar-pedro-ao-palmeiras\/#breadcrumb"},"inLanguage":"pt-BR","potentialAction":[{"@type":"ReadAction","target":["https:\/\/www.gaveanews.com\/index.php\/2022\/02\/24\/torcedores-do-flamengo-sugerem-troca-para-liberar-pedro-ao-palmeiras\/"]}]},{"@type":"ImageObject","inLanguage":"pt-BR","@id":"https:\/\/www.gaveanews.com\/index.php\/2022\/02\/24\/torcedores-do-flamengo-sugerem-troca-para-liberar-pedro-ao-palmeiras\/#primaryimage","url":"https:\/\/www.gaveanews.com\/wp-content\/uploads\/Pedro-comemora-gol-marcado-pelo-Flamengo-contra-o-Botafogo.webp","contentUrl":"https:\/\/www.gaveanews.com\/wp-content\/uploads\/Pedro-comemora-gol-marcado-pelo-Flamengo-contra-o-Botafogo.webp","width":800,"height":560,"caption":"Pedro comemora gol marcado pelo Flamengo contra o Botafogo (Foto: Gilvan de Souza\/Flamengo)"},{"@type":"BreadcrumbList","@id":"https:\/\/www.gaveanews.com\/index.php\/2022\/02\/24\/torcedores-do-flamengo-sugerem-troca-para-liberar-pedro-ao-palmeiras\/#breadcrumb","itemListElement":[{"@type":"ListItem","position":1,"name":"Home","item":"https:\/\/www.gaveanews.com\/"},{"@type":"ListItem","position":2,"name":"Torcedores do Flamengo sugerem troca para \u2018liberar\u2019 Pedro ao Palmeiras"}]},{"@type":"WebSite","@id":"https:\/\/www.gaveanews.com\/#website","url":"https:\/\/www.gaveanews.com\/","name":"G\u00e1vea News","description":"Veja todas as not\u00edcias sobre o Flamengo: Contrata\u00e7\u00f5es, categorias de base, resultados das partidas, tabela de classifica\u00e7\u00e3o, pr\u00f3ximos jogos!","potentialAction":[{"@type":"SearchAction","target":{"@type":"EntryPoint","urlTemplate":"https:\/\/www.gaveanews.com\/?s={search_term_string}"},"query-input":{"@type":"PropertyValueSpecification","valueRequired":true,"valueName":"search_term_string"}}],"inLanguage":"pt-BR"},{"@type":"Person","@id":"https:\/\/www.gaveanews.com\/#\/schema\/person\/2ec14f73fb96be2caf28f91afb14749d","name":"Equipe G\u00e1vea News","image":{"@type":"ImageObject","inLanguage":"pt-BR","@id":"https:\/\/www.gaveanews.com\/#\/schema\/person\/image\/","url":"https:\/\/secure.gravatar.com\/avatar\/1e1956f1facbffd3f8fa53a326721950116b3b9dc9bd44939c01180fd4a745a9?s=96&d=mm&r=g","contentUrl":"https:\/\/secure.gravatar.com\/avatar\/1e1956f1facbffd3f8fa53a326721950116b3b9dc9bd44939c01180fd4a745a9?s=96&d=mm&r=g","caption":"Equipe G\u00e1vea News"}}]}},"_links":{"self":[{"href":"https:\/\/www.gaveanews.com\/index.php\/wp-json\/wp\/v2\/posts\/77369","targetHints":{"allow":["GET"]}}],"collection":[{"href":"https:\/\/www.gaveanews.com\/index.php\/wp-json\/wp\/v2\/posts"}],"about":[{"href":"https:\/\/www.gaveanews.com\/index.php\/wp-json\/wp\/v2\/types\/post"}],"author":[{"embeddable":true,"href":"https:\/\/www.gaveanews.com\/index.php\/wp-json\/wp\/v2\/users\/1"}],"replies":[{"embeddable":true,"href":"https:\/\/www.gaveanews.com\/index.php\/wp-json\/wp\/v2\/comments?post=77369"}],"version-history":[{"count":0,"href":"https:\/\/www.gaveanews.com\/index.php\/wp-json\/wp\/v2\/posts\/77369\/revisions"}],"wp:featuredmedia":[{"embeddable":true,"href":"https:\/\/www.gaveanews.com\/index.php\/wp-json\/wp\/v2\/media\/77336"}],"wp:attachment":[{"href":"https:\/\/www.gaveanews.com\/index.php\/wp-json\/wp\/v2\/media?parent=77369"}],"wp:term":[{"taxonomy":"category","embeddable":true,"href":"https:\/\/www.gaveanews.com\/index.php\/wp-json\/wp\/v2\/categories?post=77369"},{"taxonomy":"post_tag","embeddable":true,"href":"https:\/\/www.gaveanews.com\/index.php\/wp-json\/wp\/v2\/tags?post=77369"}],"curies":[{"name":"wp","href":"https:\/\/api.w.org\/{rel}","templated":true}]}}