{"id":77538,"date":"2022-02-28T21:42:36","date_gmt":"2022-03-01T00:42:36","guid":{"rendered":"https:\/\/www.gaveanews.com\/?p=77538"},"modified":"2022-02-28T21:42:36","modified_gmt":"2022-03-01T00:42:36","slug":"flamengo-tem-tres-representantes-na-selecao-da-rodada-do-carioca","status":"publish","type":"post","link":"https:\/\/www.gaveanews.com\/index.php\/2022\/02\/28\/flamengo-tem-tres-representantes-na-selecao-da-rodada-do-carioca\/","title":{"rendered":"Flamengo tem tr\u00eas representantes na Sele\u00e7\u00e3o da rodada do Carioca"},"content":{"rendered":"<p>O Flamengo criou muitas oportunidades, mas apenas empatou por 2 a 2 com o Resende, pela 9\u00aa rodada do Campeonato Carioca. No geral, a equipe teve um desempenho abaixo do esperado, mas tr\u00eas jogadores se destacaram, tanto que foram escolhidos para a sele\u00e7\u00e3o da rodada, s\u00e3o eles: Rodinei, Fabr\u00edcio Bruno e William Ar\u00e3o.<\/p>\n<p><strong>Confira o time completo abaixo:<\/strong><\/p>\n<p><img decoding=\"async\" src=\"https:\/\/pbs.twimg.com\/media\/FMsiiy5XoAYK5WD?format=jpg\" \/><\/p>\n<p>O Meng\u00e3o \u00e9 o vice-l\u00edder da competi\u00e7\u00e3o, com 20 pontos. No pr\u00f3ximo domingo, vai enfrentar o Vasco, \u00e0s 16h, ainda sem local confirmar. A expectativa \u00e9 que a FERJ coloque o cl\u00e1ssico para acontecer no est\u00e1dio Nilton Santos. O Mais Querido est\u00e1 com a classifica\u00e7\u00e3o encaminhada para as semifinais do Campeonato Carioca.<\/p>\n<p>Retirado de: Di\u00e1rio do Fla<\/p>\n","protected":false},"excerpt":{"rendered":"<p>O Flamengo criou muitas oportunidades, mas apenas empatou por 2 a 2 com o Resende, pela 9\u00aa rodada do Campeonato Carioca. No geral, a equipe teve um desempenho abaixo do esperado, mas tr\u00eas jogadores se destacaram, tanto que foram escolhidos para a sele\u00e7\u00e3o da rodada, s\u00e3o eles: Rodinei, Fabr\u00edcio Bruno e William Ar\u00e3o. Confira o [&hellip;]<\/p>\n","protected":false},"author":1,"featured_media":71919,"comment_status":"open","ping_status":"closed","sticky":false,"template":"","format":"standard","meta":{"footnotes":""},"categories":[1],"tags":[],"class_list":["post-77538","post","type-post","status-publish","format-standard","has-post-thumbnail","hentry","category-flamengo"],"yoast_head":"<!-- This site is optimized with the Yoast SEO Premium plugin v24.2 (Yoast SEO v26.9) - https:\/\/yoast.com\/product\/yoast-seo-premium-wordpress\/ -->\n<title>Flamengo tem tr\u00eas representantes na Sele\u00e7\u00e3o da rodada do Carioca<\/title>\n<meta name=\"robots\" content=\"index, follow, max-snippet:-1, max-image-preview:large, max-video-preview:-1\" \/>\n<link rel=\"canonical\" href=\"https:\/\/www.gaveanews.com\/index.php\/2022\/02\/28\/flamengo-tem-tres-representantes-na-selecao-da-rodada-do-carioca\/\" \/>\n<meta property=\"og:locale\" content=\"pt_BR\" \/>\n<meta property=\"og:type\" content=\"article\" \/>\n<meta property=\"og:title\" content=\"Flamengo tem tr\u00eas representantes na Sele\u00e7\u00e3o da rodada do Carioca\" \/>\n<meta property=\"og:description\" content=\"O Flamengo criou muitas oportunidades, mas apenas empatou por 2 a 2 com o Resende, pela 9\u00aa rodada do Campeonato Carioca. No geral, a equipe teve um desempenho abaixo do esperado, mas tr\u00eas jogadores se destacaram, tanto que foram escolhidos para a sele\u00e7\u00e3o da rodada, s\u00e3o eles: Rodinei, Fabr\u00edcio Bruno e William Ar\u00e3o. Confira o [&hellip;]\" \/>\n<meta property=\"og:url\" content=\"https:\/\/www.gaveanews.com\/index.php\/2022\/02\/28\/flamengo-tem-tres-representantes-na-selecao-da-rodada-do-carioca\/\" \/>\n<meta property=\"og:site_name\" content=\"G\u00e1vea News\" \/>\n<meta property=\"article:publisher\" content=\"https:\/\/facebook.com\/gaveaNews\/\" \/>\n<meta property=\"article:published_time\" content=\"2022-03-01T00:42:36+00:00\" \/>\n<meta property=\"og:image\" content=\"https:\/\/www.gaveanews.com\/wp-content\/uploads\/Rodinei-durante-o-jogo-entre-Flamengo-e-Corinthians-pelo-Campeonato-Brasileiro-de-2021.webp\" \/>\n\t<meta property=\"og:image:width\" content=\"799\" \/>\n\t<meta property=\"og:image:height\" content=\"533\" \/>\n\t<meta property=\"og:image:type\" content=\"image\/jpeg\" \/>\n<meta name=\"author\" content=\"Equipe G\u00e1vea News\" \/>\n<meta name=\"twitter:card\" content=\"summary_large_image\" \/>\n<meta name=\"twitter:label1\" content=\"Escrito por\" \/>\n\t<meta name=\"twitter:data1\" content=\"Equipe G\u00e1vea News\" \/>\n\t<meta name=\"twitter:label2\" content=\"Est. tempo de leitura\" \/>\n\t<meta name=\"twitter:data2\" content=\"1 minuto\" \/>\n<script type=\"application\/ld+json\" class=\"yoast-schema-graph\">{\"@context\":\"https:\/\/schema.org\",\"@graph\":[{\"@type\":\"NewsArticle\",\"@id\":\"https:\/\/www.gaveanews.com\/index.php\/2022\/02\/28\/flamengo-tem-tres-representantes-na-selecao-da-rodada-do-carioca\/#article\",\"isPartOf\":{\"@id\":\"https:\/\/www.gaveanews.com\/index.php\/2022\/02\/28\/flamengo-tem-tres-representantes-na-selecao-da-rodada-do-carioca\/\"},\"author\":{\"name\":\"Equipe G\u00e1vea News\",\"@id\":\"https:\/\/www.gaveanews.com\/#\/schema\/person\/2ec14f73fb96be2caf28f91afb14749d\"},\"headline\":\"Flamengo tem tr\u00eas representantes na Sele\u00e7\u00e3o da rodada do Carioca\",\"datePublished\":\"2022-03-01T00:42:36+00:00\",\"mainEntityOfPage\":{\"@id\":\"https:\/\/www.gaveanews.com\/index.php\/2022\/02\/28\/flamengo-tem-tres-representantes-na-selecao-da-rodada-do-carioca\/\"},\"wordCount\":134,\"commentCount\":2,\"image\":{\"@id\":\"https:\/\/www.gaveanews.com\/index.php\/2022\/02\/28\/flamengo-tem-tres-representantes-na-selecao-da-rodada-do-carioca\/#primaryimage\"},\"thumbnailUrl\":\"https:\/\/www.gaveanews.com\/wp-content\/uploads\/Rodinei-durante-o-jogo-entre-Flamengo-e-Corinthians-pelo-Campeonato-Brasileiro-de-2021.webp\",\"articleSection\":[\"Flamengo\"],\"inLanguage\":\"pt-BR\",\"potentialAction\":[{\"@type\":\"CommentAction\",\"name\":\"Comment\",\"target\":[\"https:\/\/www.gaveanews.com\/index.php\/2022\/02\/28\/flamengo-tem-tres-representantes-na-selecao-da-rodada-do-carioca\/#respond\"]}],\"copyrightYear\":\"2022\",\"copyrightHolder\":{\"@id\":\"https:\/\/www.gaveanews.com\/#organization\"}},{\"@type\":\"WebPage\",\"@id\":\"https:\/\/www.gaveanews.com\/index.php\/2022\/02\/28\/flamengo-tem-tres-representantes-na-selecao-da-rodada-do-carioca\/\",\"url\":\"https:\/\/www.gaveanews.com\/index.php\/2022\/02\/28\/flamengo-tem-tres-representantes-na-selecao-da-rodada-do-carioca\/\",\"name\":\"Flamengo tem tr\u00eas representantes na Sele\u00e7\u00e3o da rodada do Carioca\",\"isPartOf\":{\"@id\":\"https:\/\/www.gaveanews.com\/#website\"},\"primaryImageOfPage\":{\"@id\":\"https:\/\/www.gaveanews.com\/index.php\/2022\/02\/28\/flamengo-tem-tres-representantes-na-selecao-da-rodada-do-carioca\/#primaryimage\"},\"image\":{\"@id\":\"https:\/\/www.gaveanews.com\/index.php\/2022\/02\/28\/flamengo-tem-tres-representantes-na-selecao-da-rodada-do-carioca\/#primaryimage\"},\"thumbnailUrl\":\"https:\/\/www.gaveanews.com\/wp-content\/uploads\/Rodinei-durante-o-jogo-entre-Flamengo-e-Corinthians-pelo-Campeonato-Brasileiro-de-2021.webp\",\"datePublished\":\"2022-03-01T00:42:36+00:00\",\"author\":{\"@id\":\"https:\/\/www.gaveanews.com\/#\/schema\/person\/2ec14f73fb96be2caf28f91afb14749d\"},\"breadcrumb\":{\"@id\":\"https:\/\/www.gaveanews.com\/index.php\/2022\/02\/28\/flamengo-tem-tres-representantes-na-selecao-da-rodada-do-carioca\/#breadcrumb\"},\"inLanguage\":\"pt-BR\",\"potentialAction\":[{\"@type\":\"ReadAction\",\"target\":[\"https:\/\/www.gaveanews.com\/index.php\/2022\/02\/28\/flamengo-tem-tres-representantes-na-selecao-da-rodada-do-carioca\/\"]}]},{\"@type\":\"ImageObject\",\"inLanguage\":\"pt-BR\",\"@id\":\"https:\/\/www.gaveanews.com\/index.php\/2022\/02\/28\/flamengo-tem-tres-representantes-na-selecao-da-rodada-do-carioca\/#primaryimage\",\"url\":\"https:\/\/www.gaveanews.com\/wp-content\/uploads\/Rodinei-durante-o-jogo-entre-Flamengo-e-Corinthians-pelo-Campeonato-Brasileiro-de-2021.webp\",\"contentUrl\":\"https:\/\/www.gaveanews.com\/wp-content\/uploads\/Rodinei-durante-o-jogo-entre-Flamengo-e-Corinthians-pelo-Campeonato-Brasileiro-de-2021.webp\",\"width\":799,\"height\":533,\"caption\":\"Rodinei durante o jogo entre Flamengo e Corinthians pelo Campeonato Brasileiro de 2021 (Foto: Alexandre Vidal\/Flamengo)\"},{\"@type\":\"BreadcrumbList\",\"@id\":\"https:\/\/www.gaveanews.com\/index.php\/2022\/02\/28\/flamengo-tem-tres-representantes-na-selecao-da-rodada-do-carioca\/#breadcrumb\",\"itemListElement\":[{\"@type\":\"ListItem\",\"position\":1,\"name\":\"Home\",\"item\":\"https:\/\/www.gaveanews.com\/\"},{\"@type\":\"ListItem\",\"position\":2,\"name\":\"Flamengo tem tr\u00eas representantes na Sele\u00e7\u00e3o da rodada do Carioca\"}]},{\"@type\":\"WebSite\",\"@id\":\"https:\/\/www.gaveanews.com\/#website\",\"url\":\"https:\/\/www.gaveanews.com\/\",\"name\":\"G\u00e1vea News\",\"description\":\"Veja todas as not\u00edcias sobre o Flamengo: Contrata\u00e7\u00f5es, categorias de base, resultados das partidas, tabela de classifica\u00e7\u00e3o, pr\u00f3ximos jogos!\",\"potentialAction\":[{\"@type\":\"SearchAction\",\"target\":{\"@type\":\"EntryPoint\",\"urlTemplate\":\"https:\/\/www.gaveanews.com\/?s={search_term_string}\"},\"query-input\":{\"@type\":\"PropertyValueSpecification\",\"valueRequired\":true,\"valueName\":\"search_term_string\"}}],\"inLanguage\":\"pt-BR\"},{\"@type\":\"Person\",\"@id\":\"https:\/\/www.gaveanews.com\/#\/schema\/person\/2ec14f73fb96be2caf28f91afb14749d\",\"name\":\"Equipe G\u00e1vea News\",\"image\":{\"@type\":\"ImageObject\",\"inLanguage\":\"pt-BR\",\"@id\":\"https:\/\/www.gaveanews.com\/#\/schema\/person\/image\/\",\"url\":\"https:\/\/secure.gravatar.com\/avatar\/1e1956f1facbffd3f8fa53a326721950116b3b9dc9bd44939c01180fd4a745a9?s=96&d=mm&r=g\",\"contentUrl\":\"https:\/\/secure.gravatar.com\/avatar\/1e1956f1facbffd3f8fa53a326721950116b3b9dc9bd44939c01180fd4a745a9?s=96&d=mm&r=g\",\"caption\":\"Equipe G\u00e1vea News\"}}]}<\/script>\n<!-- \/ Yoast SEO Premium plugin. -->","yoast_head_json":{"title":"Flamengo tem tr\u00eas representantes na Sele\u00e7\u00e3o da rodada do Carioca","robots":{"index":"index","follow":"follow","max-snippet":"max-snippet:-1","max-image-preview":"max-image-preview:large","max-video-preview":"max-video-preview:-1"},"canonical":"https:\/\/www.gaveanews.com\/index.php\/2022\/02\/28\/flamengo-tem-tres-representantes-na-selecao-da-rodada-do-carioca\/","og_locale":"pt_BR","og_type":"article","og_title":"Flamengo tem tr\u00eas representantes na Sele\u00e7\u00e3o da rodada do Carioca","og_description":"O Flamengo criou muitas oportunidades, mas apenas empatou por 2 a 2 com o Resende, pela 9\u00aa rodada do Campeonato Carioca. No geral, a equipe teve um desempenho abaixo do esperado, mas tr\u00eas jogadores se destacaram, tanto que foram escolhidos para a sele\u00e7\u00e3o da rodada, s\u00e3o eles: Rodinei, Fabr\u00edcio Bruno e William Ar\u00e3o. Confira o [&hellip;]","og_url":"https:\/\/www.gaveanews.com\/index.php\/2022\/02\/28\/flamengo-tem-tres-representantes-na-selecao-da-rodada-do-carioca\/","og_site_name":"G\u00e1vea News","article_publisher":"https:\/\/facebook.com\/gaveaNews\/","article_published_time":"2022-03-01T00:42:36+00:00","og_image":[{"width":799,"height":533,"url":"https:\/\/www.gaveanews.com\/wp-content\/uploads\/Rodinei-durante-o-jogo-entre-Flamengo-e-Corinthians-pelo-Campeonato-Brasileiro-de-2021.webp","type":"image\/jpeg"}],"author":"Equipe G\u00e1vea News","twitter_card":"summary_large_image","twitter_misc":{"Escrito por":"Equipe G\u00e1vea News","Est. tempo de leitura":"1 minuto"},"schema":{"@context":"https:\/\/schema.org","@graph":[{"@type":"NewsArticle","@id":"https:\/\/www.gaveanews.com\/index.php\/2022\/02\/28\/flamengo-tem-tres-representantes-na-selecao-da-rodada-do-carioca\/#article","isPartOf":{"@id":"https:\/\/www.gaveanews.com\/index.php\/2022\/02\/28\/flamengo-tem-tres-representantes-na-selecao-da-rodada-do-carioca\/"},"author":{"name":"Equipe G\u00e1vea News","@id":"https:\/\/www.gaveanews.com\/#\/schema\/person\/2ec14f73fb96be2caf28f91afb14749d"},"headline":"Flamengo tem tr\u00eas representantes na Sele\u00e7\u00e3o da rodada do Carioca","datePublished":"2022-03-01T00:42:36+00:00","mainEntityOfPage":{"@id":"https:\/\/www.gaveanews.com\/index.php\/2022\/02\/28\/flamengo-tem-tres-representantes-na-selecao-da-rodada-do-carioca\/"},"wordCount":134,"commentCount":2,"image":{"@id":"https:\/\/www.gaveanews.com\/index.php\/2022\/02\/28\/flamengo-tem-tres-representantes-na-selecao-da-rodada-do-carioca\/#primaryimage"},"thumbnailUrl":"https:\/\/www.gaveanews.com\/wp-content\/uploads\/Rodinei-durante-o-jogo-entre-Flamengo-e-Corinthians-pelo-Campeonato-Brasileiro-de-2021.webp","articleSection":["Flamengo"],"inLanguage":"pt-BR","potentialAction":[{"@type":"CommentAction","name":"Comment","target":["https:\/\/www.gaveanews.com\/index.php\/2022\/02\/28\/flamengo-tem-tres-representantes-na-selecao-da-rodada-do-carioca\/#respond"]}],"copyrightYear":"2022","copyrightHolder":{"@id":"https:\/\/www.gaveanews.com\/#organization"}},{"@type":"WebPage","@id":"https:\/\/www.gaveanews.com\/index.php\/2022\/02\/28\/flamengo-tem-tres-representantes-na-selecao-da-rodada-do-carioca\/","url":"https:\/\/www.gaveanews.com\/index.php\/2022\/02\/28\/flamengo-tem-tres-representantes-na-selecao-da-rodada-do-carioca\/","name":"Flamengo tem tr\u00eas representantes na Sele\u00e7\u00e3o da rodada do Carioca","isPartOf":{"@id":"https:\/\/www.gaveanews.com\/#website"},"primaryImageOfPage":{"@id":"https:\/\/www.gaveanews.com\/index.php\/2022\/02\/28\/flamengo-tem-tres-representantes-na-selecao-da-rodada-do-carioca\/#primaryimage"},"image":{"@id":"https:\/\/www.gaveanews.com\/index.php\/2022\/02\/28\/flamengo-tem-tres-representantes-na-selecao-da-rodada-do-carioca\/#primaryimage"},"thumbnailUrl":"https:\/\/www.gaveanews.com\/wp-content\/uploads\/Rodinei-durante-o-jogo-entre-Flamengo-e-Corinthians-pelo-Campeonato-Brasileiro-de-2021.webp","datePublished":"2022-03-01T00:42:36+00:00","author":{"@id":"https:\/\/www.gaveanews.com\/#\/schema\/person\/2ec14f73fb96be2caf28f91afb14749d"},"breadcrumb":{"@id":"https:\/\/www.gaveanews.com\/index.php\/2022\/02\/28\/flamengo-tem-tres-representantes-na-selecao-da-rodada-do-carioca\/#breadcrumb"},"inLanguage":"pt-BR","potentialAction":[{"@type":"ReadAction","target":["https:\/\/www.gaveanews.com\/index.php\/2022\/02\/28\/flamengo-tem-tres-representantes-na-selecao-da-rodada-do-carioca\/"]}]},{"@type":"ImageObject","inLanguage":"pt-BR","@id":"https:\/\/www.gaveanews.com\/index.php\/2022\/02\/28\/flamengo-tem-tres-representantes-na-selecao-da-rodada-do-carioca\/#primaryimage","url":"https:\/\/www.gaveanews.com\/wp-content\/uploads\/Rodinei-durante-o-jogo-entre-Flamengo-e-Corinthians-pelo-Campeonato-Brasileiro-de-2021.webp","contentUrl":"https:\/\/www.gaveanews.com\/wp-content\/uploads\/Rodinei-durante-o-jogo-entre-Flamengo-e-Corinthians-pelo-Campeonato-Brasileiro-de-2021.webp","width":799,"height":533,"caption":"Rodinei durante o jogo entre Flamengo e Corinthians pelo Campeonato Brasileiro de 2021 (Foto: Alexandre Vidal\/Flamengo)"},{"@type":"BreadcrumbList","@id":"https:\/\/www.gaveanews.com\/index.php\/2022\/02\/28\/flamengo-tem-tres-representantes-na-selecao-da-rodada-do-carioca\/#breadcrumb","itemListElement":[{"@type":"ListItem","position":1,"name":"Home","item":"https:\/\/www.gaveanews.com\/"},{"@type":"ListItem","position":2,"name":"Flamengo tem tr\u00eas representantes na Sele\u00e7\u00e3o da rodada do Carioca"}]},{"@type":"WebSite","@id":"https:\/\/www.gaveanews.com\/#website","url":"https:\/\/www.gaveanews.com\/","name":"G\u00e1vea News","description":"Veja todas as not\u00edcias sobre o Flamengo: Contrata\u00e7\u00f5es, categorias de base, resultados das partidas, tabela de classifica\u00e7\u00e3o, pr\u00f3ximos jogos!","potentialAction":[{"@type":"SearchAction","target":{"@type":"EntryPoint","urlTemplate":"https:\/\/www.gaveanews.com\/?s={search_term_string}"},"query-input":{"@type":"PropertyValueSpecification","valueRequired":true,"valueName":"search_term_string"}}],"inLanguage":"pt-BR"},{"@type":"Person","@id":"https:\/\/www.gaveanews.com\/#\/schema\/person\/2ec14f73fb96be2caf28f91afb14749d","name":"Equipe G\u00e1vea News","image":{"@type":"ImageObject","inLanguage":"pt-BR","@id":"https:\/\/www.gaveanews.com\/#\/schema\/person\/image\/","url":"https:\/\/secure.gravatar.com\/avatar\/1e1956f1facbffd3f8fa53a326721950116b3b9dc9bd44939c01180fd4a745a9?s=96&d=mm&r=g","contentUrl":"https:\/\/secure.gravatar.com\/avatar\/1e1956f1facbffd3f8fa53a326721950116b3b9dc9bd44939c01180fd4a745a9?s=96&d=mm&r=g","caption":"Equipe G\u00e1vea News"}}]}},"_links":{"self":[{"href":"https:\/\/www.gaveanews.com\/index.php\/wp-json\/wp\/v2\/posts\/77538","targetHints":{"allow":["GET"]}}],"collection":[{"href":"https:\/\/www.gaveanews.com\/index.php\/wp-json\/wp\/v2\/posts"}],"about":[{"href":"https:\/\/www.gaveanews.com\/index.php\/wp-json\/wp\/v2\/types\/post"}],"author":[{"embeddable":true,"href":"https:\/\/www.gaveanews.com\/index.php\/wp-json\/wp\/v2\/users\/1"}],"replies":[{"embeddable":true,"href":"https:\/\/www.gaveanews.com\/index.php\/wp-json\/wp\/v2\/comments?post=77538"}],"version-history":[{"count":0,"href":"https:\/\/www.gaveanews.com\/index.php\/wp-json\/wp\/v2\/posts\/77538\/revisions"}],"wp:featuredmedia":[{"embeddable":true,"href":"https:\/\/www.gaveanews.com\/index.php\/wp-json\/wp\/v2\/media\/71919"}],"wp:attachment":[{"href":"https:\/\/www.gaveanews.com\/index.php\/wp-json\/wp\/v2\/media?parent=77538"}],"wp:term":[{"taxonomy":"category","embeddable":true,"href":"https:\/\/www.gaveanews.com\/index.php\/wp-json\/wp\/v2\/categories?post=77538"},{"taxonomy":"post_tag","embeddable":true,"href":"https:\/\/www.gaveanews.com\/index.php\/wp-json\/wp\/v2\/tags?post=77538"}],"curies":[{"name":"wp","href":"https:\/\/api.w.org\/{rel}","templated":true}]}}