{"id":77541,"date":"2022-02-28T22:17:43","date_gmt":"2022-03-01T01:17:43","guid":{"rendered":"https:\/\/www.gaveanews.com\/?p=77541"},"modified":"2022-02-28T22:17:43","modified_gmt":"2022-03-01T01:17:43","slug":"torcida-do-flamengo-cria-campanha-para-apoiar-paulo-sousa","status":"publish","type":"post","link":"https:\/\/www.gaveanews.com\/index.php\/2022\/02\/28\/torcida-do-flamengo-cria-campanha-para-apoiar-paulo-sousa\/","title":{"rendered":"Torcida do Flamengo cria campanha para apoiar Paulo Sousa"},"content":{"rendered":"<p>Paulo Sousa ainda est\u00e1 no in\u00edcio de trabalho no comando da equipe rubro-negra, por esse motivo, tem usado o Campeonato Carioca para realizar v\u00e1rios testes e tentar chegar na equipe ideal. \u00c9 normal que o desempenho do time oscile em algumas partidas, como aconteceu contra o Resende. O treinador foi alvo de cr\u00edticas desnecess\u00e1rias e a Na\u00e7\u00e3o Rubro-Negra subiu a #FechadoComPauloSousa no <em>Twitter<\/em> para apoiar o portugu\u00eas.<\/p>\n<p>A <em>hastag<\/em> #FechadoComPauloSousa ficou entre os assuntos mais comentados do momento no <em>Twitter<\/em>. O treinador tem cobrado bastante o elenco para ter mais fome de vit\u00f3rias e gols. Ap\u00f3s a partida do \u00faltimo domingo, o comandante rubro-negro disse que a equipe precisa pensar em ganhar antes de pensar no carnaval.<\/p>\n<p><img decoding=\"async\" src=\"https:\/\/944547.smushcdn.com\/2525347\/wp-content\/uploads\/2022\/02\/FMs4jxWXwAIAXcC-1.webp\" \/><\/p>\n<p>\u00c9 normal que um in\u00edcio de trabalho tenha altos e baixos, para que d\u00ea certo e colha bons frutos, \u00e9 necess\u00e1rio tempo e tranquilidade para trabalhar. \u00c9 n\u00edtido a evolu\u00e7\u00e3o da equipe em t\u00e3o pouco tempo com o trabalho de Paulo Sousa, mas ainda h\u00e1 quem fa\u00e7a cr\u00edticas ao treinador. Em apoio ao portugu\u00eas, veja algumas manifesta\u00e7\u00f5es dos torcedores no Twiiter.<\/p>\n<p>https:\/\/twitter.com\/Waynexxxl1\/status\/1498323092975898626?ref_src=twsrc%5Etfw%7Ctwcamp%5Etweetembed%7Ctwterm%5E1498323092975898626%7Ctwgr%5E%7Ctwcon%5Es1_&#038;ref_url=https%3A%2F%2Fdiariodofla.com.br%2Ffechadocompaulosousa-torcida-rubro-negra-cria-campanha-apoiar-o-treinador%2F<\/p>\n<blockquote class=\"twitter-tweet\" data-width=\"550\" data-dnt=\"true\">\n<p lang=\"pt\" dir=\"ltr\">Se o Paulo Sousa est\u00e1 de um lado eu automaticamente estou do mesmo <a href=\"https:\/\/twitter.com\/hashtag\/FechadoComPauloSousa?src=hash&amp;ref_src=twsrc%5Etfw\">#FechadoComPauloSousa<\/a><\/p>\n<p>&mdash; Cami (@camilavicentea) <a href=\"https:\/\/twitter.com\/camilavicentea\/status\/1498329987354697733?ref_src=twsrc%5Etfw\">February 28, 2022<\/a><\/p><\/blockquote>\n<p><script async src=\"https:\/\/platform.twitter.com\/widgets.js\" charset=\"utf-8\"><\/script><\/p>\n<p>https:\/\/twitter.com\/bh27depre\/status\/1498334846787198980?ref_src=twsrc%5Etfw%7Ctwcamp%5Etweetembed%7Ctwterm%5E1498334846787198980%7Ctwgr%5E%7Ctwcon%5Es1_&#038;ref_url=https%3A%2F%2Fdiariodofla.com.br%2Ffechadocompaulosousa-torcida-rubro-negra-cria-campanha-apoiar-o-treinador%2F<\/p>\n<p>Retirado de: Di\u00e1rio do Fla<\/p>\n","protected":false},"excerpt":{"rendered":"<p>Paulo Sousa ainda est\u00e1 no in\u00edcio de trabalho no comando da equipe rubro-negra, por esse motivo, tem usado o Campeonato Carioca para realizar v\u00e1rios testes e tentar chegar na equipe ideal. \u00c9 normal que o desempenho do time oscile em algumas partidas, como aconteceu contra o Resende. O treinador foi alvo de cr\u00edticas desnecess\u00e1rias e [&hellip;]<\/p>\n","protected":false},"author":1,"featured_media":74685,"comment_status":"open","ping_status":"closed","sticky":false,"template":"","format":"standard","meta":{"footnotes":""},"categories":[1],"tags":[],"class_list":["post-77541","post","type-post","status-publish","format-standard","has-post-thumbnail","hentry","category-flamengo"],"yoast_head":"<!-- This site is optimized with the Yoast SEO Premium plugin v24.2 (Yoast SEO v26.9) - https:\/\/yoast.com\/product\/yoast-seo-premium-wordpress\/ -->\n<title>Torcida do Flamengo cria campanha para apoiar Paulo Sousa<\/title>\n<meta name=\"robots\" content=\"index, follow, max-snippet:-1, max-image-preview:large, max-video-preview:-1\" \/>\n<link rel=\"canonical\" href=\"https:\/\/www.gaveanews.com\/index.php\/2022\/02\/28\/torcida-do-flamengo-cria-campanha-para-apoiar-paulo-sousa\/\" \/>\n<meta property=\"og:locale\" content=\"pt_BR\" \/>\n<meta property=\"og:type\" content=\"article\" \/>\n<meta property=\"og:title\" content=\"Torcida do Flamengo cria campanha para apoiar Paulo Sousa\" \/>\n<meta property=\"og:description\" content=\"Paulo Sousa ainda est\u00e1 no in\u00edcio de trabalho no comando da equipe rubro-negra, por esse motivo, tem usado o Campeonato Carioca para realizar v\u00e1rios testes e tentar chegar na equipe ideal. \u00c9 normal que o desempenho do time oscile em algumas partidas, como aconteceu contra o Resende. O treinador foi alvo de cr\u00edticas desnecess\u00e1rias e [&hellip;]\" \/>\n<meta property=\"og:url\" content=\"https:\/\/www.gaveanews.com\/index.php\/2022\/02\/28\/torcida-do-flamengo-cria-campanha-para-apoiar-paulo-sousa\/\" \/>\n<meta property=\"og:site_name\" content=\"G\u00e1vea News\" \/>\n<meta property=\"article:publisher\" content=\"https:\/\/facebook.com\/gaveaNews\/\" \/>\n<meta property=\"article:published_time\" content=\"2022-03-01T01:17:43+00:00\" \/>\n<meta property=\"og:image\" content=\"https:\/\/www.gaveanews.com\/wp-content\/uploads\/Paulo-Sousa-comanda-treino-do-Flamengo-no-Ninho-do-Urubu.webp\" \/>\n\t<meta property=\"og:image:width\" content=\"2048\" \/>\n\t<meta property=\"og:image:height\" content=\"1326\" \/>\n\t<meta property=\"og:image:type\" content=\"image\/jpeg\" \/>\n<meta name=\"author\" content=\"Equipe G\u00e1vea News\" \/>\n<meta name=\"twitter:card\" content=\"summary_large_image\" \/>\n<meta name=\"twitter:label1\" content=\"Escrito por\" \/>\n\t<meta name=\"twitter:data1\" content=\"Equipe G\u00e1vea News\" \/>\n\t<meta name=\"twitter:label2\" content=\"Est. tempo de leitura\" \/>\n\t<meta name=\"twitter:data2\" content=\"2 minutos\" \/>\n<script type=\"application\/ld+json\" class=\"yoast-schema-graph\">{\"@context\":\"https:\/\/schema.org\",\"@graph\":[{\"@type\":\"NewsArticle\",\"@id\":\"https:\/\/www.gaveanews.com\/index.php\/2022\/02\/28\/torcida-do-flamengo-cria-campanha-para-apoiar-paulo-sousa\/#article\",\"isPartOf\":{\"@id\":\"https:\/\/www.gaveanews.com\/index.php\/2022\/02\/28\/torcida-do-flamengo-cria-campanha-para-apoiar-paulo-sousa\/\"},\"author\":{\"name\":\"Equipe G\u00e1vea News\",\"@id\":\"https:\/\/www.gaveanews.com\/#\/schema\/person\/2ec14f73fb96be2caf28f91afb14749d\"},\"headline\":\"Torcida do Flamengo cria campanha para apoiar Paulo Sousa\",\"datePublished\":\"2022-03-01T01:17:43+00:00\",\"mainEntityOfPage\":{\"@id\":\"https:\/\/www.gaveanews.com\/index.php\/2022\/02\/28\/torcida-do-flamengo-cria-campanha-para-apoiar-paulo-sousa\/\"},\"wordCount\":291,\"commentCount\":19,\"image\":{\"@id\":\"https:\/\/www.gaveanews.com\/index.php\/2022\/02\/28\/torcida-do-flamengo-cria-campanha-para-apoiar-paulo-sousa\/#primaryimage\"},\"thumbnailUrl\":\"https:\/\/www.gaveanews.com\/wp-content\/uploads\/Paulo-Sousa-comanda-treino-do-Flamengo-no-Ninho-do-Urubu.webp\",\"articleSection\":[\"Flamengo\"],\"inLanguage\":\"pt-BR\",\"potentialAction\":[{\"@type\":\"CommentAction\",\"name\":\"Comment\",\"target\":[\"https:\/\/www.gaveanews.com\/index.php\/2022\/02\/28\/torcida-do-flamengo-cria-campanha-para-apoiar-paulo-sousa\/#respond\"]}],\"copyrightYear\":\"2022\",\"copyrightHolder\":{\"@id\":\"https:\/\/www.gaveanews.com\/#organization\"}},{\"@type\":\"WebPage\",\"@id\":\"https:\/\/www.gaveanews.com\/index.php\/2022\/02\/28\/torcida-do-flamengo-cria-campanha-para-apoiar-paulo-sousa\/\",\"url\":\"https:\/\/www.gaveanews.com\/index.php\/2022\/02\/28\/torcida-do-flamengo-cria-campanha-para-apoiar-paulo-sousa\/\",\"name\":\"Torcida do Flamengo cria campanha para apoiar Paulo Sousa\",\"isPartOf\":{\"@id\":\"https:\/\/www.gaveanews.com\/#website\"},\"primaryImageOfPage\":{\"@id\":\"https:\/\/www.gaveanews.com\/index.php\/2022\/02\/28\/torcida-do-flamengo-cria-campanha-para-apoiar-paulo-sousa\/#primaryimage\"},\"image\":{\"@id\":\"https:\/\/www.gaveanews.com\/index.php\/2022\/02\/28\/torcida-do-flamengo-cria-campanha-para-apoiar-paulo-sousa\/#primaryimage\"},\"thumbnailUrl\":\"https:\/\/www.gaveanews.com\/wp-content\/uploads\/Paulo-Sousa-comanda-treino-do-Flamengo-no-Ninho-do-Urubu.webp\",\"datePublished\":\"2022-03-01T01:17:43+00:00\",\"author\":{\"@id\":\"https:\/\/www.gaveanews.com\/#\/schema\/person\/2ec14f73fb96be2caf28f91afb14749d\"},\"breadcrumb\":{\"@id\":\"https:\/\/www.gaveanews.com\/index.php\/2022\/02\/28\/torcida-do-flamengo-cria-campanha-para-apoiar-paulo-sousa\/#breadcrumb\"},\"inLanguage\":\"pt-BR\",\"potentialAction\":[{\"@type\":\"ReadAction\",\"target\":[\"https:\/\/www.gaveanews.com\/index.php\/2022\/02\/28\/torcida-do-flamengo-cria-campanha-para-apoiar-paulo-sousa\/\"]}]},{\"@type\":\"ImageObject\",\"inLanguage\":\"pt-BR\",\"@id\":\"https:\/\/www.gaveanews.com\/index.php\/2022\/02\/28\/torcida-do-flamengo-cria-campanha-para-apoiar-paulo-sousa\/#primaryimage\",\"url\":\"https:\/\/www.gaveanews.com\/wp-content\/uploads\/Paulo-Sousa-comanda-treino-do-Flamengo-no-Ninho-do-Urubu.webp\",\"contentUrl\":\"https:\/\/www.gaveanews.com\/wp-content\/uploads\/Paulo-Sousa-comanda-treino-do-Flamengo-no-Ninho-do-Urubu.webp\",\"width\":2048,\"height\":1326,\"caption\":\"Paulo Sousa comanda treino do Flamengo no Ninho do Urubu (Foto: Felipe Pati\u00f1o\/Flamengo)\"},{\"@type\":\"BreadcrumbList\",\"@id\":\"https:\/\/www.gaveanews.com\/index.php\/2022\/02\/28\/torcida-do-flamengo-cria-campanha-para-apoiar-paulo-sousa\/#breadcrumb\",\"itemListElement\":[{\"@type\":\"ListItem\",\"position\":1,\"name\":\"Home\",\"item\":\"https:\/\/www.gaveanews.com\/\"},{\"@type\":\"ListItem\",\"position\":2,\"name\":\"Torcida do Flamengo cria campanha para apoiar Paulo Sousa\"}]},{\"@type\":\"WebSite\",\"@id\":\"https:\/\/www.gaveanews.com\/#website\",\"url\":\"https:\/\/www.gaveanews.com\/\",\"name\":\"G\u00e1vea News\",\"description\":\"Veja todas as not\u00edcias sobre o Flamengo: Contrata\u00e7\u00f5es, categorias de base, resultados das partidas, tabela de classifica\u00e7\u00e3o, pr\u00f3ximos jogos!\",\"potentialAction\":[{\"@type\":\"SearchAction\",\"target\":{\"@type\":\"EntryPoint\",\"urlTemplate\":\"https:\/\/www.gaveanews.com\/?s={search_term_string}\"},\"query-input\":{\"@type\":\"PropertyValueSpecification\",\"valueRequired\":true,\"valueName\":\"search_term_string\"}}],\"inLanguage\":\"pt-BR\"},{\"@type\":\"Person\",\"@id\":\"https:\/\/www.gaveanews.com\/#\/schema\/person\/2ec14f73fb96be2caf28f91afb14749d\",\"name\":\"Equipe G\u00e1vea News\",\"image\":{\"@type\":\"ImageObject\",\"inLanguage\":\"pt-BR\",\"@id\":\"https:\/\/www.gaveanews.com\/#\/schema\/person\/image\/\",\"url\":\"https:\/\/secure.gravatar.com\/avatar\/1e1956f1facbffd3f8fa53a326721950116b3b9dc9bd44939c01180fd4a745a9?s=96&d=mm&r=g\",\"contentUrl\":\"https:\/\/secure.gravatar.com\/avatar\/1e1956f1facbffd3f8fa53a326721950116b3b9dc9bd44939c01180fd4a745a9?s=96&d=mm&r=g\",\"caption\":\"Equipe G\u00e1vea News\"}}]}<\/script>\n<!-- \/ Yoast SEO Premium plugin. -->","yoast_head_json":{"title":"Torcida do Flamengo cria campanha para apoiar Paulo Sousa","robots":{"index":"index","follow":"follow","max-snippet":"max-snippet:-1","max-image-preview":"max-image-preview:large","max-video-preview":"max-video-preview:-1"},"canonical":"https:\/\/www.gaveanews.com\/index.php\/2022\/02\/28\/torcida-do-flamengo-cria-campanha-para-apoiar-paulo-sousa\/","og_locale":"pt_BR","og_type":"article","og_title":"Torcida do Flamengo cria campanha para apoiar Paulo Sousa","og_description":"Paulo Sousa ainda est\u00e1 no in\u00edcio de trabalho no comando da equipe rubro-negra, por esse motivo, tem usado o Campeonato Carioca para realizar v\u00e1rios testes e tentar chegar na equipe ideal. \u00c9 normal que o desempenho do time oscile em algumas partidas, como aconteceu contra o Resende. O treinador foi alvo de cr\u00edticas desnecess\u00e1rias e [&hellip;]","og_url":"https:\/\/www.gaveanews.com\/index.php\/2022\/02\/28\/torcida-do-flamengo-cria-campanha-para-apoiar-paulo-sousa\/","og_site_name":"G\u00e1vea News","article_publisher":"https:\/\/facebook.com\/gaveaNews\/","article_published_time":"2022-03-01T01:17:43+00:00","og_image":[{"width":2048,"height":1326,"url":"https:\/\/www.gaveanews.com\/wp-content\/uploads\/Paulo-Sousa-comanda-treino-do-Flamengo-no-Ninho-do-Urubu.webp","type":"image\/jpeg"}],"author":"Equipe G\u00e1vea News","twitter_card":"summary_large_image","twitter_misc":{"Escrito por":"Equipe G\u00e1vea News","Est. tempo de leitura":"2 minutos"},"schema":{"@context":"https:\/\/schema.org","@graph":[{"@type":"NewsArticle","@id":"https:\/\/www.gaveanews.com\/index.php\/2022\/02\/28\/torcida-do-flamengo-cria-campanha-para-apoiar-paulo-sousa\/#article","isPartOf":{"@id":"https:\/\/www.gaveanews.com\/index.php\/2022\/02\/28\/torcida-do-flamengo-cria-campanha-para-apoiar-paulo-sousa\/"},"author":{"name":"Equipe G\u00e1vea News","@id":"https:\/\/www.gaveanews.com\/#\/schema\/person\/2ec14f73fb96be2caf28f91afb14749d"},"headline":"Torcida do Flamengo cria campanha para apoiar Paulo Sousa","datePublished":"2022-03-01T01:17:43+00:00","mainEntityOfPage":{"@id":"https:\/\/www.gaveanews.com\/index.php\/2022\/02\/28\/torcida-do-flamengo-cria-campanha-para-apoiar-paulo-sousa\/"},"wordCount":291,"commentCount":19,"image":{"@id":"https:\/\/www.gaveanews.com\/index.php\/2022\/02\/28\/torcida-do-flamengo-cria-campanha-para-apoiar-paulo-sousa\/#primaryimage"},"thumbnailUrl":"https:\/\/www.gaveanews.com\/wp-content\/uploads\/Paulo-Sousa-comanda-treino-do-Flamengo-no-Ninho-do-Urubu.webp","articleSection":["Flamengo"],"inLanguage":"pt-BR","potentialAction":[{"@type":"CommentAction","name":"Comment","target":["https:\/\/www.gaveanews.com\/index.php\/2022\/02\/28\/torcida-do-flamengo-cria-campanha-para-apoiar-paulo-sousa\/#respond"]}],"copyrightYear":"2022","copyrightHolder":{"@id":"https:\/\/www.gaveanews.com\/#organization"}},{"@type":"WebPage","@id":"https:\/\/www.gaveanews.com\/index.php\/2022\/02\/28\/torcida-do-flamengo-cria-campanha-para-apoiar-paulo-sousa\/","url":"https:\/\/www.gaveanews.com\/index.php\/2022\/02\/28\/torcida-do-flamengo-cria-campanha-para-apoiar-paulo-sousa\/","name":"Torcida do Flamengo cria campanha para apoiar Paulo Sousa","isPartOf":{"@id":"https:\/\/www.gaveanews.com\/#website"},"primaryImageOfPage":{"@id":"https:\/\/www.gaveanews.com\/index.php\/2022\/02\/28\/torcida-do-flamengo-cria-campanha-para-apoiar-paulo-sousa\/#primaryimage"},"image":{"@id":"https:\/\/www.gaveanews.com\/index.php\/2022\/02\/28\/torcida-do-flamengo-cria-campanha-para-apoiar-paulo-sousa\/#primaryimage"},"thumbnailUrl":"https:\/\/www.gaveanews.com\/wp-content\/uploads\/Paulo-Sousa-comanda-treino-do-Flamengo-no-Ninho-do-Urubu.webp","datePublished":"2022-03-01T01:17:43+00:00","author":{"@id":"https:\/\/www.gaveanews.com\/#\/schema\/person\/2ec14f73fb96be2caf28f91afb14749d"},"breadcrumb":{"@id":"https:\/\/www.gaveanews.com\/index.php\/2022\/02\/28\/torcida-do-flamengo-cria-campanha-para-apoiar-paulo-sousa\/#breadcrumb"},"inLanguage":"pt-BR","potentialAction":[{"@type":"ReadAction","target":["https:\/\/www.gaveanews.com\/index.php\/2022\/02\/28\/torcida-do-flamengo-cria-campanha-para-apoiar-paulo-sousa\/"]}]},{"@type":"ImageObject","inLanguage":"pt-BR","@id":"https:\/\/www.gaveanews.com\/index.php\/2022\/02\/28\/torcida-do-flamengo-cria-campanha-para-apoiar-paulo-sousa\/#primaryimage","url":"https:\/\/www.gaveanews.com\/wp-content\/uploads\/Paulo-Sousa-comanda-treino-do-Flamengo-no-Ninho-do-Urubu.webp","contentUrl":"https:\/\/www.gaveanews.com\/wp-content\/uploads\/Paulo-Sousa-comanda-treino-do-Flamengo-no-Ninho-do-Urubu.webp","width":2048,"height":1326,"caption":"Paulo Sousa comanda treino do Flamengo no Ninho do Urubu (Foto: Felipe Pati\u00f1o\/Flamengo)"},{"@type":"BreadcrumbList","@id":"https:\/\/www.gaveanews.com\/index.php\/2022\/02\/28\/torcida-do-flamengo-cria-campanha-para-apoiar-paulo-sousa\/#breadcrumb","itemListElement":[{"@type":"ListItem","position":1,"name":"Home","item":"https:\/\/www.gaveanews.com\/"},{"@type":"ListItem","position":2,"name":"Torcida do Flamengo cria campanha para apoiar Paulo Sousa"}]},{"@type":"WebSite","@id":"https:\/\/www.gaveanews.com\/#website","url":"https:\/\/www.gaveanews.com\/","name":"G\u00e1vea News","description":"Veja todas as not\u00edcias sobre o Flamengo: Contrata\u00e7\u00f5es, categorias de base, resultados das partidas, tabela de classifica\u00e7\u00e3o, pr\u00f3ximos jogos!","potentialAction":[{"@type":"SearchAction","target":{"@type":"EntryPoint","urlTemplate":"https:\/\/www.gaveanews.com\/?s={search_term_string}"},"query-input":{"@type":"PropertyValueSpecification","valueRequired":true,"valueName":"search_term_string"}}],"inLanguage":"pt-BR"},{"@type":"Person","@id":"https:\/\/www.gaveanews.com\/#\/schema\/person\/2ec14f73fb96be2caf28f91afb14749d","name":"Equipe G\u00e1vea News","image":{"@type":"ImageObject","inLanguage":"pt-BR","@id":"https:\/\/www.gaveanews.com\/#\/schema\/person\/image\/","url":"https:\/\/secure.gravatar.com\/avatar\/1e1956f1facbffd3f8fa53a326721950116b3b9dc9bd44939c01180fd4a745a9?s=96&d=mm&r=g","contentUrl":"https:\/\/secure.gravatar.com\/avatar\/1e1956f1facbffd3f8fa53a326721950116b3b9dc9bd44939c01180fd4a745a9?s=96&d=mm&r=g","caption":"Equipe G\u00e1vea News"}}]}},"_links":{"self":[{"href":"https:\/\/www.gaveanews.com\/index.php\/wp-json\/wp\/v2\/posts\/77541","targetHints":{"allow":["GET"]}}],"collection":[{"href":"https:\/\/www.gaveanews.com\/index.php\/wp-json\/wp\/v2\/posts"}],"about":[{"href":"https:\/\/www.gaveanews.com\/index.php\/wp-json\/wp\/v2\/types\/post"}],"author":[{"embeddable":true,"href":"https:\/\/www.gaveanews.com\/index.php\/wp-json\/wp\/v2\/users\/1"}],"replies":[{"embeddable":true,"href":"https:\/\/www.gaveanews.com\/index.php\/wp-json\/wp\/v2\/comments?post=77541"}],"version-history":[{"count":0,"href":"https:\/\/www.gaveanews.com\/index.php\/wp-json\/wp\/v2\/posts\/77541\/revisions"}],"wp:featuredmedia":[{"embeddable":true,"href":"https:\/\/www.gaveanews.com\/index.php\/wp-json\/wp\/v2\/media\/74685"}],"wp:attachment":[{"href":"https:\/\/www.gaveanews.com\/index.php\/wp-json\/wp\/v2\/media?parent=77541"}],"wp:term":[{"taxonomy":"category","embeddable":true,"href":"https:\/\/www.gaveanews.com\/index.php\/wp-json\/wp\/v2\/categories?post=77541"},{"taxonomy":"post_tag","embeddable":true,"href":"https:\/\/www.gaveanews.com\/index.php\/wp-json\/wp\/v2\/tags?post=77541"}],"curies":[{"name":"wp","href":"https:\/\/api.w.org\/{rel}","templated":true}]}}