{"id":77543,"date":"2022-02-28T22:33:34","date_gmt":"2022-03-01T01:33:34","guid":{"rendered":"https:\/\/www.gaveanews.com\/?p=77543"},"modified":"2022-02-28T22:33:34","modified_gmt":"2022-03-01T01:33:34","slug":"diretoria-do-flamengo-atualiza-paulo-sousa-sobre-a-situacao-de-isla","status":"publish","type":"post","link":"https:\/\/www.gaveanews.com\/index.php\/2022\/02\/28\/diretoria-do-flamengo-atualiza-paulo-sousa-sobre-a-situacao-de-isla\/","title":{"rendered":"Diretoria do Flamengo atualiza Paulo Sousa sobre a situa\u00e7\u00e3o de Isla"},"content":{"rendered":"<p>O Flamengo trabalha com a possibilidade de afastar Maur\u00edcio Isla do elenco antes da pr\u00f3xima partida da equipe, que est\u00e1 marcada para domingo, \u00e0s 16h, contra o Vasco, pela 10\u00aa rodada do Campeonato Carioca.<\/p>\n<p>O site &#8216;Torcedores&#8217; apurou que a diretoria j\u00e1 avisou Paulo Sousa sobre a situa\u00e7\u00e3o. O t\u00e9cnico, a partir de amanh\u00e3, ter\u00e1 de trabalhar o grupo sem o chileno. Rodinei e Matheuzinho s\u00e3o as principais alternativas para o cl\u00e1ssico. A princ\u00edpio, Isla ser\u00e1 colocado para treinar \u00e0 parte.<\/p>\n<p>Os dirigentes do Flamengo est\u00e3o irritados pela maneira como Maur\u00edcio Isla se comportou antes da partida contra o Resende. Em v\u00eddeos que viralizaram nas redes sociais, ele foi visto em uma festa com aglomera\u00e7\u00e3o.<\/p>\n<p>Ap\u00f3s ser flagrado, Maur\u00edcio Isla relatou ao departamento m\u00e9dico sintomas que o impossibilitava de entrar em campo. Com isso, foi retirado da rela\u00e7\u00e3o, reavaliado, medicado e direcionado para fazer trabalhos leves no clube.<\/p>\n<p>O Flamengo est\u00e1 decidido a afastar o jogador at\u00e9 usar o caso como exemplo para o restante do elenco. Nos bastidores do CT Ninho do Urubu, corre a informa\u00e7\u00e3o de que a partir de agora a diretoria ir\u00e1 coibir qualquer caso de indisciplina enquanto o time estiver fora do eixo.<\/p>\n<p>Ainda segundo apurou a reportagem, o presidente Rodolfo Landim vem sendo pressionado por sua base de apoio pol\u00edtica a fazer uma interven\u00e7\u00e3o no departamento de futebol. Uma eventual rescis\u00e3o de contrato com Isla j\u00e1 debatida internamente entre os integrantes da c\u00fapula.<\/p>\n<p>O Flamengo tem pressa para resolver a situa\u00e7\u00e3o do chileno a fim de liber\u00e1-lo antes do in\u00edcio da Copa Libertadores da Am\u00e9rica. Caso isso aconte\u00e7a, o jogador s\u00f3 poder\u00e1 se transferir para clubes da Am\u00e9rica do Sul onde a janela est\u00e1 aberta at\u00e9 come\u00e7o de abril.<\/p>\n<h2>Os n\u00fameros de Maur\u00edcio Isla no Flamengo<\/h2>\n<p>Contratado em 2020, Maur\u00edcio Isla foi contratado com status de novo dono da lateral-direita para substituir Rafinha no Flamengo. Desde ent\u00e3o, disputou 73 partidas, marcou dois gols e fez nove assist\u00eancias. Nesse \u00ednterim, venceu o Campeonato Brasileiro (2020), a Supercopa do Brasil (2021) e o Campeonato Carioca (2021).<\/p>\n<p>Retirado de: Torcedores<\/p>\n","protected":false},"excerpt":{"rendered":"<p>O Flamengo trabalha com a possibilidade de afastar Maur\u00edcio Isla do elenco antes da pr\u00f3xima partida da equipe, que est\u00e1 marcada para domingo, \u00e0s 16h, contra o Vasco, pela 10\u00aa rodada do Campeonato Carioca. O site &#8216;Torcedores&#8217; apurou que a diretoria j\u00e1 avisou Paulo Sousa sobre a situa\u00e7\u00e3o. O t\u00e9cnico, a partir de amanh\u00e3, ter\u00e1 [&hellip;]<\/p>\n","protected":false},"author":1,"featured_media":50081,"comment_status":"open","ping_status":"closed","sticky":false,"template":"","format":"standard","meta":{"footnotes":""},"categories":[1],"tags":[],"class_list":["post-77543","post","type-post","status-publish","format-standard","has-post-thumbnail","hentry","category-flamengo"],"yoast_head":"<!-- This site is optimized with the Yoast SEO Premium plugin v24.2 (Yoast SEO v26.9) - https:\/\/yoast.com\/product\/yoast-seo-premium-wordpress\/ -->\n<title>Diretoria do Flamengo atualiza Paulo Sousa sobre a situa\u00e7\u00e3o de Isla<\/title>\n<meta name=\"robots\" content=\"index, follow, max-snippet:-1, max-image-preview:large, max-video-preview:-1\" \/>\n<link rel=\"canonical\" href=\"https:\/\/www.gaveanews.com\/index.php\/2022\/02\/28\/diretoria-do-flamengo-atualiza-paulo-sousa-sobre-a-situacao-de-isla\/\" \/>\n<meta property=\"og:locale\" content=\"pt_BR\" \/>\n<meta property=\"og:type\" content=\"article\" \/>\n<meta property=\"og:title\" content=\"Diretoria do Flamengo atualiza Paulo Sousa sobre a situa\u00e7\u00e3o de Isla\" \/>\n<meta property=\"og:description\" content=\"O Flamengo trabalha com a possibilidade de afastar Maur\u00edcio Isla do elenco antes da pr\u00f3xima partida da equipe, que est\u00e1 marcada para domingo, \u00e0s 16h, contra o Vasco, pela 10\u00aa rodada do Campeonato Carioca. O site &#8216;Torcedores&#8217; apurou que a diretoria j\u00e1 avisou Paulo Sousa sobre a situa\u00e7\u00e3o. O t\u00e9cnico, a partir de amanh\u00e3, ter\u00e1 [&hellip;]\" \/>\n<meta property=\"og:url\" content=\"https:\/\/www.gaveanews.com\/index.php\/2022\/02\/28\/diretoria-do-flamengo-atualiza-paulo-sousa-sobre-a-situacao-de-isla\/\" \/>\n<meta property=\"og:site_name\" content=\"G\u00e1vea News\" \/>\n<meta property=\"article:publisher\" content=\"https:\/\/facebook.com\/gaveaNews\/\" \/>\n<meta property=\"article:published_time\" content=\"2022-03-01T01:33:34+00:00\" \/>\n<meta property=\"og:image\" content=\"https:\/\/www.gaveanews.com\/wp-content\/uploads\/Mauricio-Isla-em-acao-pelo-Flamengo-contra-o-Internacional.webp\" \/>\n\t<meta property=\"og:image:width\" content=\"800\" \/>\n\t<meta property=\"og:image:height\" content=\"533\" \/>\n\t<meta property=\"og:image:type\" content=\"image\/jpeg\" \/>\n<meta name=\"author\" content=\"Equipe G\u00e1vea News\" \/>\n<meta name=\"twitter:card\" content=\"summary_large_image\" \/>\n<meta name=\"twitter:label1\" content=\"Escrito por\" \/>\n\t<meta name=\"twitter:data1\" content=\"Equipe G\u00e1vea News\" \/>\n\t<meta name=\"twitter:label2\" content=\"Est. tempo de leitura\" \/>\n\t<meta name=\"twitter:data2\" content=\"2 minutos\" \/>\n<script type=\"application\/ld+json\" class=\"yoast-schema-graph\">{\"@context\":\"https:\/\/schema.org\",\"@graph\":[{\"@type\":\"NewsArticle\",\"@id\":\"https:\/\/www.gaveanews.com\/index.php\/2022\/02\/28\/diretoria-do-flamengo-atualiza-paulo-sousa-sobre-a-situacao-de-isla\/#article\",\"isPartOf\":{\"@id\":\"https:\/\/www.gaveanews.com\/index.php\/2022\/02\/28\/diretoria-do-flamengo-atualiza-paulo-sousa-sobre-a-situacao-de-isla\/\"},\"author\":{\"name\":\"Equipe G\u00e1vea News\",\"@id\":\"https:\/\/www.gaveanews.com\/#\/schema\/person\/2ec14f73fb96be2caf28f91afb14749d\"},\"headline\":\"Diretoria do Flamengo atualiza Paulo Sousa sobre a situa\u00e7\u00e3o de Isla\",\"datePublished\":\"2022-03-01T01:33:34+00:00\",\"mainEntityOfPage\":{\"@id\":\"https:\/\/www.gaveanews.com\/index.php\/2022\/02\/28\/diretoria-do-flamengo-atualiza-paulo-sousa-sobre-a-situacao-de-isla\/\"},\"wordCount\":380,\"commentCount\":11,\"image\":{\"@id\":\"https:\/\/www.gaveanews.com\/index.php\/2022\/02\/28\/diretoria-do-flamengo-atualiza-paulo-sousa-sobre-a-situacao-de-isla\/#primaryimage\"},\"thumbnailUrl\":\"https:\/\/www.gaveanews.com\/wp-content\/uploads\/Mauricio-Isla-em-acao-pelo-Flamengo-contra-o-Internacional.webp\",\"articleSection\":[\"Flamengo\"],\"inLanguage\":\"pt-BR\",\"potentialAction\":[{\"@type\":\"CommentAction\",\"name\":\"Comment\",\"target\":[\"https:\/\/www.gaveanews.com\/index.php\/2022\/02\/28\/diretoria-do-flamengo-atualiza-paulo-sousa-sobre-a-situacao-de-isla\/#respond\"]}],\"copyrightYear\":\"2022\",\"copyrightHolder\":{\"@id\":\"https:\/\/www.gaveanews.com\/#organization\"}},{\"@type\":\"WebPage\",\"@id\":\"https:\/\/www.gaveanews.com\/index.php\/2022\/02\/28\/diretoria-do-flamengo-atualiza-paulo-sousa-sobre-a-situacao-de-isla\/\",\"url\":\"https:\/\/www.gaveanews.com\/index.php\/2022\/02\/28\/diretoria-do-flamengo-atualiza-paulo-sousa-sobre-a-situacao-de-isla\/\",\"name\":\"Diretoria do Flamengo atualiza Paulo Sousa sobre a situa\u00e7\u00e3o de Isla\",\"isPartOf\":{\"@id\":\"https:\/\/www.gaveanews.com\/#website\"},\"primaryImageOfPage\":{\"@id\":\"https:\/\/www.gaveanews.com\/index.php\/2022\/02\/28\/diretoria-do-flamengo-atualiza-paulo-sousa-sobre-a-situacao-de-isla\/#primaryimage\"},\"image\":{\"@id\":\"https:\/\/www.gaveanews.com\/index.php\/2022\/02\/28\/diretoria-do-flamengo-atualiza-paulo-sousa-sobre-a-situacao-de-isla\/#primaryimage\"},\"thumbnailUrl\":\"https:\/\/www.gaveanews.com\/wp-content\/uploads\/Mauricio-Isla-em-acao-pelo-Flamengo-contra-o-Internacional.webp\",\"datePublished\":\"2022-03-01T01:33:34+00:00\",\"author\":{\"@id\":\"https:\/\/www.gaveanews.com\/#\/schema\/person\/2ec14f73fb96be2caf28f91afb14749d\"},\"breadcrumb\":{\"@id\":\"https:\/\/www.gaveanews.com\/index.php\/2022\/02\/28\/diretoria-do-flamengo-atualiza-paulo-sousa-sobre-a-situacao-de-isla\/#breadcrumb\"},\"inLanguage\":\"pt-BR\",\"potentialAction\":[{\"@type\":\"ReadAction\",\"target\":[\"https:\/\/www.gaveanews.com\/index.php\/2022\/02\/28\/diretoria-do-flamengo-atualiza-paulo-sousa-sobre-a-situacao-de-isla\/\"]}]},{\"@type\":\"ImageObject\",\"inLanguage\":\"pt-BR\",\"@id\":\"https:\/\/www.gaveanews.com\/index.php\/2022\/02\/28\/diretoria-do-flamengo-atualiza-paulo-sousa-sobre-a-situacao-de-isla\/#primaryimage\",\"url\":\"https:\/\/www.gaveanews.com\/wp-content\/uploads\/Mauricio-Isla-em-acao-pelo-Flamengo-contra-o-Internacional.webp\",\"contentUrl\":\"https:\/\/www.gaveanews.com\/wp-content\/uploads\/Mauricio-Isla-em-acao-pelo-Flamengo-contra-o-Internacional.webp\",\"width\":800,\"height\":533,\"caption\":\"Maur\u00edcio Isla em a\u00e7\u00e3o pelo Flamengo contra o Internacional (Foto: Marcelo Cortes\/Flamengo)\"},{\"@type\":\"BreadcrumbList\",\"@id\":\"https:\/\/www.gaveanews.com\/index.php\/2022\/02\/28\/diretoria-do-flamengo-atualiza-paulo-sousa-sobre-a-situacao-de-isla\/#breadcrumb\",\"itemListElement\":[{\"@type\":\"ListItem\",\"position\":1,\"name\":\"Home\",\"item\":\"https:\/\/www.gaveanews.com\/\"},{\"@type\":\"ListItem\",\"position\":2,\"name\":\"Diretoria do Flamengo atualiza Paulo Sousa sobre a situa\u00e7\u00e3o de Isla\"}]},{\"@type\":\"WebSite\",\"@id\":\"https:\/\/www.gaveanews.com\/#website\",\"url\":\"https:\/\/www.gaveanews.com\/\",\"name\":\"G\u00e1vea News\",\"description\":\"Veja todas as not\u00edcias sobre o Flamengo: Contrata\u00e7\u00f5es, categorias de base, resultados das partidas, tabela de classifica\u00e7\u00e3o, pr\u00f3ximos jogos!\",\"potentialAction\":[{\"@type\":\"SearchAction\",\"target\":{\"@type\":\"EntryPoint\",\"urlTemplate\":\"https:\/\/www.gaveanews.com\/?s={search_term_string}\"},\"query-input\":{\"@type\":\"PropertyValueSpecification\",\"valueRequired\":true,\"valueName\":\"search_term_string\"}}],\"inLanguage\":\"pt-BR\"},{\"@type\":\"Person\",\"@id\":\"https:\/\/www.gaveanews.com\/#\/schema\/person\/2ec14f73fb96be2caf28f91afb14749d\",\"name\":\"Equipe G\u00e1vea News\",\"image\":{\"@type\":\"ImageObject\",\"inLanguage\":\"pt-BR\",\"@id\":\"https:\/\/www.gaveanews.com\/#\/schema\/person\/image\/\",\"url\":\"https:\/\/secure.gravatar.com\/avatar\/1e1956f1facbffd3f8fa53a326721950116b3b9dc9bd44939c01180fd4a745a9?s=96&d=mm&r=g\",\"contentUrl\":\"https:\/\/secure.gravatar.com\/avatar\/1e1956f1facbffd3f8fa53a326721950116b3b9dc9bd44939c01180fd4a745a9?s=96&d=mm&r=g\",\"caption\":\"Equipe G\u00e1vea News\"}}]}<\/script>\n<!-- \/ Yoast SEO Premium plugin. -->","yoast_head_json":{"title":"Diretoria do Flamengo atualiza Paulo Sousa sobre a situa\u00e7\u00e3o de Isla","robots":{"index":"index","follow":"follow","max-snippet":"max-snippet:-1","max-image-preview":"max-image-preview:large","max-video-preview":"max-video-preview:-1"},"canonical":"https:\/\/www.gaveanews.com\/index.php\/2022\/02\/28\/diretoria-do-flamengo-atualiza-paulo-sousa-sobre-a-situacao-de-isla\/","og_locale":"pt_BR","og_type":"article","og_title":"Diretoria do Flamengo atualiza Paulo Sousa sobre a situa\u00e7\u00e3o de Isla","og_description":"O Flamengo trabalha com a possibilidade de afastar Maur\u00edcio Isla do elenco antes da pr\u00f3xima partida da equipe, que est\u00e1 marcada para domingo, \u00e0s 16h, contra o Vasco, pela 10\u00aa rodada do Campeonato Carioca. O site &#8216;Torcedores&#8217; apurou que a diretoria j\u00e1 avisou Paulo Sousa sobre a situa\u00e7\u00e3o. O t\u00e9cnico, a partir de amanh\u00e3, ter\u00e1 [&hellip;]","og_url":"https:\/\/www.gaveanews.com\/index.php\/2022\/02\/28\/diretoria-do-flamengo-atualiza-paulo-sousa-sobre-a-situacao-de-isla\/","og_site_name":"G\u00e1vea News","article_publisher":"https:\/\/facebook.com\/gaveaNews\/","article_published_time":"2022-03-01T01:33:34+00:00","og_image":[{"width":800,"height":533,"url":"https:\/\/www.gaveanews.com\/wp-content\/uploads\/Mauricio-Isla-em-acao-pelo-Flamengo-contra-o-Internacional.webp","type":"image\/jpeg"}],"author":"Equipe G\u00e1vea News","twitter_card":"summary_large_image","twitter_misc":{"Escrito por":"Equipe G\u00e1vea News","Est. tempo de leitura":"2 minutos"},"schema":{"@context":"https:\/\/schema.org","@graph":[{"@type":"NewsArticle","@id":"https:\/\/www.gaveanews.com\/index.php\/2022\/02\/28\/diretoria-do-flamengo-atualiza-paulo-sousa-sobre-a-situacao-de-isla\/#article","isPartOf":{"@id":"https:\/\/www.gaveanews.com\/index.php\/2022\/02\/28\/diretoria-do-flamengo-atualiza-paulo-sousa-sobre-a-situacao-de-isla\/"},"author":{"name":"Equipe G\u00e1vea News","@id":"https:\/\/www.gaveanews.com\/#\/schema\/person\/2ec14f73fb96be2caf28f91afb14749d"},"headline":"Diretoria do Flamengo atualiza Paulo Sousa sobre a situa\u00e7\u00e3o de Isla","datePublished":"2022-03-01T01:33:34+00:00","mainEntityOfPage":{"@id":"https:\/\/www.gaveanews.com\/index.php\/2022\/02\/28\/diretoria-do-flamengo-atualiza-paulo-sousa-sobre-a-situacao-de-isla\/"},"wordCount":380,"commentCount":11,"image":{"@id":"https:\/\/www.gaveanews.com\/index.php\/2022\/02\/28\/diretoria-do-flamengo-atualiza-paulo-sousa-sobre-a-situacao-de-isla\/#primaryimage"},"thumbnailUrl":"https:\/\/www.gaveanews.com\/wp-content\/uploads\/Mauricio-Isla-em-acao-pelo-Flamengo-contra-o-Internacional.webp","articleSection":["Flamengo"],"inLanguage":"pt-BR","potentialAction":[{"@type":"CommentAction","name":"Comment","target":["https:\/\/www.gaveanews.com\/index.php\/2022\/02\/28\/diretoria-do-flamengo-atualiza-paulo-sousa-sobre-a-situacao-de-isla\/#respond"]}],"copyrightYear":"2022","copyrightHolder":{"@id":"https:\/\/www.gaveanews.com\/#organization"}},{"@type":"WebPage","@id":"https:\/\/www.gaveanews.com\/index.php\/2022\/02\/28\/diretoria-do-flamengo-atualiza-paulo-sousa-sobre-a-situacao-de-isla\/","url":"https:\/\/www.gaveanews.com\/index.php\/2022\/02\/28\/diretoria-do-flamengo-atualiza-paulo-sousa-sobre-a-situacao-de-isla\/","name":"Diretoria do Flamengo atualiza Paulo Sousa sobre a situa\u00e7\u00e3o de Isla","isPartOf":{"@id":"https:\/\/www.gaveanews.com\/#website"},"primaryImageOfPage":{"@id":"https:\/\/www.gaveanews.com\/index.php\/2022\/02\/28\/diretoria-do-flamengo-atualiza-paulo-sousa-sobre-a-situacao-de-isla\/#primaryimage"},"image":{"@id":"https:\/\/www.gaveanews.com\/index.php\/2022\/02\/28\/diretoria-do-flamengo-atualiza-paulo-sousa-sobre-a-situacao-de-isla\/#primaryimage"},"thumbnailUrl":"https:\/\/www.gaveanews.com\/wp-content\/uploads\/Mauricio-Isla-em-acao-pelo-Flamengo-contra-o-Internacional.webp","datePublished":"2022-03-01T01:33:34+00:00","author":{"@id":"https:\/\/www.gaveanews.com\/#\/schema\/person\/2ec14f73fb96be2caf28f91afb14749d"},"breadcrumb":{"@id":"https:\/\/www.gaveanews.com\/index.php\/2022\/02\/28\/diretoria-do-flamengo-atualiza-paulo-sousa-sobre-a-situacao-de-isla\/#breadcrumb"},"inLanguage":"pt-BR","potentialAction":[{"@type":"ReadAction","target":["https:\/\/www.gaveanews.com\/index.php\/2022\/02\/28\/diretoria-do-flamengo-atualiza-paulo-sousa-sobre-a-situacao-de-isla\/"]}]},{"@type":"ImageObject","inLanguage":"pt-BR","@id":"https:\/\/www.gaveanews.com\/index.php\/2022\/02\/28\/diretoria-do-flamengo-atualiza-paulo-sousa-sobre-a-situacao-de-isla\/#primaryimage","url":"https:\/\/www.gaveanews.com\/wp-content\/uploads\/Mauricio-Isla-em-acao-pelo-Flamengo-contra-o-Internacional.webp","contentUrl":"https:\/\/www.gaveanews.com\/wp-content\/uploads\/Mauricio-Isla-em-acao-pelo-Flamengo-contra-o-Internacional.webp","width":800,"height":533,"caption":"Maur\u00edcio Isla em a\u00e7\u00e3o pelo Flamengo contra o Internacional (Foto: Marcelo Cortes\/Flamengo)"},{"@type":"BreadcrumbList","@id":"https:\/\/www.gaveanews.com\/index.php\/2022\/02\/28\/diretoria-do-flamengo-atualiza-paulo-sousa-sobre-a-situacao-de-isla\/#breadcrumb","itemListElement":[{"@type":"ListItem","position":1,"name":"Home","item":"https:\/\/www.gaveanews.com\/"},{"@type":"ListItem","position":2,"name":"Diretoria do Flamengo atualiza Paulo Sousa sobre a situa\u00e7\u00e3o de Isla"}]},{"@type":"WebSite","@id":"https:\/\/www.gaveanews.com\/#website","url":"https:\/\/www.gaveanews.com\/","name":"G\u00e1vea News","description":"Veja todas as not\u00edcias sobre o Flamengo: Contrata\u00e7\u00f5es, categorias de base, resultados das partidas, tabela de classifica\u00e7\u00e3o, pr\u00f3ximos jogos!","potentialAction":[{"@type":"SearchAction","target":{"@type":"EntryPoint","urlTemplate":"https:\/\/www.gaveanews.com\/?s={search_term_string}"},"query-input":{"@type":"PropertyValueSpecification","valueRequired":true,"valueName":"search_term_string"}}],"inLanguage":"pt-BR"},{"@type":"Person","@id":"https:\/\/www.gaveanews.com\/#\/schema\/person\/2ec14f73fb96be2caf28f91afb14749d","name":"Equipe G\u00e1vea News","image":{"@type":"ImageObject","inLanguage":"pt-BR","@id":"https:\/\/www.gaveanews.com\/#\/schema\/person\/image\/","url":"https:\/\/secure.gravatar.com\/avatar\/1e1956f1facbffd3f8fa53a326721950116b3b9dc9bd44939c01180fd4a745a9?s=96&d=mm&r=g","contentUrl":"https:\/\/secure.gravatar.com\/avatar\/1e1956f1facbffd3f8fa53a326721950116b3b9dc9bd44939c01180fd4a745a9?s=96&d=mm&r=g","caption":"Equipe G\u00e1vea News"}}]}},"_links":{"self":[{"href":"https:\/\/www.gaveanews.com\/index.php\/wp-json\/wp\/v2\/posts\/77543","targetHints":{"allow":["GET"]}}],"collection":[{"href":"https:\/\/www.gaveanews.com\/index.php\/wp-json\/wp\/v2\/posts"}],"about":[{"href":"https:\/\/www.gaveanews.com\/index.php\/wp-json\/wp\/v2\/types\/post"}],"author":[{"embeddable":true,"href":"https:\/\/www.gaveanews.com\/index.php\/wp-json\/wp\/v2\/users\/1"}],"replies":[{"embeddable":true,"href":"https:\/\/www.gaveanews.com\/index.php\/wp-json\/wp\/v2\/comments?post=77543"}],"version-history":[{"count":0,"href":"https:\/\/www.gaveanews.com\/index.php\/wp-json\/wp\/v2\/posts\/77543\/revisions"}],"wp:featuredmedia":[{"embeddable":true,"href":"https:\/\/www.gaveanews.com\/index.php\/wp-json\/wp\/v2\/media\/50081"}],"wp:attachment":[{"href":"https:\/\/www.gaveanews.com\/index.php\/wp-json\/wp\/v2\/media?parent=77543"}],"wp:term":[{"taxonomy":"category","embeddable":true,"href":"https:\/\/www.gaveanews.com\/index.php\/wp-json\/wp\/v2\/categories?post=77543"},{"taxonomy":"post_tag","embeddable":true,"href":"https:\/\/www.gaveanews.com\/index.php\/wp-json\/wp\/v2\/tags?post=77543"}],"curies":[{"name":"wp","href":"https:\/\/api.w.org\/{rel}","templated":true}]}}