{"id":77677,"date":"2022-03-03T01:17:56","date_gmt":"2022-03-03T04:17:56","guid":{"rendered":"https:\/\/www.gaveanews.com\/?p=77677"},"modified":"2022-03-03T01:17:56","modified_gmt":"2022-03-03T04:17:56","slug":"idolo-do-flamengo-critica-possivel-contratacao-do-goleiro-joao-paulo","status":"publish","type":"post","link":"https:\/\/www.gaveanews.com\/index.php\/2022\/03\/03\/idolo-do-flamengo-critica-possivel-contratacao-do-goleiro-joao-paulo\/","title":{"rendered":"\u00cddolo do Flamengo critica poss\u00edvel contrata\u00e7\u00e3o do goleiro Jo\u00e3o Paulo"},"content":{"rendered":"<p>O comentarista Zinho, da ESPN, questionou a poss\u00edvel contrata\u00e7\u00e3o do goleiro Jo\u00e3o Paulo, do Santos, na equipe do Flamengo. Nesta quarta-feira, durante o programa &#8220;ESPN FC&#8221;, o \u00eddolo do Rubro-negro acredita que o jogador n\u00e3o tem &#8220;n\u00edvel acima&#8221; dos atuais atletas.<\/p>\n<p>&#8220;Os goleiros do Flamengo n\u00e3o v\u00eam vivendo um grande momento, por isso est\u00e1 tendo esses rumores de contrata\u00e7\u00f5es de jogadores para a posi\u00e7\u00e3o. O Jo\u00e3o Paulo eu conhe\u00e7o muito, quando eu fui gerente de futebol do Santos participei da transi\u00e7\u00e3o dele da base para os profissionais. Ele tem feito boas partidas pelo Santos, mas n\u00e3o sei se ele tem o n\u00edvel acima dos goleiros que j\u00e1 est\u00e3o no Flamengo&#8221;, afirmou.<\/p>\n<p>&#8220;Sem contar que a press\u00e3o no Flamengo \u00e9 muito maior, n\u00e3o sei se ele seria o goleiro que a torcida est\u00e1 esperando. Vimos nos \u00faltimos dias os nomes de Santos e at\u00e9 Weverton. Vejo o Flamengo buscando um goleiro que chegue sem contesta\u00e7\u00e3o, e n\u00e3o sei se ele \u00e9 esse cara&#8221;, completou.<\/p>\n<p>Retirado de: O Dia<\/p>\n","protected":false},"excerpt":{"rendered":"<p>O comentarista Zinho, da ESPN, questionou a poss\u00edvel contrata\u00e7\u00e3o do goleiro Jo\u00e3o Paulo, do Santos, na equipe do Flamengo. Nesta quarta-feira, durante o programa &#8220;ESPN FC&#8221;, o \u00eddolo do Rubro-negro acredita que o jogador n\u00e3o tem &#8220;n\u00edvel acima&#8221; dos atuais atletas. &#8220;Os goleiros do Flamengo n\u00e3o v\u00eam vivendo um grande momento, por isso est\u00e1 tendo [&hellip;]<\/p>\n","protected":false},"author":1,"featured_media":72285,"comment_status":"open","ping_status":"closed","sticky":false,"template":"","format":"standard","meta":{"footnotes":""},"categories":[1],"tags":[],"class_list":["post-77677","post","type-post","status-publish","format-standard","has-post-thumbnail","hentry","category-flamengo"],"yoast_head":"<!-- This site is optimized with the Yoast SEO Premium plugin v24.2 (Yoast SEO v26.9) - https:\/\/yoast.com\/product\/yoast-seo-premium-wordpress\/ -->\n<title>\u00cddolo do Flamengo critica poss\u00edvel contrata\u00e7\u00e3o do goleiro Jo\u00e3o Paulo<\/title>\n<meta name=\"robots\" content=\"index, follow, max-snippet:-1, max-image-preview:large, max-video-preview:-1\" \/>\n<link rel=\"canonical\" href=\"https:\/\/www.gaveanews.com\/index.php\/2022\/03\/03\/idolo-do-flamengo-critica-possivel-contratacao-do-goleiro-joao-paulo\/\" \/>\n<meta property=\"og:locale\" content=\"pt_BR\" \/>\n<meta property=\"og:type\" content=\"article\" \/>\n<meta property=\"og:title\" content=\"\u00cddolo do Flamengo critica poss\u00edvel contrata\u00e7\u00e3o do goleiro Jo\u00e3o Paulo\" \/>\n<meta property=\"og:description\" content=\"O comentarista Zinho, da ESPN, questionou a poss\u00edvel contrata\u00e7\u00e3o do goleiro Jo\u00e3o Paulo, do Santos, na equipe do Flamengo. Nesta quarta-feira, durante o programa &#8220;ESPN FC&#8221;, o \u00eddolo do Rubro-negro acredita que o jogador n\u00e3o tem &#8220;n\u00edvel acima&#8221; dos atuais atletas. &#8220;Os goleiros do Flamengo n\u00e3o v\u00eam vivendo um grande momento, por isso est\u00e1 tendo [&hellip;]\" \/>\n<meta property=\"og:url\" content=\"https:\/\/www.gaveanews.com\/index.php\/2022\/03\/03\/idolo-do-flamengo-critica-possivel-contratacao-do-goleiro-joao-paulo\/\" \/>\n<meta property=\"og:site_name\" content=\"G\u00e1vea News\" \/>\n<meta property=\"article:publisher\" content=\"https:\/\/facebook.com\/gaveaNews\/\" \/>\n<meta property=\"article:published_time\" content=\"2022-03-03T04:17:56+00:00\" \/>\n<meta property=\"og:image\" content=\"https:\/\/www.gaveanews.com\/wp-content\/uploads\/Joao-Paulo-goleiro-do-Santos.webp\" \/>\n\t<meta property=\"og:image:width\" content=\"905\" \/>\n\t<meta property=\"og:image:height\" content=\"555\" \/>\n\t<meta property=\"og:image:type\" content=\"image\/webp\" \/>\n<meta name=\"author\" content=\"Equipe G\u00e1vea News\" \/>\n<meta name=\"twitter:card\" content=\"summary_large_image\" \/>\n<meta name=\"twitter:label1\" content=\"Escrito por\" \/>\n\t<meta name=\"twitter:data1\" content=\"Equipe G\u00e1vea News\" \/>\n\t<meta name=\"twitter:label2\" content=\"Est. tempo de leitura\" \/>\n\t<meta name=\"twitter:data2\" content=\"1 minuto\" \/>\n<script type=\"application\/ld+json\" class=\"yoast-schema-graph\">{\"@context\":\"https:\/\/schema.org\",\"@graph\":[{\"@type\":\"NewsArticle\",\"@id\":\"https:\/\/www.gaveanews.com\/index.php\/2022\/03\/03\/idolo-do-flamengo-critica-possivel-contratacao-do-goleiro-joao-paulo\/#article\",\"isPartOf\":{\"@id\":\"https:\/\/www.gaveanews.com\/index.php\/2022\/03\/03\/idolo-do-flamengo-critica-possivel-contratacao-do-goleiro-joao-paulo\/\"},\"author\":{\"name\":\"Equipe G\u00e1vea News\",\"@id\":\"https:\/\/www.gaveanews.com\/#\/schema\/person\/2ec14f73fb96be2caf28f91afb14749d\"},\"headline\":\"\u00cddolo do Flamengo critica poss\u00edvel contrata\u00e7\u00e3o do goleiro Jo\u00e3o Paulo\",\"datePublished\":\"2022-03-03T04:17:56+00:00\",\"mainEntityOfPage\":{\"@id\":\"https:\/\/www.gaveanews.com\/index.php\/2022\/03\/03\/idolo-do-flamengo-critica-possivel-contratacao-do-goleiro-joao-paulo\/\"},\"wordCount\":197,\"commentCount\":17,\"image\":{\"@id\":\"https:\/\/www.gaveanews.com\/index.php\/2022\/03\/03\/idolo-do-flamengo-critica-possivel-contratacao-do-goleiro-joao-paulo\/#primaryimage\"},\"thumbnailUrl\":\"https:\/\/www.gaveanews.com\/wp-content\/uploads\/Joao-Paulo-goleiro-do-Santos.webp\",\"articleSection\":[\"Flamengo\"],\"inLanguage\":\"pt-BR\",\"potentialAction\":[{\"@type\":\"CommentAction\",\"name\":\"Comment\",\"target\":[\"https:\/\/www.gaveanews.com\/index.php\/2022\/03\/03\/idolo-do-flamengo-critica-possivel-contratacao-do-goleiro-joao-paulo\/#respond\"]}],\"copyrightYear\":\"2022\",\"copyrightHolder\":{\"@id\":\"https:\/\/www.gaveanews.com\/#organization\"}},{\"@type\":\"WebPage\",\"@id\":\"https:\/\/www.gaveanews.com\/index.php\/2022\/03\/03\/idolo-do-flamengo-critica-possivel-contratacao-do-goleiro-joao-paulo\/\",\"url\":\"https:\/\/www.gaveanews.com\/index.php\/2022\/03\/03\/idolo-do-flamengo-critica-possivel-contratacao-do-goleiro-joao-paulo\/\",\"name\":\"\u00cddolo do Flamengo critica poss\u00edvel contrata\u00e7\u00e3o do goleiro Jo\u00e3o Paulo\",\"isPartOf\":{\"@id\":\"https:\/\/www.gaveanews.com\/#website\"},\"primaryImageOfPage\":{\"@id\":\"https:\/\/www.gaveanews.com\/index.php\/2022\/03\/03\/idolo-do-flamengo-critica-possivel-contratacao-do-goleiro-joao-paulo\/#primaryimage\"},\"image\":{\"@id\":\"https:\/\/www.gaveanews.com\/index.php\/2022\/03\/03\/idolo-do-flamengo-critica-possivel-contratacao-do-goleiro-joao-paulo\/#primaryimage\"},\"thumbnailUrl\":\"https:\/\/www.gaveanews.com\/wp-content\/uploads\/Joao-Paulo-goleiro-do-Santos.webp\",\"datePublished\":\"2022-03-03T04:17:56+00:00\",\"author\":{\"@id\":\"https:\/\/www.gaveanews.com\/#\/schema\/person\/2ec14f73fb96be2caf28f91afb14749d\"},\"breadcrumb\":{\"@id\":\"https:\/\/www.gaveanews.com\/index.php\/2022\/03\/03\/idolo-do-flamengo-critica-possivel-contratacao-do-goleiro-joao-paulo\/#breadcrumb\"},\"inLanguage\":\"pt-BR\",\"potentialAction\":[{\"@type\":\"ReadAction\",\"target\":[\"https:\/\/www.gaveanews.com\/index.php\/2022\/03\/03\/idolo-do-flamengo-critica-possivel-contratacao-do-goleiro-joao-paulo\/\"]}]},{\"@type\":\"ImageObject\",\"inLanguage\":\"pt-BR\",\"@id\":\"https:\/\/www.gaveanews.com\/index.php\/2022\/03\/03\/idolo-do-flamengo-critica-possivel-contratacao-do-goleiro-joao-paulo\/#primaryimage\",\"url\":\"https:\/\/www.gaveanews.com\/wp-content\/uploads\/Joao-Paulo-goleiro-do-Santos.webp\",\"contentUrl\":\"https:\/\/www.gaveanews.com\/wp-content\/uploads\/Joao-Paulo-goleiro-do-Santos.webp\",\"width\":905,\"height\":555,\"caption\":\"Jo\u00e3o Paulo, goleiro do Santos (Foto: Ivan Storti\/Santos FC)\"},{\"@type\":\"BreadcrumbList\",\"@id\":\"https:\/\/www.gaveanews.com\/index.php\/2022\/03\/03\/idolo-do-flamengo-critica-possivel-contratacao-do-goleiro-joao-paulo\/#breadcrumb\",\"itemListElement\":[{\"@type\":\"ListItem\",\"position\":1,\"name\":\"Home\",\"item\":\"https:\/\/www.gaveanews.com\/\"},{\"@type\":\"ListItem\",\"position\":2,\"name\":\"\u00cddolo do Flamengo critica poss\u00edvel contrata\u00e7\u00e3o do goleiro Jo\u00e3o Paulo\"}]},{\"@type\":\"WebSite\",\"@id\":\"https:\/\/www.gaveanews.com\/#website\",\"url\":\"https:\/\/www.gaveanews.com\/\",\"name\":\"G\u00e1vea News\",\"description\":\"Veja todas as not\u00edcias sobre o Flamengo: Contrata\u00e7\u00f5es, categorias de base, resultados das partidas, tabela de classifica\u00e7\u00e3o, pr\u00f3ximos jogos!\",\"potentialAction\":[{\"@type\":\"SearchAction\",\"target\":{\"@type\":\"EntryPoint\",\"urlTemplate\":\"https:\/\/www.gaveanews.com\/?s={search_term_string}\"},\"query-input\":{\"@type\":\"PropertyValueSpecification\",\"valueRequired\":true,\"valueName\":\"search_term_string\"}}],\"inLanguage\":\"pt-BR\"},{\"@type\":\"Person\",\"@id\":\"https:\/\/www.gaveanews.com\/#\/schema\/person\/2ec14f73fb96be2caf28f91afb14749d\",\"name\":\"Equipe G\u00e1vea News\",\"image\":{\"@type\":\"ImageObject\",\"inLanguage\":\"pt-BR\",\"@id\":\"https:\/\/www.gaveanews.com\/#\/schema\/person\/image\/\",\"url\":\"https:\/\/secure.gravatar.com\/avatar\/1e1956f1facbffd3f8fa53a326721950116b3b9dc9bd44939c01180fd4a745a9?s=96&d=mm&r=g\",\"contentUrl\":\"https:\/\/secure.gravatar.com\/avatar\/1e1956f1facbffd3f8fa53a326721950116b3b9dc9bd44939c01180fd4a745a9?s=96&d=mm&r=g\",\"caption\":\"Equipe G\u00e1vea News\"}}]}<\/script>\n<!-- \/ Yoast SEO Premium plugin. -->","yoast_head_json":{"title":"\u00cddolo do Flamengo critica poss\u00edvel contrata\u00e7\u00e3o do goleiro Jo\u00e3o Paulo","robots":{"index":"index","follow":"follow","max-snippet":"max-snippet:-1","max-image-preview":"max-image-preview:large","max-video-preview":"max-video-preview:-1"},"canonical":"https:\/\/www.gaveanews.com\/index.php\/2022\/03\/03\/idolo-do-flamengo-critica-possivel-contratacao-do-goleiro-joao-paulo\/","og_locale":"pt_BR","og_type":"article","og_title":"\u00cddolo do Flamengo critica poss\u00edvel contrata\u00e7\u00e3o do goleiro Jo\u00e3o Paulo","og_description":"O comentarista Zinho, da ESPN, questionou a poss\u00edvel contrata\u00e7\u00e3o do goleiro Jo\u00e3o Paulo, do Santos, na equipe do Flamengo. Nesta quarta-feira, durante o programa &#8220;ESPN FC&#8221;, o \u00eddolo do Rubro-negro acredita que o jogador n\u00e3o tem &#8220;n\u00edvel acima&#8221; dos atuais atletas. &#8220;Os goleiros do Flamengo n\u00e3o v\u00eam vivendo um grande momento, por isso est\u00e1 tendo [&hellip;]","og_url":"https:\/\/www.gaveanews.com\/index.php\/2022\/03\/03\/idolo-do-flamengo-critica-possivel-contratacao-do-goleiro-joao-paulo\/","og_site_name":"G\u00e1vea News","article_publisher":"https:\/\/facebook.com\/gaveaNews\/","article_published_time":"2022-03-03T04:17:56+00:00","og_image":[{"width":905,"height":555,"url":"https:\/\/www.gaveanews.com\/wp-content\/uploads\/Joao-Paulo-goleiro-do-Santos.webp","type":"image\/webp"}],"author":"Equipe G\u00e1vea News","twitter_card":"summary_large_image","twitter_misc":{"Escrito por":"Equipe G\u00e1vea News","Est. tempo de leitura":"1 minuto"},"schema":{"@context":"https:\/\/schema.org","@graph":[{"@type":"NewsArticle","@id":"https:\/\/www.gaveanews.com\/index.php\/2022\/03\/03\/idolo-do-flamengo-critica-possivel-contratacao-do-goleiro-joao-paulo\/#article","isPartOf":{"@id":"https:\/\/www.gaveanews.com\/index.php\/2022\/03\/03\/idolo-do-flamengo-critica-possivel-contratacao-do-goleiro-joao-paulo\/"},"author":{"name":"Equipe G\u00e1vea News","@id":"https:\/\/www.gaveanews.com\/#\/schema\/person\/2ec14f73fb96be2caf28f91afb14749d"},"headline":"\u00cddolo do Flamengo critica poss\u00edvel contrata\u00e7\u00e3o do goleiro Jo\u00e3o Paulo","datePublished":"2022-03-03T04:17:56+00:00","mainEntityOfPage":{"@id":"https:\/\/www.gaveanews.com\/index.php\/2022\/03\/03\/idolo-do-flamengo-critica-possivel-contratacao-do-goleiro-joao-paulo\/"},"wordCount":197,"commentCount":17,"image":{"@id":"https:\/\/www.gaveanews.com\/index.php\/2022\/03\/03\/idolo-do-flamengo-critica-possivel-contratacao-do-goleiro-joao-paulo\/#primaryimage"},"thumbnailUrl":"https:\/\/www.gaveanews.com\/wp-content\/uploads\/Joao-Paulo-goleiro-do-Santos.webp","articleSection":["Flamengo"],"inLanguage":"pt-BR","potentialAction":[{"@type":"CommentAction","name":"Comment","target":["https:\/\/www.gaveanews.com\/index.php\/2022\/03\/03\/idolo-do-flamengo-critica-possivel-contratacao-do-goleiro-joao-paulo\/#respond"]}],"copyrightYear":"2022","copyrightHolder":{"@id":"https:\/\/www.gaveanews.com\/#organization"}},{"@type":"WebPage","@id":"https:\/\/www.gaveanews.com\/index.php\/2022\/03\/03\/idolo-do-flamengo-critica-possivel-contratacao-do-goleiro-joao-paulo\/","url":"https:\/\/www.gaveanews.com\/index.php\/2022\/03\/03\/idolo-do-flamengo-critica-possivel-contratacao-do-goleiro-joao-paulo\/","name":"\u00cddolo do Flamengo critica poss\u00edvel contrata\u00e7\u00e3o do goleiro Jo\u00e3o Paulo","isPartOf":{"@id":"https:\/\/www.gaveanews.com\/#website"},"primaryImageOfPage":{"@id":"https:\/\/www.gaveanews.com\/index.php\/2022\/03\/03\/idolo-do-flamengo-critica-possivel-contratacao-do-goleiro-joao-paulo\/#primaryimage"},"image":{"@id":"https:\/\/www.gaveanews.com\/index.php\/2022\/03\/03\/idolo-do-flamengo-critica-possivel-contratacao-do-goleiro-joao-paulo\/#primaryimage"},"thumbnailUrl":"https:\/\/www.gaveanews.com\/wp-content\/uploads\/Joao-Paulo-goleiro-do-Santos.webp","datePublished":"2022-03-03T04:17:56+00:00","author":{"@id":"https:\/\/www.gaveanews.com\/#\/schema\/person\/2ec14f73fb96be2caf28f91afb14749d"},"breadcrumb":{"@id":"https:\/\/www.gaveanews.com\/index.php\/2022\/03\/03\/idolo-do-flamengo-critica-possivel-contratacao-do-goleiro-joao-paulo\/#breadcrumb"},"inLanguage":"pt-BR","potentialAction":[{"@type":"ReadAction","target":["https:\/\/www.gaveanews.com\/index.php\/2022\/03\/03\/idolo-do-flamengo-critica-possivel-contratacao-do-goleiro-joao-paulo\/"]}]},{"@type":"ImageObject","inLanguage":"pt-BR","@id":"https:\/\/www.gaveanews.com\/index.php\/2022\/03\/03\/idolo-do-flamengo-critica-possivel-contratacao-do-goleiro-joao-paulo\/#primaryimage","url":"https:\/\/www.gaveanews.com\/wp-content\/uploads\/Joao-Paulo-goleiro-do-Santos.webp","contentUrl":"https:\/\/www.gaveanews.com\/wp-content\/uploads\/Joao-Paulo-goleiro-do-Santos.webp","width":905,"height":555,"caption":"Jo\u00e3o Paulo, goleiro do Santos (Foto: Ivan Storti\/Santos FC)"},{"@type":"BreadcrumbList","@id":"https:\/\/www.gaveanews.com\/index.php\/2022\/03\/03\/idolo-do-flamengo-critica-possivel-contratacao-do-goleiro-joao-paulo\/#breadcrumb","itemListElement":[{"@type":"ListItem","position":1,"name":"Home","item":"https:\/\/www.gaveanews.com\/"},{"@type":"ListItem","position":2,"name":"\u00cddolo do Flamengo critica poss\u00edvel contrata\u00e7\u00e3o do goleiro Jo\u00e3o Paulo"}]},{"@type":"WebSite","@id":"https:\/\/www.gaveanews.com\/#website","url":"https:\/\/www.gaveanews.com\/","name":"G\u00e1vea News","description":"Veja todas as not\u00edcias sobre o Flamengo: Contrata\u00e7\u00f5es, categorias de base, resultados das partidas, tabela de classifica\u00e7\u00e3o, pr\u00f3ximos jogos!","potentialAction":[{"@type":"SearchAction","target":{"@type":"EntryPoint","urlTemplate":"https:\/\/www.gaveanews.com\/?s={search_term_string}"},"query-input":{"@type":"PropertyValueSpecification","valueRequired":true,"valueName":"search_term_string"}}],"inLanguage":"pt-BR"},{"@type":"Person","@id":"https:\/\/www.gaveanews.com\/#\/schema\/person\/2ec14f73fb96be2caf28f91afb14749d","name":"Equipe G\u00e1vea News","image":{"@type":"ImageObject","inLanguage":"pt-BR","@id":"https:\/\/www.gaveanews.com\/#\/schema\/person\/image\/","url":"https:\/\/secure.gravatar.com\/avatar\/1e1956f1facbffd3f8fa53a326721950116b3b9dc9bd44939c01180fd4a745a9?s=96&d=mm&r=g","contentUrl":"https:\/\/secure.gravatar.com\/avatar\/1e1956f1facbffd3f8fa53a326721950116b3b9dc9bd44939c01180fd4a745a9?s=96&d=mm&r=g","caption":"Equipe G\u00e1vea News"}}]}},"_links":{"self":[{"href":"https:\/\/www.gaveanews.com\/index.php\/wp-json\/wp\/v2\/posts\/77677","targetHints":{"allow":["GET"]}}],"collection":[{"href":"https:\/\/www.gaveanews.com\/index.php\/wp-json\/wp\/v2\/posts"}],"about":[{"href":"https:\/\/www.gaveanews.com\/index.php\/wp-json\/wp\/v2\/types\/post"}],"author":[{"embeddable":true,"href":"https:\/\/www.gaveanews.com\/index.php\/wp-json\/wp\/v2\/users\/1"}],"replies":[{"embeddable":true,"href":"https:\/\/www.gaveanews.com\/index.php\/wp-json\/wp\/v2\/comments?post=77677"}],"version-history":[{"count":0,"href":"https:\/\/www.gaveanews.com\/index.php\/wp-json\/wp\/v2\/posts\/77677\/revisions"}],"wp:featuredmedia":[{"embeddable":true,"href":"https:\/\/www.gaveanews.com\/index.php\/wp-json\/wp\/v2\/media\/72285"}],"wp:attachment":[{"href":"https:\/\/www.gaveanews.com\/index.php\/wp-json\/wp\/v2\/media?parent=77677"}],"wp:term":[{"taxonomy":"category","embeddable":true,"href":"https:\/\/www.gaveanews.com\/index.php\/wp-json\/wp\/v2\/categories?post=77677"},{"taxonomy":"post_tag","embeddable":true,"href":"https:\/\/www.gaveanews.com\/index.php\/wp-json\/wp\/v2\/tags?post=77677"}],"curies":[{"name":"wp","href":"https:\/\/api.w.org\/{rel}","templated":true}]}}