{"id":77867,"date":"2022-03-07T00:05:58","date_gmt":"2022-03-07T03:05:58","guid":{"rendered":"https:\/\/www.gaveanews.com\/?p=77867"},"modified":"2022-03-07T00:05:58","modified_gmt":"2022-03-07T03:05:58","slug":"paulo-sousa-comenta-substituicao-de-andreas-pereira-apos-novo-erro","status":"publish","type":"post","link":"https:\/\/www.gaveanews.com\/index.php\/2022\/03\/07\/paulo-sousa-comenta-substituicao-de-andreas-pereira-apos-novo-erro\/","title":{"rendered":"Paulo Sousa comenta substitui\u00e7\u00e3o de Andreas Pereira ap\u00f3s novo erro"},"content":{"rendered":"<p>Ap\u00f3s empate contra o Resende na \u00faltima rodada, o Flamengo voltou a vencer no Campeonato Carioca. Neste domingo, o Mais Querido balan\u00e7ou as redes com Filipe Luis e Arrascaeta e bateu o Vasco por 2 a 1. Ap\u00f3s a partida, o t\u00e9cnico Paulo Sousa comentou o jogo e falou sobre a sa\u00edda de Andreas Pereira ap\u00f3s novo erro do crucial do jogador.<\/p>\n<p>\u201cTenho vindo a dizer que todos somos importantes e necess\u00e1rios, e em qualquer momentos, bons e maus, n\u00f3s temos que estar muito unidos, muito pr\u00f3ximos. Temos uma a\u00e7\u00e3o cheia de energia que vai nos ajudar\u201d, disse o treinador do Flamengo, que falou sobre a utiliza\u00e7\u00e3o de \u00c9verton Ribeiro na esquerda:<\/p>\n<p>\u201cEst\u00e1 habituado a jogar no outro corredor, dentro dessa estrutura n\u00f3s no corredor direito temos 3 laterais de profundidade, muita resist\u00eancia de alta intensidade que nos permite ter um jogador e rodarmos com jogadores frescos. Gosto de ver os melhores em campo, e \u00c9verton Ribeiro para mim \u00e9 extraordin\u00e1rio, \u00e9 mais combinativo. Tem mais dificuldades de alta intensidade, sabemos disso. Sabemos que ele pode nos ajudar tamb\u00e9m como meia\u201d, disse.<\/p>\n<p><strong>Confira outras aspas do t\u00e9cnico Paulo Sousa:<\/strong><\/p>\n<p><strong>Utiliza\u00e7\u00e3o de Jo\u00e3o Gomes<\/strong><br \/>\n\u201cO Jo\u00e3o entrou e entrou bem, na profundidade, largura, deu din\u00e2mica a equipe. Um cl\u00e1ssico \u00e9 um cl\u00e1ssico. Se a gente olhar a porcentagem da \u00faltima temporada foi bem mais reduzida que hoje at\u00e9 aqui\u201d<\/p>\n<p><strong>Superioridade no jogo<\/strong><br \/>\n\u201cNossa superioridade come\u00e7ou a ser bem grande no corredor esquerdo. O Filipe interpretava bem o jogo, numa linha mais alta. Na direita tivemos menos (superioridade), Fabr\u00edcio teve alguma dificuldade em tomar essas decis\u00f5es mais alta. Faltou mais profundidade, podemos melhorar\u201d<\/p>\n<p><strong>Individualidade de Arrascaeta<\/strong><br \/>\n\u201cPouco a pouco a equipe tem que ser menos dependente do individual e come\u00e7ar a ter capacidade de resolver a complexidade que os nossos advers\u00e1rios criam para n\u00f3s. Mas sem d\u00favidas \u00e9 bom ter esses jogadores ao nosso lado para nos ajudar\u201d<\/p>\n<p>Retirado de: Di\u00e1rio do Fla<\/p>\n","protected":false},"excerpt":{"rendered":"<p>Ap\u00f3s empate contra o Resende na \u00faltima rodada, o Flamengo voltou a vencer no Campeonato Carioca. Neste domingo, o Mais Querido balan\u00e7ou as redes com Filipe Luis e Arrascaeta e bateu o Vasco por 2 a 1. Ap\u00f3s a partida, o t\u00e9cnico Paulo Sousa comentou o jogo e falou sobre a sa\u00edda de Andreas Pereira [&hellip;]<\/p>\n","protected":false},"author":1,"featured_media":76254,"comment_status":"open","ping_status":"closed","sticky":false,"template":"","format":"standard","meta":{"footnotes":""},"categories":[1],"tags":[],"class_list":["post-77867","post","type-post","status-publish","format-standard","has-post-thumbnail","hentry","category-flamengo"],"yoast_head":"<!-- This site is optimized with the Yoast SEO Premium plugin v24.2 (Yoast SEO v26.9) - https:\/\/yoast.com\/product\/yoast-seo-premium-wordpress\/ -->\n<title>Paulo Sousa comenta substitui\u00e7\u00e3o de Andreas Pereira ap\u00f3s novo erro<\/title>\n<meta name=\"robots\" content=\"index, follow, max-snippet:-1, max-image-preview:large, max-video-preview:-1\" \/>\n<link rel=\"canonical\" href=\"https:\/\/www.gaveanews.com\/index.php\/2022\/03\/07\/paulo-sousa-comenta-substituicao-de-andreas-pereira-apos-novo-erro\/\" \/>\n<meta property=\"og:locale\" content=\"pt_BR\" \/>\n<meta property=\"og:type\" content=\"article\" \/>\n<meta property=\"og:title\" content=\"Paulo Sousa comenta substitui\u00e7\u00e3o de Andreas Pereira ap\u00f3s novo erro\" \/>\n<meta property=\"og:description\" content=\"Ap\u00f3s empate contra o Resende na \u00faltima rodada, o Flamengo voltou a vencer no Campeonato Carioca. Neste domingo, o Mais Querido balan\u00e7ou as redes com Filipe Luis e Arrascaeta e bateu o Vasco por 2 a 1. Ap\u00f3s a partida, o t\u00e9cnico Paulo Sousa comentou o jogo e falou sobre a sa\u00edda de Andreas Pereira [&hellip;]\" \/>\n<meta property=\"og:url\" content=\"https:\/\/www.gaveanews.com\/index.php\/2022\/03\/07\/paulo-sousa-comenta-substituicao-de-andreas-pereira-apos-novo-erro\/\" \/>\n<meta property=\"og:site_name\" content=\"G\u00e1vea News\" \/>\n<meta property=\"article:publisher\" content=\"https:\/\/facebook.com\/gaveaNews\/\" \/>\n<meta property=\"article:published_time\" content=\"2022-03-07T03:05:58+00:00\" \/>\n<meta property=\"og:image\" content=\"https:\/\/www.gaveanews.com\/wp-content\/uploads\/Paulo-Sousa-comanda-o-elenco-do-Flamengo-em-partida-contra-o-Fluminense.webp\" \/>\n\t<meta property=\"og:image:width\" content=\"799\" \/>\n\t<meta property=\"og:image:height\" content=\"458\" \/>\n\t<meta property=\"og:image:type\" content=\"image\/jpeg\" \/>\n<meta name=\"author\" content=\"Equipe G\u00e1vea News\" \/>\n<meta name=\"twitter:card\" content=\"summary_large_image\" \/>\n<meta name=\"twitter:label1\" content=\"Escrito por\" \/>\n\t<meta name=\"twitter:data1\" content=\"Equipe G\u00e1vea News\" \/>\n\t<meta name=\"twitter:label2\" content=\"Est. tempo de leitura\" \/>\n\t<meta name=\"twitter:data2\" content=\"2 minutos\" \/>\n<script type=\"application\/ld+json\" class=\"yoast-schema-graph\">{\"@context\":\"https:\/\/schema.org\",\"@graph\":[{\"@type\":\"NewsArticle\",\"@id\":\"https:\/\/www.gaveanews.com\/index.php\/2022\/03\/07\/paulo-sousa-comenta-substituicao-de-andreas-pereira-apos-novo-erro\/#article\",\"isPartOf\":{\"@id\":\"https:\/\/www.gaveanews.com\/index.php\/2022\/03\/07\/paulo-sousa-comenta-substituicao-de-andreas-pereira-apos-novo-erro\/\"},\"author\":{\"name\":\"Equipe G\u00e1vea News\",\"@id\":\"https:\/\/www.gaveanews.com\/#\/schema\/person\/2ec14f73fb96be2caf28f91afb14749d\"},\"headline\":\"Paulo Sousa comenta substitui\u00e7\u00e3o de Andreas Pereira ap\u00f3s novo erro\",\"datePublished\":\"2022-03-07T03:05:58+00:00\",\"mainEntityOfPage\":{\"@id\":\"https:\/\/www.gaveanews.com\/index.php\/2022\/03\/07\/paulo-sousa-comenta-substituicao-de-andreas-pereira-apos-novo-erro\/\"},\"wordCount\":356,\"commentCount\":7,\"image\":{\"@id\":\"https:\/\/www.gaveanews.com\/index.php\/2022\/03\/07\/paulo-sousa-comenta-substituicao-de-andreas-pereira-apos-novo-erro\/#primaryimage\"},\"thumbnailUrl\":\"https:\/\/www.gaveanews.com\/wp-content\/uploads\/Paulo-Sousa-comanda-o-elenco-do-Flamengo-em-partida-contra-o-Fluminense.webp\",\"articleSection\":[\"Flamengo\"],\"inLanguage\":\"pt-BR\",\"potentialAction\":[{\"@type\":\"CommentAction\",\"name\":\"Comment\",\"target\":[\"https:\/\/www.gaveanews.com\/index.php\/2022\/03\/07\/paulo-sousa-comenta-substituicao-de-andreas-pereira-apos-novo-erro\/#respond\"]}],\"copyrightYear\":\"2022\",\"copyrightHolder\":{\"@id\":\"https:\/\/www.gaveanews.com\/#organization\"}},{\"@type\":\"WebPage\",\"@id\":\"https:\/\/www.gaveanews.com\/index.php\/2022\/03\/07\/paulo-sousa-comenta-substituicao-de-andreas-pereira-apos-novo-erro\/\",\"url\":\"https:\/\/www.gaveanews.com\/index.php\/2022\/03\/07\/paulo-sousa-comenta-substituicao-de-andreas-pereira-apos-novo-erro\/\",\"name\":\"Paulo Sousa comenta substitui\u00e7\u00e3o de Andreas Pereira ap\u00f3s novo erro\",\"isPartOf\":{\"@id\":\"https:\/\/www.gaveanews.com\/#website\"},\"primaryImageOfPage\":{\"@id\":\"https:\/\/www.gaveanews.com\/index.php\/2022\/03\/07\/paulo-sousa-comenta-substituicao-de-andreas-pereira-apos-novo-erro\/#primaryimage\"},\"image\":{\"@id\":\"https:\/\/www.gaveanews.com\/index.php\/2022\/03\/07\/paulo-sousa-comenta-substituicao-de-andreas-pereira-apos-novo-erro\/#primaryimage\"},\"thumbnailUrl\":\"https:\/\/www.gaveanews.com\/wp-content\/uploads\/Paulo-Sousa-comanda-o-elenco-do-Flamengo-em-partida-contra-o-Fluminense.webp\",\"datePublished\":\"2022-03-07T03:05:58+00:00\",\"author\":{\"@id\":\"https:\/\/www.gaveanews.com\/#\/schema\/person\/2ec14f73fb96be2caf28f91afb14749d\"},\"breadcrumb\":{\"@id\":\"https:\/\/www.gaveanews.com\/index.php\/2022\/03\/07\/paulo-sousa-comenta-substituicao-de-andreas-pereira-apos-novo-erro\/#breadcrumb\"},\"inLanguage\":\"pt-BR\",\"potentialAction\":[{\"@type\":\"ReadAction\",\"target\":[\"https:\/\/www.gaveanews.com\/index.php\/2022\/03\/07\/paulo-sousa-comenta-substituicao-de-andreas-pereira-apos-novo-erro\/\"]}]},{\"@type\":\"ImageObject\",\"inLanguage\":\"pt-BR\",\"@id\":\"https:\/\/www.gaveanews.com\/index.php\/2022\/03\/07\/paulo-sousa-comenta-substituicao-de-andreas-pereira-apos-novo-erro\/#primaryimage\",\"url\":\"https:\/\/www.gaveanews.com\/wp-content\/uploads\/Paulo-Sousa-comanda-o-elenco-do-Flamengo-em-partida-contra-o-Fluminense.webp\",\"contentUrl\":\"https:\/\/www.gaveanews.com\/wp-content\/uploads\/Paulo-Sousa-comanda-o-elenco-do-Flamengo-em-partida-contra-o-Fluminense.webp\",\"width\":799,\"height\":458,\"caption\":\"Paulo Sousa comanda o elenco do Flamengo em partida contra o Fluminense (Foto: Gilvan de Souza\/Flamengo)\"},{\"@type\":\"BreadcrumbList\",\"@id\":\"https:\/\/www.gaveanews.com\/index.php\/2022\/03\/07\/paulo-sousa-comenta-substituicao-de-andreas-pereira-apos-novo-erro\/#breadcrumb\",\"itemListElement\":[{\"@type\":\"ListItem\",\"position\":1,\"name\":\"Home\",\"item\":\"https:\/\/www.gaveanews.com\/\"},{\"@type\":\"ListItem\",\"position\":2,\"name\":\"Paulo Sousa comenta substitui\u00e7\u00e3o de Andreas Pereira ap\u00f3s novo erro\"}]},{\"@type\":\"WebSite\",\"@id\":\"https:\/\/www.gaveanews.com\/#website\",\"url\":\"https:\/\/www.gaveanews.com\/\",\"name\":\"G\u00e1vea News\",\"description\":\"Veja todas as not\u00edcias sobre o Flamengo: Contrata\u00e7\u00f5es, categorias de base, resultados das partidas, tabela de classifica\u00e7\u00e3o, pr\u00f3ximos jogos!\",\"potentialAction\":[{\"@type\":\"SearchAction\",\"target\":{\"@type\":\"EntryPoint\",\"urlTemplate\":\"https:\/\/www.gaveanews.com\/?s={search_term_string}\"},\"query-input\":{\"@type\":\"PropertyValueSpecification\",\"valueRequired\":true,\"valueName\":\"search_term_string\"}}],\"inLanguage\":\"pt-BR\"},{\"@type\":\"Person\",\"@id\":\"https:\/\/www.gaveanews.com\/#\/schema\/person\/2ec14f73fb96be2caf28f91afb14749d\",\"name\":\"Equipe G\u00e1vea News\",\"image\":{\"@type\":\"ImageObject\",\"inLanguage\":\"pt-BR\",\"@id\":\"https:\/\/www.gaveanews.com\/#\/schema\/person\/image\/\",\"url\":\"https:\/\/secure.gravatar.com\/avatar\/1e1956f1facbffd3f8fa53a326721950116b3b9dc9bd44939c01180fd4a745a9?s=96&d=mm&r=g\",\"contentUrl\":\"https:\/\/secure.gravatar.com\/avatar\/1e1956f1facbffd3f8fa53a326721950116b3b9dc9bd44939c01180fd4a745a9?s=96&d=mm&r=g\",\"caption\":\"Equipe G\u00e1vea News\"}}]}<\/script>\n<!-- \/ Yoast SEO Premium plugin. -->","yoast_head_json":{"title":"Paulo Sousa comenta substitui\u00e7\u00e3o de Andreas Pereira ap\u00f3s novo erro","robots":{"index":"index","follow":"follow","max-snippet":"max-snippet:-1","max-image-preview":"max-image-preview:large","max-video-preview":"max-video-preview:-1"},"canonical":"https:\/\/www.gaveanews.com\/index.php\/2022\/03\/07\/paulo-sousa-comenta-substituicao-de-andreas-pereira-apos-novo-erro\/","og_locale":"pt_BR","og_type":"article","og_title":"Paulo Sousa comenta substitui\u00e7\u00e3o de Andreas Pereira ap\u00f3s novo erro","og_description":"Ap\u00f3s empate contra o Resende na \u00faltima rodada, o Flamengo voltou a vencer no Campeonato Carioca. Neste domingo, o Mais Querido balan\u00e7ou as redes com Filipe Luis e Arrascaeta e bateu o Vasco por 2 a 1. Ap\u00f3s a partida, o t\u00e9cnico Paulo Sousa comentou o jogo e falou sobre a sa\u00edda de Andreas Pereira [&hellip;]","og_url":"https:\/\/www.gaveanews.com\/index.php\/2022\/03\/07\/paulo-sousa-comenta-substituicao-de-andreas-pereira-apos-novo-erro\/","og_site_name":"G\u00e1vea News","article_publisher":"https:\/\/facebook.com\/gaveaNews\/","article_published_time":"2022-03-07T03:05:58+00:00","og_image":[{"width":799,"height":458,"url":"https:\/\/www.gaveanews.com\/wp-content\/uploads\/Paulo-Sousa-comanda-o-elenco-do-Flamengo-em-partida-contra-o-Fluminense.webp","type":"image\/jpeg"}],"author":"Equipe G\u00e1vea News","twitter_card":"summary_large_image","twitter_misc":{"Escrito por":"Equipe G\u00e1vea News","Est. tempo de leitura":"2 minutos"},"schema":{"@context":"https:\/\/schema.org","@graph":[{"@type":"NewsArticle","@id":"https:\/\/www.gaveanews.com\/index.php\/2022\/03\/07\/paulo-sousa-comenta-substituicao-de-andreas-pereira-apos-novo-erro\/#article","isPartOf":{"@id":"https:\/\/www.gaveanews.com\/index.php\/2022\/03\/07\/paulo-sousa-comenta-substituicao-de-andreas-pereira-apos-novo-erro\/"},"author":{"name":"Equipe G\u00e1vea News","@id":"https:\/\/www.gaveanews.com\/#\/schema\/person\/2ec14f73fb96be2caf28f91afb14749d"},"headline":"Paulo Sousa comenta substitui\u00e7\u00e3o de Andreas Pereira ap\u00f3s novo erro","datePublished":"2022-03-07T03:05:58+00:00","mainEntityOfPage":{"@id":"https:\/\/www.gaveanews.com\/index.php\/2022\/03\/07\/paulo-sousa-comenta-substituicao-de-andreas-pereira-apos-novo-erro\/"},"wordCount":356,"commentCount":7,"image":{"@id":"https:\/\/www.gaveanews.com\/index.php\/2022\/03\/07\/paulo-sousa-comenta-substituicao-de-andreas-pereira-apos-novo-erro\/#primaryimage"},"thumbnailUrl":"https:\/\/www.gaveanews.com\/wp-content\/uploads\/Paulo-Sousa-comanda-o-elenco-do-Flamengo-em-partida-contra-o-Fluminense.webp","articleSection":["Flamengo"],"inLanguage":"pt-BR","potentialAction":[{"@type":"CommentAction","name":"Comment","target":["https:\/\/www.gaveanews.com\/index.php\/2022\/03\/07\/paulo-sousa-comenta-substituicao-de-andreas-pereira-apos-novo-erro\/#respond"]}],"copyrightYear":"2022","copyrightHolder":{"@id":"https:\/\/www.gaveanews.com\/#organization"}},{"@type":"WebPage","@id":"https:\/\/www.gaveanews.com\/index.php\/2022\/03\/07\/paulo-sousa-comenta-substituicao-de-andreas-pereira-apos-novo-erro\/","url":"https:\/\/www.gaveanews.com\/index.php\/2022\/03\/07\/paulo-sousa-comenta-substituicao-de-andreas-pereira-apos-novo-erro\/","name":"Paulo Sousa comenta substitui\u00e7\u00e3o de Andreas Pereira ap\u00f3s novo erro","isPartOf":{"@id":"https:\/\/www.gaveanews.com\/#website"},"primaryImageOfPage":{"@id":"https:\/\/www.gaveanews.com\/index.php\/2022\/03\/07\/paulo-sousa-comenta-substituicao-de-andreas-pereira-apos-novo-erro\/#primaryimage"},"image":{"@id":"https:\/\/www.gaveanews.com\/index.php\/2022\/03\/07\/paulo-sousa-comenta-substituicao-de-andreas-pereira-apos-novo-erro\/#primaryimage"},"thumbnailUrl":"https:\/\/www.gaveanews.com\/wp-content\/uploads\/Paulo-Sousa-comanda-o-elenco-do-Flamengo-em-partida-contra-o-Fluminense.webp","datePublished":"2022-03-07T03:05:58+00:00","author":{"@id":"https:\/\/www.gaveanews.com\/#\/schema\/person\/2ec14f73fb96be2caf28f91afb14749d"},"breadcrumb":{"@id":"https:\/\/www.gaveanews.com\/index.php\/2022\/03\/07\/paulo-sousa-comenta-substituicao-de-andreas-pereira-apos-novo-erro\/#breadcrumb"},"inLanguage":"pt-BR","potentialAction":[{"@type":"ReadAction","target":["https:\/\/www.gaveanews.com\/index.php\/2022\/03\/07\/paulo-sousa-comenta-substituicao-de-andreas-pereira-apos-novo-erro\/"]}]},{"@type":"ImageObject","inLanguage":"pt-BR","@id":"https:\/\/www.gaveanews.com\/index.php\/2022\/03\/07\/paulo-sousa-comenta-substituicao-de-andreas-pereira-apos-novo-erro\/#primaryimage","url":"https:\/\/www.gaveanews.com\/wp-content\/uploads\/Paulo-Sousa-comanda-o-elenco-do-Flamengo-em-partida-contra-o-Fluminense.webp","contentUrl":"https:\/\/www.gaveanews.com\/wp-content\/uploads\/Paulo-Sousa-comanda-o-elenco-do-Flamengo-em-partida-contra-o-Fluminense.webp","width":799,"height":458,"caption":"Paulo Sousa comanda o elenco do Flamengo em partida contra o Fluminense (Foto: Gilvan de Souza\/Flamengo)"},{"@type":"BreadcrumbList","@id":"https:\/\/www.gaveanews.com\/index.php\/2022\/03\/07\/paulo-sousa-comenta-substituicao-de-andreas-pereira-apos-novo-erro\/#breadcrumb","itemListElement":[{"@type":"ListItem","position":1,"name":"Home","item":"https:\/\/www.gaveanews.com\/"},{"@type":"ListItem","position":2,"name":"Paulo Sousa comenta substitui\u00e7\u00e3o de Andreas Pereira ap\u00f3s novo erro"}]},{"@type":"WebSite","@id":"https:\/\/www.gaveanews.com\/#website","url":"https:\/\/www.gaveanews.com\/","name":"G\u00e1vea News","description":"Veja todas as not\u00edcias sobre o Flamengo: Contrata\u00e7\u00f5es, categorias de base, resultados das partidas, tabela de classifica\u00e7\u00e3o, pr\u00f3ximos jogos!","potentialAction":[{"@type":"SearchAction","target":{"@type":"EntryPoint","urlTemplate":"https:\/\/www.gaveanews.com\/?s={search_term_string}"},"query-input":{"@type":"PropertyValueSpecification","valueRequired":true,"valueName":"search_term_string"}}],"inLanguage":"pt-BR"},{"@type":"Person","@id":"https:\/\/www.gaveanews.com\/#\/schema\/person\/2ec14f73fb96be2caf28f91afb14749d","name":"Equipe G\u00e1vea News","image":{"@type":"ImageObject","inLanguage":"pt-BR","@id":"https:\/\/www.gaveanews.com\/#\/schema\/person\/image\/","url":"https:\/\/secure.gravatar.com\/avatar\/1e1956f1facbffd3f8fa53a326721950116b3b9dc9bd44939c01180fd4a745a9?s=96&d=mm&r=g","contentUrl":"https:\/\/secure.gravatar.com\/avatar\/1e1956f1facbffd3f8fa53a326721950116b3b9dc9bd44939c01180fd4a745a9?s=96&d=mm&r=g","caption":"Equipe G\u00e1vea News"}}]}},"_links":{"self":[{"href":"https:\/\/www.gaveanews.com\/index.php\/wp-json\/wp\/v2\/posts\/77867","targetHints":{"allow":["GET"]}}],"collection":[{"href":"https:\/\/www.gaveanews.com\/index.php\/wp-json\/wp\/v2\/posts"}],"about":[{"href":"https:\/\/www.gaveanews.com\/index.php\/wp-json\/wp\/v2\/types\/post"}],"author":[{"embeddable":true,"href":"https:\/\/www.gaveanews.com\/index.php\/wp-json\/wp\/v2\/users\/1"}],"replies":[{"embeddable":true,"href":"https:\/\/www.gaveanews.com\/index.php\/wp-json\/wp\/v2\/comments?post=77867"}],"version-history":[{"count":0,"href":"https:\/\/www.gaveanews.com\/index.php\/wp-json\/wp\/v2\/posts\/77867\/revisions"}],"wp:featuredmedia":[{"embeddable":true,"href":"https:\/\/www.gaveanews.com\/index.php\/wp-json\/wp\/v2\/media\/76254"}],"wp:attachment":[{"href":"https:\/\/www.gaveanews.com\/index.php\/wp-json\/wp\/v2\/media?parent=77867"}],"wp:term":[{"taxonomy":"category","embeddable":true,"href":"https:\/\/www.gaveanews.com\/index.php\/wp-json\/wp\/v2\/categories?post=77867"},{"taxonomy":"post_tag","embeddable":true,"href":"https:\/\/www.gaveanews.com\/index.php\/wp-json\/wp\/v2\/tags?post=77867"}],"curies":[{"name":"wp","href":"https:\/\/api.w.org\/{rel}","templated":true}]}}