{"id":77871,"date":"2022-03-07T01:09:39","date_gmt":"2022-03-07T04:09:39","guid":{"rendered":"https:\/\/www.gaveanews.com\/?p=77871"},"modified":"2022-03-07T01:32:17","modified_gmt":"2022-03-07T04:32:17","slug":"ferj-emite-nota-oficial-sobre-polemica-no-jogo-entre-flamengo-x-vasco","status":"publish","type":"post","link":"https:\/\/www.gaveanews.com\/index.php\/2022\/03\/07\/ferj-emite-nota-oficial-sobre-polemica-no-jogo-entre-flamengo-x-vasco\/","title":{"rendered":"FERJ emite nota oficial sobre &#8216;pol\u00eamica&#8217; no jogo entre Flamengo x Vasco"},"content":{"rendered":"<p>A FERJ divulgou uma nota oficial na noite deste domingo (6) confirmando que estar\u00e1 exibindo \u00e1udios e v\u00eddeos do VAR do jogo Flamengo 2-1 Vasco, disputado pela 10\u00aa rodada do Campeonato Carioca, ap\u00f3s insatisfa\u00e7\u00e3o do cruzmaltino com o final de jogo.<\/p>\n<p>Diversos jogadores do Vasco partiram para cima do \u00e1rbitro com o final de jogo pelo fato do lance final n\u00e3o ter sido revisado, onde c\u00e2meras inicialmente flagraram que o jogador Jo\u00e3o Gomes, do Flamengo, resvalou com o bra\u00e7o na bola dentro da \u00e1rea em cruzamento. Depois, constatou-se que a bola bateu no rosto e n\u00e3o no bra\u00e7o.<\/p>\n<p>Por\u00e9m, mesmo assim, o cruzmaltino se sentiu prejudicado diante do Flamengo em outros lances, citando tamb\u00e9m o impedimento de Nen\u00ea antes do t\u00e9rmino da jogada e uma poss\u00edvel falta em Andrey no segundo gol rubro-negro.<\/p>\n<p>Por isso, o Vasco confirmou que estar\u00e1 enviando representantes \u00e0 sede da FERJ nesta segunda-feira (7) para ter uma reuni\u00e3o com a Comiss\u00e3o de Arbitragem.<\/p>\n<h2>Nota oficial da FERJ sobre Flamengo x Vasco<\/h2>\n<p>\u201cPor determina\u00e7\u00e3o do presidente da Ferj, Rubens Lopes, a Comiss\u00e3o de Arbitragem est\u00e1 \u00e0 disposi\u00e7\u00e3o da diretoria vasca\u00edna para exibir \u00e1udios e imagens do \u00c1rbitro de V\u00eddeo de Flamengo 2 x 1 Vasco. Os membros da Comiss\u00e3o estar\u00e3o na sede da Ferj nesta segunda-feira para recepcion\u00e1-los e esclarecer os lances\u201d<\/p>\n<p>Retirado de: Torcedores<\/p>\n<p>&nbsp;<\/p>\n","protected":false},"excerpt":{"rendered":"<p>A FERJ divulgou uma nota oficial na noite deste domingo (6) confirmando que estar\u00e1 exibindo \u00e1udios e v\u00eddeos do VAR do jogo Flamengo 2-1 Vasco, disputado pela 10\u00aa rodada do Campeonato Carioca, ap\u00f3s insatisfa\u00e7\u00e3o do cruzmaltino com o final de jogo. Diversos jogadores do Vasco partiram para cima do \u00e1rbitro com o final de jogo [&hellip;]<\/p>\n","protected":false},"author":1,"featured_media":16301,"comment_status":"open","ping_status":"closed","sticky":false,"template":"","format":"standard","meta":{"footnotes":""},"categories":[1],"tags":[],"class_list":["post-77871","post","type-post","status-publish","format-standard","has-post-thumbnail","hentry","category-flamengo"],"yoast_head":"<!-- This site is optimized with the Yoast SEO Premium plugin v24.2 (Yoast SEO v26.9) - https:\/\/yoast.com\/product\/yoast-seo-premium-wordpress\/ -->\n<title>FERJ emite nota oficial sobre &#039;pol\u00eamica&#039; no jogo entre Flamengo x Vasco<\/title>\n<meta name=\"robots\" content=\"index, follow, max-snippet:-1, max-image-preview:large, max-video-preview:-1\" \/>\n<link rel=\"canonical\" href=\"https:\/\/www.gaveanews.com\/index.php\/2022\/03\/07\/ferj-emite-nota-oficial-sobre-polemica-no-jogo-entre-flamengo-x-vasco\/\" \/>\n<meta property=\"og:locale\" content=\"pt_BR\" \/>\n<meta property=\"og:type\" content=\"article\" \/>\n<meta property=\"og:title\" content=\"FERJ emite nota oficial sobre &#039;pol\u00eamica&#039; no jogo entre Flamengo x Vasco\" \/>\n<meta property=\"og:description\" content=\"A FERJ divulgou uma nota oficial na noite deste domingo (6) confirmando que estar\u00e1 exibindo \u00e1udios e v\u00eddeos do VAR do jogo Flamengo 2-1 Vasco, disputado pela 10\u00aa rodada do Campeonato Carioca, ap\u00f3s insatisfa\u00e7\u00e3o do cruzmaltino com o final de jogo. Diversos jogadores do Vasco partiram para cima do \u00e1rbitro com o final de jogo [&hellip;]\" \/>\n<meta property=\"og:url\" content=\"https:\/\/www.gaveanews.com\/index.php\/2022\/03\/07\/ferj-emite-nota-oficial-sobre-polemica-no-jogo-entre-flamengo-x-vasco\/\" \/>\n<meta property=\"og:site_name\" content=\"G\u00e1vea News\" \/>\n<meta property=\"article:publisher\" content=\"https:\/\/facebook.com\/gaveaNews\/\" \/>\n<meta property=\"article:published_time\" content=\"2022-03-07T04:09:39+00:00\" \/>\n<meta property=\"article:modified_time\" content=\"2022-03-07T04:32:17+00:00\" \/>\n<meta property=\"og:image\" content=\"https:\/\/www.gaveanews.com\/wp-content\/uploads\/2019\/03\/Presidente-da-FERJ-Rubens-Lopes-durante-coletiva-de-imprensa.webp\" \/>\n\t<meta property=\"og:image:width\" content=\"841\" \/>\n\t<meta property=\"og:image:height\" content=\"600\" \/>\n\t<meta property=\"og:image:type\" content=\"image\/jpeg\" \/>\n<meta name=\"author\" content=\"Equipe G\u00e1vea News\" \/>\n<meta name=\"twitter:card\" content=\"summary_large_image\" \/>\n<meta name=\"twitter:label1\" content=\"Escrito por\" \/>\n\t<meta name=\"twitter:data1\" content=\"Equipe G\u00e1vea News\" \/>\n\t<meta name=\"twitter:label2\" content=\"Est. tempo de leitura\" \/>\n\t<meta name=\"twitter:data2\" content=\"2 minutos\" \/>\n<script type=\"application\/ld+json\" class=\"yoast-schema-graph\">{\"@context\":\"https:\/\/schema.org\",\"@graph\":[{\"@type\":\"NewsArticle\",\"@id\":\"https:\/\/www.gaveanews.com\/index.php\/2022\/03\/07\/ferj-emite-nota-oficial-sobre-polemica-no-jogo-entre-flamengo-x-vasco\/#article\",\"isPartOf\":{\"@id\":\"https:\/\/www.gaveanews.com\/index.php\/2022\/03\/07\/ferj-emite-nota-oficial-sobre-polemica-no-jogo-entre-flamengo-x-vasco\/\"},\"author\":{\"name\":\"Equipe G\u00e1vea News\",\"@id\":\"https:\/\/www.gaveanews.com\/#\/schema\/person\/2ec14f73fb96be2caf28f91afb14749d\"},\"headline\":\"FERJ emite nota oficial sobre &#8216;pol\u00eamica&#8217; no jogo entre Flamengo x Vasco\",\"datePublished\":\"2022-03-07T04:09:39+00:00\",\"dateModified\":\"2022-03-07T04:32:17+00:00\",\"mainEntityOfPage\":{\"@id\":\"https:\/\/www.gaveanews.com\/index.php\/2022\/03\/07\/ferj-emite-nota-oficial-sobre-polemica-no-jogo-entre-flamengo-x-vasco\/\"},\"wordCount\":249,\"commentCount\":6,\"image\":{\"@id\":\"https:\/\/www.gaveanews.com\/index.php\/2022\/03\/07\/ferj-emite-nota-oficial-sobre-polemica-no-jogo-entre-flamengo-x-vasco\/#primaryimage\"},\"thumbnailUrl\":\"https:\/\/www.gaveanews.com\/wp-content\/uploads\/2019\/03\/Presidente-da-FERJ-Rubens-Lopes-durante-coletiva-de-imprensa.webp\",\"articleSection\":[\"Flamengo\"],\"inLanguage\":\"pt-BR\",\"potentialAction\":[{\"@type\":\"CommentAction\",\"name\":\"Comment\",\"target\":[\"https:\/\/www.gaveanews.com\/index.php\/2022\/03\/07\/ferj-emite-nota-oficial-sobre-polemica-no-jogo-entre-flamengo-x-vasco\/#respond\"]}],\"copyrightYear\":\"2022\",\"copyrightHolder\":{\"@id\":\"https:\/\/www.gaveanews.com\/#organization\"}},{\"@type\":\"WebPage\",\"@id\":\"https:\/\/www.gaveanews.com\/index.php\/2022\/03\/07\/ferj-emite-nota-oficial-sobre-polemica-no-jogo-entre-flamengo-x-vasco\/\",\"url\":\"https:\/\/www.gaveanews.com\/index.php\/2022\/03\/07\/ferj-emite-nota-oficial-sobre-polemica-no-jogo-entre-flamengo-x-vasco\/\",\"name\":\"FERJ emite nota oficial sobre 'pol\u00eamica' no jogo entre Flamengo x Vasco\",\"isPartOf\":{\"@id\":\"https:\/\/www.gaveanews.com\/#website\"},\"primaryImageOfPage\":{\"@id\":\"https:\/\/www.gaveanews.com\/index.php\/2022\/03\/07\/ferj-emite-nota-oficial-sobre-polemica-no-jogo-entre-flamengo-x-vasco\/#primaryimage\"},\"image\":{\"@id\":\"https:\/\/www.gaveanews.com\/index.php\/2022\/03\/07\/ferj-emite-nota-oficial-sobre-polemica-no-jogo-entre-flamengo-x-vasco\/#primaryimage\"},\"thumbnailUrl\":\"https:\/\/www.gaveanews.com\/wp-content\/uploads\/2019\/03\/Presidente-da-FERJ-Rubens-Lopes-durante-coletiva-de-imprensa.webp\",\"datePublished\":\"2022-03-07T04:09:39+00:00\",\"dateModified\":\"2022-03-07T04:32:17+00:00\",\"author\":{\"@id\":\"https:\/\/www.gaveanews.com\/#\/schema\/person\/2ec14f73fb96be2caf28f91afb14749d\"},\"breadcrumb\":{\"@id\":\"https:\/\/www.gaveanews.com\/index.php\/2022\/03\/07\/ferj-emite-nota-oficial-sobre-polemica-no-jogo-entre-flamengo-x-vasco\/#breadcrumb\"},\"inLanguage\":\"pt-BR\",\"potentialAction\":[{\"@type\":\"ReadAction\",\"target\":[\"https:\/\/www.gaveanews.com\/index.php\/2022\/03\/07\/ferj-emite-nota-oficial-sobre-polemica-no-jogo-entre-flamengo-x-vasco\/\"]}]},{\"@type\":\"ImageObject\",\"inLanguage\":\"pt-BR\",\"@id\":\"https:\/\/www.gaveanews.com\/index.php\/2022\/03\/07\/ferj-emite-nota-oficial-sobre-polemica-no-jogo-entre-flamengo-x-vasco\/#primaryimage\",\"url\":\"https:\/\/www.gaveanews.com\/wp-content\/uploads\/2019\/03\/Presidente-da-FERJ-Rubens-Lopes-durante-coletiva-de-imprensa.webp\",\"contentUrl\":\"https:\/\/www.gaveanews.com\/wp-content\/uploads\/2019\/03\/Presidente-da-FERJ-Rubens-Lopes-durante-coletiva-de-imprensa.webp\",\"width\":841,\"height\":600,\"caption\":\"Presidente da FERJ, Rubens Lopes durante coletiva de imprensa (Foto: \u00darsula Nery)\"},{\"@type\":\"BreadcrumbList\",\"@id\":\"https:\/\/www.gaveanews.com\/index.php\/2022\/03\/07\/ferj-emite-nota-oficial-sobre-polemica-no-jogo-entre-flamengo-x-vasco\/#breadcrumb\",\"itemListElement\":[{\"@type\":\"ListItem\",\"position\":1,\"name\":\"Home\",\"item\":\"https:\/\/www.gaveanews.com\/\"},{\"@type\":\"ListItem\",\"position\":2,\"name\":\"FERJ emite nota oficial sobre &#8216;pol\u00eamica&#8217; no jogo entre Flamengo x Vasco\"}]},{\"@type\":\"WebSite\",\"@id\":\"https:\/\/www.gaveanews.com\/#website\",\"url\":\"https:\/\/www.gaveanews.com\/\",\"name\":\"G\u00e1vea News\",\"description\":\"Veja todas as not\u00edcias sobre o Flamengo: Contrata\u00e7\u00f5es, categorias de base, resultados das partidas, tabela de classifica\u00e7\u00e3o, pr\u00f3ximos jogos!\",\"potentialAction\":[{\"@type\":\"SearchAction\",\"target\":{\"@type\":\"EntryPoint\",\"urlTemplate\":\"https:\/\/www.gaveanews.com\/?s={search_term_string}\"},\"query-input\":{\"@type\":\"PropertyValueSpecification\",\"valueRequired\":true,\"valueName\":\"search_term_string\"}}],\"inLanguage\":\"pt-BR\"},{\"@type\":\"Person\",\"@id\":\"https:\/\/www.gaveanews.com\/#\/schema\/person\/2ec14f73fb96be2caf28f91afb14749d\",\"name\":\"Equipe G\u00e1vea News\",\"image\":{\"@type\":\"ImageObject\",\"inLanguage\":\"pt-BR\",\"@id\":\"https:\/\/www.gaveanews.com\/#\/schema\/person\/image\/\",\"url\":\"https:\/\/secure.gravatar.com\/avatar\/1e1956f1facbffd3f8fa53a326721950116b3b9dc9bd44939c01180fd4a745a9?s=96&d=mm&r=g\",\"contentUrl\":\"https:\/\/secure.gravatar.com\/avatar\/1e1956f1facbffd3f8fa53a326721950116b3b9dc9bd44939c01180fd4a745a9?s=96&d=mm&r=g\",\"caption\":\"Equipe G\u00e1vea News\"}}]}<\/script>\n<!-- \/ Yoast SEO Premium plugin. -->","yoast_head_json":{"title":"FERJ emite nota oficial sobre 'pol\u00eamica' no jogo entre Flamengo x Vasco","robots":{"index":"index","follow":"follow","max-snippet":"max-snippet:-1","max-image-preview":"max-image-preview:large","max-video-preview":"max-video-preview:-1"},"canonical":"https:\/\/www.gaveanews.com\/index.php\/2022\/03\/07\/ferj-emite-nota-oficial-sobre-polemica-no-jogo-entre-flamengo-x-vasco\/","og_locale":"pt_BR","og_type":"article","og_title":"FERJ emite nota oficial sobre 'pol\u00eamica' no jogo entre Flamengo x Vasco","og_description":"A FERJ divulgou uma nota oficial na noite deste domingo (6) confirmando que estar\u00e1 exibindo \u00e1udios e v\u00eddeos do VAR do jogo Flamengo 2-1 Vasco, disputado pela 10\u00aa rodada do Campeonato Carioca, ap\u00f3s insatisfa\u00e7\u00e3o do cruzmaltino com o final de jogo. Diversos jogadores do Vasco partiram para cima do \u00e1rbitro com o final de jogo [&hellip;]","og_url":"https:\/\/www.gaveanews.com\/index.php\/2022\/03\/07\/ferj-emite-nota-oficial-sobre-polemica-no-jogo-entre-flamengo-x-vasco\/","og_site_name":"G\u00e1vea News","article_publisher":"https:\/\/facebook.com\/gaveaNews\/","article_published_time":"2022-03-07T04:09:39+00:00","article_modified_time":"2022-03-07T04:32:17+00:00","og_image":[{"width":841,"height":600,"url":"https:\/\/www.gaveanews.com\/wp-content\/uploads\/2019\/03\/Presidente-da-FERJ-Rubens-Lopes-durante-coletiva-de-imprensa.webp","type":"image\/jpeg"}],"author":"Equipe G\u00e1vea News","twitter_card":"summary_large_image","twitter_misc":{"Escrito por":"Equipe G\u00e1vea News","Est. tempo de leitura":"2 minutos"},"schema":{"@context":"https:\/\/schema.org","@graph":[{"@type":"NewsArticle","@id":"https:\/\/www.gaveanews.com\/index.php\/2022\/03\/07\/ferj-emite-nota-oficial-sobre-polemica-no-jogo-entre-flamengo-x-vasco\/#article","isPartOf":{"@id":"https:\/\/www.gaveanews.com\/index.php\/2022\/03\/07\/ferj-emite-nota-oficial-sobre-polemica-no-jogo-entre-flamengo-x-vasco\/"},"author":{"name":"Equipe G\u00e1vea News","@id":"https:\/\/www.gaveanews.com\/#\/schema\/person\/2ec14f73fb96be2caf28f91afb14749d"},"headline":"FERJ emite nota oficial sobre &#8216;pol\u00eamica&#8217; no jogo entre Flamengo x Vasco","datePublished":"2022-03-07T04:09:39+00:00","dateModified":"2022-03-07T04:32:17+00:00","mainEntityOfPage":{"@id":"https:\/\/www.gaveanews.com\/index.php\/2022\/03\/07\/ferj-emite-nota-oficial-sobre-polemica-no-jogo-entre-flamengo-x-vasco\/"},"wordCount":249,"commentCount":6,"image":{"@id":"https:\/\/www.gaveanews.com\/index.php\/2022\/03\/07\/ferj-emite-nota-oficial-sobre-polemica-no-jogo-entre-flamengo-x-vasco\/#primaryimage"},"thumbnailUrl":"https:\/\/www.gaveanews.com\/wp-content\/uploads\/2019\/03\/Presidente-da-FERJ-Rubens-Lopes-durante-coletiva-de-imprensa.webp","articleSection":["Flamengo"],"inLanguage":"pt-BR","potentialAction":[{"@type":"CommentAction","name":"Comment","target":["https:\/\/www.gaveanews.com\/index.php\/2022\/03\/07\/ferj-emite-nota-oficial-sobre-polemica-no-jogo-entre-flamengo-x-vasco\/#respond"]}],"copyrightYear":"2022","copyrightHolder":{"@id":"https:\/\/www.gaveanews.com\/#organization"}},{"@type":"WebPage","@id":"https:\/\/www.gaveanews.com\/index.php\/2022\/03\/07\/ferj-emite-nota-oficial-sobre-polemica-no-jogo-entre-flamengo-x-vasco\/","url":"https:\/\/www.gaveanews.com\/index.php\/2022\/03\/07\/ferj-emite-nota-oficial-sobre-polemica-no-jogo-entre-flamengo-x-vasco\/","name":"FERJ emite nota oficial sobre 'pol\u00eamica' no jogo entre Flamengo x Vasco","isPartOf":{"@id":"https:\/\/www.gaveanews.com\/#website"},"primaryImageOfPage":{"@id":"https:\/\/www.gaveanews.com\/index.php\/2022\/03\/07\/ferj-emite-nota-oficial-sobre-polemica-no-jogo-entre-flamengo-x-vasco\/#primaryimage"},"image":{"@id":"https:\/\/www.gaveanews.com\/index.php\/2022\/03\/07\/ferj-emite-nota-oficial-sobre-polemica-no-jogo-entre-flamengo-x-vasco\/#primaryimage"},"thumbnailUrl":"https:\/\/www.gaveanews.com\/wp-content\/uploads\/2019\/03\/Presidente-da-FERJ-Rubens-Lopes-durante-coletiva-de-imprensa.webp","datePublished":"2022-03-07T04:09:39+00:00","dateModified":"2022-03-07T04:32:17+00:00","author":{"@id":"https:\/\/www.gaveanews.com\/#\/schema\/person\/2ec14f73fb96be2caf28f91afb14749d"},"breadcrumb":{"@id":"https:\/\/www.gaveanews.com\/index.php\/2022\/03\/07\/ferj-emite-nota-oficial-sobre-polemica-no-jogo-entre-flamengo-x-vasco\/#breadcrumb"},"inLanguage":"pt-BR","potentialAction":[{"@type":"ReadAction","target":["https:\/\/www.gaveanews.com\/index.php\/2022\/03\/07\/ferj-emite-nota-oficial-sobre-polemica-no-jogo-entre-flamengo-x-vasco\/"]}]},{"@type":"ImageObject","inLanguage":"pt-BR","@id":"https:\/\/www.gaveanews.com\/index.php\/2022\/03\/07\/ferj-emite-nota-oficial-sobre-polemica-no-jogo-entre-flamengo-x-vasco\/#primaryimage","url":"https:\/\/www.gaveanews.com\/wp-content\/uploads\/2019\/03\/Presidente-da-FERJ-Rubens-Lopes-durante-coletiva-de-imprensa.webp","contentUrl":"https:\/\/www.gaveanews.com\/wp-content\/uploads\/2019\/03\/Presidente-da-FERJ-Rubens-Lopes-durante-coletiva-de-imprensa.webp","width":841,"height":600,"caption":"Presidente da FERJ, Rubens Lopes durante coletiva de imprensa (Foto: \u00darsula Nery)"},{"@type":"BreadcrumbList","@id":"https:\/\/www.gaveanews.com\/index.php\/2022\/03\/07\/ferj-emite-nota-oficial-sobre-polemica-no-jogo-entre-flamengo-x-vasco\/#breadcrumb","itemListElement":[{"@type":"ListItem","position":1,"name":"Home","item":"https:\/\/www.gaveanews.com\/"},{"@type":"ListItem","position":2,"name":"FERJ emite nota oficial sobre &#8216;pol\u00eamica&#8217; no jogo entre Flamengo x Vasco"}]},{"@type":"WebSite","@id":"https:\/\/www.gaveanews.com\/#website","url":"https:\/\/www.gaveanews.com\/","name":"G\u00e1vea News","description":"Veja todas as not\u00edcias sobre o Flamengo: Contrata\u00e7\u00f5es, categorias de base, resultados das partidas, tabela de classifica\u00e7\u00e3o, pr\u00f3ximos jogos!","potentialAction":[{"@type":"SearchAction","target":{"@type":"EntryPoint","urlTemplate":"https:\/\/www.gaveanews.com\/?s={search_term_string}"},"query-input":{"@type":"PropertyValueSpecification","valueRequired":true,"valueName":"search_term_string"}}],"inLanguage":"pt-BR"},{"@type":"Person","@id":"https:\/\/www.gaveanews.com\/#\/schema\/person\/2ec14f73fb96be2caf28f91afb14749d","name":"Equipe G\u00e1vea News","image":{"@type":"ImageObject","inLanguage":"pt-BR","@id":"https:\/\/www.gaveanews.com\/#\/schema\/person\/image\/","url":"https:\/\/secure.gravatar.com\/avatar\/1e1956f1facbffd3f8fa53a326721950116b3b9dc9bd44939c01180fd4a745a9?s=96&d=mm&r=g","contentUrl":"https:\/\/secure.gravatar.com\/avatar\/1e1956f1facbffd3f8fa53a326721950116b3b9dc9bd44939c01180fd4a745a9?s=96&d=mm&r=g","caption":"Equipe G\u00e1vea News"}}]}},"_links":{"self":[{"href":"https:\/\/www.gaveanews.com\/index.php\/wp-json\/wp\/v2\/posts\/77871","targetHints":{"allow":["GET"]}}],"collection":[{"href":"https:\/\/www.gaveanews.com\/index.php\/wp-json\/wp\/v2\/posts"}],"about":[{"href":"https:\/\/www.gaveanews.com\/index.php\/wp-json\/wp\/v2\/types\/post"}],"author":[{"embeddable":true,"href":"https:\/\/www.gaveanews.com\/index.php\/wp-json\/wp\/v2\/users\/1"}],"replies":[{"embeddable":true,"href":"https:\/\/www.gaveanews.com\/index.php\/wp-json\/wp\/v2\/comments?post=77871"}],"version-history":[{"count":0,"href":"https:\/\/www.gaveanews.com\/index.php\/wp-json\/wp\/v2\/posts\/77871\/revisions"}],"wp:featuredmedia":[{"embeddable":true,"href":"https:\/\/www.gaveanews.com\/index.php\/wp-json\/wp\/v2\/media\/16301"}],"wp:attachment":[{"href":"https:\/\/www.gaveanews.com\/index.php\/wp-json\/wp\/v2\/media?parent=77871"}],"wp:term":[{"taxonomy":"category","embeddable":true,"href":"https:\/\/www.gaveanews.com\/index.php\/wp-json\/wp\/v2\/categories?post=77871"},{"taxonomy":"post_tag","embeddable":true,"href":"https:\/\/www.gaveanews.com\/index.php\/wp-json\/wp\/v2\/tags?post=77871"}],"curies":[{"name":"wp","href":"https:\/\/api.w.org\/{rel}","templated":true}]}}