{"id":77908,"date":"2022-03-07T19:00:58","date_gmt":"2022-03-07T22:00:58","guid":{"rendered":"https:\/\/www.gaveanews.com\/?p=77908"},"modified":"2022-03-07T19:00:58","modified_gmt":"2022-03-07T22:00:58","slug":"grupo-politico-do-flamengo-pede-para-que-landim-recuse-cargo-na-petrobras","status":"publish","type":"post","link":"https:\/\/www.gaveanews.com\/index.php\/2022\/03\/07\/grupo-politico-do-flamengo-pede-para-que-landim-recuse-cargo-na-petrobras\/","title":{"rendered":"Grupo pol\u00edtico do Flamengo pede para que Landim recuse cargo na Petrobras"},"content":{"rendered":"<div class=\"td-post-content tagdiv-type\">\n<p>A indica\u00e7\u00e3o de Rodolfo Landim para cargo na Petrobr\u00e1s segue dando o que falar nos bastidores Rubro-Negro. Nesse sentindo, o grupo pol\u00edtico \u201cFla Tradi\u00e7\u00e3o &amp; Juventude\u201d emitiu um requerimento solicitando que o presidente do Flamengo n\u00e3o\u00a0assuma a presid\u00eancia do Conselho de Administra\u00e7\u00e3o da empresa nacional.<\/p>\n<p>A a\u00e7\u00e3o ocorreu atrav\u00e9s de uma carta assinado por Siro Darlan, secret\u00e1rio-geral do grupo. Os representantes enumeraram seis fatores dos quais deixam claro o conflito de interesses na rela\u00e7\u00e3o que vem sendo instaurada. Sendo assim, Rodolfo Landim dever\u00e1 ter que escolher entre a presid\u00eancia do Flamengo ou a do Conselho de Administra\u00e7\u00e3o Petrobras.<\/p>\n<p>Dentro das oposi\u00e7\u00f5es apresentada pelo grupo \u201cFla Tradi\u00e7\u00e3o &amp; Juventude\u201d destaca-se a impossibilidade de um futuro patroc\u00ednio da Petrobr\u00e1s. Vale relembrar que a empresa j\u00e1 patrocinou o Mais Querido anteriormente. Al\u00e9m disso, o grupo tamb\u00e9m citou situa\u00e7\u00e3o r\u00e9u de Rodolfo Landim na justi\u00e7a.<\/p>\n<h4><strong>Confira abaixo a \u00edntegra da carta:<\/strong><\/h4>\n<p>Ilmo. Sr. Rodolfo Landim<\/p>\n<p>MD. Presidente do Conselho Diretor e do Clube de Regatas do Flamengo<\/p>\n<p>Ilmo Senhor Luiz Eduardo Baptista<\/p>\n<p>MD. Senhor Presidente do Conselho de Administra\u00e7\u00e3o<\/p>\n<p>Prezados Senhores, SIRO DARLAN DE OLIVEIRA, s\u00f3cio benem\u00e9rito n\u00ba 001220 e FLA TRADI\u00c7\u00c3O &amp; JUVENTUDE, reunidos em Assembleia Virtual no dia 14 de mar\u00e7o de 2022, representado por seu Secret\u00e1rio Geral SIRO DARLAN, vem, observados os princ\u00edpios da legalidade, impessoalidade, moralidade, publicidade, economicidade, efici\u00eancia, responsabilidade social, gest\u00e3o democr\u00e1tica e profissionalismo, que devem nortear a administra\u00e7\u00e3o do Flamengo, atendendo o que determina o artigo 19, III do ECRF, visando \u201capresentar sugest\u00f5es de interesse do FLAMENGO, ou que contribuam para o seu engrandecimento e perenidade\u201d respeitosamente, ouvidos os demais poderes do Clube de Regatas do Flamengo, requerer o seguinte:<\/p>\n<p>1. Os jornais est\u00e3o noticiando que o presidente do Flamengo e especialista do setor de petr\u00f3leo, Rodolfo Landim, deve assumir o comando do Conselho de Administra\u00e7\u00e3o da Petrobras. A not\u00edcia foi publicada inicialmente pelo blog do jornalista Lauro Jardim e confirmada pelo Poder360.<\/p>\n<p>2. O Minist\u00e9rio de Minas e Energia e a Petrobras confirmaram na noite de s\u00e1bado a lista de oito indicados para formar o conselho de administra\u00e7\u00e3o da estatal e o presidente do Flamengo, Rodolfo Landim, est\u00e1 entre eles. O mandat\u00e1rio rubro-negro n\u00e3o ter\u00e1 alterada sua rotina no clube.<\/p>\n<p>3. O artigo 69 do Estatuto do Clube obriga: \u00a7 1\u00ba Os Presidentes e Vice-Presidentes dos Poderes do FLAMENGO devem servir ao clube com lealdade e empregar, no exerc\u00edcio de suas fun\u00e7\u00f5es, o cuidado e dilig\u00eancia que todo administrador ativo e probo costuma empregar na gest\u00e3o de seus pr\u00f3prios neg\u00f3cios, sempre visando \u00e0 moralidade; \u00e0 consecu\u00e7\u00e3o dos objetivos sociais do FLAMENGO; \u00e0 preserva\u00e7\u00e3o da sua higidez financeira; \u00e0 conserva\u00e7\u00e3o e o incremento do seu patrim\u00f4nio; e o \u00eaxito do clube nas competi\u00e7\u00f5es esportivas de que participar.<\/p>\n<p>4. Todos sabem que a Petrobras j\u00e1 foi uma das melhores e mais corretas patrocinadoras do Flamengo. Ao ocupar esse cargo, o Presidente do Flamengo causa preju\u00edzo ao clube, eis que a referida estatal jamais poder\u00e1 voltar a patrocinar o clube que tem na sua dire\u00e7\u00e3o o presidente do clube patrocinado, sob pena de ficar arranhado o princ\u00edpio da moralidade e da \u00e9tica comercial. O artigo 77 impede qualquer participa\u00e7\u00e3o no Poder quem fizer parte de empresa que estiver executando obras ou servi\u00e7os para o Flamengo. Esse impedimento desautoriza o Presidente do Clube de fazer parte do Conselho de Administra\u00e7\u00e3o da Petrobr\u00e1s.<\/p>\n<p>5. Por outro lado \u00e9 uma quest\u00e3o de moralidade p\u00fablica que um r\u00e9u em a\u00e7\u00e3o penal na justi\u00e7a federal por pratica de atos de gest\u00e3o fraudulenta de institui\u00e7\u00e3o financeira equiparada ao aplicar os recursos do FIP Brasil Petr\u00f3leo 1 na empresa americana DEEPFLEX INC, fato que traria preju\u00edzos graves para o Flamengo e para a Na\u00e7\u00e3o brasileira ter no Conselho de Administra\u00e7\u00e3o de uma das mais importantes empresas brasileira um r\u00e9u denunciado por fraudes contra a mesma empresa.<\/p>\n<p>6. Por tais motivos, o Grupo Fla Tradi\u00e7\u00e3o &amp; Juventude roga a V. Exa. aborte esse compromisso e continue sendo, Presidente do Flamengo, cargo para o qual foi eleito com ampla maioria que depositou confian\u00e7a em V. Exa. para gerir o destino do Flamengo durante tr\u00eas anos.<\/p>\n<p>Como se comprova, a manifesta\u00e7\u00e3o dos requerentes \u00e9 sempre propositiva e em defesa dos interesses do Clube de Regatas do Flamengo, e assim prosseguir\u00e3o. Desejando a V. Exa. que sua administra\u00e7\u00e3o seja cercada de \u00eaxito que o Flamengo conquiste todos os t\u00edtulos e que no ano de 2022, os brasileiros e rubro negros sejam mais felizes e respeitados em seus direitos fundamentais.<\/p>\n<\/div>\n<footer>\n<div class=\"td-post-source-tags\">\n<p>Retirado de: Di\u00e1rio do Fla<\/p>\n<\/div>\n<\/footer>\n","protected":false},"excerpt":{"rendered":"<p>A indica\u00e7\u00e3o de Rodolfo Landim para cargo na Petrobr\u00e1s segue dando o que falar nos bastidores Rubro-Negro. Nesse sentindo, o grupo pol\u00edtico \u201cFla Tradi\u00e7\u00e3o &amp; Juventude\u201d emitiu um requerimento solicitando que o presidente do Flamengo n\u00e3o\u00a0assuma a presid\u00eancia do Conselho de Administra\u00e7\u00e3o da empresa nacional. A a\u00e7\u00e3o ocorreu atrav\u00e9s de uma carta assinado por Siro [&hellip;]<\/p>\n","protected":false},"author":1,"featured_media":15077,"comment_status":"open","ping_status":"closed","sticky":false,"template":"","format":"standard","meta":{"footnotes":""},"categories":[1],"tags":[],"class_list":["post-77908","post","type-post","status-publish","format-standard","has-post-thumbnail","hentry","category-flamengo"],"yoast_head":"<!-- This site is optimized with the Yoast SEO Premium plugin v24.2 (Yoast SEO v26.9) - https:\/\/yoast.com\/product\/yoast-seo-premium-wordpress\/ -->\n<title>Grupo pol\u00edtico do Flamengo pede para que Landim recuse cargo na Petrobras<\/title>\n<meta name=\"robots\" content=\"index, follow, max-snippet:-1, max-image-preview:large, max-video-preview:-1\" \/>\n<link rel=\"canonical\" href=\"https:\/\/www.gaveanews.com\/index.php\/2022\/03\/07\/grupo-politico-do-flamengo-pede-para-que-landim-recuse-cargo-na-petrobras\/\" \/>\n<meta property=\"og:locale\" content=\"pt_BR\" \/>\n<meta property=\"og:type\" content=\"article\" \/>\n<meta property=\"og:title\" content=\"Grupo pol\u00edtico do Flamengo pede para que Landim recuse cargo na Petrobras\" \/>\n<meta property=\"og:description\" content=\"A indica\u00e7\u00e3o de Rodolfo Landim para cargo na Petrobr\u00e1s segue dando o que falar nos bastidores Rubro-Negro. Nesse sentindo, o grupo pol\u00edtico \u201cFla Tradi\u00e7\u00e3o &amp; Juventude\u201d emitiu um requerimento solicitando que o presidente do Flamengo n\u00e3o\u00a0assuma a presid\u00eancia do Conselho de Administra\u00e7\u00e3o da empresa nacional. A a\u00e7\u00e3o ocorreu atrav\u00e9s de uma carta assinado por Siro [&hellip;]\" \/>\n<meta property=\"og:url\" content=\"https:\/\/www.gaveanews.com\/index.php\/2022\/03\/07\/grupo-politico-do-flamengo-pede-para-que-landim-recuse-cargo-na-petrobras\/\" \/>\n<meta property=\"og:site_name\" content=\"G\u00e1vea News\" \/>\n<meta property=\"article:publisher\" content=\"https:\/\/facebook.com\/gaveaNews\/\" \/>\n<meta property=\"article:published_time\" content=\"2022-03-07T22:00:58+00:00\" \/>\n<meta property=\"og:image\" content=\"https:\/\/www.gaveanews.com\/wp-content\/uploads\/2019\/03\/Rodolfo-Landim-durante-entrevista-coletiva-na-Gavea.webp\" \/>\n\t<meta property=\"og:image:width\" content=\"1\" \/>\n\t<meta property=\"og:image:height\" content=\"1\" \/>\n\t<meta property=\"og:image:type\" content=\"image\/jpeg\" \/>\n<meta name=\"author\" content=\"Equipe G\u00e1vea News\" \/>\n<meta name=\"twitter:card\" content=\"summary_large_image\" \/>\n<meta name=\"twitter:label1\" content=\"Escrito por\" \/>\n\t<meta name=\"twitter:data1\" content=\"Equipe G\u00e1vea News\" \/>\n\t<meta name=\"twitter:label2\" content=\"Est. tempo de leitura\" \/>\n\t<meta name=\"twitter:data2\" content=\"5 minutos\" \/>\n<script type=\"application\/ld+json\" class=\"yoast-schema-graph\">{\"@context\":\"https:\/\/schema.org\",\"@graph\":[{\"@type\":\"NewsArticle\",\"@id\":\"https:\/\/www.gaveanews.com\/index.php\/2022\/03\/07\/grupo-politico-do-flamengo-pede-para-que-landim-recuse-cargo-na-petrobras\/#article\",\"isPartOf\":{\"@id\":\"https:\/\/www.gaveanews.com\/index.php\/2022\/03\/07\/grupo-politico-do-flamengo-pede-para-que-landim-recuse-cargo-na-petrobras\/\"},\"author\":{\"name\":\"Equipe G\u00e1vea News\",\"@id\":\"https:\/\/www.gaveanews.com\/#\/schema\/person\/2ec14f73fb96be2caf28f91afb14749d\"},\"headline\":\"Grupo pol\u00edtico do Flamengo pede para que Landim recuse cargo na Petrobras\",\"datePublished\":\"2022-03-07T22:00:58+00:00\",\"mainEntityOfPage\":{\"@id\":\"https:\/\/www.gaveanews.com\/index.php\/2022\/03\/07\/grupo-politico-do-flamengo-pede-para-que-landim-recuse-cargo-na-petrobras\/\"},\"wordCount\":816,\"commentCount\":9,\"image\":{\"@id\":\"https:\/\/www.gaveanews.com\/index.php\/2022\/03\/07\/grupo-politico-do-flamengo-pede-para-que-landim-recuse-cargo-na-petrobras\/#primaryimage\"},\"thumbnailUrl\":\"https:\/\/www.gaveanews.com\/wp-content\/uploads\/2019\/03\/Rodolfo-Landim-durante-entrevista-coletiva-na-Gavea.webp\",\"articleSection\":[\"Flamengo\"],\"inLanguage\":\"pt-BR\",\"potentialAction\":[{\"@type\":\"CommentAction\",\"name\":\"Comment\",\"target\":[\"https:\/\/www.gaveanews.com\/index.php\/2022\/03\/07\/grupo-politico-do-flamengo-pede-para-que-landim-recuse-cargo-na-petrobras\/#respond\"]}],\"copyrightYear\":\"2022\",\"copyrightHolder\":{\"@id\":\"https:\/\/www.gaveanews.com\/#organization\"}},{\"@type\":\"WebPage\",\"@id\":\"https:\/\/www.gaveanews.com\/index.php\/2022\/03\/07\/grupo-politico-do-flamengo-pede-para-que-landim-recuse-cargo-na-petrobras\/\",\"url\":\"https:\/\/www.gaveanews.com\/index.php\/2022\/03\/07\/grupo-politico-do-flamengo-pede-para-que-landim-recuse-cargo-na-petrobras\/\",\"name\":\"Grupo pol\u00edtico do Flamengo pede para que Landim recuse cargo na Petrobras\",\"isPartOf\":{\"@id\":\"https:\/\/www.gaveanews.com\/#website\"},\"primaryImageOfPage\":{\"@id\":\"https:\/\/www.gaveanews.com\/index.php\/2022\/03\/07\/grupo-politico-do-flamengo-pede-para-que-landim-recuse-cargo-na-petrobras\/#primaryimage\"},\"image\":{\"@id\":\"https:\/\/www.gaveanews.com\/index.php\/2022\/03\/07\/grupo-politico-do-flamengo-pede-para-que-landim-recuse-cargo-na-petrobras\/#primaryimage\"},\"thumbnailUrl\":\"https:\/\/www.gaveanews.com\/wp-content\/uploads\/2019\/03\/Rodolfo-Landim-durante-entrevista-coletiva-na-Gavea.webp\",\"datePublished\":\"2022-03-07T22:00:58+00:00\",\"author\":{\"@id\":\"https:\/\/www.gaveanews.com\/#\/schema\/person\/2ec14f73fb96be2caf28f91afb14749d\"},\"breadcrumb\":{\"@id\":\"https:\/\/www.gaveanews.com\/index.php\/2022\/03\/07\/grupo-politico-do-flamengo-pede-para-que-landim-recuse-cargo-na-petrobras\/#breadcrumb\"},\"inLanguage\":\"pt-BR\",\"potentialAction\":[{\"@type\":\"ReadAction\",\"target\":[\"https:\/\/www.gaveanews.com\/index.php\/2022\/03\/07\/grupo-politico-do-flamengo-pede-para-que-landim-recuse-cargo-na-petrobras\/\"]}]},{\"@type\":\"ImageObject\",\"inLanguage\":\"pt-BR\",\"@id\":\"https:\/\/www.gaveanews.com\/index.php\/2022\/03\/07\/grupo-politico-do-flamengo-pede-para-que-landim-recuse-cargo-na-petrobras\/#primaryimage\",\"url\":\"https:\/\/www.gaveanews.com\/wp-content\/uploads\/2019\/03\/Rodolfo-Landim-durante-entrevista-coletiva-na-Gavea.webp\",\"contentUrl\":\"https:\/\/www.gaveanews.com\/wp-content\/uploads\/2019\/03\/Rodolfo-Landim-durante-entrevista-coletiva-na-Gavea.webp\",\"width\":900,\"height\":599,\"caption\":\"Rodolfo Landim durante entrevista coletiva na G\u00e1vea (Foto: Ag\u00eancia Foto BR)\"},{\"@type\":\"BreadcrumbList\",\"@id\":\"https:\/\/www.gaveanews.com\/index.php\/2022\/03\/07\/grupo-politico-do-flamengo-pede-para-que-landim-recuse-cargo-na-petrobras\/#breadcrumb\",\"itemListElement\":[{\"@type\":\"ListItem\",\"position\":1,\"name\":\"Home\",\"item\":\"https:\/\/www.gaveanews.com\/\"},{\"@type\":\"ListItem\",\"position\":2,\"name\":\"Grupo pol\u00edtico do Flamengo pede para que Landim recuse cargo na Petrobras\"}]},{\"@type\":\"WebSite\",\"@id\":\"https:\/\/www.gaveanews.com\/#website\",\"url\":\"https:\/\/www.gaveanews.com\/\",\"name\":\"G\u00e1vea News\",\"description\":\"Veja todas as not\u00edcias sobre o Flamengo: Contrata\u00e7\u00f5es, categorias de base, resultados das partidas, tabela de classifica\u00e7\u00e3o, pr\u00f3ximos jogos!\",\"potentialAction\":[{\"@type\":\"SearchAction\",\"target\":{\"@type\":\"EntryPoint\",\"urlTemplate\":\"https:\/\/www.gaveanews.com\/?s={search_term_string}\"},\"query-input\":{\"@type\":\"PropertyValueSpecification\",\"valueRequired\":true,\"valueName\":\"search_term_string\"}}],\"inLanguage\":\"pt-BR\"},{\"@type\":\"Person\",\"@id\":\"https:\/\/www.gaveanews.com\/#\/schema\/person\/2ec14f73fb96be2caf28f91afb14749d\",\"name\":\"Equipe G\u00e1vea News\",\"image\":{\"@type\":\"ImageObject\",\"inLanguage\":\"pt-BR\",\"@id\":\"https:\/\/www.gaveanews.com\/#\/schema\/person\/image\/\",\"url\":\"https:\/\/secure.gravatar.com\/avatar\/1e1956f1facbffd3f8fa53a326721950116b3b9dc9bd44939c01180fd4a745a9?s=96&d=mm&r=g\",\"contentUrl\":\"https:\/\/secure.gravatar.com\/avatar\/1e1956f1facbffd3f8fa53a326721950116b3b9dc9bd44939c01180fd4a745a9?s=96&d=mm&r=g\",\"caption\":\"Equipe G\u00e1vea News\"}}]}<\/script>\n<!-- \/ Yoast SEO Premium plugin. -->","yoast_head_json":{"title":"Grupo pol\u00edtico do Flamengo pede para que Landim recuse cargo na Petrobras","robots":{"index":"index","follow":"follow","max-snippet":"max-snippet:-1","max-image-preview":"max-image-preview:large","max-video-preview":"max-video-preview:-1"},"canonical":"https:\/\/www.gaveanews.com\/index.php\/2022\/03\/07\/grupo-politico-do-flamengo-pede-para-que-landim-recuse-cargo-na-petrobras\/","og_locale":"pt_BR","og_type":"article","og_title":"Grupo pol\u00edtico do Flamengo pede para que Landim recuse cargo na Petrobras","og_description":"A indica\u00e7\u00e3o de Rodolfo Landim para cargo na Petrobr\u00e1s segue dando o que falar nos bastidores Rubro-Negro. Nesse sentindo, o grupo pol\u00edtico \u201cFla Tradi\u00e7\u00e3o &amp; Juventude\u201d emitiu um requerimento solicitando que o presidente do Flamengo n\u00e3o\u00a0assuma a presid\u00eancia do Conselho de Administra\u00e7\u00e3o da empresa nacional. A a\u00e7\u00e3o ocorreu atrav\u00e9s de uma carta assinado por Siro [&hellip;]","og_url":"https:\/\/www.gaveanews.com\/index.php\/2022\/03\/07\/grupo-politico-do-flamengo-pede-para-que-landim-recuse-cargo-na-petrobras\/","og_site_name":"G\u00e1vea News","article_publisher":"https:\/\/facebook.com\/gaveaNews\/","article_published_time":"2022-03-07T22:00:58+00:00","og_image":[{"url":"https:\/\/www.gaveanews.com\/wp-content\/uploads\/2019\/03\/Rodolfo-Landim-durante-entrevista-coletiva-na-Gavea.webp","width":1,"height":1,"type":"image\/jpeg"}],"author":"Equipe G\u00e1vea News","twitter_card":"summary_large_image","twitter_misc":{"Escrito por":"Equipe G\u00e1vea News","Est. tempo de leitura":"5 minutos"},"schema":{"@context":"https:\/\/schema.org","@graph":[{"@type":"NewsArticle","@id":"https:\/\/www.gaveanews.com\/index.php\/2022\/03\/07\/grupo-politico-do-flamengo-pede-para-que-landim-recuse-cargo-na-petrobras\/#article","isPartOf":{"@id":"https:\/\/www.gaveanews.com\/index.php\/2022\/03\/07\/grupo-politico-do-flamengo-pede-para-que-landim-recuse-cargo-na-petrobras\/"},"author":{"name":"Equipe G\u00e1vea News","@id":"https:\/\/www.gaveanews.com\/#\/schema\/person\/2ec14f73fb96be2caf28f91afb14749d"},"headline":"Grupo pol\u00edtico do Flamengo pede para que Landim recuse cargo na Petrobras","datePublished":"2022-03-07T22:00:58+00:00","mainEntityOfPage":{"@id":"https:\/\/www.gaveanews.com\/index.php\/2022\/03\/07\/grupo-politico-do-flamengo-pede-para-que-landim-recuse-cargo-na-petrobras\/"},"wordCount":816,"commentCount":9,"image":{"@id":"https:\/\/www.gaveanews.com\/index.php\/2022\/03\/07\/grupo-politico-do-flamengo-pede-para-que-landim-recuse-cargo-na-petrobras\/#primaryimage"},"thumbnailUrl":"https:\/\/www.gaveanews.com\/wp-content\/uploads\/2019\/03\/Rodolfo-Landim-durante-entrevista-coletiva-na-Gavea.webp","articleSection":["Flamengo"],"inLanguage":"pt-BR","potentialAction":[{"@type":"CommentAction","name":"Comment","target":["https:\/\/www.gaveanews.com\/index.php\/2022\/03\/07\/grupo-politico-do-flamengo-pede-para-que-landim-recuse-cargo-na-petrobras\/#respond"]}],"copyrightYear":"2022","copyrightHolder":{"@id":"https:\/\/www.gaveanews.com\/#organization"}},{"@type":"WebPage","@id":"https:\/\/www.gaveanews.com\/index.php\/2022\/03\/07\/grupo-politico-do-flamengo-pede-para-que-landim-recuse-cargo-na-petrobras\/","url":"https:\/\/www.gaveanews.com\/index.php\/2022\/03\/07\/grupo-politico-do-flamengo-pede-para-que-landim-recuse-cargo-na-petrobras\/","name":"Grupo pol\u00edtico do Flamengo pede para que Landim recuse cargo na Petrobras","isPartOf":{"@id":"https:\/\/www.gaveanews.com\/#website"},"primaryImageOfPage":{"@id":"https:\/\/www.gaveanews.com\/index.php\/2022\/03\/07\/grupo-politico-do-flamengo-pede-para-que-landim-recuse-cargo-na-petrobras\/#primaryimage"},"image":{"@id":"https:\/\/www.gaveanews.com\/index.php\/2022\/03\/07\/grupo-politico-do-flamengo-pede-para-que-landim-recuse-cargo-na-petrobras\/#primaryimage"},"thumbnailUrl":"https:\/\/www.gaveanews.com\/wp-content\/uploads\/2019\/03\/Rodolfo-Landim-durante-entrevista-coletiva-na-Gavea.webp","datePublished":"2022-03-07T22:00:58+00:00","author":{"@id":"https:\/\/www.gaveanews.com\/#\/schema\/person\/2ec14f73fb96be2caf28f91afb14749d"},"breadcrumb":{"@id":"https:\/\/www.gaveanews.com\/index.php\/2022\/03\/07\/grupo-politico-do-flamengo-pede-para-que-landim-recuse-cargo-na-petrobras\/#breadcrumb"},"inLanguage":"pt-BR","potentialAction":[{"@type":"ReadAction","target":["https:\/\/www.gaveanews.com\/index.php\/2022\/03\/07\/grupo-politico-do-flamengo-pede-para-que-landim-recuse-cargo-na-petrobras\/"]}]},{"@type":"ImageObject","inLanguage":"pt-BR","@id":"https:\/\/www.gaveanews.com\/index.php\/2022\/03\/07\/grupo-politico-do-flamengo-pede-para-que-landim-recuse-cargo-na-petrobras\/#primaryimage","url":"https:\/\/www.gaveanews.com\/wp-content\/uploads\/2019\/03\/Rodolfo-Landim-durante-entrevista-coletiva-na-Gavea.webp","contentUrl":"https:\/\/www.gaveanews.com\/wp-content\/uploads\/2019\/03\/Rodolfo-Landim-durante-entrevista-coletiva-na-Gavea.webp","width":900,"height":599,"caption":"Rodolfo Landim durante entrevista coletiva na G\u00e1vea (Foto: Ag\u00eancia Foto BR)"},{"@type":"BreadcrumbList","@id":"https:\/\/www.gaveanews.com\/index.php\/2022\/03\/07\/grupo-politico-do-flamengo-pede-para-que-landim-recuse-cargo-na-petrobras\/#breadcrumb","itemListElement":[{"@type":"ListItem","position":1,"name":"Home","item":"https:\/\/www.gaveanews.com\/"},{"@type":"ListItem","position":2,"name":"Grupo pol\u00edtico do Flamengo pede para que Landim recuse cargo na Petrobras"}]},{"@type":"WebSite","@id":"https:\/\/www.gaveanews.com\/#website","url":"https:\/\/www.gaveanews.com\/","name":"G\u00e1vea News","description":"Veja todas as not\u00edcias sobre o Flamengo: Contrata\u00e7\u00f5es, categorias de base, resultados das partidas, tabela de classifica\u00e7\u00e3o, pr\u00f3ximos jogos!","potentialAction":[{"@type":"SearchAction","target":{"@type":"EntryPoint","urlTemplate":"https:\/\/www.gaveanews.com\/?s={search_term_string}"},"query-input":{"@type":"PropertyValueSpecification","valueRequired":true,"valueName":"search_term_string"}}],"inLanguage":"pt-BR"},{"@type":"Person","@id":"https:\/\/www.gaveanews.com\/#\/schema\/person\/2ec14f73fb96be2caf28f91afb14749d","name":"Equipe G\u00e1vea News","image":{"@type":"ImageObject","inLanguage":"pt-BR","@id":"https:\/\/www.gaveanews.com\/#\/schema\/person\/image\/","url":"https:\/\/secure.gravatar.com\/avatar\/1e1956f1facbffd3f8fa53a326721950116b3b9dc9bd44939c01180fd4a745a9?s=96&d=mm&r=g","contentUrl":"https:\/\/secure.gravatar.com\/avatar\/1e1956f1facbffd3f8fa53a326721950116b3b9dc9bd44939c01180fd4a745a9?s=96&d=mm&r=g","caption":"Equipe G\u00e1vea News"}}]}},"_links":{"self":[{"href":"https:\/\/www.gaveanews.com\/index.php\/wp-json\/wp\/v2\/posts\/77908","targetHints":{"allow":["GET"]}}],"collection":[{"href":"https:\/\/www.gaveanews.com\/index.php\/wp-json\/wp\/v2\/posts"}],"about":[{"href":"https:\/\/www.gaveanews.com\/index.php\/wp-json\/wp\/v2\/types\/post"}],"author":[{"embeddable":true,"href":"https:\/\/www.gaveanews.com\/index.php\/wp-json\/wp\/v2\/users\/1"}],"replies":[{"embeddable":true,"href":"https:\/\/www.gaveanews.com\/index.php\/wp-json\/wp\/v2\/comments?post=77908"}],"version-history":[{"count":0,"href":"https:\/\/www.gaveanews.com\/index.php\/wp-json\/wp\/v2\/posts\/77908\/revisions"}],"wp:featuredmedia":[{"embeddable":true,"href":"https:\/\/www.gaveanews.com\/index.php\/wp-json\/wp\/v2\/media\/15077"}],"wp:attachment":[{"href":"https:\/\/www.gaveanews.com\/index.php\/wp-json\/wp\/v2\/media?parent=77908"}],"wp:term":[{"taxonomy":"category","embeddable":true,"href":"https:\/\/www.gaveanews.com\/index.php\/wp-json\/wp\/v2\/categories?post=77908"},{"taxonomy":"post_tag","embeddable":true,"href":"https:\/\/www.gaveanews.com\/index.php\/wp-json\/wp\/v2\/tags?post=77908"}],"curies":[{"name":"wp","href":"https:\/\/api.w.org\/{rel}","templated":true}]}}