{"id":77913,"date":"2022-03-07T22:17:07","date_gmt":"2022-03-08T01:17:07","guid":{"rendered":"https:\/\/www.gaveanews.com\/?p=77913"},"modified":"2022-03-07T22:17:07","modified_gmt":"2022-03-08T01:17:07","slug":"fifa-abre-janela-de-transferencias-temporaria","status":"publish","type":"post","link":"https:\/\/www.gaveanews.com\/index.php\/2022\/03\/07\/fifa-abre-janela-de-transferencias-temporaria\/","title":{"rendered":"Fifa abre janela de transfer\u00eancias tempor\u00e1ria"},"content":{"rendered":"<p>Ap\u00f3s a crise humanit\u00e1ria causada pela opera\u00e7\u00e3o militar da R\u00fassia na Ucr\u00e2nia, a Fifa ir\u00e1 abrir uma janela de transfer\u00eancias tempor\u00e1ria para os clubes e jogadores afetados pelo conflito. Segundo a nota publicada pela entidade, para proteger a integridade das competi\u00e7\u00f5es e dos atletas, uma nova janela ser\u00e1 aberta at\u00e9 o dia 7 de abril, e cada clube ter\u00e1 o direito de registrar apenas dois jogadores que se enquadram nestes termos.<\/p>\n<p>Al\u00e9m disso, a Fifa tamb\u00e9m confirmou que todos os jogadores e treinadores que atuavam na Ucr\u00e2nia tiveram seus contratos suspensos at\u00e9 o fim da temporada no pa\u00eds, que ocorre no dia 30 de junho. Enquanto aos empregados dos clubes russos, caso os atletas e os t\u00e9cnicos n\u00e3o entrem em consenso com seus respectivos times at\u00e9 o dia 10 de mar\u00e7o, eles possuem o direito de suspender o v\u00ednculo unilateralmente at\u00e9 o fim da temporada na R\u00fassia, que tamb\u00e9m acontece no final de junho.<\/p>\n<p>Os profissionais que tiverem o v\u00ednculo suspenso ser\u00e3o considerados \u201dsem contrato\u201d at\u00e9 a data estipulada e poder\u00e3o assinar com qualquer outro clube sem enfrentar qualquer consequ\u00eancia jur\u00eddica.<\/p>\n<p>Confira alguns pontos da nota publicada pela Fifa:<\/p>\n<ul>\n<li>No que diz respeito \u00e0 situa\u00e7\u00e3o na Ucr\u00e2nia, a fim de proporcionar aos jogadores e treinadores a oportunidade de trabalhar e receber um sal\u00e1rio, e para proteger os clubes ucranianos, a menos que as partes no contrato relevante concordem explicitamente em contr\u00e1rio, todos os contratos de trabalho de jogadores e treinadores estrangeiros com clubes filiado \u00e0 Associa\u00e7\u00e3o Ucraniana de Futebol (UAF) ser\u00e1 considerado automaticamente suspenso at\u00e9 o final da temporada na Ucr\u00e2nia (30 de junho de 2022), sem a necessidade de qualquer a\u00e7\u00e3o das partes nesse sentido.<\/li>\n<li class=\"p-large ff-text-grey-slate\">A fim de facilitar a sa\u00edda de jogadores e treinadores estrangeiros da R\u00fassia, caso os clubes afiliados \u00e0 Uni\u00e3o de Futebol da R\u00fassia (FUR) n\u00e3o cheguem a um acordo m\u00fatuo com seus respectivos jogadores e treinadores estrangeiros antes ou em 10 de mar\u00e7o de 2022 e a menos que acordado de outra forma por escrito, os jogadores e treinadores estrangeiros ter\u00e3o o direito de suspender unilateralmente seus contratos de trabalho com os clubes afiliados \u00e0 FUR em quest\u00e3o at\u00e9 o final da temporada na R\u00fassia (30 de junho de 2022).<\/li>\n<li class=\"p-large ff-text-grey-slate\">A fim de dar flexibilidade aos jogadores cujo registo foi na UAF ou no FUR e que deixaram ou pretendem sair do territ\u00f3rio da Ucr\u00e2nia ou da R\u00fassia em consequ\u00eancia da guerra na Ucr\u00e2nia, os jogadores estrangeiros cujo registo anterior foi a UAF ou a FUR poder\u00e3o inscrever-se mesmo que o per\u00edodo de inscri\u00e7\u00e3o esteja encerrado na associa\u00e7\u00e3o do clube com o qual celebrem um novo contrato. Para que esta exce\u00e7\u00e3o seja aplic\u00e1vel e proteja a integridade das competi\u00e7\u00f5es, o registro no novo clube precisa ocorrer antes ou em 7 de abril de 2022. Para proteger ainda mais a integridade das competi\u00e7\u00f5es, os clubes t\u00eam o direito de registrar no m\u00e1ximo dois jogadores que se beneficiaram da exce\u00e7\u00e3o.<\/li>\n<\/ul>\n<p>Retirado de: Di\u00e1rio do Fla<\/p>\n","protected":false},"excerpt":{"rendered":"<p>Ap\u00f3s a crise humanit\u00e1ria causada pela opera\u00e7\u00e3o militar da R\u00fassia na Ucr\u00e2nia, a Fifa ir\u00e1 abrir uma janela de transfer\u00eancias tempor\u00e1ria para os clubes e jogadores afetados pelo conflito. Segundo a nota publicada pela entidade, para proteger a integridade das competi\u00e7\u00f5es e dos atletas, uma nova janela ser\u00e1 aberta at\u00e9 o dia 7 de abril, [&hellip;]<\/p>\n","protected":false},"author":1,"featured_media":37084,"comment_status":"open","ping_status":"closed","sticky":false,"template":"","format":"standard","meta":{"footnotes":""},"categories":[1],"tags":[],"class_list":["post-77913","post","type-post","status-publish","format-standard","has-post-thumbnail","hentry","category-flamengo"],"yoast_head":"<!-- This site is optimized with the Yoast SEO Premium plugin v24.2 (Yoast SEO v26.9) - https:\/\/yoast.com\/product\/yoast-seo-premium-wordpress\/ -->\n<title>Fifa abre janela de transfer\u00eancias tempor\u00e1ria<\/title>\n<meta name=\"robots\" content=\"index, follow, max-snippet:-1, max-image-preview:large, max-video-preview:-1\" \/>\n<link rel=\"canonical\" href=\"https:\/\/www.gaveanews.com\/index.php\/2022\/03\/07\/fifa-abre-janela-de-transferencias-temporaria\/\" \/>\n<meta property=\"og:locale\" content=\"pt_BR\" \/>\n<meta property=\"og:type\" content=\"article\" \/>\n<meta property=\"og:title\" content=\"Fifa abre janela de transfer\u00eancias tempor\u00e1ria\" \/>\n<meta property=\"og:description\" content=\"Ap\u00f3s a crise humanit\u00e1ria causada pela opera\u00e7\u00e3o militar da R\u00fassia na Ucr\u00e2nia, a Fifa ir\u00e1 abrir uma janela de transfer\u00eancias tempor\u00e1ria para os clubes e jogadores afetados pelo conflito. Segundo a nota publicada pela entidade, para proteger a integridade das competi\u00e7\u00f5es e dos atletas, uma nova janela ser\u00e1 aberta at\u00e9 o dia 7 de abril, [&hellip;]\" \/>\n<meta property=\"og:url\" content=\"https:\/\/www.gaveanews.com\/index.php\/2022\/03\/07\/fifa-abre-janela-de-transferencias-temporaria\/\" \/>\n<meta property=\"og:site_name\" content=\"G\u00e1vea News\" \/>\n<meta property=\"article:publisher\" content=\"https:\/\/facebook.com\/gaveaNews\/\" \/>\n<meta property=\"article:published_time\" content=\"2022-03-08T01:17:07+00:00\" \/>\n<meta property=\"og:image\" content=\"https:\/\/www.gaveanews.com\/wp-content\/uploads\/Logomarca-da-FIFA.webp\" \/>\n\t<meta property=\"og:image:width\" content=\"2000\" \/>\n\t<meta property=\"og:image:height\" content=\"1334\" \/>\n\t<meta property=\"og:image:type\" content=\"image\/png\" \/>\n<meta name=\"author\" content=\"Equipe G\u00e1vea News\" \/>\n<meta name=\"twitter:card\" content=\"summary_large_image\" \/>\n<meta name=\"twitter:label1\" content=\"Escrito por\" \/>\n\t<meta name=\"twitter:data1\" content=\"Equipe G\u00e1vea News\" \/>\n\t<meta name=\"twitter:label2\" content=\"Est. tempo de leitura\" \/>\n\t<meta name=\"twitter:data2\" content=\"3 minutos\" \/>\n<script type=\"application\/ld+json\" class=\"yoast-schema-graph\">{\"@context\":\"https:\/\/schema.org\",\"@graph\":[{\"@type\":\"NewsArticle\",\"@id\":\"https:\/\/www.gaveanews.com\/index.php\/2022\/03\/07\/fifa-abre-janela-de-transferencias-temporaria\/#article\",\"isPartOf\":{\"@id\":\"https:\/\/www.gaveanews.com\/index.php\/2022\/03\/07\/fifa-abre-janela-de-transferencias-temporaria\/\"},\"author\":{\"name\":\"Equipe G\u00e1vea News\",\"@id\":\"https:\/\/www.gaveanews.com\/#\/schema\/person\/2ec14f73fb96be2caf28f91afb14749d\"},\"headline\":\"Fifa abre janela de transfer\u00eancias tempor\u00e1ria\",\"datePublished\":\"2022-03-08T01:17:07+00:00\",\"mainEntityOfPage\":{\"@id\":\"https:\/\/www.gaveanews.com\/index.php\/2022\/03\/07\/fifa-abre-janela-de-transferencias-temporaria\/\"},\"wordCount\":539,\"commentCount\":2,\"image\":{\"@id\":\"https:\/\/www.gaveanews.com\/index.php\/2022\/03\/07\/fifa-abre-janela-de-transferencias-temporaria\/#primaryimage\"},\"thumbnailUrl\":\"https:\/\/www.gaveanews.com\/wp-content\/uploads\/Logomarca-da-FIFA.webp\",\"articleSection\":[\"Flamengo\"],\"inLanguage\":\"pt-BR\",\"potentialAction\":[{\"@type\":\"CommentAction\",\"name\":\"Comment\",\"target\":[\"https:\/\/www.gaveanews.com\/index.php\/2022\/03\/07\/fifa-abre-janela-de-transferencias-temporaria\/#respond\"]}],\"copyrightYear\":\"2022\",\"copyrightHolder\":{\"@id\":\"https:\/\/www.gaveanews.com\/#organization\"}},{\"@type\":\"WebPage\",\"@id\":\"https:\/\/www.gaveanews.com\/index.php\/2022\/03\/07\/fifa-abre-janela-de-transferencias-temporaria\/\",\"url\":\"https:\/\/www.gaveanews.com\/index.php\/2022\/03\/07\/fifa-abre-janela-de-transferencias-temporaria\/\",\"name\":\"Fifa abre janela de transfer\u00eancias tempor\u00e1ria\",\"isPartOf\":{\"@id\":\"https:\/\/www.gaveanews.com\/#website\"},\"primaryImageOfPage\":{\"@id\":\"https:\/\/www.gaveanews.com\/index.php\/2022\/03\/07\/fifa-abre-janela-de-transferencias-temporaria\/#primaryimage\"},\"image\":{\"@id\":\"https:\/\/www.gaveanews.com\/index.php\/2022\/03\/07\/fifa-abre-janela-de-transferencias-temporaria\/#primaryimage\"},\"thumbnailUrl\":\"https:\/\/www.gaveanews.com\/wp-content\/uploads\/Logomarca-da-FIFA.webp\",\"datePublished\":\"2022-03-08T01:17:07+00:00\",\"author\":{\"@id\":\"https:\/\/www.gaveanews.com\/#\/schema\/person\/2ec14f73fb96be2caf28f91afb14749d\"},\"breadcrumb\":{\"@id\":\"https:\/\/www.gaveanews.com\/index.php\/2022\/03\/07\/fifa-abre-janela-de-transferencias-temporaria\/#breadcrumb\"},\"inLanguage\":\"pt-BR\",\"potentialAction\":[{\"@type\":\"ReadAction\",\"target\":[\"https:\/\/www.gaveanews.com\/index.php\/2022\/03\/07\/fifa-abre-janela-de-transferencias-temporaria\/\"]}]},{\"@type\":\"ImageObject\",\"inLanguage\":\"pt-BR\",\"@id\":\"https:\/\/www.gaveanews.com\/index.php\/2022\/03\/07\/fifa-abre-janela-de-transferencias-temporaria\/#primaryimage\",\"url\":\"https:\/\/www.gaveanews.com\/wp-content\/uploads\/Logomarca-da-FIFA.webp\",\"contentUrl\":\"https:\/\/www.gaveanews.com\/wp-content\/uploads\/Logomarca-da-FIFA.webp\",\"width\":2000,\"height\":1334},{\"@type\":\"BreadcrumbList\",\"@id\":\"https:\/\/www.gaveanews.com\/index.php\/2022\/03\/07\/fifa-abre-janela-de-transferencias-temporaria\/#breadcrumb\",\"itemListElement\":[{\"@type\":\"ListItem\",\"position\":1,\"name\":\"Home\",\"item\":\"https:\/\/www.gaveanews.com\/\"},{\"@type\":\"ListItem\",\"position\":2,\"name\":\"Fifa abre janela de transfer\u00eancias tempor\u00e1ria\"}]},{\"@type\":\"WebSite\",\"@id\":\"https:\/\/www.gaveanews.com\/#website\",\"url\":\"https:\/\/www.gaveanews.com\/\",\"name\":\"G\u00e1vea News\",\"description\":\"Veja todas as not\u00edcias sobre o Flamengo: Contrata\u00e7\u00f5es, categorias de base, resultados das partidas, tabela de classifica\u00e7\u00e3o, pr\u00f3ximos jogos!\",\"potentialAction\":[{\"@type\":\"SearchAction\",\"target\":{\"@type\":\"EntryPoint\",\"urlTemplate\":\"https:\/\/www.gaveanews.com\/?s={search_term_string}\"},\"query-input\":{\"@type\":\"PropertyValueSpecification\",\"valueRequired\":true,\"valueName\":\"search_term_string\"}}],\"inLanguage\":\"pt-BR\"},{\"@type\":\"Person\",\"@id\":\"https:\/\/www.gaveanews.com\/#\/schema\/person\/2ec14f73fb96be2caf28f91afb14749d\",\"name\":\"Equipe G\u00e1vea News\",\"image\":{\"@type\":\"ImageObject\",\"inLanguage\":\"pt-BR\",\"@id\":\"https:\/\/www.gaveanews.com\/#\/schema\/person\/image\/\",\"url\":\"https:\/\/secure.gravatar.com\/avatar\/1e1956f1facbffd3f8fa53a326721950116b3b9dc9bd44939c01180fd4a745a9?s=96&d=mm&r=g\",\"contentUrl\":\"https:\/\/secure.gravatar.com\/avatar\/1e1956f1facbffd3f8fa53a326721950116b3b9dc9bd44939c01180fd4a745a9?s=96&d=mm&r=g\",\"caption\":\"Equipe G\u00e1vea News\"}}]}<\/script>\n<!-- \/ Yoast SEO Premium plugin. -->","yoast_head_json":{"title":"Fifa abre janela de transfer\u00eancias tempor\u00e1ria","robots":{"index":"index","follow":"follow","max-snippet":"max-snippet:-1","max-image-preview":"max-image-preview:large","max-video-preview":"max-video-preview:-1"},"canonical":"https:\/\/www.gaveanews.com\/index.php\/2022\/03\/07\/fifa-abre-janela-de-transferencias-temporaria\/","og_locale":"pt_BR","og_type":"article","og_title":"Fifa abre janela de transfer\u00eancias tempor\u00e1ria","og_description":"Ap\u00f3s a crise humanit\u00e1ria causada pela opera\u00e7\u00e3o militar da R\u00fassia na Ucr\u00e2nia, a Fifa ir\u00e1 abrir uma janela de transfer\u00eancias tempor\u00e1ria para os clubes e jogadores afetados pelo conflito. Segundo a nota publicada pela entidade, para proteger a integridade das competi\u00e7\u00f5es e dos atletas, uma nova janela ser\u00e1 aberta at\u00e9 o dia 7 de abril, [&hellip;]","og_url":"https:\/\/www.gaveanews.com\/index.php\/2022\/03\/07\/fifa-abre-janela-de-transferencias-temporaria\/","og_site_name":"G\u00e1vea News","article_publisher":"https:\/\/facebook.com\/gaveaNews\/","article_published_time":"2022-03-08T01:17:07+00:00","og_image":[{"width":2000,"height":1334,"url":"https:\/\/www.gaveanews.com\/wp-content\/uploads\/Logomarca-da-FIFA.webp","type":"image\/png"}],"author":"Equipe G\u00e1vea News","twitter_card":"summary_large_image","twitter_misc":{"Escrito por":"Equipe G\u00e1vea News","Est. tempo de leitura":"3 minutos"},"schema":{"@context":"https:\/\/schema.org","@graph":[{"@type":"NewsArticle","@id":"https:\/\/www.gaveanews.com\/index.php\/2022\/03\/07\/fifa-abre-janela-de-transferencias-temporaria\/#article","isPartOf":{"@id":"https:\/\/www.gaveanews.com\/index.php\/2022\/03\/07\/fifa-abre-janela-de-transferencias-temporaria\/"},"author":{"name":"Equipe G\u00e1vea News","@id":"https:\/\/www.gaveanews.com\/#\/schema\/person\/2ec14f73fb96be2caf28f91afb14749d"},"headline":"Fifa abre janela de transfer\u00eancias tempor\u00e1ria","datePublished":"2022-03-08T01:17:07+00:00","mainEntityOfPage":{"@id":"https:\/\/www.gaveanews.com\/index.php\/2022\/03\/07\/fifa-abre-janela-de-transferencias-temporaria\/"},"wordCount":539,"commentCount":2,"image":{"@id":"https:\/\/www.gaveanews.com\/index.php\/2022\/03\/07\/fifa-abre-janela-de-transferencias-temporaria\/#primaryimage"},"thumbnailUrl":"https:\/\/www.gaveanews.com\/wp-content\/uploads\/Logomarca-da-FIFA.webp","articleSection":["Flamengo"],"inLanguage":"pt-BR","potentialAction":[{"@type":"CommentAction","name":"Comment","target":["https:\/\/www.gaveanews.com\/index.php\/2022\/03\/07\/fifa-abre-janela-de-transferencias-temporaria\/#respond"]}],"copyrightYear":"2022","copyrightHolder":{"@id":"https:\/\/www.gaveanews.com\/#organization"}},{"@type":"WebPage","@id":"https:\/\/www.gaveanews.com\/index.php\/2022\/03\/07\/fifa-abre-janela-de-transferencias-temporaria\/","url":"https:\/\/www.gaveanews.com\/index.php\/2022\/03\/07\/fifa-abre-janela-de-transferencias-temporaria\/","name":"Fifa abre janela de transfer\u00eancias tempor\u00e1ria","isPartOf":{"@id":"https:\/\/www.gaveanews.com\/#website"},"primaryImageOfPage":{"@id":"https:\/\/www.gaveanews.com\/index.php\/2022\/03\/07\/fifa-abre-janela-de-transferencias-temporaria\/#primaryimage"},"image":{"@id":"https:\/\/www.gaveanews.com\/index.php\/2022\/03\/07\/fifa-abre-janela-de-transferencias-temporaria\/#primaryimage"},"thumbnailUrl":"https:\/\/www.gaveanews.com\/wp-content\/uploads\/Logomarca-da-FIFA.webp","datePublished":"2022-03-08T01:17:07+00:00","author":{"@id":"https:\/\/www.gaveanews.com\/#\/schema\/person\/2ec14f73fb96be2caf28f91afb14749d"},"breadcrumb":{"@id":"https:\/\/www.gaveanews.com\/index.php\/2022\/03\/07\/fifa-abre-janela-de-transferencias-temporaria\/#breadcrumb"},"inLanguage":"pt-BR","potentialAction":[{"@type":"ReadAction","target":["https:\/\/www.gaveanews.com\/index.php\/2022\/03\/07\/fifa-abre-janela-de-transferencias-temporaria\/"]}]},{"@type":"ImageObject","inLanguage":"pt-BR","@id":"https:\/\/www.gaveanews.com\/index.php\/2022\/03\/07\/fifa-abre-janela-de-transferencias-temporaria\/#primaryimage","url":"https:\/\/www.gaveanews.com\/wp-content\/uploads\/Logomarca-da-FIFA.webp","contentUrl":"https:\/\/www.gaveanews.com\/wp-content\/uploads\/Logomarca-da-FIFA.webp","width":2000,"height":1334},{"@type":"BreadcrumbList","@id":"https:\/\/www.gaveanews.com\/index.php\/2022\/03\/07\/fifa-abre-janela-de-transferencias-temporaria\/#breadcrumb","itemListElement":[{"@type":"ListItem","position":1,"name":"Home","item":"https:\/\/www.gaveanews.com\/"},{"@type":"ListItem","position":2,"name":"Fifa abre janela de transfer\u00eancias tempor\u00e1ria"}]},{"@type":"WebSite","@id":"https:\/\/www.gaveanews.com\/#website","url":"https:\/\/www.gaveanews.com\/","name":"G\u00e1vea News","description":"Veja todas as not\u00edcias sobre o Flamengo: Contrata\u00e7\u00f5es, categorias de base, resultados das partidas, tabela de classifica\u00e7\u00e3o, pr\u00f3ximos jogos!","potentialAction":[{"@type":"SearchAction","target":{"@type":"EntryPoint","urlTemplate":"https:\/\/www.gaveanews.com\/?s={search_term_string}"},"query-input":{"@type":"PropertyValueSpecification","valueRequired":true,"valueName":"search_term_string"}}],"inLanguage":"pt-BR"},{"@type":"Person","@id":"https:\/\/www.gaveanews.com\/#\/schema\/person\/2ec14f73fb96be2caf28f91afb14749d","name":"Equipe G\u00e1vea News","image":{"@type":"ImageObject","inLanguage":"pt-BR","@id":"https:\/\/www.gaveanews.com\/#\/schema\/person\/image\/","url":"https:\/\/secure.gravatar.com\/avatar\/1e1956f1facbffd3f8fa53a326721950116b3b9dc9bd44939c01180fd4a745a9?s=96&d=mm&r=g","contentUrl":"https:\/\/secure.gravatar.com\/avatar\/1e1956f1facbffd3f8fa53a326721950116b3b9dc9bd44939c01180fd4a745a9?s=96&d=mm&r=g","caption":"Equipe G\u00e1vea News"}}]}},"_links":{"self":[{"href":"https:\/\/www.gaveanews.com\/index.php\/wp-json\/wp\/v2\/posts\/77913","targetHints":{"allow":["GET"]}}],"collection":[{"href":"https:\/\/www.gaveanews.com\/index.php\/wp-json\/wp\/v2\/posts"}],"about":[{"href":"https:\/\/www.gaveanews.com\/index.php\/wp-json\/wp\/v2\/types\/post"}],"author":[{"embeddable":true,"href":"https:\/\/www.gaveanews.com\/index.php\/wp-json\/wp\/v2\/users\/1"}],"replies":[{"embeddable":true,"href":"https:\/\/www.gaveanews.com\/index.php\/wp-json\/wp\/v2\/comments?post=77913"}],"version-history":[{"count":0,"href":"https:\/\/www.gaveanews.com\/index.php\/wp-json\/wp\/v2\/posts\/77913\/revisions"}],"wp:featuredmedia":[{"embeddable":true,"href":"https:\/\/www.gaveanews.com\/index.php\/wp-json\/wp\/v2\/media\/37084"}],"wp:attachment":[{"href":"https:\/\/www.gaveanews.com\/index.php\/wp-json\/wp\/v2\/media?parent=77913"}],"wp:term":[{"taxonomy":"category","embeddable":true,"href":"https:\/\/www.gaveanews.com\/index.php\/wp-json\/wp\/v2\/categories?post=77913"},{"taxonomy":"post_tag","embeddable":true,"href":"https:\/\/www.gaveanews.com\/index.php\/wp-json\/wp\/v2\/tags?post=77913"}],"curies":[{"name":"wp","href":"https:\/\/api.w.org\/{rel}","templated":true}]}}