{"id":77915,"date":"2022-03-07T22:38:33","date_gmt":"2022-03-08T01:38:33","guid":{"rendered":"https:\/\/www.gaveanews.com\/?p=77915"},"modified":"2022-03-07T22:44:12","modified_gmt":"2022-03-08T01:44:12","slug":"zagueiro-do-flamengo-pode-ser-negociado-com-o-goias","status":"publish","type":"post","link":"https:\/\/www.gaveanews.com\/index.php\/2022\/03\/07\/zagueiro-do-flamengo-pode-ser-negociado-com-o-goias\/","title":{"rendered":"Zagueiro do Flamengo pode ser negociado com o Goi\u00e1s"},"content":{"rendered":"<p>O Goi\u00e1s, que entrou com uma notifica\u00e7\u00e3o extrajudicial cobrando o Flamengo o pagamento de 5% do valor da venda de Michael ao Al Hilal, tamb\u00e9m entrou em contato com o time carioca para tentar a contrata\u00e7\u00e3o de um jogador do atual elenco profissional. Trata-se do jovem zagueiro Gabriel Noga.<\/p>\n<p>O Esmeraldino conversou com o Rubro-Negro para tentar ter o jogador por empr\u00e9stimo, mas o Flamengo, na ocasi\u00e3o, no fim de fevereiro, n\u00e3o quais ceder Noga e disse que conta com o jovem. Por\u00e9m, o Goi\u00e1s, segundo apurou a reportagem, tentar\u00e1 novamente a contrata\u00e7\u00e3o, pois entende que Paulo Sousa n\u00e3o o utiliza.<\/p>\n<p>O Flamengo at\u00e9 v\u00ea com bons olhos um empr\u00e9stimo de Gabriel Noga para que ele possa ganhar rodagem, mas depende dos condi\u00e7\u00f5es oferecidas, como pagamento de sal\u00e1rio integral, garantia de que atuar\u00e1 por um n\u00famero x de partidas na temporada e at\u00e9 mesmo se ter\u00e1 ou n\u00e3o op\u00e7\u00e3o de compra estabelecido em contrato.<\/p>\n<p>Retirado de: O Dia<\/p>\n","protected":false},"excerpt":{"rendered":"<p>O Goi\u00e1s, que entrou com uma notifica\u00e7\u00e3o extrajudicial cobrando o Flamengo o pagamento de 5% do valor da venda de Michael ao Al Hilal, tamb\u00e9m entrou em contato com o time carioca para tentar a contrata\u00e7\u00e3o de um jogador do atual elenco profissional. Trata-se do jovem zagueiro Gabriel Noga. O Esmeraldino conversou com o Rubro-Negro [&hellip;]<\/p>\n","protected":false},"author":1,"featured_media":75583,"comment_status":"open","ping_status":"closed","sticky":false,"template":"","format":"standard","meta":{"footnotes":""},"categories":[1],"tags":[],"class_list":["post-77915","post","type-post","status-publish","format-standard","has-post-thumbnail","hentry","category-flamengo"],"yoast_head":"<!-- This site is optimized with the Yoast SEO Premium plugin v24.2 (Yoast SEO v26.9) - https:\/\/yoast.com\/product\/yoast-seo-premium-wordpress\/ -->\n<title>Zagueiro do Flamengo pode ser negociado com o Goi\u00e1s<\/title>\n<meta name=\"robots\" content=\"index, follow, max-snippet:-1, max-image-preview:large, max-video-preview:-1\" \/>\n<link rel=\"canonical\" href=\"https:\/\/www.gaveanews.com\/index.php\/2022\/03\/07\/zagueiro-do-flamengo-pode-ser-negociado-com-o-goias\/\" \/>\n<meta property=\"og:locale\" content=\"pt_BR\" \/>\n<meta property=\"og:type\" content=\"article\" \/>\n<meta property=\"og:title\" content=\"Zagueiro do Flamengo pode ser negociado com o Goi\u00e1s\" \/>\n<meta property=\"og:description\" content=\"O Goi\u00e1s, que entrou com uma notifica\u00e7\u00e3o extrajudicial cobrando o Flamengo o pagamento de 5% do valor da venda de Michael ao Al Hilal, tamb\u00e9m entrou em contato com o time carioca para tentar a contrata\u00e7\u00e3o de um jogador do atual elenco profissional. Trata-se do jovem zagueiro Gabriel Noga. O Esmeraldino conversou com o Rubro-Negro [&hellip;]\" \/>\n<meta property=\"og:url\" content=\"https:\/\/www.gaveanews.com\/index.php\/2022\/03\/07\/zagueiro-do-flamengo-pode-ser-negociado-com-o-goias\/\" \/>\n<meta property=\"og:site_name\" content=\"G\u00e1vea News\" \/>\n<meta property=\"article:publisher\" content=\"https:\/\/facebook.com\/gaveaNews\/\" \/>\n<meta property=\"article:published_time\" content=\"2022-03-08T01:38:33+00:00\" \/>\n<meta property=\"article:modified_time\" content=\"2022-03-08T01:44:12+00:00\" \/>\n<meta property=\"og:image\" content=\"https:\/\/www.gaveanews.com\/wp-content\/uploads\/Gabriel-Noga-em-acao-pelo-Flamengo-contra-a-Portuguesa-pelo-Cameponato-Carioca-2022.webp\" \/>\n\t<meta property=\"og:image:width\" content=\"799\" \/>\n\t<meta property=\"og:image:height\" content=\"532\" \/>\n\t<meta property=\"og:image:type\" content=\"image\/jpeg\" \/>\n<meta name=\"author\" content=\"Equipe G\u00e1vea News\" \/>\n<meta name=\"twitter:card\" content=\"summary_large_image\" \/>\n<meta name=\"twitter:label1\" content=\"Escrito por\" \/>\n\t<meta name=\"twitter:data1\" content=\"Equipe G\u00e1vea News\" \/>\n\t<meta name=\"twitter:label2\" content=\"Est. tempo de leitura\" \/>\n\t<meta name=\"twitter:data2\" content=\"1 minuto\" \/>\n<script type=\"application\/ld+json\" class=\"yoast-schema-graph\">{\"@context\":\"https:\/\/schema.org\",\"@graph\":[{\"@type\":\"NewsArticle\",\"@id\":\"https:\/\/www.gaveanews.com\/index.php\/2022\/03\/07\/zagueiro-do-flamengo-pode-ser-negociado-com-o-goias\/#article\",\"isPartOf\":{\"@id\":\"https:\/\/www.gaveanews.com\/index.php\/2022\/03\/07\/zagueiro-do-flamengo-pode-ser-negociado-com-o-goias\/\"},\"author\":{\"name\":\"Equipe G\u00e1vea News\",\"@id\":\"https:\/\/www.gaveanews.com\/#\/schema\/person\/2ec14f73fb96be2caf28f91afb14749d\"},\"headline\":\"Zagueiro do Flamengo pode ser negociado com o Goi\u00e1s\",\"datePublished\":\"2022-03-08T01:38:33+00:00\",\"dateModified\":\"2022-03-08T01:44:12+00:00\",\"mainEntityOfPage\":{\"@id\":\"https:\/\/www.gaveanews.com\/index.php\/2022\/03\/07\/zagueiro-do-flamengo-pode-ser-negociado-com-o-goias\/\"},\"wordCount\":184,\"commentCount\":11,\"image\":{\"@id\":\"https:\/\/www.gaveanews.com\/index.php\/2022\/03\/07\/zagueiro-do-flamengo-pode-ser-negociado-com-o-goias\/#primaryimage\"},\"thumbnailUrl\":\"https:\/\/www.gaveanews.com\/wp-content\/uploads\/Gabriel-Noga-em-acao-pelo-Flamengo-contra-a-Portuguesa-pelo-Cameponato-Carioca-2022.webp\",\"articleSection\":[\"Flamengo\"],\"inLanguage\":\"pt-BR\",\"potentialAction\":[{\"@type\":\"CommentAction\",\"name\":\"Comment\",\"target\":[\"https:\/\/www.gaveanews.com\/index.php\/2022\/03\/07\/zagueiro-do-flamengo-pode-ser-negociado-com-o-goias\/#respond\"]}],\"copyrightYear\":\"2022\",\"copyrightHolder\":{\"@id\":\"https:\/\/www.gaveanews.com\/#organization\"}},{\"@type\":\"WebPage\",\"@id\":\"https:\/\/www.gaveanews.com\/index.php\/2022\/03\/07\/zagueiro-do-flamengo-pode-ser-negociado-com-o-goias\/\",\"url\":\"https:\/\/www.gaveanews.com\/index.php\/2022\/03\/07\/zagueiro-do-flamengo-pode-ser-negociado-com-o-goias\/\",\"name\":\"Zagueiro do Flamengo pode ser negociado com o Goi\u00e1s\",\"isPartOf\":{\"@id\":\"https:\/\/www.gaveanews.com\/#website\"},\"primaryImageOfPage\":{\"@id\":\"https:\/\/www.gaveanews.com\/index.php\/2022\/03\/07\/zagueiro-do-flamengo-pode-ser-negociado-com-o-goias\/#primaryimage\"},\"image\":{\"@id\":\"https:\/\/www.gaveanews.com\/index.php\/2022\/03\/07\/zagueiro-do-flamengo-pode-ser-negociado-com-o-goias\/#primaryimage\"},\"thumbnailUrl\":\"https:\/\/www.gaveanews.com\/wp-content\/uploads\/Gabriel-Noga-em-acao-pelo-Flamengo-contra-a-Portuguesa-pelo-Cameponato-Carioca-2022.webp\",\"datePublished\":\"2022-03-08T01:38:33+00:00\",\"dateModified\":\"2022-03-08T01:44:12+00:00\",\"author\":{\"@id\":\"https:\/\/www.gaveanews.com\/#\/schema\/person\/2ec14f73fb96be2caf28f91afb14749d\"},\"breadcrumb\":{\"@id\":\"https:\/\/www.gaveanews.com\/index.php\/2022\/03\/07\/zagueiro-do-flamengo-pode-ser-negociado-com-o-goias\/#breadcrumb\"},\"inLanguage\":\"pt-BR\",\"potentialAction\":[{\"@type\":\"ReadAction\",\"target\":[\"https:\/\/www.gaveanews.com\/index.php\/2022\/03\/07\/zagueiro-do-flamengo-pode-ser-negociado-com-o-goias\/\"]}]},{\"@type\":\"ImageObject\",\"inLanguage\":\"pt-BR\",\"@id\":\"https:\/\/www.gaveanews.com\/index.php\/2022\/03\/07\/zagueiro-do-flamengo-pode-ser-negociado-com-o-goias\/#primaryimage\",\"url\":\"https:\/\/www.gaveanews.com\/wp-content\/uploads\/Gabriel-Noga-em-acao-pelo-Flamengo-contra-a-Portuguesa-pelo-Cameponato-Carioca-2022.webp\",\"contentUrl\":\"https:\/\/www.gaveanews.com\/wp-content\/uploads\/Gabriel-Noga-em-acao-pelo-Flamengo-contra-a-Portuguesa-pelo-Cameponato-Carioca-2022.webp\",\"width\":799,\"height\":532,\"caption\":\"Gabriel Noga em a\u00e7\u00e3o pelo Flamengo contra a Portuguesa pelo Campeonato Carioca 2022 (Foto: Marcelo Cortes\/Flamengo)\"},{\"@type\":\"BreadcrumbList\",\"@id\":\"https:\/\/www.gaveanews.com\/index.php\/2022\/03\/07\/zagueiro-do-flamengo-pode-ser-negociado-com-o-goias\/#breadcrumb\",\"itemListElement\":[{\"@type\":\"ListItem\",\"position\":1,\"name\":\"Home\",\"item\":\"https:\/\/www.gaveanews.com\/\"},{\"@type\":\"ListItem\",\"position\":2,\"name\":\"Zagueiro do Flamengo pode ser negociado com o Goi\u00e1s\"}]},{\"@type\":\"WebSite\",\"@id\":\"https:\/\/www.gaveanews.com\/#website\",\"url\":\"https:\/\/www.gaveanews.com\/\",\"name\":\"G\u00e1vea News\",\"description\":\"Veja todas as not\u00edcias sobre o Flamengo: Contrata\u00e7\u00f5es, categorias de base, resultados das partidas, tabela de classifica\u00e7\u00e3o, pr\u00f3ximos jogos!\",\"potentialAction\":[{\"@type\":\"SearchAction\",\"target\":{\"@type\":\"EntryPoint\",\"urlTemplate\":\"https:\/\/www.gaveanews.com\/?s={search_term_string}\"},\"query-input\":{\"@type\":\"PropertyValueSpecification\",\"valueRequired\":true,\"valueName\":\"search_term_string\"}}],\"inLanguage\":\"pt-BR\"},{\"@type\":\"Person\",\"@id\":\"https:\/\/www.gaveanews.com\/#\/schema\/person\/2ec14f73fb96be2caf28f91afb14749d\",\"name\":\"Equipe G\u00e1vea News\",\"image\":{\"@type\":\"ImageObject\",\"inLanguage\":\"pt-BR\",\"@id\":\"https:\/\/www.gaveanews.com\/#\/schema\/person\/image\/\",\"url\":\"https:\/\/secure.gravatar.com\/avatar\/1e1956f1facbffd3f8fa53a326721950116b3b9dc9bd44939c01180fd4a745a9?s=96&d=mm&r=g\",\"contentUrl\":\"https:\/\/secure.gravatar.com\/avatar\/1e1956f1facbffd3f8fa53a326721950116b3b9dc9bd44939c01180fd4a745a9?s=96&d=mm&r=g\",\"caption\":\"Equipe G\u00e1vea News\"}}]}<\/script>\n<!-- \/ Yoast SEO Premium plugin. -->","yoast_head_json":{"title":"Zagueiro do Flamengo pode ser negociado com o Goi\u00e1s","robots":{"index":"index","follow":"follow","max-snippet":"max-snippet:-1","max-image-preview":"max-image-preview:large","max-video-preview":"max-video-preview:-1"},"canonical":"https:\/\/www.gaveanews.com\/index.php\/2022\/03\/07\/zagueiro-do-flamengo-pode-ser-negociado-com-o-goias\/","og_locale":"pt_BR","og_type":"article","og_title":"Zagueiro do Flamengo pode ser negociado com o Goi\u00e1s","og_description":"O Goi\u00e1s, que entrou com uma notifica\u00e7\u00e3o extrajudicial cobrando o Flamengo o pagamento de 5% do valor da venda de Michael ao Al Hilal, tamb\u00e9m entrou em contato com o time carioca para tentar a contrata\u00e7\u00e3o de um jogador do atual elenco profissional. Trata-se do jovem zagueiro Gabriel Noga. O Esmeraldino conversou com o Rubro-Negro [&hellip;]","og_url":"https:\/\/www.gaveanews.com\/index.php\/2022\/03\/07\/zagueiro-do-flamengo-pode-ser-negociado-com-o-goias\/","og_site_name":"G\u00e1vea News","article_publisher":"https:\/\/facebook.com\/gaveaNews\/","article_published_time":"2022-03-08T01:38:33+00:00","article_modified_time":"2022-03-08T01:44:12+00:00","og_image":[{"width":799,"height":532,"url":"https:\/\/www.gaveanews.com\/wp-content\/uploads\/Gabriel-Noga-em-acao-pelo-Flamengo-contra-a-Portuguesa-pelo-Cameponato-Carioca-2022.webp","type":"image\/jpeg"}],"author":"Equipe G\u00e1vea News","twitter_card":"summary_large_image","twitter_misc":{"Escrito por":"Equipe G\u00e1vea News","Est. tempo de leitura":"1 minuto"},"schema":{"@context":"https:\/\/schema.org","@graph":[{"@type":"NewsArticle","@id":"https:\/\/www.gaveanews.com\/index.php\/2022\/03\/07\/zagueiro-do-flamengo-pode-ser-negociado-com-o-goias\/#article","isPartOf":{"@id":"https:\/\/www.gaveanews.com\/index.php\/2022\/03\/07\/zagueiro-do-flamengo-pode-ser-negociado-com-o-goias\/"},"author":{"name":"Equipe G\u00e1vea News","@id":"https:\/\/www.gaveanews.com\/#\/schema\/person\/2ec14f73fb96be2caf28f91afb14749d"},"headline":"Zagueiro do Flamengo pode ser negociado com o Goi\u00e1s","datePublished":"2022-03-08T01:38:33+00:00","dateModified":"2022-03-08T01:44:12+00:00","mainEntityOfPage":{"@id":"https:\/\/www.gaveanews.com\/index.php\/2022\/03\/07\/zagueiro-do-flamengo-pode-ser-negociado-com-o-goias\/"},"wordCount":184,"commentCount":11,"image":{"@id":"https:\/\/www.gaveanews.com\/index.php\/2022\/03\/07\/zagueiro-do-flamengo-pode-ser-negociado-com-o-goias\/#primaryimage"},"thumbnailUrl":"https:\/\/www.gaveanews.com\/wp-content\/uploads\/Gabriel-Noga-em-acao-pelo-Flamengo-contra-a-Portuguesa-pelo-Cameponato-Carioca-2022.webp","articleSection":["Flamengo"],"inLanguage":"pt-BR","potentialAction":[{"@type":"CommentAction","name":"Comment","target":["https:\/\/www.gaveanews.com\/index.php\/2022\/03\/07\/zagueiro-do-flamengo-pode-ser-negociado-com-o-goias\/#respond"]}],"copyrightYear":"2022","copyrightHolder":{"@id":"https:\/\/www.gaveanews.com\/#organization"}},{"@type":"WebPage","@id":"https:\/\/www.gaveanews.com\/index.php\/2022\/03\/07\/zagueiro-do-flamengo-pode-ser-negociado-com-o-goias\/","url":"https:\/\/www.gaveanews.com\/index.php\/2022\/03\/07\/zagueiro-do-flamengo-pode-ser-negociado-com-o-goias\/","name":"Zagueiro do Flamengo pode ser negociado com o Goi\u00e1s","isPartOf":{"@id":"https:\/\/www.gaveanews.com\/#website"},"primaryImageOfPage":{"@id":"https:\/\/www.gaveanews.com\/index.php\/2022\/03\/07\/zagueiro-do-flamengo-pode-ser-negociado-com-o-goias\/#primaryimage"},"image":{"@id":"https:\/\/www.gaveanews.com\/index.php\/2022\/03\/07\/zagueiro-do-flamengo-pode-ser-negociado-com-o-goias\/#primaryimage"},"thumbnailUrl":"https:\/\/www.gaveanews.com\/wp-content\/uploads\/Gabriel-Noga-em-acao-pelo-Flamengo-contra-a-Portuguesa-pelo-Cameponato-Carioca-2022.webp","datePublished":"2022-03-08T01:38:33+00:00","dateModified":"2022-03-08T01:44:12+00:00","author":{"@id":"https:\/\/www.gaveanews.com\/#\/schema\/person\/2ec14f73fb96be2caf28f91afb14749d"},"breadcrumb":{"@id":"https:\/\/www.gaveanews.com\/index.php\/2022\/03\/07\/zagueiro-do-flamengo-pode-ser-negociado-com-o-goias\/#breadcrumb"},"inLanguage":"pt-BR","potentialAction":[{"@type":"ReadAction","target":["https:\/\/www.gaveanews.com\/index.php\/2022\/03\/07\/zagueiro-do-flamengo-pode-ser-negociado-com-o-goias\/"]}]},{"@type":"ImageObject","inLanguage":"pt-BR","@id":"https:\/\/www.gaveanews.com\/index.php\/2022\/03\/07\/zagueiro-do-flamengo-pode-ser-negociado-com-o-goias\/#primaryimage","url":"https:\/\/www.gaveanews.com\/wp-content\/uploads\/Gabriel-Noga-em-acao-pelo-Flamengo-contra-a-Portuguesa-pelo-Cameponato-Carioca-2022.webp","contentUrl":"https:\/\/www.gaveanews.com\/wp-content\/uploads\/Gabriel-Noga-em-acao-pelo-Flamengo-contra-a-Portuguesa-pelo-Cameponato-Carioca-2022.webp","width":799,"height":532,"caption":"Gabriel Noga em a\u00e7\u00e3o pelo Flamengo contra a Portuguesa pelo Campeonato Carioca 2022 (Foto: Marcelo Cortes\/Flamengo)"},{"@type":"BreadcrumbList","@id":"https:\/\/www.gaveanews.com\/index.php\/2022\/03\/07\/zagueiro-do-flamengo-pode-ser-negociado-com-o-goias\/#breadcrumb","itemListElement":[{"@type":"ListItem","position":1,"name":"Home","item":"https:\/\/www.gaveanews.com\/"},{"@type":"ListItem","position":2,"name":"Zagueiro do Flamengo pode ser negociado com o Goi\u00e1s"}]},{"@type":"WebSite","@id":"https:\/\/www.gaveanews.com\/#website","url":"https:\/\/www.gaveanews.com\/","name":"G\u00e1vea News","description":"Veja todas as not\u00edcias sobre o Flamengo: Contrata\u00e7\u00f5es, categorias de base, resultados das partidas, tabela de classifica\u00e7\u00e3o, pr\u00f3ximos jogos!","potentialAction":[{"@type":"SearchAction","target":{"@type":"EntryPoint","urlTemplate":"https:\/\/www.gaveanews.com\/?s={search_term_string}"},"query-input":{"@type":"PropertyValueSpecification","valueRequired":true,"valueName":"search_term_string"}}],"inLanguage":"pt-BR"},{"@type":"Person","@id":"https:\/\/www.gaveanews.com\/#\/schema\/person\/2ec14f73fb96be2caf28f91afb14749d","name":"Equipe G\u00e1vea News","image":{"@type":"ImageObject","inLanguage":"pt-BR","@id":"https:\/\/www.gaveanews.com\/#\/schema\/person\/image\/","url":"https:\/\/secure.gravatar.com\/avatar\/1e1956f1facbffd3f8fa53a326721950116b3b9dc9bd44939c01180fd4a745a9?s=96&d=mm&r=g","contentUrl":"https:\/\/secure.gravatar.com\/avatar\/1e1956f1facbffd3f8fa53a326721950116b3b9dc9bd44939c01180fd4a745a9?s=96&d=mm&r=g","caption":"Equipe G\u00e1vea News"}}]}},"_links":{"self":[{"href":"https:\/\/www.gaveanews.com\/index.php\/wp-json\/wp\/v2\/posts\/77915","targetHints":{"allow":["GET"]}}],"collection":[{"href":"https:\/\/www.gaveanews.com\/index.php\/wp-json\/wp\/v2\/posts"}],"about":[{"href":"https:\/\/www.gaveanews.com\/index.php\/wp-json\/wp\/v2\/types\/post"}],"author":[{"embeddable":true,"href":"https:\/\/www.gaveanews.com\/index.php\/wp-json\/wp\/v2\/users\/1"}],"replies":[{"embeddable":true,"href":"https:\/\/www.gaveanews.com\/index.php\/wp-json\/wp\/v2\/comments?post=77915"}],"version-history":[{"count":0,"href":"https:\/\/www.gaveanews.com\/index.php\/wp-json\/wp\/v2\/posts\/77915\/revisions"}],"wp:featuredmedia":[{"embeddable":true,"href":"https:\/\/www.gaveanews.com\/index.php\/wp-json\/wp\/v2\/media\/75583"}],"wp:attachment":[{"href":"https:\/\/www.gaveanews.com\/index.php\/wp-json\/wp\/v2\/media?parent=77915"}],"wp:term":[{"taxonomy":"category","embeddable":true,"href":"https:\/\/www.gaveanews.com\/index.php\/wp-json\/wp\/v2\/categories?post=77915"},{"taxonomy":"post_tag","embeddable":true,"href":"https:\/\/www.gaveanews.com\/index.php\/wp-json\/wp\/v2\/tags?post=77915"}],"curies":[{"name":"wp","href":"https:\/\/api.w.org\/{rel}","templated":true}]}}