{"id":77919,"date":"2022-03-07T23:19:54","date_gmt":"2022-03-08T02:19:54","guid":{"rendered":"https:\/\/www.gaveanews.com\/?p=77919"},"modified":"2022-03-07T23:19:54","modified_gmt":"2022-03-08T02:19:54","slug":"flamengo-inicia-leilao-das-camisas-usadas-pelos-jogadores-no-duelo-contra-o-vasco","status":"publish","type":"post","link":"https:\/\/www.gaveanews.com\/index.php\/2022\/03\/07\/flamengo-inicia-leilao-das-camisas-usadas-pelos-jogadores-no-duelo-contra-o-vasco\/","title":{"rendered":"Flamengo inicia leil\u00e3o das camisas usadas pelos jogadores no duelo contra o Vasco"},"content":{"rendered":"<p>Um dia ap\u00f3s vencer o confronto contra o Vasco da Gama, o Flamengo anunciou o in\u00edcio do leil\u00e3o das camisas que foram utilizadas pelos atletas na partida. Na partida, o local do patrocinador master do clube, o Banco BRB, foi substitu\u00eddo pela palavra &#8220;paz&#8221;, que foi escrita em 15 idiomas diferentes. O valor arrecadado com o leil\u00e3o ser\u00e1 doado para uma institui\u00e7\u00e3o em prol de refugiados de guerra selecionada pelo departamento de Responsabilidade Social do clube.<\/p>\n<blockquote class=\"twitter-tweet\" data-width=\"550\" data-dnt=\"true\">\n<p lang=\"pt\" dir=\"ltr\">O Arrasca trouxe no peito em cir\u00edlico (alfabeto utilizado em pa\u00edses como a Ucr\u00e2nia e a R\u00fassia) o desejo de paz no mundo. Voc\u00ea pode arrematar o Manto dele! O dinheiro do leil\u00e3o ser\u00e1 revertido para a\u00e7\u00f5es beneficentes.<br \/>D\u00ea seu lance: <a href=\"https:\/\/t.co\/MMufIiwOso\">https:\/\/t.co\/MMufIiwOso<\/a><br \/>\ud83d\udcf8: <a href=\"https:\/\/twitter.com\/mcortesdasilva8?ref_src=twsrc%5Etfw\">@mcortesdasilva8<\/a> \/CRF <a href=\"https:\/\/t.co\/k32aEWfQaq\">pic.twitter.com\/k32aEWfQaq<\/a><\/p>\n<p>&mdash; Flamengo (@Flamengo) <a href=\"https:\/\/twitter.com\/Flamengo\/status\/1500895591618027527?ref_src=twsrc%5Etfw\">March 7, 2022<\/a><\/p><\/blockquote>\n<p><script async src=\"https:\/\/platform.twitter.com\/widgets.js\" charset=\"utf-8\"><\/script><\/p>\n<p>At\u00e9 a publica\u00e7\u00e3o desta mat\u00e9ria, a camisa mais barata era a do zagueiro Gabriel Noga, com o lance de 139 euros (cerca de R$ 770, na cota\u00e7\u00e3o atual). J\u00e1 o uniforme com o lance mais caro era o do autor do segundo gol da vit\u00f3ria do Rubro-Negro, o uruguaio Giorgian de Arrascaeta, com o lance de 600 euros (aproximadamente R$ 3.320). Respons\u00e1vel pelo primeiro gol do Flamengo na partida, Filipe Lu\u00eds estava com sua camisa sendo leiloada por 245 euros (R$ 1.356). O leil\u00e3o est\u00e1 previsto para se encerrar \u00e0s 12h do dia 26 de mar\u00e7o.<\/p>\n<p>Para participar do leil\u00e3o das camisas utilizadas nesta edi\u00e7\u00e3o do Cl\u00e1ssico dos Milh\u00f5es, basta acessar o site https:\/\/www.matchwornshirt.com\/club\/flamengo\/1421 e dar o lance.<\/p>\n<p>Retirado de: O Dia<\/p>\n","protected":false},"excerpt":{"rendered":"<p>Um dia ap\u00f3s vencer o confronto contra o Vasco da Gama, o Flamengo anunciou o in\u00edcio do leil\u00e3o das camisas que foram utilizadas pelos atletas na partida. Na partida, o local do patrocinador master do clube, o Banco BRB, foi substitu\u00eddo pela palavra &#8220;paz&#8221;, que foi escrita em 15 idiomas diferentes. O valor arrecadado com [&hellip;]<\/p>\n","protected":false},"author":1,"featured_media":16214,"comment_status":"open","ping_status":"closed","sticky":false,"template":"","format":"standard","meta":{"footnotes":""},"categories":[1],"tags":[],"class_list":["post-77919","post","type-post","status-publish","format-standard","has-post-thumbnail","hentry","category-flamengo"],"yoast_head":"<!-- This site is optimized with the Yoast SEO Premium plugin v24.2 (Yoast SEO v26.9) - https:\/\/yoast.com\/product\/yoast-seo-premium-wordpress\/ -->\n<title>Flamengo inicia leil\u00e3o das camisas usadas pelos jogadores no duelo contra o Vasco<\/title>\n<meta name=\"robots\" content=\"index, follow, max-snippet:-1, max-image-preview:large, max-video-preview:-1\" \/>\n<link rel=\"canonical\" href=\"https:\/\/www.gaveanews.com\/index.php\/2022\/03\/07\/flamengo-inicia-leilao-das-camisas-usadas-pelos-jogadores-no-duelo-contra-o-vasco\/\" \/>\n<meta property=\"og:locale\" content=\"pt_BR\" \/>\n<meta property=\"og:type\" content=\"article\" \/>\n<meta property=\"og:title\" content=\"Flamengo inicia leil\u00e3o das camisas usadas pelos jogadores no duelo contra o Vasco\" \/>\n<meta property=\"og:description\" content=\"Um dia ap\u00f3s vencer o confronto contra o Vasco da Gama, o Flamengo anunciou o in\u00edcio do leil\u00e3o das camisas que foram utilizadas pelos atletas na partida. Na partida, o local do patrocinador master do clube, o Banco BRB, foi substitu\u00eddo pela palavra &#8220;paz&#8221;, que foi escrita em 15 idiomas diferentes. O valor arrecadado com [&hellip;]\" \/>\n<meta property=\"og:url\" content=\"https:\/\/www.gaveanews.com\/index.php\/2022\/03\/07\/flamengo-inicia-leilao-das-camisas-usadas-pelos-jogadores-no-duelo-contra-o-vasco\/\" \/>\n<meta property=\"og:site_name\" content=\"G\u00e1vea News\" \/>\n<meta property=\"article:publisher\" content=\"https:\/\/facebook.com\/gaveaNews\/\" \/>\n<meta property=\"article:published_time\" content=\"2022-03-08T02:19:54+00:00\" \/>\n<meta property=\"og:image\" content=\"https:\/\/www.gaveanews.com\/wp-content\/uploads\/2019\/03\/Logomarca-da-Adidas.webp\" \/>\n\t<meta property=\"og:image:width\" content=\"1200\" \/>\n\t<meta property=\"og:image:height\" content=\"600\" \/>\n\t<meta property=\"og:image:type\" content=\"image\/png\" \/>\n<meta name=\"author\" content=\"Equipe G\u00e1vea News\" \/>\n<meta name=\"twitter:card\" content=\"summary_large_image\" \/>\n<meta name=\"twitter:label1\" content=\"Escrito por\" \/>\n\t<meta name=\"twitter:data1\" content=\"Equipe G\u00e1vea News\" \/>\n\t<meta name=\"twitter:label2\" content=\"Est. tempo de leitura\" \/>\n\t<meta name=\"twitter:data2\" content=\"2 minutos\" \/>\n<script type=\"application\/ld+json\" class=\"yoast-schema-graph\">{\"@context\":\"https:\/\/schema.org\",\"@graph\":[{\"@type\":\"NewsArticle\",\"@id\":\"https:\/\/www.gaveanews.com\/index.php\/2022\/03\/07\/flamengo-inicia-leilao-das-camisas-usadas-pelos-jogadores-no-duelo-contra-o-vasco\/#article\",\"isPartOf\":{\"@id\":\"https:\/\/www.gaveanews.com\/index.php\/2022\/03\/07\/flamengo-inicia-leilao-das-camisas-usadas-pelos-jogadores-no-duelo-contra-o-vasco\/\"},\"author\":{\"name\":\"Equipe G\u00e1vea News\",\"@id\":\"https:\/\/www.gaveanews.com\/#\/schema\/person\/2ec14f73fb96be2caf28f91afb14749d\"},\"headline\":\"Flamengo inicia leil\u00e3o das camisas usadas pelos jogadores no duelo contra o Vasco\",\"datePublished\":\"2022-03-08T02:19:54+00:00\",\"mainEntityOfPage\":{\"@id\":\"https:\/\/www.gaveanews.com\/index.php\/2022\/03\/07\/flamengo-inicia-leilao-das-camisas-usadas-pelos-jogadores-no-duelo-contra-o-vasco\/\"},\"wordCount\":261,\"commentCount\":2,\"image\":{\"@id\":\"https:\/\/www.gaveanews.com\/index.php\/2022\/03\/07\/flamengo-inicia-leilao-das-camisas-usadas-pelos-jogadores-no-duelo-contra-o-vasco\/#primaryimage\"},\"thumbnailUrl\":\"https:\/\/www.gaveanews.com\/wp-content\/uploads\/2019\/03\/Logomarca-da-Adidas.webp\",\"articleSection\":[\"Flamengo\"],\"inLanguage\":\"pt-BR\",\"potentialAction\":[{\"@type\":\"CommentAction\",\"name\":\"Comment\",\"target\":[\"https:\/\/www.gaveanews.com\/index.php\/2022\/03\/07\/flamengo-inicia-leilao-das-camisas-usadas-pelos-jogadores-no-duelo-contra-o-vasco\/#respond\"]}],\"copyrightYear\":\"2022\",\"copyrightHolder\":{\"@id\":\"https:\/\/www.gaveanews.com\/#organization\"}},{\"@type\":\"WebPage\",\"@id\":\"https:\/\/www.gaveanews.com\/index.php\/2022\/03\/07\/flamengo-inicia-leilao-das-camisas-usadas-pelos-jogadores-no-duelo-contra-o-vasco\/\",\"url\":\"https:\/\/www.gaveanews.com\/index.php\/2022\/03\/07\/flamengo-inicia-leilao-das-camisas-usadas-pelos-jogadores-no-duelo-contra-o-vasco\/\",\"name\":\"Flamengo inicia leil\u00e3o das camisas usadas pelos jogadores no duelo contra o Vasco\",\"isPartOf\":{\"@id\":\"https:\/\/www.gaveanews.com\/#website\"},\"primaryImageOfPage\":{\"@id\":\"https:\/\/www.gaveanews.com\/index.php\/2022\/03\/07\/flamengo-inicia-leilao-das-camisas-usadas-pelos-jogadores-no-duelo-contra-o-vasco\/#primaryimage\"},\"image\":{\"@id\":\"https:\/\/www.gaveanews.com\/index.php\/2022\/03\/07\/flamengo-inicia-leilao-das-camisas-usadas-pelos-jogadores-no-duelo-contra-o-vasco\/#primaryimage\"},\"thumbnailUrl\":\"https:\/\/www.gaveanews.com\/wp-content\/uploads\/2019\/03\/Logomarca-da-Adidas.webp\",\"datePublished\":\"2022-03-08T02:19:54+00:00\",\"author\":{\"@id\":\"https:\/\/www.gaveanews.com\/#\/schema\/person\/2ec14f73fb96be2caf28f91afb14749d\"},\"breadcrumb\":{\"@id\":\"https:\/\/www.gaveanews.com\/index.php\/2022\/03\/07\/flamengo-inicia-leilao-das-camisas-usadas-pelos-jogadores-no-duelo-contra-o-vasco\/#breadcrumb\"},\"inLanguage\":\"pt-BR\",\"potentialAction\":[{\"@type\":\"ReadAction\",\"target\":[\"https:\/\/www.gaveanews.com\/index.php\/2022\/03\/07\/flamengo-inicia-leilao-das-camisas-usadas-pelos-jogadores-no-duelo-contra-o-vasco\/\"]}]},{\"@type\":\"ImageObject\",\"inLanguage\":\"pt-BR\",\"@id\":\"https:\/\/www.gaveanews.com\/index.php\/2022\/03\/07\/flamengo-inicia-leilao-das-camisas-usadas-pelos-jogadores-no-duelo-contra-o-vasco\/#primaryimage\",\"url\":\"https:\/\/www.gaveanews.com\/wp-content\/uploads\/2019\/03\/Logomarca-da-Adidas.webp\",\"contentUrl\":\"https:\/\/www.gaveanews.com\/wp-content\/uploads\/2019\/03\/Logomarca-da-Adidas.webp\",\"width\":1200,\"height\":600,\"caption\":\"Logomarca da Adidas (Foto: Reprodu\u00e7\u00e3o)\"},{\"@type\":\"BreadcrumbList\",\"@id\":\"https:\/\/www.gaveanews.com\/index.php\/2022\/03\/07\/flamengo-inicia-leilao-das-camisas-usadas-pelos-jogadores-no-duelo-contra-o-vasco\/#breadcrumb\",\"itemListElement\":[{\"@type\":\"ListItem\",\"position\":1,\"name\":\"Home\",\"item\":\"https:\/\/www.gaveanews.com\/\"},{\"@type\":\"ListItem\",\"position\":2,\"name\":\"Flamengo inicia leil\u00e3o das camisas usadas pelos jogadores no duelo contra o Vasco\"}]},{\"@type\":\"WebSite\",\"@id\":\"https:\/\/www.gaveanews.com\/#website\",\"url\":\"https:\/\/www.gaveanews.com\/\",\"name\":\"G\u00e1vea News\",\"description\":\"Veja todas as not\u00edcias sobre o Flamengo: Contrata\u00e7\u00f5es, categorias de base, resultados das partidas, tabela de classifica\u00e7\u00e3o, pr\u00f3ximos jogos!\",\"potentialAction\":[{\"@type\":\"SearchAction\",\"target\":{\"@type\":\"EntryPoint\",\"urlTemplate\":\"https:\/\/www.gaveanews.com\/?s={search_term_string}\"},\"query-input\":{\"@type\":\"PropertyValueSpecification\",\"valueRequired\":true,\"valueName\":\"search_term_string\"}}],\"inLanguage\":\"pt-BR\"},{\"@type\":\"Person\",\"@id\":\"https:\/\/www.gaveanews.com\/#\/schema\/person\/2ec14f73fb96be2caf28f91afb14749d\",\"name\":\"Equipe G\u00e1vea News\",\"image\":{\"@type\":\"ImageObject\",\"inLanguage\":\"pt-BR\",\"@id\":\"https:\/\/www.gaveanews.com\/#\/schema\/person\/image\/\",\"url\":\"https:\/\/secure.gravatar.com\/avatar\/1e1956f1facbffd3f8fa53a326721950116b3b9dc9bd44939c01180fd4a745a9?s=96&d=mm&r=g\",\"contentUrl\":\"https:\/\/secure.gravatar.com\/avatar\/1e1956f1facbffd3f8fa53a326721950116b3b9dc9bd44939c01180fd4a745a9?s=96&d=mm&r=g\",\"caption\":\"Equipe G\u00e1vea News\"}}]}<\/script>\n<!-- \/ Yoast SEO Premium plugin. -->","yoast_head_json":{"title":"Flamengo inicia leil\u00e3o das camisas usadas pelos jogadores no duelo contra o Vasco","robots":{"index":"index","follow":"follow","max-snippet":"max-snippet:-1","max-image-preview":"max-image-preview:large","max-video-preview":"max-video-preview:-1"},"canonical":"https:\/\/www.gaveanews.com\/index.php\/2022\/03\/07\/flamengo-inicia-leilao-das-camisas-usadas-pelos-jogadores-no-duelo-contra-o-vasco\/","og_locale":"pt_BR","og_type":"article","og_title":"Flamengo inicia leil\u00e3o das camisas usadas pelos jogadores no duelo contra o Vasco","og_description":"Um dia ap\u00f3s vencer o confronto contra o Vasco da Gama, o Flamengo anunciou o in\u00edcio do leil\u00e3o das camisas que foram utilizadas pelos atletas na partida. Na partida, o local do patrocinador master do clube, o Banco BRB, foi substitu\u00eddo pela palavra &#8220;paz&#8221;, que foi escrita em 15 idiomas diferentes. O valor arrecadado com [&hellip;]","og_url":"https:\/\/www.gaveanews.com\/index.php\/2022\/03\/07\/flamengo-inicia-leilao-das-camisas-usadas-pelos-jogadores-no-duelo-contra-o-vasco\/","og_site_name":"G\u00e1vea News","article_publisher":"https:\/\/facebook.com\/gaveaNews\/","article_published_time":"2022-03-08T02:19:54+00:00","og_image":[{"width":1200,"height":600,"url":"https:\/\/www.gaveanews.com\/wp-content\/uploads\/2019\/03\/Logomarca-da-Adidas.webp","type":"image\/png"}],"author":"Equipe G\u00e1vea News","twitter_card":"summary_large_image","twitter_misc":{"Escrito por":"Equipe G\u00e1vea News","Est. tempo de leitura":"2 minutos"},"schema":{"@context":"https:\/\/schema.org","@graph":[{"@type":"NewsArticle","@id":"https:\/\/www.gaveanews.com\/index.php\/2022\/03\/07\/flamengo-inicia-leilao-das-camisas-usadas-pelos-jogadores-no-duelo-contra-o-vasco\/#article","isPartOf":{"@id":"https:\/\/www.gaveanews.com\/index.php\/2022\/03\/07\/flamengo-inicia-leilao-das-camisas-usadas-pelos-jogadores-no-duelo-contra-o-vasco\/"},"author":{"name":"Equipe G\u00e1vea News","@id":"https:\/\/www.gaveanews.com\/#\/schema\/person\/2ec14f73fb96be2caf28f91afb14749d"},"headline":"Flamengo inicia leil\u00e3o das camisas usadas pelos jogadores no duelo contra o Vasco","datePublished":"2022-03-08T02:19:54+00:00","mainEntityOfPage":{"@id":"https:\/\/www.gaveanews.com\/index.php\/2022\/03\/07\/flamengo-inicia-leilao-das-camisas-usadas-pelos-jogadores-no-duelo-contra-o-vasco\/"},"wordCount":261,"commentCount":2,"image":{"@id":"https:\/\/www.gaveanews.com\/index.php\/2022\/03\/07\/flamengo-inicia-leilao-das-camisas-usadas-pelos-jogadores-no-duelo-contra-o-vasco\/#primaryimage"},"thumbnailUrl":"https:\/\/www.gaveanews.com\/wp-content\/uploads\/2019\/03\/Logomarca-da-Adidas.webp","articleSection":["Flamengo"],"inLanguage":"pt-BR","potentialAction":[{"@type":"CommentAction","name":"Comment","target":["https:\/\/www.gaveanews.com\/index.php\/2022\/03\/07\/flamengo-inicia-leilao-das-camisas-usadas-pelos-jogadores-no-duelo-contra-o-vasco\/#respond"]}],"copyrightYear":"2022","copyrightHolder":{"@id":"https:\/\/www.gaveanews.com\/#organization"}},{"@type":"WebPage","@id":"https:\/\/www.gaveanews.com\/index.php\/2022\/03\/07\/flamengo-inicia-leilao-das-camisas-usadas-pelos-jogadores-no-duelo-contra-o-vasco\/","url":"https:\/\/www.gaveanews.com\/index.php\/2022\/03\/07\/flamengo-inicia-leilao-das-camisas-usadas-pelos-jogadores-no-duelo-contra-o-vasco\/","name":"Flamengo inicia leil\u00e3o das camisas usadas pelos jogadores no duelo contra o Vasco","isPartOf":{"@id":"https:\/\/www.gaveanews.com\/#website"},"primaryImageOfPage":{"@id":"https:\/\/www.gaveanews.com\/index.php\/2022\/03\/07\/flamengo-inicia-leilao-das-camisas-usadas-pelos-jogadores-no-duelo-contra-o-vasco\/#primaryimage"},"image":{"@id":"https:\/\/www.gaveanews.com\/index.php\/2022\/03\/07\/flamengo-inicia-leilao-das-camisas-usadas-pelos-jogadores-no-duelo-contra-o-vasco\/#primaryimage"},"thumbnailUrl":"https:\/\/www.gaveanews.com\/wp-content\/uploads\/2019\/03\/Logomarca-da-Adidas.webp","datePublished":"2022-03-08T02:19:54+00:00","author":{"@id":"https:\/\/www.gaveanews.com\/#\/schema\/person\/2ec14f73fb96be2caf28f91afb14749d"},"breadcrumb":{"@id":"https:\/\/www.gaveanews.com\/index.php\/2022\/03\/07\/flamengo-inicia-leilao-das-camisas-usadas-pelos-jogadores-no-duelo-contra-o-vasco\/#breadcrumb"},"inLanguage":"pt-BR","potentialAction":[{"@type":"ReadAction","target":["https:\/\/www.gaveanews.com\/index.php\/2022\/03\/07\/flamengo-inicia-leilao-das-camisas-usadas-pelos-jogadores-no-duelo-contra-o-vasco\/"]}]},{"@type":"ImageObject","inLanguage":"pt-BR","@id":"https:\/\/www.gaveanews.com\/index.php\/2022\/03\/07\/flamengo-inicia-leilao-das-camisas-usadas-pelos-jogadores-no-duelo-contra-o-vasco\/#primaryimage","url":"https:\/\/www.gaveanews.com\/wp-content\/uploads\/2019\/03\/Logomarca-da-Adidas.webp","contentUrl":"https:\/\/www.gaveanews.com\/wp-content\/uploads\/2019\/03\/Logomarca-da-Adidas.webp","width":1200,"height":600,"caption":"Logomarca da Adidas (Foto: Reprodu\u00e7\u00e3o)"},{"@type":"BreadcrumbList","@id":"https:\/\/www.gaveanews.com\/index.php\/2022\/03\/07\/flamengo-inicia-leilao-das-camisas-usadas-pelos-jogadores-no-duelo-contra-o-vasco\/#breadcrumb","itemListElement":[{"@type":"ListItem","position":1,"name":"Home","item":"https:\/\/www.gaveanews.com\/"},{"@type":"ListItem","position":2,"name":"Flamengo inicia leil\u00e3o das camisas usadas pelos jogadores no duelo contra o Vasco"}]},{"@type":"WebSite","@id":"https:\/\/www.gaveanews.com\/#website","url":"https:\/\/www.gaveanews.com\/","name":"G\u00e1vea News","description":"Veja todas as not\u00edcias sobre o Flamengo: Contrata\u00e7\u00f5es, categorias de base, resultados das partidas, tabela de classifica\u00e7\u00e3o, pr\u00f3ximos jogos!","potentialAction":[{"@type":"SearchAction","target":{"@type":"EntryPoint","urlTemplate":"https:\/\/www.gaveanews.com\/?s={search_term_string}"},"query-input":{"@type":"PropertyValueSpecification","valueRequired":true,"valueName":"search_term_string"}}],"inLanguage":"pt-BR"},{"@type":"Person","@id":"https:\/\/www.gaveanews.com\/#\/schema\/person\/2ec14f73fb96be2caf28f91afb14749d","name":"Equipe G\u00e1vea News","image":{"@type":"ImageObject","inLanguage":"pt-BR","@id":"https:\/\/www.gaveanews.com\/#\/schema\/person\/image\/","url":"https:\/\/secure.gravatar.com\/avatar\/1e1956f1facbffd3f8fa53a326721950116b3b9dc9bd44939c01180fd4a745a9?s=96&d=mm&r=g","contentUrl":"https:\/\/secure.gravatar.com\/avatar\/1e1956f1facbffd3f8fa53a326721950116b3b9dc9bd44939c01180fd4a745a9?s=96&d=mm&r=g","caption":"Equipe G\u00e1vea News"}}]}},"_links":{"self":[{"href":"https:\/\/www.gaveanews.com\/index.php\/wp-json\/wp\/v2\/posts\/77919","targetHints":{"allow":["GET"]}}],"collection":[{"href":"https:\/\/www.gaveanews.com\/index.php\/wp-json\/wp\/v2\/posts"}],"about":[{"href":"https:\/\/www.gaveanews.com\/index.php\/wp-json\/wp\/v2\/types\/post"}],"author":[{"embeddable":true,"href":"https:\/\/www.gaveanews.com\/index.php\/wp-json\/wp\/v2\/users\/1"}],"replies":[{"embeddable":true,"href":"https:\/\/www.gaveanews.com\/index.php\/wp-json\/wp\/v2\/comments?post=77919"}],"version-history":[{"count":0,"href":"https:\/\/www.gaveanews.com\/index.php\/wp-json\/wp\/v2\/posts\/77919\/revisions"}],"wp:featuredmedia":[{"embeddable":true,"href":"https:\/\/www.gaveanews.com\/index.php\/wp-json\/wp\/v2\/media\/16214"}],"wp:attachment":[{"href":"https:\/\/www.gaveanews.com\/index.php\/wp-json\/wp\/v2\/media?parent=77919"}],"wp:term":[{"taxonomy":"category","embeddable":true,"href":"https:\/\/www.gaveanews.com\/index.php\/wp-json\/wp\/v2\/categories?post=77919"},{"taxonomy":"post_tag","embeddable":true,"href":"https:\/\/www.gaveanews.com\/index.php\/wp-json\/wp\/v2\/tags?post=77919"}],"curies":[{"name":"wp","href":"https:\/\/api.w.org\/{rel}","templated":true}]}}