{"id":77923,"date":"2022-03-08T00:21:48","date_gmt":"2022-03-08T03:21:48","guid":{"rendered":"https:\/\/www.gaveanews.com\/?p=77923"},"modified":"2022-03-08T00:22:00","modified_gmt":"2022-03-08T03:22:00","slug":"na-mira-do-flamengo-goleiro-joao-paulo-define-onde-vai-jogar","status":"publish","type":"post","link":"https:\/\/www.gaveanews.com\/index.php\/2022\/03\/08\/na-mira-do-flamengo-goleiro-joao-paulo-define-onde-vai-jogar\/","title":{"rendered":"Na mira do Flamengo, goleiro Jo\u00e3o Paulo define onde vai jogar"},"content":{"rendered":"<p>A diretoria do Flamengo segue atenta ao mercado na busca de refor\u00e7os para o elenco, uma das contrata\u00e7\u00f5es pedidas por Paulo Sousa foi a de um goleiro. O Mais Querido abriu conversas com Santos, do Athletico-PR mas nos \u00faltimos dias a negocia\u00e7\u00e3o acabou se complicando um pouco.<\/p>\n<p>Recentemente o nome de Jo\u00e3o Paulo, voltou a ganhar for\u00e7as na c\u00fapula rubro-negra. O goleiro j\u00e1 havia sido sondado no fim da temporada passada, mas as negocia\u00e7\u00f5es acabaram n\u00e3o acontecendo por conta dos valores e parece que essa nova investida tamb\u00e9m n\u00e3o ter\u00e1 sucesso.<\/p>\n<p>De acordo com o \u2018UOL\u2019, o empres\u00e1rio de Jo\u00e3o Paulo se reuniu nesta segunda-feira com o presidente do Santos. O intuito da reuni\u00e3o foi afastar os boatos de que o goleiro quer deixar o Peixe.<\/p>\n<p>A iniciativa foi um pedido do goleiro, Jo\u00e3o Paulo pediu para seu empres\u00e1rio confirmar que recebeu sim uma sondagem do Flamengo, mas que n\u00e3o tem o desejo de deixar o alvinegro praiano agora.<\/p>\n<p>Vale lembrar que Diego Alves e Hugo Souza n\u00e3o vivem um bom momento no Flamengo, Hugo jogou no \u00faltimo domingo na vit\u00f3ria contra o Vasco. Alguns torcedores questionaram uma falha no gol do rival, e alguns erros na sa\u00edda de bola do jogador.<\/p>\n<p>Retirado de: Di\u00e1rio do Fla<\/p>\n","protected":false},"excerpt":{"rendered":"<p>A diretoria do Flamengo segue atenta ao mercado na busca de refor\u00e7os para o elenco, uma das contrata\u00e7\u00f5es pedidas por Paulo Sousa foi a de um goleiro. O Mais Querido abriu conversas com Santos, do Athletico-PR mas nos \u00faltimos dias a negocia\u00e7\u00e3o acabou se complicando um pouco. Recentemente o nome de Jo\u00e3o Paulo, voltou a [&hellip;]<\/p>\n","protected":false},"author":1,"featured_media":72285,"comment_status":"open","ping_status":"closed","sticky":false,"template":"","format":"standard","meta":{"footnotes":""},"categories":[48],"tags":[],"class_list":["post-77923","post","type-post","status-publish","format-standard","has-post-thumbnail","hentry","category-negociacoes"],"yoast_head":"<!-- This site is optimized with the Yoast SEO Premium plugin v24.2 (Yoast SEO v26.9) - https:\/\/yoast.com\/product\/yoast-seo-premium-wordpress\/ -->\n<title>Na mira do Flamengo, goleiro Jo\u00e3o Paulo define onde vai jogar<\/title>\n<meta name=\"robots\" content=\"index, follow, max-snippet:-1, max-image-preview:large, max-video-preview:-1\" \/>\n<link rel=\"canonical\" href=\"https:\/\/www.gaveanews.com\/index.php\/2022\/03\/08\/na-mira-do-flamengo-goleiro-joao-paulo-define-onde-vai-jogar\/\" \/>\n<meta property=\"og:locale\" content=\"pt_BR\" \/>\n<meta property=\"og:type\" content=\"article\" \/>\n<meta property=\"og:title\" content=\"Na mira do Flamengo, goleiro Jo\u00e3o Paulo define onde vai jogar\" \/>\n<meta property=\"og:description\" content=\"A diretoria do Flamengo segue atenta ao mercado na busca de refor\u00e7os para o elenco, uma das contrata\u00e7\u00f5es pedidas por Paulo Sousa foi a de um goleiro. O Mais Querido abriu conversas com Santos, do Athletico-PR mas nos \u00faltimos dias a negocia\u00e7\u00e3o acabou se complicando um pouco. Recentemente o nome de Jo\u00e3o Paulo, voltou a [&hellip;]\" \/>\n<meta property=\"og:url\" content=\"https:\/\/www.gaveanews.com\/index.php\/2022\/03\/08\/na-mira-do-flamengo-goleiro-joao-paulo-define-onde-vai-jogar\/\" \/>\n<meta property=\"og:site_name\" content=\"G\u00e1vea News\" \/>\n<meta property=\"article:publisher\" content=\"https:\/\/facebook.com\/gaveaNews\/\" \/>\n<meta property=\"article:published_time\" content=\"2022-03-08T03:21:48+00:00\" \/>\n<meta property=\"article:modified_time\" content=\"2022-03-08T03:22:00+00:00\" \/>\n<meta property=\"og:image\" content=\"https:\/\/www.gaveanews.com\/wp-content\/uploads\/Joao-Paulo-goleiro-do-Santos.webp\" \/>\n\t<meta property=\"og:image:width\" content=\"905\" \/>\n\t<meta property=\"og:image:height\" content=\"555\" \/>\n\t<meta property=\"og:image:type\" content=\"image\/webp\" \/>\n<meta name=\"author\" content=\"Equipe G\u00e1vea News\" \/>\n<meta name=\"twitter:card\" content=\"summary_large_image\" \/>\n<meta name=\"twitter:label1\" content=\"Escrito por\" \/>\n\t<meta name=\"twitter:data1\" content=\"Equipe G\u00e1vea News\" \/>\n\t<meta name=\"twitter:label2\" content=\"Est. tempo de leitura\" \/>\n\t<meta name=\"twitter:data2\" content=\"2 minutos\" \/>\n<script type=\"application\/ld+json\" class=\"yoast-schema-graph\">{\"@context\":\"https:\/\/schema.org\",\"@graph\":[{\"@type\":\"NewsArticle\",\"@id\":\"https:\/\/www.gaveanews.com\/index.php\/2022\/03\/08\/na-mira-do-flamengo-goleiro-joao-paulo-define-onde-vai-jogar\/#article\",\"isPartOf\":{\"@id\":\"https:\/\/www.gaveanews.com\/index.php\/2022\/03\/08\/na-mira-do-flamengo-goleiro-joao-paulo-define-onde-vai-jogar\/\"},\"author\":{\"name\":\"Equipe G\u00e1vea News\",\"@id\":\"https:\/\/www.gaveanews.com\/#\/schema\/person\/2ec14f73fb96be2caf28f91afb14749d\"},\"headline\":\"Na mira do Flamengo, goleiro Jo\u00e3o Paulo define onde vai jogar\",\"datePublished\":\"2022-03-08T03:21:48+00:00\",\"dateModified\":\"2022-03-08T03:22:00+00:00\",\"mainEntityOfPage\":{\"@id\":\"https:\/\/www.gaveanews.com\/index.php\/2022\/03\/08\/na-mira-do-flamengo-goleiro-joao-paulo-define-onde-vai-jogar\/\"},\"wordCount\":239,\"commentCount\":10,\"image\":{\"@id\":\"https:\/\/www.gaveanews.com\/index.php\/2022\/03\/08\/na-mira-do-flamengo-goleiro-joao-paulo-define-onde-vai-jogar\/#primaryimage\"},\"thumbnailUrl\":\"https:\/\/www.gaveanews.com\/wp-content\/uploads\/Joao-Paulo-goleiro-do-Santos.webp\",\"articleSection\":[\"Negocia\u00e7\u00f5es\"],\"inLanguage\":\"pt-BR\",\"potentialAction\":[{\"@type\":\"CommentAction\",\"name\":\"Comment\",\"target\":[\"https:\/\/www.gaveanews.com\/index.php\/2022\/03\/08\/na-mira-do-flamengo-goleiro-joao-paulo-define-onde-vai-jogar\/#respond\"]}],\"copyrightYear\":\"2022\",\"copyrightHolder\":{\"@id\":\"https:\/\/www.gaveanews.com\/#organization\"}},{\"@type\":\"WebPage\",\"@id\":\"https:\/\/www.gaveanews.com\/index.php\/2022\/03\/08\/na-mira-do-flamengo-goleiro-joao-paulo-define-onde-vai-jogar\/\",\"url\":\"https:\/\/www.gaveanews.com\/index.php\/2022\/03\/08\/na-mira-do-flamengo-goleiro-joao-paulo-define-onde-vai-jogar\/\",\"name\":\"Na mira do Flamengo, goleiro Jo\u00e3o Paulo define onde vai jogar\",\"isPartOf\":{\"@id\":\"https:\/\/www.gaveanews.com\/#website\"},\"primaryImageOfPage\":{\"@id\":\"https:\/\/www.gaveanews.com\/index.php\/2022\/03\/08\/na-mira-do-flamengo-goleiro-joao-paulo-define-onde-vai-jogar\/#primaryimage\"},\"image\":{\"@id\":\"https:\/\/www.gaveanews.com\/index.php\/2022\/03\/08\/na-mira-do-flamengo-goleiro-joao-paulo-define-onde-vai-jogar\/#primaryimage\"},\"thumbnailUrl\":\"https:\/\/www.gaveanews.com\/wp-content\/uploads\/Joao-Paulo-goleiro-do-Santos.webp\",\"datePublished\":\"2022-03-08T03:21:48+00:00\",\"dateModified\":\"2022-03-08T03:22:00+00:00\",\"author\":{\"@id\":\"https:\/\/www.gaveanews.com\/#\/schema\/person\/2ec14f73fb96be2caf28f91afb14749d\"},\"breadcrumb\":{\"@id\":\"https:\/\/www.gaveanews.com\/index.php\/2022\/03\/08\/na-mira-do-flamengo-goleiro-joao-paulo-define-onde-vai-jogar\/#breadcrumb\"},\"inLanguage\":\"pt-BR\",\"potentialAction\":[{\"@type\":\"ReadAction\",\"target\":[\"https:\/\/www.gaveanews.com\/index.php\/2022\/03\/08\/na-mira-do-flamengo-goleiro-joao-paulo-define-onde-vai-jogar\/\"]}]},{\"@type\":\"ImageObject\",\"inLanguage\":\"pt-BR\",\"@id\":\"https:\/\/www.gaveanews.com\/index.php\/2022\/03\/08\/na-mira-do-flamengo-goleiro-joao-paulo-define-onde-vai-jogar\/#primaryimage\",\"url\":\"https:\/\/www.gaveanews.com\/wp-content\/uploads\/Joao-Paulo-goleiro-do-Santos.webp\",\"contentUrl\":\"https:\/\/www.gaveanews.com\/wp-content\/uploads\/Joao-Paulo-goleiro-do-Santos.webp\",\"width\":905,\"height\":555,\"caption\":\"Jo\u00e3o Paulo, goleiro do Santos (Foto: Ivan Storti\/Santos FC)\"},{\"@type\":\"BreadcrumbList\",\"@id\":\"https:\/\/www.gaveanews.com\/index.php\/2022\/03\/08\/na-mira-do-flamengo-goleiro-joao-paulo-define-onde-vai-jogar\/#breadcrumb\",\"itemListElement\":[{\"@type\":\"ListItem\",\"position\":1,\"name\":\"Home\",\"item\":\"https:\/\/www.gaveanews.com\/\"},{\"@type\":\"ListItem\",\"position\":2,\"name\":\"Na mira do Flamengo, goleiro Jo\u00e3o Paulo define onde vai jogar\"}]},{\"@type\":\"WebSite\",\"@id\":\"https:\/\/www.gaveanews.com\/#website\",\"url\":\"https:\/\/www.gaveanews.com\/\",\"name\":\"G\u00e1vea News\",\"description\":\"Veja todas as not\u00edcias sobre o Flamengo: Contrata\u00e7\u00f5es, categorias de base, resultados das partidas, tabela de classifica\u00e7\u00e3o, pr\u00f3ximos jogos!\",\"potentialAction\":[{\"@type\":\"SearchAction\",\"target\":{\"@type\":\"EntryPoint\",\"urlTemplate\":\"https:\/\/www.gaveanews.com\/?s={search_term_string}\"},\"query-input\":{\"@type\":\"PropertyValueSpecification\",\"valueRequired\":true,\"valueName\":\"search_term_string\"}}],\"inLanguage\":\"pt-BR\"},{\"@type\":\"Person\",\"@id\":\"https:\/\/www.gaveanews.com\/#\/schema\/person\/2ec14f73fb96be2caf28f91afb14749d\",\"name\":\"Equipe G\u00e1vea News\",\"image\":{\"@type\":\"ImageObject\",\"inLanguage\":\"pt-BR\",\"@id\":\"https:\/\/www.gaveanews.com\/#\/schema\/person\/image\/\",\"url\":\"https:\/\/secure.gravatar.com\/avatar\/1e1956f1facbffd3f8fa53a326721950116b3b9dc9bd44939c01180fd4a745a9?s=96&d=mm&r=g\",\"contentUrl\":\"https:\/\/secure.gravatar.com\/avatar\/1e1956f1facbffd3f8fa53a326721950116b3b9dc9bd44939c01180fd4a745a9?s=96&d=mm&r=g\",\"caption\":\"Equipe G\u00e1vea News\"}}]}<\/script>\n<!-- \/ Yoast SEO Premium plugin. -->","yoast_head_json":{"title":"Na mira do Flamengo, goleiro Jo\u00e3o Paulo define onde vai jogar","robots":{"index":"index","follow":"follow","max-snippet":"max-snippet:-1","max-image-preview":"max-image-preview:large","max-video-preview":"max-video-preview:-1"},"canonical":"https:\/\/www.gaveanews.com\/index.php\/2022\/03\/08\/na-mira-do-flamengo-goleiro-joao-paulo-define-onde-vai-jogar\/","og_locale":"pt_BR","og_type":"article","og_title":"Na mira do Flamengo, goleiro Jo\u00e3o Paulo define onde vai jogar","og_description":"A diretoria do Flamengo segue atenta ao mercado na busca de refor\u00e7os para o elenco, uma das contrata\u00e7\u00f5es pedidas por Paulo Sousa foi a de um goleiro. O Mais Querido abriu conversas com Santos, do Athletico-PR mas nos \u00faltimos dias a negocia\u00e7\u00e3o acabou se complicando um pouco. Recentemente o nome de Jo\u00e3o Paulo, voltou a [&hellip;]","og_url":"https:\/\/www.gaveanews.com\/index.php\/2022\/03\/08\/na-mira-do-flamengo-goleiro-joao-paulo-define-onde-vai-jogar\/","og_site_name":"G\u00e1vea News","article_publisher":"https:\/\/facebook.com\/gaveaNews\/","article_published_time":"2022-03-08T03:21:48+00:00","article_modified_time":"2022-03-08T03:22:00+00:00","og_image":[{"width":905,"height":555,"url":"https:\/\/www.gaveanews.com\/wp-content\/uploads\/Joao-Paulo-goleiro-do-Santos.webp","type":"image\/webp"}],"author":"Equipe G\u00e1vea News","twitter_card":"summary_large_image","twitter_misc":{"Escrito por":"Equipe G\u00e1vea News","Est. tempo de leitura":"2 minutos"},"schema":{"@context":"https:\/\/schema.org","@graph":[{"@type":"NewsArticle","@id":"https:\/\/www.gaveanews.com\/index.php\/2022\/03\/08\/na-mira-do-flamengo-goleiro-joao-paulo-define-onde-vai-jogar\/#article","isPartOf":{"@id":"https:\/\/www.gaveanews.com\/index.php\/2022\/03\/08\/na-mira-do-flamengo-goleiro-joao-paulo-define-onde-vai-jogar\/"},"author":{"name":"Equipe G\u00e1vea News","@id":"https:\/\/www.gaveanews.com\/#\/schema\/person\/2ec14f73fb96be2caf28f91afb14749d"},"headline":"Na mira do Flamengo, goleiro Jo\u00e3o Paulo define onde vai jogar","datePublished":"2022-03-08T03:21:48+00:00","dateModified":"2022-03-08T03:22:00+00:00","mainEntityOfPage":{"@id":"https:\/\/www.gaveanews.com\/index.php\/2022\/03\/08\/na-mira-do-flamengo-goleiro-joao-paulo-define-onde-vai-jogar\/"},"wordCount":239,"commentCount":10,"image":{"@id":"https:\/\/www.gaveanews.com\/index.php\/2022\/03\/08\/na-mira-do-flamengo-goleiro-joao-paulo-define-onde-vai-jogar\/#primaryimage"},"thumbnailUrl":"https:\/\/www.gaveanews.com\/wp-content\/uploads\/Joao-Paulo-goleiro-do-Santos.webp","articleSection":["Negocia\u00e7\u00f5es"],"inLanguage":"pt-BR","potentialAction":[{"@type":"CommentAction","name":"Comment","target":["https:\/\/www.gaveanews.com\/index.php\/2022\/03\/08\/na-mira-do-flamengo-goleiro-joao-paulo-define-onde-vai-jogar\/#respond"]}],"copyrightYear":"2022","copyrightHolder":{"@id":"https:\/\/www.gaveanews.com\/#organization"}},{"@type":"WebPage","@id":"https:\/\/www.gaveanews.com\/index.php\/2022\/03\/08\/na-mira-do-flamengo-goleiro-joao-paulo-define-onde-vai-jogar\/","url":"https:\/\/www.gaveanews.com\/index.php\/2022\/03\/08\/na-mira-do-flamengo-goleiro-joao-paulo-define-onde-vai-jogar\/","name":"Na mira do Flamengo, goleiro Jo\u00e3o Paulo define onde vai jogar","isPartOf":{"@id":"https:\/\/www.gaveanews.com\/#website"},"primaryImageOfPage":{"@id":"https:\/\/www.gaveanews.com\/index.php\/2022\/03\/08\/na-mira-do-flamengo-goleiro-joao-paulo-define-onde-vai-jogar\/#primaryimage"},"image":{"@id":"https:\/\/www.gaveanews.com\/index.php\/2022\/03\/08\/na-mira-do-flamengo-goleiro-joao-paulo-define-onde-vai-jogar\/#primaryimage"},"thumbnailUrl":"https:\/\/www.gaveanews.com\/wp-content\/uploads\/Joao-Paulo-goleiro-do-Santos.webp","datePublished":"2022-03-08T03:21:48+00:00","dateModified":"2022-03-08T03:22:00+00:00","author":{"@id":"https:\/\/www.gaveanews.com\/#\/schema\/person\/2ec14f73fb96be2caf28f91afb14749d"},"breadcrumb":{"@id":"https:\/\/www.gaveanews.com\/index.php\/2022\/03\/08\/na-mira-do-flamengo-goleiro-joao-paulo-define-onde-vai-jogar\/#breadcrumb"},"inLanguage":"pt-BR","potentialAction":[{"@type":"ReadAction","target":["https:\/\/www.gaveanews.com\/index.php\/2022\/03\/08\/na-mira-do-flamengo-goleiro-joao-paulo-define-onde-vai-jogar\/"]}]},{"@type":"ImageObject","inLanguage":"pt-BR","@id":"https:\/\/www.gaveanews.com\/index.php\/2022\/03\/08\/na-mira-do-flamengo-goleiro-joao-paulo-define-onde-vai-jogar\/#primaryimage","url":"https:\/\/www.gaveanews.com\/wp-content\/uploads\/Joao-Paulo-goleiro-do-Santos.webp","contentUrl":"https:\/\/www.gaveanews.com\/wp-content\/uploads\/Joao-Paulo-goleiro-do-Santos.webp","width":905,"height":555,"caption":"Jo\u00e3o Paulo, goleiro do Santos (Foto: Ivan Storti\/Santos FC)"},{"@type":"BreadcrumbList","@id":"https:\/\/www.gaveanews.com\/index.php\/2022\/03\/08\/na-mira-do-flamengo-goleiro-joao-paulo-define-onde-vai-jogar\/#breadcrumb","itemListElement":[{"@type":"ListItem","position":1,"name":"Home","item":"https:\/\/www.gaveanews.com\/"},{"@type":"ListItem","position":2,"name":"Na mira do Flamengo, goleiro Jo\u00e3o Paulo define onde vai jogar"}]},{"@type":"WebSite","@id":"https:\/\/www.gaveanews.com\/#website","url":"https:\/\/www.gaveanews.com\/","name":"G\u00e1vea News","description":"Veja todas as not\u00edcias sobre o Flamengo: Contrata\u00e7\u00f5es, categorias de base, resultados das partidas, tabela de classifica\u00e7\u00e3o, pr\u00f3ximos jogos!","potentialAction":[{"@type":"SearchAction","target":{"@type":"EntryPoint","urlTemplate":"https:\/\/www.gaveanews.com\/?s={search_term_string}"},"query-input":{"@type":"PropertyValueSpecification","valueRequired":true,"valueName":"search_term_string"}}],"inLanguage":"pt-BR"},{"@type":"Person","@id":"https:\/\/www.gaveanews.com\/#\/schema\/person\/2ec14f73fb96be2caf28f91afb14749d","name":"Equipe G\u00e1vea News","image":{"@type":"ImageObject","inLanguage":"pt-BR","@id":"https:\/\/www.gaveanews.com\/#\/schema\/person\/image\/","url":"https:\/\/secure.gravatar.com\/avatar\/1e1956f1facbffd3f8fa53a326721950116b3b9dc9bd44939c01180fd4a745a9?s=96&d=mm&r=g","contentUrl":"https:\/\/secure.gravatar.com\/avatar\/1e1956f1facbffd3f8fa53a326721950116b3b9dc9bd44939c01180fd4a745a9?s=96&d=mm&r=g","caption":"Equipe G\u00e1vea News"}}]}},"_links":{"self":[{"href":"https:\/\/www.gaveanews.com\/index.php\/wp-json\/wp\/v2\/posts\/77923","targetHints":{"allow":["GET"]}}],"collection":[{"href":"https:\/\/www.gaveanews.com\/index.php\/wp-json\/wp\/v2\/posts"}],"about":[{"href":"https:\/\/www.gaveanews.com\/index.php\/wp-json\/wp\/v2\/types\/post"}],"author":[{"embeddable":true,"href":"https:\/\/www.gaveanews.com\/index.php\/wp-json\/wp\/v2\/users\/1"}],"replies":[{"embeddable":true,"href":"https:\/\/www.gaveanews.com\/index.php\/wp-json\/wp\/v2\/comments?post=77923"}],"version-history":[{"count":0,"href":"https:\/\/www.gaveanews.com\/index.php\/wp-json\/wp\/v2\/posts\/77923\/revisions"}],"wp:featuredmedia":[{"embeddable":true,"href":"https:\/\/www.gaveanews.com\/index.php\/wp-json\/wp\/v2\/media\/72285"}],"wp:attachment":[{"href":"https:\/\/www.gaveanews.com\/index.php\/wp-json\/wp\/v2\/media?parent=77923"}],"wp:term":[{"taxonomy":"category","embeddable":true,"href":"https:\/\/www.gaveanews.com\/index.php\/wp-json\/wp\/v2\/categories?post=77923"},{"taxonomy":"post_tag","embeddable":true,"href":"https:\/\/www.gaveanews.com\/index.php\/wp-json\/wp\/v2\/tags?post=77923"}],"curies":[{"name":"wp","href":"https:\/\/api.w.org\/{rel}","templated":true}]}}