{"id":77929,"date":"2022-03-08T08:05:06","date_gmt":"2022-03-08T11:05:06","guid":{"rendered":"https:\/\/www.gaveanews.com\/?p=77929"},"modified":"2022-03-08T08:05:06","modified_gmt":"2022-03-08T11:05:06","slug":"de-arrascaeta-tem-melhor-inicio-de-temporada-no-flamengo","status":"publish","type":"post","link":"https:\/\/www.gaveanews.com\/index.php\/2022\/03\/08\/de-arrascaeta-tem-melhor-inicio-de-temporada-no-flamengo\/","title":{"rendered":"De Arrascaeta tem melhor in\u00edcio de temporada no Flamengo"},"content":{"rendered":"<p>Her\u00f3i do Flamengo na vit\u00f3ria por 2 a 1 sobre o rival Vasco, Arrascaeta saboreia sua melhor arrancada em uma temporada desde que assumiu a camisa 14 rubro-negra.<\/p>\n<p>Na G\u00e1vea desde 2019, o uruguaio, em apenas seis jogos no Carioca, j\u00e1 det\u00e9m seus n\u00fameros mais expressivos na competi\u00e7\u00e3o estadual. Nessas partidas, o meia j\u00e1 soma quatro gols e duas assist\u00eancias, \u00edndices superiores aos atingidos nas tr\u00eas outras edi\u00e7\u00f5es disputadas por ele.<\/p>\n<p>Em seu primeiro Carioca, ele somou tr\u00eas gols e duas assist\u00eancias. J\u00e1 em 2020, o rubro-negro anotou duas vezes e deu um passe para gol, mesmos n\u00fameros atingidos na temporada seguinte. Em todas elas, o astro do Fla levantou o caneco e agora briga pelo in\u00e9dito tetracampeonato.<\/p>\n<p>No cl\u00e1ssico, Arrascaeta, assim como o restante da equipe, n\u00e3o vinha em uma grande jornada. Em um lampejo individual, no entanto, decidiu um jogo que parecia ter o placar j\u00e1 definido e reafirmou seu papel de protagonista na equipe.<\/p>\n<p>&#8220;A gente sabe que ainda ter que melhorar, coletivamente, mas \u00e9 melhor evoluir ganhando. A alegria \u00e9 muito grande. Foi um jogo muito dif\u00edcil, estou feliz pelo gol e pela vit\u00f3ria. O grupo cresce em jogos assim&#8221;, disse ele.<\/p>\n<h2>Em alta com a Celeste<\/h2>\n<p>O ano de 2022 n\u00e3o tem sido positivo apenas quando o jogador veste vermelho e preto. Ap\u00f3s oscila\u00e7\u00f5es atuando pelo Uruguai, Arrascaeta desabrochou e trocou as cr\u00edticas por elogios.<\/p>\n<p>Titular em seis jogos nas Eliminat\u00f3rias da Copa, o camisa 10 da Celeste Ol\u00edmpica marcou quatro vezes e se firmou de vez. Sob sua reg\u00eancia, os uruguaios est\u00e3o na 4 coloca\u00e7\u00e3o das Eliminat\u00f3rias e s\u00f3 dependem de si para carimbar o passaporte para a Copa do Qatar.<\/p>\n<p>Contribuiu para o momento positivo do jogador a resolu\u00e7\u00e3o de uma quest\u00e3o extracampo que se arrastava. Depois de meses de negocia\u00e7\u00e3o, a renova\u00e7\u00e3o de contrato de Arrascaeta foi concretizada e selada at\u00e9 2026.<\/p>\n<p>Ap\u00f3s um per\u00edodo tenso de negocia\u00e7\u00f5es e de idas e vindas, o Fla conseguiu ajustar o acordo e desatar o n\u00f3 referente \u00e0 compra dos 25% restante dos direitos econ\u00f4micos do uruguaio, que era exatamente o ponto de entrave entre as partes. Nas conversas iniciais, esse total estava estipulado na casa dos 5 milh\u00f5es de euros (R$ 31,1 milh\u00f5es).<\/p>\n<p>Pelo acordado, o Rubro-negro ir\u00e1 adquirir um ter\u00e7o desta fatia que ainda pertence ao Defensor (URU). Os dois peda\u00e7os finais do bolo ter\u00e3o de ser comprados, mas de acordo com o cumprimento de metas vari\u00e1veis por ta\u00e7as e performance que foram estabelecidas no novo v\u00ednculo.<\/p>\n<p>Retirado de: UOL<\/p>\n","protected":false},"excerpt":{"rendered":"<p>Her\u00f3i do Flamengo na vit\u00f3ria por 2 a 1 sobre o rival Vasco, Arrascaeta saboreia sua melhor arrancada em uma temporada desde que assumiu a camisa 14 rubro-negra. Na G\u00e1vea desde 2019, o uruguaio, em apenas seis jogos no Carioca, j\u00e1 det\u00e9m seus n\u00fameros mais expressivos na competi\u00e7\u00e3o estadual. Nessas partidas, o meia j\u00e1 soma [&hellip;]<\/p>\n","protected":false},"author":1,"featured_media":77278,"comment_status":"open","ping_status":"closed","sticky":false,"template":"","format":"standard","meta":{"footnotes":""},"categories":[1],"tags":[],"class_list":["post-77929","post","type-post","status-publish","format-standard","has-post-thumbnail","hentry","category-flamengo"],"yoast_head":"<!-- This site is optimized with the Yoast SEO Premium plugin v24.2 (Yoast SEO v26.9) - https:\/\/yoast.com\/product\/yoast-seo-premium-wordpress\/ -->\n<title>De Arrascaeta tem melhor in\u00edcio de temporada no Flamengo<\/title>\n<meta name=\"robots\" content=\"index, follow, max-snippet:-1, max-image-preview:large, max-video-preview:-1\" \/>\n<link rel=\"canonical\" href=\"https:\/\/www.gaveanews.com\/index.php\/2022\/03\/08\/de-arrascaeta-tem-melhor-inicio-de-temporada-no-flamengo\/\" \/>\n<meta property=\"og:locale\" content=\"pt_BR\" \/>\n<meta property=\"og:type\" content=\"article\" \/>\n<meta property=\"og:title\" content=\"De Arrascaeta tem melhor in\u00edcio de temporada no Flamengo\" \/>\n<meta property=\"og:description\" content=\"Her\u00f3i do Flamengo na vit\u00f3ria por 2 a 1 sobre o rival Vasco, Arrascaeta saboreia sua melhor arrancada em uma temporada desde que assumiu a camisa 14 rubro-negra. Na G\u00e1vea desde 2019, o uruguaio, em apenas seis jogos no Carioca, j\u00e1 det\u00e9m seus n\u00fameros mais expressivos na competi\u00e7\u00e3o estadual. Nessas partidas, o meia j\u00e1 soma [&hellip;]\" \/>\n<meta property=\"og:url\" content=\"https:\/\/www.gaveanews.com\/index.php\/2022\/03\/08\/de-arrascaeta-tem-melhor-inicio-de-temporada-no-flamengo\/\" \/>\n<meta property=\"og:site_name\" content=\"G\u00e1vea News\" \/>\n<meta property=\"article:publisher\" content=\"https:\/\/facebook.com\/gaveaNews\/\" \/>\n<meta property=\"article:published_time\" content=\"2022-03-08T11:05:06+00:00\" \/>\n<meta property=\"og:image\" content=\"https:\/\/www.gaveanews.com\/wp-content\/uploads\/Arrascaeta-em-acao-pelo-Flamengo-durante-o-jogo-contra-o-Botafogo-pelo-Campeonato-Carioca-de-2022.webp\" \/>\n\t<meta property=\"og:image:width\" content=\"799\" \/>\n\t<meta property=\"og:image:height\" content=\"533\" \/>\n\t<meta property=\"og:image:type\" content=\"image\/jpeg\" \/>\n<meta name=\"author\" content=\"Equipe G\u00e1vea News\" \/>\n<meta name=\"twitter:card\" content=\"summary_large_image\" \/>\n<meta name=\"twitter:label1\" content=\"Escrito por\" \/>\n\t<meta name=\"twitter:data1\" content=\"Equipe G\u00e1vea News\" \/>\n\t<meta name=\"twitter:label2\" content=\"Est. tempo de leitura\" \/>\n\t<meta name=\"twitter:data2\" content=\"3 minutos\" \/>\n<script type=\"application\/ld+json\" class=\"yoast-schema-graph\">{\"@context\":\"https:\/\/schema.org\",\"@graph\":[{\"@type\":\"NewsArticle\",\"@id\":\"https:\/\/www.gaveanews.com\/index.php\/2022\/03\/08\/de-arrascaeta-tem-melhor-inicio-de-temporada-no-flamengo\/#article\",\"isPartOf\":{\"@id\":\"https:\/\/www.gaveanews.com\/index.php\/2022\/03\/08\/de-arrascaeta-tem-melhor-inicio-de-temporada-no-flamengo\/\"},\"author\":{\"name\":\"Equipe G\u00e1vea News\",\"@id\":\"https:\/\/www.gaveanews.com\/#\/schema\/person\/2ec14f73fb96be2caf28f91afb14749d\"},\"headline\":\"De Arrascaeta tem melhor in\u00edcio de temporada no Flamengo\",\"datePublished\":\"2022-03-08T11:05:06+00:00\",\"mainEntityOfPage\":{\"@id\":\"https:\/\/www.gaveanews.com\/index.php\/2022\/03\/08\/de-arrascaeta-tem-melhor-inicio-de-temporada-no-flamengo\/\"},\"wordCount\":455,\"commentCount\":0,\"image\":{\"@id\":\"https:\/\/www.gaveanews.com\/index.php\/2022\/03\/08\/de-arrascaeta-tem-melhor-inicio-de-temporada-no-flamengo\/#primaryimage\"},\"thumbnailUrl\":\"https:\/\/www.gaveanews.com\/wp-content\/uploads\/Arrascaeta-em-acao-pelo-Flamengo-durante-o-jogo-contra-o-Botafogo-pelo-Campeonato-Carioca-de-2022.webp\",\"articleSection\":[\"Flamengo\"],\"inLanguage\":\"pt-BR\",\"potentialAction\":[{\"@type\":\"CommentAction\",\"name\":\"Comment\",\"target\":[\"https:\/\/www.gaveanews.com\/index.php\/2022\/03\/08\/de-arrascaeta-tem-melhor-inicio-de-temporada-no-flamengo\/#respond\"]}],\"copyrightYear\":\"2022\",\"copyrightHolder\":{\"@id\":\"https:\/\/www.gaveanews.com\/#organization\"}},{\"@type\":\"WebPage\",\"@id\":\"https:\/\/www.gaveanews.com\/index.php\/2022\/03\/08\/de-arrascaeta-tem-melhor-inicio-de-temporada-no-flamengo\/\",\"url\":\"https:\/\/www.gaveanews.com\/index.php\/2022\/03\/08\/de-arrascaeta-tem-melhor-inicio-de-temporada-no-flamengo\/\",\"name\":\"De Arrascaeta tem melhor in\u00edcio de temporada no Flamengo\",\"isPartOf\":{\"@id\":\"https:\/\/www.gaveanews.com\/#website\"},\"primaryImageOfPage\":{\"@id\":\"https:\/\/www.gaveanews.com\/index.php\/2022\/03\/08\/de-arrascaeta-tem-melhor-inicio-de-temporada-no-flamengo\/#primaryimage\"},\"image\":{\"@id\":\"https:\/\/www.gaveanews.com\/index.php\/2022\/03\/08\/de-arrascaeta-tem-melhor-inicio-de-temporada-no-flamengo\/#primaryimage\"},\"thumbnailUrl\":\"https:\/\/www.gaveanews.com\/wp-content\/uploads\/Arrascaeta-em-acao-pelo-Flamengo-durante-o-jogo-contra-o-Botafogo-pelo-Campeonato-Carioca-de-2022.webp\",\"datePublished\":\"2022-03-08T11:05:06+00:00\",\"author\":{\"@id\":\"https:\/\/www.gaveanews.com\/#\/schema\/person\/2ec14f73fb96be2caf28f91afb14749d\"},\"breadcrumb\":{\"@id\":\"https:\/\/www.gaveanews.com\/index.php\/2022\/03\/08\/de-arrascaeta-tem-melhor-inicio-de-temporada-no-flamengo\/#breadcrumb\"},\"inLanguage\":\"pt-BR\",\"potentialAction\":[{\"@type\":\"ReadAction\",\"target\":[\"https:\/\/www.gaveanews.com\/index.php\/2022\/03\/08\/de-arrascaeta-tem-melhor-inicio-de-temporada-no-flamengo\/\"]}]},{\"@type\":\"ImageObject\",\"inLanguage\":\"pt-BR\",\"@id\":\"https:\/\/www.gaveanews.com\/index.php\/2022\/03\/08\/de-arrascaeta-tem-melhor-inicio-de-temporada-no-flamengo\/#primaryimage\",\"url\":\"https:\/\/www.gaveanews.com\/wp-content\/uploads\/Arrascaeta-em-acao-pelo-Flamengo-durante-o-jogo-contra-o-Botafogo-pelo-Campeonato-Carioca-de-2022.webp\",\"contentUrl\":\"https:\/\/www.gaveanews.com\/wp-content\/uploads\/Arrascaeta-em-acao-pelo-Flamengo-durante-o-jogo-contra-o-Botafogo-pelo-Campeonato-Carioca-de-2022.webp\",\"width\":799,\"height\":533,\"caption\":\"Arrascaeta em a\u00e7\u00e3o pelo Flamengo durante o jogo contra o Botafogo pelo Campeonato Carioca de 2022 (Fotos: Gilvan de Souza\/Flamengo)\"},{\"@type\":\"BreadcrumbList\",\"@id\":\"https:\/\/www.gaveanews.com\/index.php\/2022\/03\/08\/de-arrascaeta-tem-melhor-inicio-de-temporada-no-flamengo\/#breadcrumb\",\"itemListElement\":[{\"@type\":\"ListItem\",\"position\":1,\"name\":\"Home\",\"item\":\"https:\/\/www.gaveanews.com\/\"},{\"@type\":\"ListItem\",\"position\":2,\"name\":\"De Arrascaeta tem melhor in\u00edcio de temporada no Flamengo\"}]},{\"@type\":\"WebSite\",\"@id\":\"https:\/\/www.gaveanews.com\/#website\",\"url\":\"https:\/\/www.gaveanews.com\/\",\"name\":\"G\u00e1vea News\",\"description\":\"Veja todas as not\u00edcias sobre o Flamengo: Contrata\u00e7\u00f5es, categorias de base, resultados das partidas, tabela de classifica\u00e7\u00e3o, pr\u00f3ximos jogos!\",\"potentialAction\":[{\"@type\":\"SearchAction\",\"target\":{\"@type\":\"EntryPoint\",\"urlTemplate\":\"https:\/\/www.gaveanews.com\/?s={search_term_string}\"},\"query-input\":{\"@type\":\"PropertyValueSpecification\",\"valueRequired\":true,\"valueName\":\"search_term_string\"}}],\"inLanguage\":\"pt-BR\"},{\"@type\":\"Person\",\"@id\":\"https:\/\/www.gaveanews.com\/#\/schema\/person\/2ec14f73fb96be2caf28f91afb14749d\",\"name\":\"Equipe G\u00e1vea News\",\"image\":{\"@type\":\"ImageObject\",\"inLanguage\":\"pt-BR\",\"@id\":\"https:\/\/www.gaveanews.com\/#\/schema\/person\/image\/\",\"url\":\"https:\/\/secure.gravatar.com\/avatar\/1e1956f1facbffd3f8fa53a326721950116b3b9dc9bd44939c01180fd4a745a9?s=96&d=mm&r=g\",\"contentUrl\":\"https:\/\/secure.gravatar.com\/avatar\/1e1956f1facbffd3f8fa53a326721950116b3b9dc9bd44939c01180fd4a745a9?s=96&d=mm&r=g\",\"caption\":\"Equipe G\u00e1vea News\"}}]}<\/script>\n<!-- \/ Yoast SEO Premium plugin. -->","yoast_head_json":{"title":"De Arrascaeta tem melhor in\u00edcio de temporada no Flamengo","robots":{"index":"index","follow":"follow","max-snippet":"max-snippet:-1","max-image-preview":"max-image-preview:large","max-video-preview":"max-video-preview:-1"},"canonical":"https:\/\/www.gaveanews.com\/index.php\/2022\/03\/08\/de-arrascaeta-tem-melhor-inicio-de-temporada-no-flamengo\/","og_locale":"pt_BR","og_type":"article","og_title":"De Arrascaeta tem melhor in\u00edcio de temporada no Flamengo","og_description":"Her\u00f3i do Flamengo na vit\u00f3ria por 2 a 1 sobre o rival Vasco, Arrascaeta saboreia sua melhor arrancada em uma temporada desde que assumiu a camisa 14 rubro-negra. Na G\u00e1vea desde 2019, o uruguaio, em apenas seis jogos no Carioca, j\u00e1 det\u00e9m seus n\u00fameros mais expressivos na competi\u00e7\u00e3o estadual. Nessas partidas, o meia j\u00e1 soma [&hellip;]","og_url":"https:\/\/www.gaveanews.com\/index.php\/2022\/03\/08\/de-arrascaeta-tem-melhor-inicio-de-temporada-no-flamengo\/","og_site_name":"G\u00e1vea News","article_publisher":"https:\/\/facebook.com\/gaveaNews\/","article_published_time":"2022-03-08T11:05:06+00:00","og_image":[{"width":799,"height":533,"url":"https:\/\/www.gaveanews.com\/wp-content\/uploads\/Arrascaeta-em-acao-pelo-Flamengo-durante-o-jogo-contra-o-Botafogo-pelo-Campeonato-Carioca-de-2022.webp","type":"image\/jpeg"}],"author":"Equipe G\u00e1vea News","twitter_card":"summary_large_image","twitter_misc":{"Escrito por":"Equipe G\u00e1vea News","Est. tempo de leitura":"3 minutos"},"schema":{"@context":"https:\/\/schema.org","@graph":[{"@type":"NewsArticle","@id":"https:\/\/www.gaveanews.com\/index.php\/2022\/03\/08\/de-arrascaeta-tem-melhor-inicio-de-temporada-no-flamengo\/#article","isPartOf":{"@id":"https:\/\/www.gaveanews.com\/index.php\/2022\/03\/08\/de-arrascaeta-tem-melhor-inicio-de-temporada-no-flamengo\/"},"author":{"name":"Equipe G\u00e1vea News","@id":"https:\/\/www.gaveanews.com\/#\/schema\/person\/2ec14f73fb96be2caf28f91afb14749d"},"headline":"De Arrascaeta tem melhor in\u00edcio de temporada no Flamengo","datePublished":"2022-03-08T11:05:06+00:00","mainEntityOfPage":{"@id":"https:\/\/www.gaveanews.com\/index.php\/2022\/03\/08\/de-arrascaeta-tem-melhor-inicio-de-temporada-no-flamengo\/"},"wordCount":455,"commentCount":0,"image":{"@id":"https:\/\/www.gaveanews.com\/index.php\/2022\/03\/08\/de-arrascaeta-tem-melhor-inicio-de-temporada-no-flamengo\/#primaryimage"},"thumbnailUrl":"https:\/\/www.gaveanews.com\/wp-content\/uploads\/Arrascaeta-em-acao-pelo-Flamengo-durante-o-jogo-contra-o-Botafogo-pelo-Campeonato-Carioca-de-2022.webp","articleSection":["Flamengo"],"inLanguage":"pt-BR","potentialAction":[{"@type":"CommentAction","name":"Comment","target":["https:\/\/www.gaveanews.com\/index.php\/2022\/03\/08\/de-arrascaeta-tem-melhor-inicio-de-temporada-no-flamengo\/#respond"]}],"copyrightYear":"2022","copyrightHolder":{"@id":"https:\/\/www.gaveanews.com\/#organization"}},{"@type":"WebPage","@id":"https:\/\/www.gaveanews.com\/index.php\/2022\/03\/08\/de-arrascaeta-tem-melhor-inicio-de-temporada-no-flamengo\/","url":"https:\/\/www.gaveanews.com\/index.php\/2022\/03\/08\/de-arrascaeta-tem-melhor-inicio-de-temporada-no-flamengo\/","name":"De Arrascaeta tem melhor in\u00edcio de temporada no Flamengo","isPartOf":{"@id":"https:\/\/www.gaveanews.com\/#website"},"primaryImageOfPage":{"@id":"https:\/\/www.gaveanews.com\/index.php\/2022\/03\/08\/de-arrascaeta-tem-melhor-inicio-de-temporada-no-flamengo\/#primaryimage"},"image":{"@id":"https:\/\/www.gaveanews.com\/index.php\/2022\/03\/08\/de-arrascaeta-tem-melhor-inicio-de-temporada-no-flamengo\/#primaryimage"},"thumbnailUrl":"https:\/\/www.gaveanews.com\/wp-content\/uploads\/Arrascaeta-em-acao-pelo-Flamengo-durante-o-jogo-contra-o-Botafogo-pelo-Campeonato-Carioca-de-2022.webp","datePublished":"2022-03-08T11:05:06+00:00","author":{"@id":"https:\/\/www.gaveanews.com\/#\/schema\/person\/2ec14f73fb96be2caf28f91afb14749d"},"breadcrumb":{"@id":"https:\/\/www.gaveanews.com\/index.php\/2022\/03\/08\/de-arrascaeta-tem-melhor-inicio-de-temporada-no-flamengo\/#breadcrumb"},"inLanguage":"pt-BR","potentialAction":[{"@type":"ReadAction","target":["https:\/\/www.gaveanews.com\/index.php\/2022\/03\/08\/de-arrascaeta-tem-melhor-inicio-de-temporada-no-flamengo\/"]}]},{"@type":"ImageObject","inLanguage":"pt-BR","@id":"https:\/\/www.gaveanews.com\/index.php\/2022\/03\/08\/de-arrascaeta-tem-melhor-inicio-de-temporada-no-flamengo\/#primaryimage","url":"https:\/\/www.gaveanews.com\/wp-content\/uploads\/Arrascaeta-em-acao-pelo-Flamengo-durante-o-jogo-contra-o-Botafogo-pelo-Campeonato-Carioca-de-2022.webp","contentUrl":"https:\/\/www.gaveanews.com\/wp-content\/uploads\/Arrascaeta-em-acao-pelo-Flamengo-durante-o-jogo-contra-o-Botafogo-pelo-Campeonato-Carioca-de-2022.webp","width":799,"height":533,"caption":"Arrascaeta em a\u00e7\u00e3o pelo Flamengo durante o jogo contra o Botafogo pelo Campeonato Carioca de 2022 (Fotos: Gilvan de Souza\/Flamengo)"},{"@type":"BreadcrumbList","@id":"https:\/\/www.gaveanews.com\/index.php\/2022\/03\/08\/de-arrascaeta-tem-melhor-inicio-de-temporada-no-flamengo\/#breadcrumb","itemListElement":[{"@type":"ListItem","position":1,"name":"Home","item":"https:\/\/www.gaveanews.com\/"},{"@type":"ListItem","position":2,"name":"De Arrascaeta tem melhor in\u00edcio de temporada no Flamengo"}]},{"@type":"WebSite","@id":"https:\/\/www.gaveanews.com\/#website","url":"https:\/\/www.gaveanews.com\/","name":"G\u00e1vea News","description":"Veja todas as not\u00edcias sobre o Flamengo: Contrata\u00e7\u00f5es, categorias de base, resultados das partidas, tabela de classifica\u00e7\u00e3o, pr\u00f3ximos jogos!","potentialAction":[{"@type":"SearchAction","target":{"@type":"EntryPoint","urlTemplate":"https:\/\/www.gaveanews.com\/?s={search_term_string}"},"query-input":{"@type":"PropertyValueSpecification","valueRequired":true,"valueName":"search_term_string"}}],"inLanguage":"pt-BR"},{"@type":"Person","@id":"https:\/\/www.gaveanews.com\/#\/schema\/person\/2ec14f73fb96be2caf28f91afb14749d","name":"Equipe G\u00e1vea News","image":{"@type":"ImageObject","inLanguage":"pt-BR","@id":"https:\/\/www.gaveanews.com\/#\/schema\/person\/image\/","url":"https:\/\/secure.gravatar.com\/avatar\/1e1956f1facbffd3f8fa53a326721950116b3b9dc9bd44939c01180fd4a745a9?s=96&d=mm&r=g","contentUrl":"https:\/\/secure.gravatar.com\/avatar\/1e1956f1facbffd3f8fa53a326721950116b3b9dc9bd44939c01180fd4a745a9?s=96&d=mm&r=g","caption":"Equipe G\u00e1vea News"}}]}},"_links":{"self":[{"href":"https:\/\/www.gaveanews.com\/index.php\/wp-json\/wp\/v2\/posts\/77929","targetHints":{"allow":["GET"]}}],"collection":[{"href":"https:\/\/www.gaveanews.com\/index.php\/wp-json\/wp\/v2\/posts"}],"about":[{"href":"https:\/\/www.gaveanews.com\/index.php\/wp-json\/wp\/v2\/types\/post"}],"author":[{"embeddable":true,"href":"https:\/\/www.gaveanews.com\/index.php\/wp-json\/wp\/v2\/users\/1"}],"replies":[{"embeddable":true,"href":"https:\/\/www.gaveanews.com\/index.php\/wp-json\/wp\/v2\/comments?post=77929"}],"version-history":[{"count":0,"href":"https:\/\/www.gaveanews.com\/index.php\/wp-json\/wp\/v2\/posts\/77929\/revisions"}],"wp:featuredmedia":[{"embeddable":true,"href":"https:\/\/www.gaveanews.com\/index.php\/wp-json\/wp\/v2\/media\/77278"}],"wp:attachment":[{"href":"https:\/\/www.gaveanews.com\/index.php\/wp-json\/wp\/v2\/media?parent=77929"}],"wp:term":[{"taxonomy":"category","embeddable":true,"href":"https:\/\/www.gaveanews.com\/index.php\/wp-json\/wp\/v2\/categories?post=77929"},{"taxonomy":"post_tag","embeddable":true,"href":"https:\/\/www.gaveanews.com\/index.php\/wp-json\/wp\/v2\/tags?post=77929"}],"curies":[{"name":"wp","href":"https:\/\/api.w.org\/{rel}","templated":true}]}}