{"id":77932,"date":"2022-03-08T10:37:15","date_gmt":"2022-03-08T13:37:15","guid":{"rendered":"https:\/\/www.gaveanews.com\/?p=77932"},"modified":"2022-03-08T10:37:15","modified_gmt":"2022-03-08T13:37:15","slug":"paulo-sousa-e-o-novo-domenec-diz-milton-neves-sobre-o-flamengo","status":"publish","type":"post","link":"https:\/\/www.gaveanews.com\/index.php\/2022\/03\/08\/paulo-sousa-e-o-novo-domenec-diz-milton-neves-sobre-o-flamengo\/","title":{"rendered":"&#8220;Paulo Sousa \u00e9 o novo Dom\u00e8nec&#8221;, diz Milton Neves sobre o Flamengo"},"content":{"rendered":"<p>A chegada de Paulo Sousa trouxe uma s\u00e9rie de mudan\u00e7as para o time do Flamengo. Com o objetivo de trazer novas t\u00e9cnicas e ideias ao elenco, o treinador segue a programa\u00e7\u00e3o do clube com a pr\u00e9-temporada.<\/p>\n<p>Neste meio-tempo, o comandante aproveita os compromissos do Campeonato Carioca para implementar suas ideias na pr\u00e1ticas e fazer testes. No entanto, embora tenha sido abra\u00e7ada pela grande maioria dos torcedores, a metodologia do t\u00e9cnico foi alvo de cr\u00edticas de Milton Neves.<\/p>\n<p>Para o apresentador da Bandeirantes, Paulo Sousa n\u00e3o resolveu os problemas da equipe rubro-negra e a situa\u00e7\u00e3o do time vai continuar sem solu\u00e7\u00f5es. Ele ainda comparou o treinador com os profissionais que trabalharam no clube antes do portugu\u00eas.<\/p>\n<p><strong><em>\u2014 O Flamengo continua perdido como barata tonta, mesmo tendo um elenco \u201ceuropeu\u201d. Dom\u00e8nec foi um vexame, Renato Ga\u00facho come\u00e7ou como um foguete e acabou como um fusca e, pelo visto, Paulo Sousa n\u00e3o est\u00e1 empolgando tamb\u00e9m. Depois da suada vit\u00f3ria no apito diante do Vasco, tem gente at\u00e9 dizendo l\u00e1 no Rio que ele \u00e9 o \u201cNovo Dom\u00e8nec\u201d.<\/em><\/strong><\/p>\n<p>Milton Neves ainda foi mais al\u00e9m e afirmou que o melhor t\u00e9cnico do Flamengo desde Jorge Jesus foi Rog\u00e9rio Ceni, j\u00e1 que ele foi o \u00fanico a conquistar t\u00edtulos com o elenco desde a sa\u00edda de Mister.<\/p>\n<p><strong><em>\u2014 A grande burrada mesmo da diretoria do Fla foi a demiss\u00e3o do top Rog\u00e9rio Ceni, que brilhou no \u00faltimo s\u00e1bado, colocando o badalado V\u00edtor Pereira no bolso. Depois que Jesus saiu, s\u00f3 Ceni foi campe\u00e3o com o Meng\u00e3o.<\/em><\/strong><\/p>\n<p>Em seguida, o apresentador continuou seu discurso de descren\u00e7a no comando de Paulo Sousa e abriu apostas sobre quando o t\u00e9cnico deixar\u00e1 o Flamengo.<\/p>\n<p><strong><em>\u2014 J\u00e1 come\u00e7o aqui um bol\u00e3o: quando cair\u00e1 Paulo Sousa? Eu acho que ele n\u00e3o chegar\u00e1 a comer bacalhau no Rio na Sexta-Feira Santa!<\/em><\/strong><\/p>\n","protected":false},"excerpt":{"rendered":"<p>A chegada de Paulo Sousa trouxe uma s\u00e9rie de mudan\u00e7as para o time do Flamengo. Com o objetivo de trazer novas t\u00e9cnicas e ideias ao elenco, o treinador segue a programa\u00e7\u00e3o do clube com a pr\u00e9-temporada. Neste meio-tempo, o comandante aproveita os compromissos do Campeonato Carioca para implementar suas ideias na pr\u00e1ticas e fazer testes. [&hellip;]<\/p>\n","protected":false},"author":4,"featured_media":74969,"comment_status":"open","ping_status":"closed","sticky":false,"template":"","format":"standard","meta":{"footnotes":""},"categories":[1],"tags":[],"class_list":["post-77932","post","type-post","status-publish","format-standard","has-post-thumbnail","hentry","category-flamengo"],"yoast_head":"<!-- This site is optimized with the Yoast SEO Premium plugin v24.2 (Yoast SEO v26.9) - https:\/\/yoast.com\/product\/yoast-seo-premium-wordpress\/ -->\n<title>&quot;Paulo Sousa \u00e9 o novo Dom\u00e8nec&quot;, diz Milton Neves sobre o Flamengo<\/title>\n<meta name=\"robots\" content=\"index, follow, max-snippet:-1, max-image-preview:large, max-video-preview:-1\" \/>\n<link rel=\"canonical\" href=\"https:\/\/www.gaveanews.com\/index.php\/2022\/03\/08\/paulo-sousa-e-o-novo-domenec-diz-milton-neves-sobre-o-flamengo\/\" \/>\n<meta property=\"og:locale\" content=\"pt_BR\" \/>\n<meta property=\"og:type\" content=\"article\" \/>\n<meta property=\"og:title\" content=\"&quot;Paulo Sousa \u00e9 o novo Dom\u00e8nec&quot;, diz Milton Neves sobre o Flamengo\" \/>\n<meta property=\"og:description\" content=\"A chegada de Paulo Sousa trouxe uma s\u00e9rie de mudan\u00e7as para o time do Flamengo. Com o objetivo de trazer novas t\u00e9cnicas e ideias ao elenco, o treinador segue a programa\u00e7\u00e3o do clube com a pr\u00e9-temporada. Neste meio-tempo, o comandante aproveita os compromissos do Campeonato Carioca para implementar suas ideias na pr\u00e1ticas e fazer testes. [&hellip;]\" \/>\n<meta property=\"og:url\" content=\"https:\/\/www.gaveanews.com\/index.php\/2022\/03\/08\/paulo-sousa-e-o-novo-domenec-diz-milton-neves-sobre-o-flamengo\/\" \/>\n<meta property=\"og:site_name\" content=\"G\u00e1vea News\" \/>\n<meta property=\"article:publisher\" content=\"https:\/\/facebook.com\/gaveaNews\/\" \/>\n<meta property=\"article:published_time\" content=\"2022-03-08T13:37:15+00:00\" \/>\n<meta property=\"og:image\" content=\"https:\/\/www.gaveanews.com\/wp-content\/uploads\/Paulo-Sousa-em-treinamento-do-Flamengo-no-Ninho-do-Urubu.webp\" \/>\n\t<meta property=\"og:image:width\" content=\"800\" \/>\n\t<meta property=\"og:image:height\" content=\"533\" \/>\n\t<meta property=\"og:image:type\" content=\"image\/jpeg\" \/>\n<meta name=\"author\" content=\"Let\u00edcia Gerheim\" \/>\n<meta name=\"twitter:card\" content=\"summary_large_image\" \/>\n<meta name=\"twitter:label1\" content=\"Escrito por\" \/>\n\t<meta name=\"twitter:data1\" content=\"Let\u00edcia Gerheim\" \/>\n\t<meta name=\"twitter:label2\" content=\"Est. tempo de leitura\" \/>\n\t<meta name=\"twitter:data2\" content=\"2 minutos\" \/>\n<script type=\"application\/ld+json\" class=\"yoast-schema-graph\">{\"@context\":\"https:\/\/schema.org\",\"@graph\":[{\"@type\":\"NewsArticle\",\"@id\":\"https:\/\/www.gaveanews.com\/index.php\/2022\/03\/08\/paulo-sousa-e-o-novo-domenec-diz-milton-neves-sobre-o-flamengo\/#article\",\"isPartOf\":{\"@id\":\"https:\/\/www.gaveanews.com\/index.php\/2022\/03\/08\/paulo-sousa-e-o-novo-domenec-diz-milton-neves-sobre-o-flamengo\/\"},\"author\":{\"name\":\"Let\u00edcia Gerheim\",\"@id\":\"https:\/\/www.gaveanews.com\/#\/schema\/person\/714c67050b836198af2450ba1c142a67\"},\"headline\":\"&#8220;Paulo Sousa \u00e9 o novo Dom\u00e8nec&#8221;, diz Milton Neves sobre o Flamengo\",\"datePublished\":\"2022-03-08T13:37:15+00:00\",\"mainEntityOfPage\":{\"@id\":\"https:\/\/www.gaveanews.com\/index.php\/2022\/03\/08\/paulo-sousa-e-o-novo-domenec-diz-milton-neves-sobre-o-flamengo\/\"},\"wordCount\":342,\"commentCount\":41,\"image\":{\"@id\":\"https:\/\/www.gaveanews.com\/index.php\/2022\/03\/08\/paulo-sousa-e-o-novo-domenec-diz-milton-neves-sobre-o-flamengo\/#primaryimage\"},\"thumbnailUrl\":\"https:\/\/www.gaveanews.com\/wp-content\/uploads\/Paulo-Sousa-em-treinamento-do-Flamengo-no-Ninho-do-Urubu.webp\",\"articleSection\":[\"Flamengo\"],\"inLanguage\":\"pt-BR\",\"potentialAction\":[{\"@type\":\"CommentAction\",\"name\":\"Comment\",\"target\":[\"https:\/\/www.gaveanews.com\/index.php\/2022\/03\/08\/paulo-sousa-e-o-novo-domenec-diz-milton-neves-sobre-o-flamengo\/#respond\"]}],\"copyrightYear\":\"2022\",\"copyrightHolder\":{\"@id\":\"https:\/\/www.gaveanews.com\/#organization\"}},{\"@type\":\"WebPage\",\"@id\":\"https:\/\/www.gaveanews.com\/index.php\/2022\/03\/08\/paulo-sousa-e-o-novo-domenec-diz-milton-neves-sobre-o-flamengo\/\",\"url\":\"https:\/\/www.gaveanews.com\/index.php\/2022\/03\/08\/paulo-sousa-e-o-novo-domenec-diz-milton-neves-sobre-o-flamengo\/\",\"name\":\"\\\"Paulo Sousa \u00e9 o novo Dom\u00e8nec\\\", diz Milton Neves sobre o Flamengo\",\"isPartOf\":{\"@id\":\"https:\/\/www.gaveanews.com\/#website\"},\"primaryImageOfPage\":{\"@id\":\"https:\/\/www.gaveanews.com\/index.php\/2022\/03\/08\/paulo-sousa-e-o-novo-domenec-diz-milton-neves-sobre-o-flamengo\/#primaryimage\"},\"image\":{\"@id\":\"https:\/\/www.gaveanews.com\/index.php\/2022\/03\/08\/paulo-sousa-e-o-novo-domenec-diz-milton-neves-sobre-o-flamengo\/#primaryimage\"},\"thumbnailUrl\":\"https:\/\/www.gaveanews.com\/wp-content\/uploads\/Paulo-Sousa-em-treinamento-do-Flamengo-no-Ninho-do-Urubu.webp\",\"datePublished\":\"2022-03-08T13:37:15+00:00\",\"author\":{\"@id\":\"https:\/\/www.gaveanews.com\/#\/schema\/person\/714c67050b836198af2450ba1c142a67\"},\"breadcrumb\":{\"@id\":\"https:\/\/www.gaveanews.com\/index.php\/2022\/03\/08\/paulo-sousa-e-o-novo-domenec-diz-milton-neves-sobre-o-flamengo\/#breadcrumb\"},\"inLanguage\":\"pt-BR\",\"potentialAction\":[{\"@type\":\"ReadAction\",\"target\":[\"https:\/\/www.gaveanews.com\/index.php\/2022\/03\/08\/paulo-sousa-e-o-novo-domenec-diz-milton-neves-sobre-o-flamengo\/\"]}]},{\"@type\":\"ImageObject\",\"inLanguage\":\"pt-BR\",\"@id\":\"https:\/\/www.gaveanews.com\/index.php\/2022\/03\/08\/paulo-sousa-e-o-novo-domenec-diz-milton-neves-sobre-o-flamengo\/#primaryimage\",\"url\":\"https:\/\/www.gaveanews.com\/wp-content\/uploads\/Paulo-Sousa-em-treinamento-do-Flamengo-no-Ninho-do-Urubu.webp\",\"contentUrl\":\"https:\/\/www.gaveanews.com\/wp-content\/uploads\/Paulo-Sousa-em-treinamento-do-Flamengo-no-Ninho-do-Urubu.webp\",\"width\":800,\"height\":533,\"caption\":\"Paulo Sousa em treinamento do Flamengo no Ninho do Urubu (Foto: Marcelo Cortes\/Flamengo)\"},{\"@type\":\"BreadcrumbList\",\"@id\":\"https:\/\/www.gaveanews.com\/index.php\/2022\/03\/08\/paulo-sousa-e-o-novo-domenec-diz-milton-neves-sobre-o-flamengo\/#breadcrumb\",\"itemListElement\":[{\"@type\":\"ListItem\",\"position\":1,\"name\":\"Home\",\"item\":\"https:\/\/www.gaveanews.com\/\"},{\"@type\":\"ListItem\",\"position\":2,\"name\":\"&#8220;Paulo Sousa \u00e9 o novo Dom\u00e8nec&#8221;, diz Milton Neves sobre o Flamengo\"}]},{\"@type\":\"WebSite\",\"@id\":\"https:\/\/www.gaveanews.com\/#website\",\"url\":\"https:\/\/www.gaveanews.com\/\",\"name\":\"G\u00e1vea News\",\"description\":\"Veja todas as not\u00edcias sobre o Flamengo: Contrata\u00e7\u00f5es, categorias de base, resultados das partidas, tabela de classifica\u00e7\u00e3o, pr\u00f3ximos jogos!\",\"potentialAction\":[{\"@type\":\"SearchAction\",\"target\":{\"@type\":\"EntryPoint\",\"urlTemplate\":\"https:\/\/www.gaveanews.com\/?s={search_term_string}\"},\"query-input\":{\"@type\":\"PropertyValueSpecification\",\"valueRequired\":true,\"valueName\":\"search_term_string\"}}],\"inLanguage\":\"pt-BR\"},{\"@type\":\"Person\",\"@id\":\"https:\/\/www.gaveanews.com\/#\/schema\/person\/714c67050b836198af2450ba1c142a67\",\"name\":\"Let\u00edcia Gerheim\",\"image\":{\"@type\":\"ImageObject\",\"inLanguage\":\"pt-BR\",\"@id\":\"https:\/\/www.gaveanews.com\/#\/schema\/person\/image\/\",\"url\":\"https:\/\/secure.gravatar.com\/avatar\/60734739c50fcebfbac509e2a826ccd0ff405c019bc73aab9354f19ecad1dcb4?s=96&d=mm&r=g\",\"contentUrl\":\"https:\/\/secure.gravatar.com\/avatar\/60734739c50fcebfbac509e2a826ccd0ff405c019bc73aab9354f19ecad1dcb4?s=96&d=mm&r=g\",\"caption\":\"Let\u00edcia Gerheim\"}}]}<\/script>\n<!-- \/ Yoast SEO Premium plugin. -->","yoast_head_json":{"title":"\"Paulo Sousa \u00e9 o novo Dom\u00e8nec\", diz Milton Neves sobre o Flamengo","robots":{"index":"index","follow":"follow","max-snippet":"max-snippet:-1","max-image-preview":"max-image-preview:large","max-video-preview":"max-video-preview:-1"},"canonical":"https:\/\/www.gaveanews.com\/index.php\/2022\/03\/08\/paulo-sousa-e-o-novo-domenec-diz-milton-neves-sobre-o-flamengo\/","og_locale":"pt_BR","og_type":"article","og_title":"\"Paulo Sousa \u00e9 o novo Dom\u00e8nec\", diz Milton Neves sobre o Flamengo","og_description":"A chegada de Paulo Sousa trouxe uma s\u00e9rie de mudan\u00e7as para o time do Flamengo. Com o objetivo de trazer novas t\u00e9cnicas e ideias ao elenco, o treinador segue a programa\u00e7\u00e3o do clube com a pr\u00e9-temporada. Neste meio-tempo, o comandante aproveita os compromissos do Campeonato Carioca para implementar suas ideias na pr\u00e1ticas e fazer testes. [&hellip;]","og_url":"https:\/\/www.gaveanews.com\/index.php\/2022\/03\/08\/paulo-sousa-e-o-novo-domenec-diz-milton-neves-sobre-o-flamengo\/","og_site_name":"G\u00e1vea News","article_publisher":"https:\/\/facebook.com\/gaveaNews\/","article_published_time":"2022-03-08T13:37:15+00:00","og_image":[{"width":800,"height":533,"url":"https:\/\/www.gaveanews.com\/wp-content\/uploads\/Paulo-Sousa-em-treinamento-do-Flamengo-no-Ninho-do-Urubu.webp","type":"image\/jpeg"}],"author":"Let\u00edcia Gerheim","twitter_card":"summary_large_image","twitter_misc":{"Escrito por":"Let\u00edcia Gerheim","Est. tempo de leitura":"2 minutos"},"schema":{"@context":"https:\/\/schema.org","@graph":[{"@type":"NewsArticle","@id":"https:\/\/www.gaveanews.com\/index.php\/2022\/03\/08\/paulo-sousa-e-o-novo-domenec-diz-milton-neves-sobre-o-flamengo\/#article","isPartOf":{"@id":"https:\/\/www.gaveanews.com\/index.php\/2022\/03\/08\/paulo-sousa-e-o-novo-domenec-diz-milton-neves-sobre-o-flamengo\/"},"author":{"name":"Let\u00edcia Gerheim","@id":"https:\/\/www.gaveanews.com\/#\/schema\/person\/714c67050b836198af2450ba1c142a67"},"headline":"&#8220;Paulo Sousa \u00e9 o novo Dom\u00e8nec&#8221;, diz Milton Neves sobre o Flamengo","datePublished":"2022-03-08T13:37:15+00:00","mainEntityOfPage":{"@id":"https:\/\/www.gaveanews.com\/index.php\/2022\/03\/08\/paulo-sousa-e-o-novo-domenec-diz-milton-neves-sobre-o-flamengo\/"},"wordCount":342,"commentCount":41,"image":{"@id":"https:\/\/www.gaveanews.com\/index.php\/2022\/03\/08\/paulo-sousa-e-o-novo-domenec-diz-milton-neves-sobre-o-flamengo\/#primaryimage"},"thumbnailUrl":"https:\/\/www.gaveanews.com\/wp-content\/uploads\/Paulo-Sousa-em-treinamento-do-Flamengo-no-Ninho-do-Urubu.webp","articleSection":["Flamengo"],"inLanguage":"pt-BR","potentialAction":[{"@type":"CommentAction","name":"Comment","target":["https:\/\/www.gaveanews.com\/index.php\/2022\/03\/08\/paulo-sousa-e-o-novo-domenec-diz-milton-neves-sobre-o-flamengo\/#respond"]}],"copyrightYear":"2022","copyrightHolder":{"@id":"https:\/\/www.gaveanews.com\/#organization"}},{"@type":"WebPage","@id":"https:\/\/www.gaveanews.com\/index.php\/2022\/03\/08\/paulo-sousa-e-o-novo-domenec-diz-milton-neves-sobre-o-flamengo\/","url":"https:\/\/www.gaveanews.com\/index.php\/2022\/03\/08\/paulo-sousa-e-o-novo-domenec-diz-milton-neves-sobre-o-flamengo\/","name":"\"Paulo Sousa \u00e9 o novo Dom\u00e8nec\", diz Milton Neves sobre o Flamengo","isPartOf":{"@id":"https:\/\/www.gaveanews.com\/#website"},"primaryImageOfPage":{"@id":"https:\/\/www.gaveanews.com\/index.php\/2022\/03\/08\/paulo-sousa-e-o-novo-domenec-diz-milton-neves-sobre-o-flamengo\/#primaryimage"},"image":{"@id":"https:\/\/www.gaveanews.com\/index.php\/2022\/03\/08\/paulo-sousa-e-o-novo-domenec-diz-milton-neves-sobre-o-flamengo\/#primaryimage"},"thumbnailUrl":"https:\/\/www.gaveanews.com\/wp-content\/uploads\/Paulo-Sousa-em-treinamento-do-Flamengo-no-Ninho-do-Urubu.webp","datePublished":"2022-03-08T13:37:15+00:00","author":{"@id":"https:\/\/www.gaveanews.com\/#\/schema\/person\/714c67050b836198af2450ba1c142a67"},"breadcrumb":{"@id":"https:\/\/www.gaveanews.com\/index.php\/2022\/03\/08\/paulo-sousa-e-o-novo-domenec-diz-milton-neves-sobre-o-flamengo\/#breadcrumb"},"inLanguage":"pt-BR","potentialAction":[{"@type":"ReadAction","target":["https:\/\/www.gaveanews.com\/index.php\/2022\/03\/08\/paulo-sousa-e-o-novo-domenec-diz-milton-neves-sobre-o-flamengo\/"]}]},{"@type":"ImageObject","inLanguage":"pt-BR","@id":"https:\/\/www.gaveanews.com\/index.php\/2022\/03\/08\/paulo-sousa-e-o-novo-domenec-diz-milton-neves-sobre-o-flamengo\/#primaryimage","url":"https:\/\/www.gaveanews.com\/wp-content\/uploads\/Paulo-Sousa-em-treinamento-do-Flamengo-no-Ninho-do-Urubu.webp","contentUrl":"https:\/\/www.gaveanews.com\/wp-content\/uploads\/Paulo-Sousa-em-treinamento-do-Flamengo-no-Ninho-do-Urubu.webp","width":800,"height":533,"caption":"Paulo Sousa em treinamento do Flamengo no Ninho do Urubu (Foto: Marcelo Cortes\/Flamengo)"},{"@type":"BreadcrumbList","@id":"https:\/\/www.gaveanews.com\/index.php\/2022\/03\/08\/paulo-sousa-e-o-novo-domenec-diz-milton-neves-sobre-o-flamengo\/#breadcrumb","itemListElement":[{"@type":"ListItem","position":1,"name":"Home","item":"https:\/\/www.gaveanews.com\/"},{"@type":"ListItem","position":2,"name":"&#8220;Paulo Sousa \u00e9 o novo Dom\u00e8nec&#8221;, diz Milton Neves sobre o Flamengo"}]},{"@type":"WebSite","@id":"https:\/\/www.gaveanews.com\/#website","url":"https:\/\/www.gaveanews.com\/","name":"G\u00e1vea News","description":"Veja todas as not\u00edcias sobre o Flamengo: Contrata\u00e7\u00f5es, categorias de base, resultados das partidas, tabela de classifica\u00e7\u00e3o, pr\u00f3ximos jogos!","potentialAction":[{"@type":"SearchAction","target":{"@type":"EntryPoint","urlTemplate":"https:\/\/www.gaveanews.com\/?s={search_term_string}"},"query-input":{"@type":"PropertyValueSpecification","valueRequired":true,"valueName":"search_term_string"}}],"inLanguage":"pt-BR"},{"@type":"Person","@id":"https:\/\/www.gaveanews.com\/#\/schema\/person\/714c67050b836198af2450ba1c142a67","name":"Let\u00edcia Gerheim","image":{"@type":"ImageObject","inLanguage":"pt-BR","@id":"https:\/\/www.gaveanews.com\/#\/schema\/person\/image\/","url":"https:\/\/secure.gravatar.com\/avatar\/60734739c50fcebfbac509e2a826ccd0ff405c019bc73aab9354f19ecad1dcb4?s=96&d=mm&r=g","contentUrl":"https:\/\/secure.gravatar.com\/avatar\/60734739c50fcebfbac509e2a826ccd0ff405c019bc73aab9354f19ecad1dcb4?s=96&d=mm&r=g","caption":"Let\u00edcia Gerheim"}}]}},"_links":{"self":[{"href":"https:\/\/www.gaveanews.com\/index.php\/wp-json\/wp\/v2\/posts\/77932","targetHints":{"allow":["GET"]}}],"collection":[{"href":"https:\/\/www.gaveanews.com\/index.php\/wp-json\/wp\/v2\/posts"}],"about":[{"href":"https:\/\/www.gaveanews.com\/index.php\/wp-json\/wp\/v2\/types\/post"}],"author":[{"embeddable":true,"href":"https:\/\/www.gaveanews.com\/index.php\/wp-json\/wp\/v2\/users\/4"}],"replies":[{"embeddable":true,"href":"https:\/\/www.gaveanews.com\/index.php\/wp-json\/wp\/v2\/comments?post=77932"}],"version-history":[{"count":0,"href":"https:\/\/www.gaveanews.com\/index.php\/wp-json\/wp\/v2\/posts\/77932\/revisions"}],"wp:featuredmedia":[{"embeddable":true,"href":"https:\/\/www.gaveanews.com\/index.php\/wp-json\/wp\/v2\/media\/74969"}],"wp:attachment":[{"href":"https:\/\/www.gaveanews.com\/index.php\/wp-json\/wp\/v2\/media?parent=77932"}],"wp:term":[{"taxonomy":"category","embeddable":true,"href":"https:\/\/www.gaveanews.com\/index.php\/wp-json\/wp\/v2\/categories?post=77932"},{"taxonomy":"post_tag","embeddable":true,"href":"https:\/\/www.gaveanews.com\/index.php\/wp-json\/wp\/v2\/tags?post=77932"}],"curies":[{"name":"wp","href":"https:\/\/api.w.org\/{rel}","templated":true}]}}