{"id":78207,"date":"2022-03-11T13:21:34","date_gmt":"2022-03-11T16:21:34","guid":{"rendered":"https:\/\/www.gaveanews.com\/?p=78207"},"modified":"2022-03-11T13:21:34","modified_gmt":"2022-03-11T16:21:34","slug":"dirigente-do-flamengo-tera-que-pagar-indenizacao-para-abel-braga","status":"publish","type":"post","link":"https:\/\/www.gaveanews.com\/index.php\/2022\/03\/11\/dirigente-do-flamengo-tera-que-pagar-indenizacao-para-abel-braga\/","title":{"rendered":"Dirigente do Flamengo ter\u00e1 que pagar indeniza\u00e7\u00e3o para Abel Braga"},"content":{"rendered":"<p>Atualmente no Fluminense, o t\u00e9cnico Abel Braga conseguiu uma vit\u00f3ria na Justi\u00e7a contra Luiz Eduardo Baptista, vice de Rela\u00e7\u00f5es Externas do Flamengo. Conhecido como BAP, o dirigente foi condenado a pagar R$ 50 mil ao treinador por t\u00ea-lo chamado de \u201cb\u00eabado\u201d e \u201cdrogado\u201d enquanto ele comandava o Flamengo. A informa\u00e7\u00e3o foi dada pelo ge.<\/p>\n<p>As declara\u00e7\u00f5es foram feitas numa entrevista ao blog Ser Flamengo, em junho de 2020. A senten\u00e7a foi divulgada nesta sexta-feira, pela 4\u00aa Vara C\u00edvel, do F\u00f3rum Regional de Pinheiros, em S\u00e3o Paulo e ainda cabe recurso. Por sua vez, Abel Braga revelou um ato nobre a publica\u00e7\u00e3o sobre o valor.<\/p>\n<p>O treinador afirmou que ir\u00e1 destinar o valor da indeniza\u00e7\u00e3o \u00e0s fam\u00edlias v\u00edtimas do inc\u00eandio no Ninho do Urubu. Na seten\u00e7a, a ju\u00edza Marina Balester Mello de Godoy acolheu a tese dos advogados de Abel e considerou que o vice do Flamengo \u201cusurpou a liberdade de express\u00e3o\u201d:<\/p>\n<p>\u201cEm que pese o r\u00e9u alegue que n\u00e3o tinha a inten\u00e7\u00e3o de ofender o autor e at\u00e9 j\u00e1 se retratou publicamente a respeito, est\u00e1 evidente que, adequadamente contextualizada, a declara\u00e7\u00e3o feita, mesmo que de modo informal,\u00a0excedeu a mera cr\u00edtica \u00e0s escolhas t\u00e9cnicas do autor e usurpou a liberdade de express\u00e3o, porque, ao se questionar a sobriedade ou o uso de drogas pelo autor durante o exerc\u00edcio de sua profiss\u00e3o, durante uma entrevista, causou-lhe ofensas \u00e0 honra e \u00e0 sua reputa\u00e7\u00e3o como treinador, mormente por ser figura p\u00fablica e renomada no meio futebol\u00edstico. N\u00e3o bastasse isso, as declara\u00e7\u00f5es foram feitas em canal acess\u00edvel ao p\u00fablico, propagando-se rapidamente e causando significativa repercuss\u00e3o negativa, a evidenciar o cunho ofensivo das falas do r\u00e9u\u201d.<\/p>\n<p>A fala de BAP sobre Abel Braga foi:<\/p>\n<p><em><strong>\u2014 Houve um momento em que a gente achava, e que a gente discutia internamente entre a gente, que ele devia t\u00e1 de sacanagem. A gente olhava ele dando entrevista e a gente falava: \u201ccara, tem alguma coisa que a gente n\u00e3o t\u00e1 entendendo. Ou ele bebeu, ou ele t\u00e1 drogado. N\u00e3o \u00e9 poss\u00edvel que ele esteja falando o que ele t\u00e1 falando&#8221;.<\/strong><\/em><\/p>\n<p>Retirado de: Mercado do Futebol<\/p>\n","protected":false},"excerpt":{"rendered":"<p>Atualmente no Fluminense, o t\u00e9cnico Abel Braga conseguiu uma vit\u00f3ria na Justi\u00e7a contra Luiz Eduardo Baptista, vice de Rela\u00e7\u00f5es Externas do Flamengo. Conhecido como BAP, o dirigente foi condenado a pagar R$ 50 mil ao treinador por t\u00ea-lo chamado de \u201cb\u00eabado\u201d e \u201cdrogado\u201d enquanto ele comandava o Flamengo. A informa\u00e7\u00e3o foi dada pelo ge. As [&hellip;]<\/p>\n","protected":false},"author":1,"featured_media":14950,"comment_status":"open","ping_status":"closed","sticky":false,"template":"","format":"standard","meta":{"footnotes":""},"categories":[1],"tags":[],"class_list":["post-78207","post","type-post","status-publish","format-standard","has-post-thumbnail","hentry","category-flamengo"],"yoast_head":"<!-- This site is optimized with the Yoast SEO Premium plugin v24.2 (Yoast SEO v26.9) - https:\/\/yoast.com\/product\/yoast-seo-premium-wordpress\/ -->\n<title>Dirigente do Flamengo ter\u00e1 que pagar indeniza\u00e7\u00e3o para Abel Braga<\/title>\n<meta name=\"robots\" content=\"index, follow, max-snippet:-1, max-image-preview:large, max-video-preview:-1\" \/>\n<link rel=\"canonical\" href=\"https:\/\/www.gaveanews.com\/index.php\/2022\/03\/11\/dirigente-do-flamengo-tera-que-pagar-indenizacao-para-abel-braga\/\" \/>\n<meta property=\"og:locale\" content=\"pt_BR\" \/>\n<meta property=\"og:type\" content=\"article\" \/>\n<meta property=\"og:title\" content=\"Dirigente do Flamengo ter\u00e1 que pagar indeniza\u00e7\u00e3o para Abel Braga\" \/>\n<meta property=\"og:description\" content=\"Atualmente no Fluminense, o t\u00e9cnico Abel Braga conseguiu uma vit\u00f3ria na Justi\u00e7a contra Luiz Eduardo Baptista, vice de Rela\u00e7\u00f5es Externas do Flamengo. Conhecido como BAP, o dirigente foi condenado a pagar R$ 50 mil ao treinador por t\u00ea-lo chamado de \u201cb\u00eabado\u201d e \u201cdrogado\u201d enquanto ele comandava o Flamengo. A informa\u00e7\u00e3o foi dada pelo ge. As [&hellip;]\" \/>\n<meta property=\"og:url\" content=\"https:\/\/www.gaveanews.com\/index.php\/2022\/03\/11\/dirigente-do-flamengo-tera-que-pagar-indenizacao-para-abel-braga\/\" \/>\n<meta property=\"og:site_name\" content=\"G\u00e1vea News\" \/>\n<meta property=\"article:publisher\" content=\"https:\/\/facebook.com\/gaveaNews\/\" \/>\n<meta property=\"article:published_time\" content=\"2022-03-11T16:21:34+00:00\" \/>\n<meta property=\"og:image\" content=\"https:\/\/www.gaveanews.com\/wp-content\/uploads\/2019\/03\/Abel-Braga-gesticula-para-orientar-jogadores-do-Flamengo-durante-o-classico-contra-o-Vasco.webp\" \/>\n\t<meta property=\"og:image:width\" content=\"1\" \/>\n\t<meta property=\"og:image:height\" content=\"1\" \/>\n\t<meta property=\"og:image:type\" content=\"image\/jpeg\" \/>\n<meta name=\"author\" content=\"Equipe G\u00e1vea News\" \/>\n<meta name=\"twitter:card\" content=\"summary_large_image\" \/>\n<meta name=\"twitter:label1\" content=\"Escrito por\" \/>\n\t<meta name=\"twitter:data1\" content=\"Equipe G\u00e1vea News\" \/>\n\t<meta name=\"twitter:label2\" content=\"Est. tempo de leitura\" \/>\n\t<meta name=\"twitter:data2\" content=\"2 minutos\" \/>\n<script type=\"application\/ld+json\" class=\"yoast-schema-graph\">{\"@context\":\"https:\/\/schema.org\",\"@graph\":[{\"@type\":\"NewsArticle\",\"@id\":\"https:\/\/www.gaveanews.com\/index.php\/2022\/03\/11\/dirigente-do-flamengo-tera-que-pagar-indenizacao-para-abel-braga\/#article\",\"isPartOf\":{\"@id\":\"https:\/\/www.gaveanews.com\/index.php\/2022\/03\/11\/dirigente-do-flamengo-tera-que-pagar-indenizacao-para-abel-braga\/\"},\"author\":{\"name\":\"Equipe G\u00e1vea News\",\"@id\":\"https:\/\/www.gaveanews.com\/#\/schema\/person\/2ec14f73fb96be2caf28f91afb14749d\"},\"headline\":\"Dirigente do Flamengo ter\u00e1 que pagar indeniza\u00e7\u00e3o para Abel Braga\",\"datePublished\":\"2022-03-11T16:21:34+00:00\",\"mainEntityOfPage\":{\"@id\":\"https:\/\/www.gaveanews.com\/index.php\/2022\/03\/11\/dirigente-do-flamengo-tera-que-pagar-indenizacao-para-abel-braga\/\"},\"wordCount\":393,\"commentCount\":0,\"image\":{\"@id\":\"https:\/\/www.gaveanews.com\/index.php\/2022\/03\/11\/dirigente-do-flamengo-tera-que-pagar-indenizacao-para-abel-braga\/#primaryimage\"},\"thumbnailUrl\":\"https:\/\/www.gaveanews.com\/wp-content\/uploads\/2019\/03\/Abel-Braga-gesticula-para-orientar-jogadores-do-Flamengo-durante-o-classico-contra-o-Vasco.webp\",\"articleSection\":[\"Flamengo\"],\"inLanguage\":\"pt-BR\",\"potentialAction\":[{\"@type\":\"CommentAction\",\"name\":\"Comment\",\"target\":[\"https:\/\/www.gaveanews.com\/index.php\/2022\/03\/11\/dirigente-do-flamengo-tera-que-pagar-indenizacao-para-abel-braga\/#respond\"]}],\"copyrightYear\":\"2022\",\"copyrightHolder\":{\"@id\":\"https:\/\/www.gaveanews.com\/#organization\"}},{\"@type\":\"WebPage\",\"@id\":\"https:\/\/www.gaveanews.com\/index.php\/2022\/03\/11\/dirigente-do-flamengo-tera-que-pagar-indenizacao-para-abel-braga\/\",\"url\":\"https:\/\/www.gaveanews.com\/index.php\/2022\/03\/11\/dirigente-do-flamengo-tera-que-pagar-indenizacao-para-abel-braga\/\",\"name\":\"Dirigente do Flamengo ter\u00e1 que pagar indeniza\u00e7\u00e3o para Abel Braga\",\"isPartOf\":{\"@id\":\"https:\/\/www.gaveanews.com\/#website\"},\"primaryImageOfPage\":{\"@id\":\"https:\/\/www.gaveanews.com\/index.php\/2022\/03\/11\/dirigente-do-flamengo-tera-que-pagar-indenizacao-para-abel-braga\/#primaryimage\"},\"image\":{\"@id\":\"https:\/\/www.gaveanews.com\/index.php\/2022\/03\/11\/dirigente-do-flamengo-tera-que-pagar-indenizacao-para-abel-braga\/#primaryimage\"},\"thumbnailUrl\":\"https:\/\/www.gaveanews.com\/wp-content\/uploads\/2019\/03\/Abel-Braga-gesticula-para-orientar-jogadores-do-Flamengo-durante-o-classico-contra-o-Vasco.webp\",\"datePublished\":\"2022-03-11T16:21:34+00:00\",\"author\":{\"@id\":\"https:\/\/www.gaveanews.com\/#\/schema\/person\/2ec14f73fb96be2caf28f91afb14749d\"},\"breadcrumb\":{\"@id\":\"https:\/\/www.gaveanews.com\/index.php\/2022\/03\/11\/dirigente-do-flamengo-tera-que-pagar-indenizacao-para-abel-braga\/#breadcrumb\"},\"inLanguage\":\"pt-BR\",\"potentialAction\":[{\"@type\":\"ReadAction\",\"target\":[\"https:\/\/www.gaveanews.com\/index.php\/2022\/03\/11\/dirigente-do-flamengo-tera-que-pagar-indenizacao-para-abel-braga\/\"]}]},{\"@type\":\"ImageObject\",\"inLanguage\":\"pt-BR\",\"@id\":\"https:\/\/www.gaveanews.com\/index.php\/2022\/03\/11\/dirigente-do-flamengo-tera-que-pagar-indenizacao-para-abel-braga\/#primaryimage\",\"url\":\"https:\/\/www.gaveanews.com\/wp-content\/uploads\/2019\/03\/Abel-Braga-gesticula-para-orientar-jogadores-do-Flamengo-durante-o-classico-contra-o-Vasco.webp\",\"contentUrl\":\"https:\/\/www.gaveanews.com\/wp-content\/uploads\/2019\/03\/Abel-Braga-gesticula-para-orientar-jogadores-do-Flamengo-durante-o-classico-contra-o-Vasco.webp\",\"width\":901,\"height\":600,\"caption\":\"Abel Braga gesticula para orientar jogadores do Flamengo, durante o cl\u00e1ssico contra o Vasco (Foto: Alexandre Vidal\/Flamengo)\"},{\"@type\":\"BreadcrumbList\",\"@id\":\"https:\/\/www.gaveanews.com\/index.php\/2022\/03\/11\/dirigente-do-flamengo-tera-que-pagar-indenizacao-para-abel-braga\/#breadcrumb\",\"itemListElement\":[{\"@type\":\"ListItem\",\"position\":1,\"name\":\"Home\",\"item\":\"https:\/\/www.gaveanews.com\/\"},{\"@type\":\"ListItem\",\"position\":2,\"name\":\"Dirigente do Flamengo ter\u00e1 que pagar indeniza\u00e7\u00e3o para Abel Braga\"}]},{\"@type\":\"WebSite\",\"@id\":\"https:\/\/www.gaveanews.com\/#website\",\"url\":\"https:\/\/www.gaveanews.com\/\",\"name\":\"G\u00e1vea News\",\"description\":\"Veja todas as not\u00edcias sobre o Flamengo: Contrata\u00e7\u00f5es, categorias de base, resultados das partidas, tabela de classifica\u00e7\u00e3o, pr\u00f3ximos jogos!\",\"potentialAction\":[{\"@type\":\"SearchAction\",\"target\":{\"@type\":\"EntryPoint\",\"urlTemplate\":\"https:\/\/www.gaveanews.com\/?s={search_term_string}\"},\"query-input\":{\"@type\":\"PropertyValueSpecification\",\"valueRequired\":true,\"valueName\":\"search_term_string\"}}],\"inLanguage\":\"pt-BR\"},{\"@type\":\"Person\",\"@id\":\"https:\/\/www.gaveanews.com\/#\/schema\/person\/2ec14f73fb96be2caf28f91afb14749d\",\"name\":\"Equipe G\u00e1vea News\",\"image\":{\"@type\":\"ImageObject\",\"inLanguage\":\"pt-BR\",\"@id\":\"https:\/\/www.gaveanews.com\/#\/schema\/person\/image\/\",\"url\":\"https:\/\/secure.gravatar.com\/avatar\/1e1956f1facbffd3f8fa53a326721950116b3b9dc9bd44939c01180fd4a745a9?s=96&d=mm&r=g\",\"contentUrl\":\"https:\/\/secure.gravatar.com\/avatar\/1e1956f1facbffd3f8fa53a326721950116b3b9dc9bd44939c01180fd4a745a9?s=96&d=mm&r=g\",\"caption\":\"Equipe G\u00e1vea News\"}}]}<\/script>\n<!-- \/ Yoast SEO Premium plugin. -->","yoast_head_json":{"title":"Dirigente do Flamengo ter\u00e1 que pagar indeniza\u00e7\u00e3o para Abel Braga","robots":{"index":"index","follow":"follow","max-snippet":"max-snippet:-1","max-image-preview":"max-image-preview:large","max-video-preview":"max-video-preview:-1"},"canonical":"https:\/\/www.gaveanews.com\/index.php\/2022\/03\/11\/dirigente-do-flamengo-tera-que-pagar-indenizacao-para-abel-braga\/","og_locale":"pt_BR","og_type":"article","og_title":"Dirigente do Flamengo ter\u00e1 que pagar indeniza\u00e7\u00e3o para Abel Braga","og_description":"Atualmente no Fluminense, o t\u00e9cnico Abel Braga conseguiu uma vit\u00f3ria na Justi\u00e7a contra Luiz Eduardo Baptista, vice de Rela\u00e7\u00f5es Externas do Flamengo. Conhecido como BAP, o dirigente foi condenado a pagar R$ 50 mil ao treinador por t\u00ea-lo chamado de \u201cb\u00eabado\u201d e \u201cdrogado\u201d enquanto ele comandava o Flamengo. A informa\u00e7\u00e3o foi dada pelo ge. As [&hellip;]","og_url":"https:\/\/www.gaveanews.com\/index.php\/2022\/03\/11\/dirigente-do-flamengo-tera-que-pagar-indenizacao-para-abel-braga\/","og_site_name":"G\u00e1vea News","article_publisher":"https:\/\/facebook.com\/gaveaNews\/","article_published_time":"2022-03-11T16:21:34+00:00","og_image":[{"url":"https:\/\/www.gaveanews.com\/wp-content\/uploads\/2019\/03\/Abel-Braga-gesticula-para-orientar-jogadores-do-Flamengo-durante-o-classico-contra-o-Vasco.webp","width":1,"height":1,"type":"image\/jpeg"}],"author":"Equipe G\u00e1vea News","twitter_card":"summary_large_image","twitter_misc":{"Escrito por":"Equipe G\u00e1vea News","Est. tempo de leitura":"2 minutos"},"schema":{"@context":"https:\/\/schema.org","@graph":[{"@type":"NewsArticle","@id":"https:\/\/www.gaveanews.com\/index.php\/2022\/03\/11\/dirigente-do-flamengo-tera-que-pagar-indenizacao-para-abel-braga\/#article","isPartOf":{"@id":"https:\/\/www.gaveanews.com\/index.php\/2022\/03\/11\/dirigente-do-flamengo-tera-que-pagar-indenizacao-para-abel-braga\/"},"author":{"name":"Equipe G\u00e1vea News","@id":"https:\/\/www.gaveanews.com\/#\/schema\/person\/2ec14f73fb96be2caf28f91afb14749d"},"headline":"Dirigente do Flamengo ter\u00e1 que pagar indeniza\u00e7\u00e3o para Abel Braga","datePublished":"2022-03-11T16:21:34+00:00","mainEntityOfPage":{"@id":"https:\/\/www.gaveanews.com\/index.php\/2022\/03\/11\/dirigente-do-flamengo-tera-que-pagar-indenizacao-para-abel-braga\/"},"wordCount":393,"commentCount":0,"image":{"@id":"https:\/\/www.gaveanews.com\/index.php\/2022\/03\/11\/dirigente-do-flamengo-tera-que-pagar-indenizacao-para-abel-braga\/#primaryimage"},"thumbnailUrl":"https:\/\/www.gaveanews.com\/wp-content\/uploads\/2019\/03\/Abel-Braga-gesticula-para-orientar-jogadores-do-Flamengo-durante-o-classico-contra-o-Vasco.webp","articleSection":["Flamengo"],"inLanguage":"pt-BR","potentialAction":[{"@type":"CommentAction","name":"Comment","target":["https:\/\/www.gaveanews.com\/index.php\/2022\/03\/11\/dirigente-do-flamengo-tera-que-pagar-indenizacao-para-abel-braga\/#respond"]}],"copyrightYear":"2022","copyrightHolder":{"@id":"https:\/\/www.gaveanews.com\/#organization"}},{"@type":"WebPage","@id":"https:\/\/www.gaveanews.com\/index.php\/2022\/03\/11\/dirigente-do-flamengo-tera-que-pagar-indenizacao-para-abel-braga\/","url":"https:\/\/www.gaveanews.com\/index.php\/2022\/03\/11\/dirigente-do-flamengo-tera-que-pagar-indenizacao-para-abel-braga\/","name":"Dirigente do Flamengo ter\u00e1 que pagar indeniza\u00e7\u00e3o para Abel Braga","isPartOf":{"@id":"https:\/\/www.gaveanews.com\/#website"},"primaryImageOfPage":{"@id":"https:\/\/www.gaveanews.com\/index.php\/2022\/03\/11\/dirigente-do-flamengo-tera-que-pagar-indenizacao-para-abel-braga\/#primaryimage"},"image":{"@id":"https:\/\/www.gaveanews.com\/index.php\/2022\/03\/11\/dirigente-do-flamengo-tera-que-pagar-indenizacao-para-abel-braga\/#primaryimage"},"thumbnailUrl":"https:\/\/www.gaveanews.com\/wp-content\/uploads\/2019\/03\/Abel-Braga-gesticula-para-orientar-jogadores-do-Flamengo-durante-o-classico-contra-o-Vasco.webp","datePublished":"2022-03-11T16:21:34+00:00","author":{"@id":"https:\/\/www.gaveanews.com\/#\/schema\/person\/2ec14f73fb96be2caf28f91afb14749d"},"breadcrumb":{"@id":"https:\/\/www.gaveanews.com\/index.php\/2022\/03\/11\/dirigente-do-flamengo-tera-que-pagar-indenizacao-para-abel-braga\/#breadcrumb"},"inLanguage":"pt-BR","potentialAction":[{"@type":"ReadAction","target":["https:\/\/www.gaveanews.com\/index.php\/2022\/03\/11\/dirigente-do-flamengo-tera-que-pagar-indenizacao-para-abel-braga\/"]}]},{"@type":"ImageObject","inLanguage":"pt-BR","@id":"https:\/\/www.gaveanews.com\/index.php\/2022\/03\/11\/dirigente-do-flamengo-tera-que-pagar-indenizacao-para-abel-braga\/#primaryimage","url":"https:\/\/www.gaveanews.com\/wp-content\/uploads\/2019\/03\/Abel-Braga-gesticula-para-orientar-jogadores-do-Flamengo-durante-o-classico-contra-o-Vasco.webp","contentUrl":"https:\/\/www.gaveanews.com\/wp-content\/uploads\/2019\/03\/Abel-Braga-gesticula-para-orientar-jogadores-do-Flamengo-durante-o-classico-contra-o-Vasco.webp","width":901,"height":600,"caption":"Abel Braga gesticula para orientar jogadores do Flamengo, durante o cl\u00e1ssico contra o Vasco (Foto: Alexandre Vidal\/Flamengo)"},{"@type":"BreadcrumbList","@id":"https:\/\/www.gaveanews.com\/index.php\/2022\/03\/11\/dirigente-do-flamengo-tera-que-pagar-indenizacao-para-abel-braga\/#breadcrumb","itemListElement":[{"@type":"ListItem","position":1,"name":"Home","item":"https:\/\/www.gaveanews.com\/"},{"@type":"ListItem","position":2,"name":"Dirigente do Flamengo ter\u00e1 que pagar indeniza\u00e7\u00e3o para Abel Braga"}]},{"@type":"WebSite","@id":"https:\/\/www.gaveanews.com\/#website","url":"https:\/\/www.gaveanews.com\/","name":"G\u00e1vea News","description":"Veja todas as not\u00edcias sobre o Flamengo: Contrata\u00e7\u00f5es, categorias de base, resultados das partidas, tabela de classifica\u00e7\u00e3o, pr\u00f3ximos jogos!","potentialAction":[{"@type":"SearchAction","target":{"@type":"EntryPoint","urlTemplate":"https:\/\/www.gaveanews.com\/?s={search_term_string}"},"query-input":{"@type":"PropertyValueSpecification","valueRequired":true,"valueName":"search_term_string"}}],"inLanguage":"pt-BR"},{"@type":"Person","@id":"https:\/\/www.gaveanews.com\/#\/schema\/person\/2ec14f73fb96be2caf28f91afb14749d","name":"Equipe G\u00e1vea News","image":{"@type":"ImageObject","inLanguage":"pt-BR","@id":"https:\/\/www.gaveanews.com\/#\/schema\/person\/image\/","url":"https:\/\/secure.gravatar.com\/avatar\/1e1956f1facbffd3f8fa53a326721950116b3b9dc9bd44939c01180fd4a745a9?s=96&d=mm&r=g","contentUrl":"https:\/\/secure.gravatar.com\/avatar\/1e1956f1facbffd3f8fa53a326721950116b3b9dc9bd44939c01180fd4a745a9?s=96&d=mm&r=g","caption":"Equipe G\u00e1vea News"}}]}},"_links":{"self":[{"href":"https:\/\/www.gaveanews.com\/index.php\/wp-json\/wp\/v2\/posts\/78207","targetHints":{"allow":["GET"]}}],"collection":[{"href":"https:\/\/www.gaveanews.com\/index.php\/wp-json\/wp\/v2\/posts"}],"about":[{"href":"https:\/\/www.gaveanews.com\/index.php\/wp-json\/wp\/v2\/types\/post"}],"author":[{"embeddable":true,"href":"https:\/\/www.gaveanews.com\/index.php\/wp-json\/wp\/v2\/users\/1"}],"replies":[{"embeddable":true,"href":"https:\/\/www.gaveanews.com\/index.php\/wp-json\/wp\/v2\/comments?post=78207"}],"version-history":[{"count":0,"href":"https:\/\/www.gaveanews.com\/index.php\/wp-json\/wp\/v2\/posts\/78207\/revisions"}],"wp:featuredmedia":[{"embeddable":true,"href":"https:\/\/www.gaveanews.com\/index.php\/wp-json\/wp\/v2\/media\/14950"}],"wp:attachment":[{"href":"https:\/\/www.gaveanews.com\/index.php\/wp-json\/wp\/v2\/media?parent=78207"}],"wp:term":[{"taxonomy":"category","embeddable":true,"href":"https:\/\/www.gaveanews.com\/index.php\/wp-json\/wp\/v2\/categories?post=78207"},{"taxonomy":"post_tag","embeddable":true,"href":"https:\/\/www.gaveanews.com\/index.php\/wp-json\/wp\/v2\/tags?post=78207"}],"curies":[{"name":"wp","href":"https:\/\/api.w.org\/{rel}","templated":true}]}}