{"id":78467,"date":"2022-03-16T22:22:57","date_gmt":"2022-03-17T01:22:57","guid":{"rendered":"https:\/\/www.gaveanews.com\/?p=78467"},"modified":"2022-03-16T22:22:57","modified_gmt":"2022-03-17T01:22:57","slug":"ex-atacante-do-flamengo-entra-com-acao-e-cobra-indenizacao","status":"publish","type":"post","link":"https:\/\/www.gaveanews.com\/index.php\/2022\/03\/16\/ex-atacante-do-flamengo-entra-com-acao-e-cobra-indenizacao\/","title":{"rendered":"Ex-atacante do Flamengo entra com a\u00e7\u00e3o e cobra indeniza\u00e7\u00e3o"},"content":{"rendered":"<p>Ex-atacante do Flamengo, Luiz\u00e3o cobrou R$ 25 mil da editora Panini por ter aparecido no \u00e1lbum \u2018Flamengo Sempre Eu Hei de Ser \u2013 Mais de 100 Anos de Hist\u00f3ria\u2019. No livro ilustrado, o ex-jogador aparece na figurinha da decis\u00e3o da Copa do Brasil de 2006. De acordo com o \u2018UOL\u2019, Luiz\u00e3o entrou com a\u00e7\u00e3o por n\u00e3o ter autorizado uso de sua imagem.<\/p>\n<p>Em processo por danos morais, a defesa do ex-jogador afirma que Luiz\u00e3o \u201cjamais concedeu qualquer autoriza\u00e7\u00e3o \u00e0 r\u00e9 para utilizar suas caracter\u00edsticas pessoais em imagens adesivas (figurinhas), tampouco, por interm\u00e9dio dos clubes em que jogou, n\u00e3o havendo um \u00fanico entendimento traduzido em documento que permitisse a cess\u00e3o de sua imagem da forma como vinculada pela r\u00e9\u201d.<\/p>\n<figure style=\"width: 860px\" class=\"wp-caption alignnone\"><img loading=\"lazy\" decoding=\"async\" src=\"https:\/\/www.flaresenha.com\/wp-content\/uploads\/2021\/02\/luizao-flamengo.webp\" alt=\"\" width=\"860\" height=\"575\" \/><figcaption class=\"wp-caption-text\">Luiz\u00e3o em a\u00e7\u00e3o pelo Flamengo<\/figcaption><\/figure>\n<p>A defesa tamb\u00e9m afirmou que o ex-atacante tomou conhecimento do fato em 2019 e o descreveu como \u201cum dos maiores jogadores de futebol de todos os tempos\u201d, com \u201cmais de 500 gols, sendo conhecido n\u00e3o s\u00f3 pelo faro artilheiro, como pela beleza com que fazia a bola balan\u00e7ar as redes\u201d.<\/p>\n<p>Retirado de: Di\u00e1rio do Fla<\/p>\n","protected":false},"excerpt":{"rendered":"<p>Ex-atacante do Flamengo, Luiz\u00e3o cobrou R$ 25 mil da editora Panini por ter aparecido no \u00e1lbum \u2018Flamengo Sempre Eu Hei de Ser \u2013 Mais de 100 Anos de Hist\u00f3ria\u2019. No livro ilustrado, o ex-jogador aparece na figurinha da decis\u00e3o da Copa do Brasil de 2006. De acordo com o \u2018UOL\u2019, Luiz\u00e3o entrou com a\u00e7\u00e3o por [&hellip;]<\/p>\n","protected":false},"author":1,"featured_media":76324,"comment_status":"open","ping_status":"closed","sticky":false,"template":"","format":"standard","meta":{"footnotes":""},"categories":[47],"tags":[],"class_list":["post-78467","post","type-post","status-publish","format-standard","has-post-thumbnail","hentry","category-destaques"],"yoast_head":"<!-- This site is optimized with the Yoast SEO Premium plugin v24.2 (Yoast SEO v26.9) - https:\/\/yoast.com\/product\/yoast-seo-premium-wordpress\/ -->\n<title>Ex-atacante do Flamengo entra com a\u00e7\u00e3o e cobra indeniza\u00e7\u00e3o<\/title>\n<meta name=\"robots\" content=\"index, follow, max-snippet:-1, max-image-preview:large, max-video-preview:-1\" \/>\n<link rel=\"canonical\" href=\"https:\/\/www.gaveanews.com\/index.php\/2022\/03\/16\/ex-atacante-do-flamengo-entra-com-acao-e-cobra-indenizacao\/\" \/>\n<meta property=\"og:locale\" content=\"pt_BR\" \/>\n<meta property=\"og:type\" content=\"article\" \/>\n<meta property=\"og:title\" content=\"Ex-atacante do Flamengo entra com a\u00e7\u00e3o e cobra indeniza\u00e7\u00e3o\" \/>\n<meta property=\"og:description\" content=\"Ex-atacante do Flamengo, Luiz\u00e3o cobrou R$ 25 mil da editora Panini por ter aparecido no \u00e1lbum \u2018Flamengo Sempre Eu Hei de Ser \u2013 Mais de 100 Anos de Hist\u00f3ria\u2019. No livro ilustrado, o ex-jogador aparece na figurinha da decis\u00e3o da Copa do Brasil de 2006. De acordo com o \u2018UOL\u2019, Luiz\u00e3o entrou com a\u00e7\u00e3o por [&hellip;]\" \/>\n<meta property=\"og:url\" content=\"https:\/\/www.gaveanews.com\/index.php\/2022\/03\/16\/ex-atacante-do-flamengo-entra-com-acao-e-cobra-indenizacao\/\" \/>\n<meta property=\"og:site_name\" content=\"G\u00e1vea News\" \/>\n<meta property=\"article:publisher\" content=\"https:\/\/facebook.com\/gaveaNews\/\" \/>\n<meta property=\"article:published_time\" content=\"2022-03-17T01:22:57+00:00\" \/>\n<meta property=\"og:image\" content=\"https:\/\/www.gaveanews.com\/wp-content\/uploads\/Ninho-do-Urubu.webp\" \/>\n\t<meta property=\"og:image:width\" content=\"846\" \/>\n\t<meta property=\"og:image:height\" content=\"563\" \/>\n\t<meta property=\"og:image:type\" content=\"image\/jpeg\" \/>\n<meta name=\"author\" content=\"Equipe G\u00e1vea News\" \/>\n<meta name=\"twitter:card\" content=\"summary_large_image\" \/>\n<meta name=\"twitter:label1\" content=\"Escrito por\" \/>\n\t<meta name=\"twitter:data1\" content=\"Equipe G\u00e1vea News\" \/>\n\t<meta name=\"twitter:label2\" content=\"Est. tempo de leitura\" \/>\n\t<meta name=\"twitter:data2\" content=\"2 minutos\" \/>\n<script type=\"application\/ld+json\" class=\"yoast-schema-graph\">{\"@context\":\"https:\/\/schema.org\",\"@graph\":[{\"@type\":\"NewsArticle\",\"@id\":\"https:\/\/www.gaveanews.com\/index.php\/2022\/03\/16\/ex-atacante-do-flamengo-entra-com-acao-e-cobra-indenizacao\/#article\",\"isPartOf\":{\"@id\":\"https:\/\/www.gaveanews.com\/index.php\/2022\/03\/16\/ex-atacante-do-flamengo-entra-com-acao-e-cobra-indenizacao\/\"},\"author\":{\"name\":\"Equipe G\u00e1vea News\",\"@id\":\"https:\/\/www.gaveanews.com\/#\/schema\/person\/2ec14f73fb96be2caf28f91afb14749d\"},\"headline\":\"Ex-atacante do Flamengo entra com a\u00e7\u00e3o e cobra indeniza\u00e7\u00e3o\",\"datePublished\":\"2022-03-17T01:22:57+00:00\",\"mainEntityOfPage\":{\"@id\":\"https:\/\/www.gaveanews.com\/index.php\/2022\/03\/16\/ex-atacante-do-flamengo-entra-com-acao-e-cobra-indenizacao\/\"},\"wordCount\":206,\"commentCount\":0,\"image\":{\"@id\":\"https:\/\/www.gaveanews.com\/index.php\/2022\/03\/16\/ex-atacante-do-flamengo-entra-com-acao-e-cobra-indenizacao\/#primaryimage\"},\"thumbnailUrl\":\"https:\/\/www.gaveanews.com\/wp-content\/uploads\/Ninho-do-Urubu.webp\",\"articleSection\":[\"Destaques\"],\"inLanguage\":\"pt-BR\",\"potentialAction\":[{\"@type\":\"CommentAction\",\"name\":\"Comment\",\"target\":[\"https:\/\/www.gaveanews.com\/index.php\/2022\/03\/16\/ex-atacante-do-flamengo-entra-com-acao-e-cobra-indenizacao\/#respond\"]}],\"copyrightYear\":\"2022\",\"copyrightHolder\":{\"@id\":\"https:\/\/www.gaveanews.com\/#organization\"}},{\"@type\":\"WebPage\",\"@id\":\"https:\/\/www.gaveanews.com\/index.php\/2022\/03\/16\/ex-atacante-do-flamengo-entra-com-acao-e-cobra-indenizacao\/\",\"url\":\"https:\/\/www.gaveanews.com\/index.php\/2022\/03\/16\/ex-atacante-do-flamengo-entra-com-acao-e-cobra-indenizacao\/\",\"name\":\"Ex-atacante do Flamengo entra com a\u00e7\u00e3o e cobra indeniza\u00e7\u00e3o\",\"isPartOf\":{\"@id\":\"https:\/\/www.gaveanews.com\/#website\"},\"primaryImageOfPage\":{\"@id\":\"https:\/\/www.gaveanews.com\/index.php\/2022\/03\/16\/ex-atacante-do-flamengo-entra-com-acao-e-cobra-indenizacao\/#primaryimage\"},\"image\":{\"@id\":\"https:\/\/www.gaveanews.com\/index.php\/2022\/03\/16\/ex-atacante-do-flamengo-entra-com-acao-e-cobra-indenizacao\/#primaryimage\"},\"thumbnailUrl\":\"https:\/\/www.gaveanews.com\/wp-content\/uploads\/Ninho-do-Urubu.webp\",\"datePublished\":\"2022-03-17T01:22:57+00:00\",\"author\":{\"@id\":\"https:\/\/www.gaveanews.com\/#\/schema\/person\/2ec14f73fb96be2caf28f91afb14749d\"},\"breadcrumb\":{\"@id\":\"https:\/\/www.gaveanews.com\/index.php\/2022\/03\/16\/ex-atacante-do-flamengo-entra-com-acao-e-cobra-indenizacao\/#breadcrumb\"},\"inLanguage\":\"pt-BR\",\"potentialAction\":[{\"@type\":\"ReadAction\",\"target\":[\"https:\/\/www.gaveanews.com\/index.php\/2022\/03\/16\/ex-atacante-do-flamengo-entra-com-acao-e-cobra-indenizacao\/\"]}]},{\"@type\":\"ImageObject\",\"inLanguage\":\"pt-BR\",\"@id\":\"https:\/\/www.gaveanews.com\/index.php\/2022\/03\/16\/ex-atacante-do-flamengo-entra-com-acao-e-cobra-indenizacao\/#primaryimage\",\"url\":\"https:\/\/www.gaveanews.com\/wp-content\/uploads\/Ninho-do-Urubu.webp\",\"contentUrl\":\"https:\/\/www.gaveanews.com\/wp-content\/uploads\/Ninho-do-Urubu.webp\",\"width\":846,\"height\":563,\"caption\":\"Ninho do Urubu (Foto: Alexandre Vidal\/Flamengo)\"},{\"@type\":\"BreadcrumbList\",\"@id\":\"https:\/\/www.gaveanews.com\/index.php\/2022\/03\/16\/ex-atacante-do-flamengo-entra-com-acao-e-cobra-indenizacao\/#breadcrumb\",\"itemListElement\":[{\"@type\":\"ListItem\",\"position\":1,\"name\":\"Home\",\"item\":\"https:\/\/www.gaveanews.com\/\"},{\"@type\":\"ListItem\",\"position\":2,\"name\":\"Ex-atacante do Flamengo entra com a\u00e7\u00e3o e cobra indeniza\u00e7\u00e3o\"}]},{\"@type\":\"WebSite\",\"@id\":\"https:\/\/www.gaveanews.com\/#website\",\"url\":\"https:\/\/www.gaveanews.com\/\",\"name\":\"G\u00e1vea News\",\"description\":\"Veja todas as not\u00edcias sobre o Flamengo: Contrata\u00e7\u00f5es, categorias de base, resultados das partidas, tabela de classifica\u00e7\u00e3o, pr\u00f3ximos jogos!\",\"potentialAction\":[{\"@type\":\"SearchAction\",\"target\":{\"@type\":\"EntryPoint\",\"urlTemplate\":\"https:\/\/www.gaveanews.com\/?s={search_term_string}\"},\"query-input\":{\"@type\":\"PropertyValueSpecification\",\"valueRequired\":true,\"valueName\":\"search_term_string\"}}],\"inLanguage\":\"pt-BR\"},{\"@type\":\"Person\",\"@id\":\"https:\/\/www.gaveanews.com\/#\/schema\/person\/2ec14f73fb96be2caf28f91afb14749d\",\"name\":\"Equipe G\u00e1vea News\",\"image\":{\"@type\":\"ImageObject\",\"inLanguage\":\"pt-BR\",\"@id\":\"https:\/\/www.gaveanews.com\/#\/schema\/person\/image\/\",\"url\":\"https:\/\/secure.gravatar.com\/avatar\/1e1956f1facbffd3f8fa53a326721950116b3b9dc9bd44939c01180fd4a745a9?s=96&d=mm&r=g\",\"contentUrl\":\"https:\/\/secure.gravatar.com\/avatar\/1e1956f1facbffd3f8fa53a326721950116b3b9dc9bd44939c01180fd4a745a9?s=96&d=mm&r=g\",\"caption\":\"Equipe G\u00e1vea News\"}}]}<\/script>\n<!-- \/ Yoast SEO Premium plugin. -->","yoast_head_json":{"title":"Ex-atacante do Flamengo entra com a\u00e7\u00e3o e cobra indeniza\u00e7\u00e3o","robots":{"index":"index","follow":"follow","max-snippet":"max-snippet:-1","max-image-preview":"max-image-preview:large","max-video-preview":"max-video-preview:-1"},"canonical":"https:\/\/www.gaveanews.com\/index.php\/2022\/03\/16\/ex-atacante-do-flamengo-entra-com-acao-e-cobra-indenizacao\/","og_locale":"pt_BR","og_type":"article","og_title":"Ex-atacante do Flamengo entra com a\u00e7\u00e3o e cobra indeniza\u00e7\u00e3o","og_description":"Ex-atacante do Flamengo, Luiz\u00e3o cobrou R$ 25 mil da editora Panini por ter aparecido no \u00e1lbum \u2018Flamengo Sempre Eu Hei de Ser \u2013 Mais de 100 Anos de Hist\u00f3ria\u2019. No livro ilustrado, o ex-jogador aparece na figurinha da decis\u00e3o da Copa do Brasil de 2006. De acordo com o \u2018UOL\u2019, Luiz\u00e3o entrou com a\u00e7\u00e3o por [&hellip;]","og_url":"https:\/\/www.gaveanews.com\/index.php\/2022\/03\/16\/ex-atacante-do-flamengo-entra-com-acao-e-cobra-indenizacao\/","og_site_name":"G\u00e1vea News","article_publisher":"https:\/\/facebook.com\/gaveaNews\/","article_published_time":"2022-03-17T01:22:57+00:00","og_image":[{"width":846,"height":563,"url":"https:\/\/www.gaveanews.com\/wp-content\/uploads\/Ninho-do-Urubu.webp","type":"image\/jpeg"}],"author":"Equipe G\u00e1vea News","twitter_card":"summary_large_image","twitter_misc":{"Escrito por":"Equipe G\u00e1vea News","Est. tempo de leitura":"2 minutos"},"schema":{"@context":"https:\/\/schema.org","@graph":[{"@type":"NewsArticle","@id":"https:\/\/www.gaveanews.com\/index.php\/2022\/03\/16\/ex-atacante-do-flamengo-entra-com-acao-e-cobra-indenizacao\/#article","isPartOf":{"@id":"https:\/\/www.gaveanews.com\/index.php\/2022\/03\/16\/ex-atacante-do-flamengo-entra-com-acao-e-cobra-indenizacao\/"},"author":{"name":"Equipe G\u00e1vea News","@id":"https:\/\/www.gaveanews.com\/#\/schema\/person\/2ec14f73fb96be2caf28f91afb14749d"},"headline":"Ex-atacante do Flamengo entra com a\u00e7\u00e3o e cobra indeniza\u00e7\u00e3o","datePublished":"2022-03-17T01:22:57+00:00","mainEntityOfPage":{"@id":"https:\/\/www.gaveanews.com\/index.php\/2022\/03\/16\/ex-atacante-do-flamengo-entra-com-acao-e-cobra-indenizacao\/"},"wordCount":206,"commentCount":0,"image":{"@id":"https:\/\/www.gaveanews.com\/index.php\/2022\/03\/16\/ex-atacante-do-flamengo-entra-com-acao-e-cobra-indenizacao\/#primaryimage"},"thumbnailUrl":"https:\/\/www.gaveanews.com\/wp-content\/uploads\/Ninho-do-Urubu.webp","articleSection":["Destaques"],"inLanguage":"pt-BR","potentialAction":[{"@type":"CommentAction","name":"Comment","target":["https:\/\/www.gaveanews.com\/index.php\/2022\/03\/16\/ex-atacante-do-flamengo-entra-com-acao-e-cobra-indenizacao\/#respond"]}],"copyrightYear":"2022","copyrightHolder":{"@id":"https:\/\/www.gaveanews.com\/#organization"}},{"@type":"WebPage","@id":"https:\/\/www.gaveanews.com\/index.php\/2022\/03\/16\/ex-atacante-do-flamengo-entra-com-acao-e-cobra-indenizacao\/","url":"https:\/\/www.gaveanews.com\/index.php\/2022\/03\/16\/ex-atacante-do-flamengo-entra-com-acao-e-cobra-indenizacao\/","name":"Ex-atacante do Flamengo entra com a\u00e7\u00e3o e cobra indeniza\u00e7\u00e3o","isPartOf":{"@id":"https:\/\/www.gaveanews.com\/#website"},"primaryImageOfPage":{"@id":"https:\/\/www.gaveanews.com\/index.php\/2022\/03\/16\/ex-atacante-do-flamengo-entra-com-acao-e-cobra-indenizacao\/#primaryimage"},"image":{"@id":"https:\/\/www.gaveanews.com\/index.php\/2022\/03\/16\/ex-atacante-do-flamengo-entra-com-acao-e-cobra-indenizacao\/#primaryimage"},"thumbnailUrl":"https:\/\/www.gaveanews.com\/wp-content\/uploads\/Ninho-do-Urubu.webp","datePublished":"2022-03-17T01:22:57+00:00","author":{"@id":"https:\/\/www.gaveanews.com\/#\/schema\/person\/2ec14f73fb96be2caf28f91afb14749d"},"breadcrumb":{"@id":"https:\/\/www.gaveanews.com\/index.php\/2022\/03\/16\/ex-atacante-do-flamengo-entra-com-acao-e-cobra-indenizacao\/#breadcrumb"},"inLanguage":"pt-BR","potentialAction":[{"@type":"ReadAction","target":["https:\/\/www.gaveanews.com\/index.php\/2022\/03\/16\/ex-atacante-do-flamengo-entra-com-acao-e-cobra-indenizacao\/"]}]},{"@type":"ImageObject","inLanguage":"pt-BR","@id":"https:\/\/www.gaveanews.com\/index.php\/2022\/03\/16\/ex-atacante-do-flamengo-entra-com-acao-e-cobra-indenizacao\/#primaryimage","url":"https:\/\/www.gaveanews.com\/wp-content\/uploads\/Ninho-do-Urubu.webp","contentUrl":"https:\/\/www.gaveanews.com\/wp-content\/uploads\/Ninho-do-Urubu.webp","width":846,"height":563,"caption":"Ninho do Urubu (Foto: Alexandre Vidal\/Flamengo)"},{"@type":"BreadcrumbList","@id":"https:\/\/www.gaveanews.com\/index.php\/2022\/03\/16\/ex-atacante-do-flamengo-entra-com-acao-e-cobra-indenizacao\/#breadcrumb","itemListElement":[{"@type":"ListItem","position":1,"name":"Home","item":"https:\/\/www.gaveanews.com\/"},{"@type":"ListItem","position":2,"name":"Ex-atacante do Flamengo entra com a\u00e7\u00e3o e cobra indeniza\u00e7\u00e3o"}]},{"@type":"WebSite","@id":"https:\/\/www.gaveanews.com\/#website","url":"https:\/\/www.gaveanews.com\/","name":"G\u00e1vea News","description":"Veja todas as not\u00edcias sobre o Flamengo: Contrata\u00e7\u00f5es, categorias de base, resultados das partidas, tabela de classifica\u00e7\u00e3o, pr\u00f3ximos jogos!","potentialAction":[{"@type":"SearchAction","target":{"@type":"EntryPoint","urlTemplate":"https:\/\/www.gaveanews.com\/?s={search_term_string}"},"query-input":{"@type":"PropertyValueSpecification","valueRequired":true,"valueName":"search_term_string"}}],"inLanguage":"pt-BR"},{"@type":"Person","@id":"https:\/\/www.gaveanews.com\/#\/schema\/person\/2ec14f73fb96be2caf28f91afb14749d","name":"Equipe G\u00e1vea News","image":{"@type":"ImageObject","inLanguage":"pt-BR","@id":"https:\/\/www.gaveanews.com\/#\/schema\/person\/image\/","url":"https:\/\/secure.gravatar.com\/avatar\/1e1956f1facbffd3f8fa53a326721950116b3b9dc9bd44939c01180fd4a745a9?s=96&d=mm&r=g","contentUrl":"https:\/\/secure.gravatar.com\/avatar\/1e1956f1facbffd3f8fa53a326721950116b3b9dc9bd44939c01180fd4a745a9?s=96&d=mm&r=g","caption":"Equipe G\u00e1vea News"}}]}},"_links":{"self":[{"href":"https:\/\/www.gaveanews.com\/index.php\/wp-json\/wp\/v2\/posts\/78467","targetHints":{"allow":["GET"]}}],"collection":[{"href":"https:\/\/www.gaveanews.com\/index.php\/wp-json\/wp\/v2\/posts"}],"about":[{"href":"https:\/\/www.gaveanews.com\/index.php\/wp-json\/wp\/v2\/types\/post"}],"author":[{"embeddable":true,"href":"https:\/\/www.gaveanews.com\/index.php\/wp-json\/wp\/v2\/users\/1"}],"replies":[{"embeddable":true,"href":"https:\/\/www.gaveanews.com\/index.php\/wp-json\/wp\/v2\/comments?post=78467"}],"version-history":[{"count":0,"href":"https:\/\/www.gaveanews.com\/index.php\/wp-json\/wp\/v2\/posts\/78467\/revisions"}],"wp:featuredmedia":[{"embeddable":true,"href":"https:\/\/www.gaveanews.com\/index.php\/wp-json\/wp\/v2\/media\/76324"}],"wp:attachment":[{"href":"https:\/\/www.gaveanews.com\/index.php\/wp-json\/wp\/v2\/media?parent=78467"}],"wp:term":[{"taxonomy":"category","embeddable":true,"href":"https:\/\/www.gaveanews.com\/index.php\/wp-json\/wp\/v2\/categories?post=78467"},{"taxonomy":"post_tag","embeddable":true,"href":"https:\/\/www.gaveanews.com\/index.php\/wp-json\/wp\/v2\/tags?post=78467"}],"curies":[{"name":"wp","href":"https:\/\/api.w.org\/{rel}","templated":true}]}}