{"id":78802,"date":"2022-03-23T07:20:24","date_gmt":"2022-03-23T10:20:24","guid":{"rendered":"https:\/\/www.gaveanews.com\/?p=78802"},"modified":"2022-03-23T07:20:24","modified_gmt":"2022-03-23T10:20:24","slug":"joao-gomes-e-lazaro-se-impoem-e-pedem-passagem-no-flamengo","status":"publish","type":"post","link":"https:\/\/www.gaveanews.com\/index.php\/2022\/03\/23\/joao-gomes-e-lazaro-se-impoem-e-pedem-passagem-no-flamengo\/","title":{"rendered":"Jo\u00e3o Gomes e L\u00e1zaro se imp\u00f5em e pedem passagem no Flamengo"},"content":{"rendered":"<p>Em meio a tantos nomes famosos e consagrados no meio-campo e no ataque, uma dupla oriunda da base rubro-negra vem mostrando dentro do gramado todas as condi\u00e7\u00f5es de ganhar ainda mais espa\u00e7o no time ao longo de 2022. Jo\u00e3o Gomes e L\u00e1zaro s\u00e3o as melhores op\u00e7\u00f5es para duas fun\u00e7\u00f5es espec\u00edficas da equipe atualmente.<\/p>\n<p>Na estrutura montada pelo t\u00e9cnico portugu\u00eas, o Flamengo ataca com um trio na primeira linha de constru\u00e7\u00e3o &#8211; um deles \u00e9 o lateral-esquerdo -, tem dois volantes centrais mais a frente, espeta o lateral-direito em amplitude no campo de ataque e tem um atacante fazendo o mesmo papel pela esquerda. E na frente, um trio. Um homem mais central e adiantado, e dois meias ou atacantes com liberdade de movimenta\u00e7\u00e3o um pouco mais atr\u00e1s.<\/p>\n<p>J\u00e1 no momento defensivo, o time se posta com duas linhas de quatro e dois homens d\u00e3o o combate mais adiantados. Filipe Lu\u00eds defende como lateral pela esquerda. Rodinei ou Matheuzinho recuam como laterais pela direita, e um dos meias por tr\u00e1s do centroavante, retorna para fechar o lado direito da linha de meio-campo.<\/p>\n<p>Paulo Sousa precisa de pelo menos um volante com capacidade de ocupar uma faixa mais extensa do gramado. Ao mesmo tempo que ser\u00e1 importante nas transi\u00e7\u00f5es defensivas e ofensivas, auxiliar\u00e1 na circula\u00e7\u00e3o da bola e na movimenta\u00e7\u00e3o para gerar volume na frente. Jo\u00e3o Gomes tem cumprido este papel com mais qualidade do que Andreas Pereira, Diego e Thiago Maia.<\/p>\n<p>Pelo lado esquerdo do ataque, a fun\u00e7\u00e3o \u00e9 dar &#8221;largura&#8221; ao time no setor, esperar a bola chegar bem aberto, acelerar, buscar o fundo ou a \u00e1rea em diagonal com a pelota dominada. Sem a bola, retornar fechando o lado esquerdo do meio-campo. L\u00e1zaro mostrou-se mais eficiente que Everton Ribeiro por ali.<\/p>\n<p>A ascens\u00e3o de dois jovens buscando o espa\u00e7o no time profissional \u00e9 muito ben\u00e9fica em um aspecto j\u00e1 abordado pelo treinador. Como grande parte do grupo de jogadores do Flamengo conquistou t\u00edtulos importantes recentemente pelo clube, h\u00e1 relaxamento e desconcentra\u00e7\u00e3o com certa frequ\u00eancia nos jogos. L\u00e1zaro e Jo\u00e3o n\u00e3o contribuem para este padr\u00e3o.<\/p>\n<p>Obviamente que n\u00e3o ser\u00e3o titulares em todos os jogos. J\u00e1 ficou n\u00edtido que Paulo Sousa repetir\u00e1 algo j\u00e1 feito em outros trabalhos. N\u00e3o ter\u00e1 um time necessariamente titular. Escolher\u00e1 a equipe que iniciar\u00e1 os jogos dentro de um grupo principal de 15 atletas, de acordo com o momento de cada um deles e a estrat\u00e9gia voltada para o rival.<\/p>\n<p>Pela idade acabam pecando por precipita\u00e7\u00e3o em alguns momentos, algo natural. Jo\u00e3o oscila menos. Vive a sua terceira temporada como profissional. Foi bastante utilizado por Rog\u00e9rio Ceni, perdeu espa\u00e7o com Renato Ga\u00facho, mas recupera agora o protagonismo. Tem muita personalidade, e alia bem as partes f\u00edsica e t\u00e9cnica.<\/p>\n<p>L\u00e1zaro enfim vive sua temporada de maior espa\u00e7o nos profissionais. Foi um destaque absoluto na base, teve participa\u00e7\u00f5es importantes na Sele\u00e7\u00e3o, mas n\u00e3o ganhou muitas chances com Rog\u00e9rio Ceni, chegou a ser criticado publicamente pelo treinador, e n\u00e3o apareceu tanto tamb\u00e9m com Renato.<\/p>\n<p>R\u00e1pido, habilidoso, bom finalizador e inteligente nas escolhas finais das jogadas, ganha sequ\u00eancia pelo lado esquerdo do campo. Nas outras categorias mostrou poder jogar pelo centro ou pela direita, sempre por tr\u00e1s de uma refer\u00eancia central. \u00c9 um ano mais jovem que Jo\u00e3o.<\/p>\n<p>Dar um novo ar de competitividade interna ao elenco \u00e9 algo que Paulo Sousa come\u00e7a a fazer, e entender isso pode ser muito ben\u00e9fico a todos os envolvidos no processo. L\u00e1zaro e Jo\u00e3o Gomes elevam o n\u00edvel de disputa por posi\u00e7\u00e3o. E hoje, d\u00e3o mais respostas do que nomes de maior peso.<\/p>\n<p>Retirado de: UOL<\/p>\n","protected":false},"excerpt":{"rendered":"<p>Em meio a tantos nomes famosos e consagrados no meio-campo e no ataque, uma dupla oriunda da base rubro-negra vem mostrando dentro do gramado todas as condi\u00e7\u00f5es de ganhar ainda mais espa\u00e7o no time ao longo de 2022. Jo\u00e3o Gomes e L\u00e1zaro s\u00e3o as melhores op\u00e7\u00f5es para duas fun\u00e7\u00f5es espec\u00edficas da equipe atualmente. Na estrutura [&hellip;]<\/p>\n","protected":false},"author":1,"featured_media":31986,"comment_status":"open","ping_status":"closed","sticky":false,"template":"","format":"standard","meta":{"footnotes":""},"categories":[1],"tags":[],"class_list":["post-78802","post","type-post","status-publish","format-standard","has-post-thumbnail","hentry","category-flamengo"],"yoast_head":"<!-- This site is optimized with the Yoast SEO Premium plugin v24.2 (Yoast SEO v26.9) - https:\/\/yoast.com\/product\/yoast-seo-premium-wordpress\/ -->\n<title>Jo\u00e3o Gomes e L\u00e1zaro se imp\u00f5em e pedem passagem no Flamengo<\/title>\n<meta name=\"robots\" content=\"index, follow, max-snippet:-1, max-image-preview:large, max-video-preview:-1\" \/>\n<link rel=\"canonical\" href=\"https:\/\/www.gaveanews.com\/index.php\/2022\/03\/23\/joao-gomes-e-lazaro-se-impoem-e-pedem-passagem-no-flamengo\/\" \/>\n<meta property=\"og:locale\" content=\"pt_BR\" \/>\n<meta property=\"og:type\" content=\"article\" \/>\n<meta property=\"og:title\" content=\"Jo\u00e3o Gomes e L\u00e1zaro se imp\u00f5em e pedem passagem no Flamengo\" \/>\n<meta property=\"og:description\" content=\"Em meio a tantos nomes famosos e consagrados no meio-campo e no ataque, uma dupla oriunda da base rubro-negra vem mostrando dentro do gramado todas as condi\u00e7\u00f5es de ganhar ainda mais espa\u00e7o no time ao longo de 2022. Jo\u00e3o Gomes e L\u00e1zaro s\u00e3o as melhores op\u00e7\u00f5es para duas fun\u00e7\u00f5es espec\u00edficas da equipe atualmente. Na estrutura [&hellip;]\" \/>\n<meta property=\"og:url\" content=\"https:\/\/www.gaveanews.com\/index.php\/2022\/03\/23\/joao-gomes-e-lazaro-se-impoem-e-pedem-passagem-no-flamengo\/\" \/>\n<meta property=\"og:site_name\" content=\"G\u00e1vea News\" \/>\n<meta property=\"article:publisher\" content=\"https:\/\/facebook.com\/gaveaNews\/\" \/>\n<meta property=\"article:published_time\" content=\"2022-03-23T10:20:24+00:00\" \/>\n<meta property=\"og:image\" content=\"https:\/\/www.gaveanews.com\/wp-content\/uploads\/Lazaro-em-acao-com-a-camisa-10-do-Flamengo.webp\" \/>\n\t<meta property=\"og:image:width\" content=\"1\" \/>\n\t<meta property=\"og:image:height\" content=\"1\" \/>\n\t<meta property=\"og:image:type\" content=\"image\/jpeg\" \/>\n<meta name=\"author\" content=\"Equipe G\u00e1vea News\" \/>\n<meta name=\"twitter:card\" content=\"summary_large_image\" \/>\n<meta name=\"twitter:label1\" content=\"Escrito por\" \/>\n\t<meta name=\"twitter:data1\" content=\"Equipe G\u00e1vea News\" \/>\n\t<meta name=\"twitter:label2\" content=\"Est. tempo de leitura\" \/>\n\t<meta name=\"twitter:data2\" content=\"4 minutos\" \/>\n<script type=\"application\/ld+json\" class=\"yoast-schema-graph\">{\"@context\":\"https:\/\/schema.org\",\"@graph\":[{\"@type\":\"NewsArticle\",\"@id\":\"https:\/\/www.gaveanews.com\/index.php\/2022\/03\/23\/joao-gomes-e-lazaro-se-impoem-e-pedem-passagem-no-flamengo\/#article\",\"isPartOf\":{\"@id\":\"https:\/\/www.gaveanews.com\/index.php\/2022\/03\/23\/joao-gomes-e-lazaro-se-impoem-e-pedem-passagem-no-flamengo\/\"},\"author\":{\"name\":\"Equipe G\u00e1vea News\",\"@id\":\"https:\/\/www.gaveanews.com\/#\/schema\/person\/2ec14f73fb96be2caf28f91afb14749d\"},\"headline\":\"Jo\u00e3o Gomes e L\u00e1zaro se imp\u00f5em e pedem passagem no Flamengo\",\"datePublished\":\"2022-03-23T10:20:24+00:00\",\"mainEntityOfPage\":{\"@id\":\"https:\/\/www.gaveanews.com\/index.php\/2022\/03\/23\/joao-gomes-e-lazaro-se-impoem-e-pedem-passagem-no-flamengo\/\"},\"wordCount\":664,\"commentCount\":0,\"image\":{\"@id\":\"https:\/\/www.gaveanews.com\/index.php\/2022\/03\/23\/joao-gomes-e-lazaro-se-impoem-e-pedem-passagem-no-flamengo\/#primaryimage\"},\"thumbnailUrl\":\"https:\/\/www.gaveanews.com\/wp-content\/uploads\/Lazaro-em-acao-com-a-camisa-10-do-Flamengo.webp\",\"articleSection\":[\"Flamengo\"],\"inLanguage\":\"pt-BR\",\"potentialAction\":[{\"@type\":\"CommentAction\",\"name\":\"Comment\",\"target\":[\"https:\/\/www.gaveanews.com\/index.php\/2022\/03\/23\/joao-gomes-e-lazaro-se-impoem-e-pedem-passagem-no-flamengo\/#respond\"]}],\"copyrightYear\":\"2022\",\"copyrightHolder\":{\"@id\":\"https:\/\/www.gaveanews.com\/#organization\"}},{\"@type\":\"WebPage\",\"@id\":\"https:\/\/www.gaveanews.com\/index.php\/2022\/03\/23\/joao-gomes-e-lazaro-se-impoem-e-pedem-passagem-no-flamengo\/\",\"url\":\"https:\/\/www.gaveanews.com\/index.php\/2022\/03\/23\/joao-gomes-e-lazaro-se-impoem-e-pedem-passagem-no-flamengo\/\",\"name\":\"Jo\u00e3o Gomes e L\u00e1zaro se imp\u00f5em e pedem passagem no Flamengo\",\"isPartOf\":{\"@id\":\"https:\/\/www.gaveanews.com\/#website\"},\"primaryImageOfPage\":{\"@id\":\"https:\/\/www.gaveanews.com\/index.php\/2022\/03\/23\/joao-gomes-e-lazaro-se-impoem-e-pedem-passagem-no-flamengo\/#primaryimage\"},\"image\":{\"@id\":\"https:\/\/www.gaveanews.com\/index.php\/2022\/03\/23\/joao-gomes-e-lazaro-se-impoem-e-pedem-passagem-no-flamengo\/#primaryimage\"},\"thumbnailUrl\":\"https:\/\/www.gaveanews.com\/wp-content\/uploads\/Lazaro-em-acao-com-a-camisa-10-do-Flamengo.webp\",\"datePublished\":\"2022-03-23T10:20:24+00:00\",\"author\":{\"@id\":\"https:\/\/www.gaveanews.com\/#\/schema\/person\/2ec14f73fb96be2caf28f91afb14749d\"},\"breadcrumb\":{\"@id\":\"https:\/\/www.gaveanews.com\/index.php\/2022\/03\/23\/joao-gomes-e-lazaro-se-impoem-e-pedem-passagem-no-flamengo\/#breadcrumb\"},\"inLanguage\":\"pt-BR\",\"potentialAction\":[{\"@type\":\"ReadAction\",\"target\":[\"https:\/\/www.gaveanews.com\/index.php\/2022\/03\/23\/joao-gomes-e-lazaro-se-impoem-e-pedem-passagem-no-flamengo\/\"]}]},{\"@type\":\"ImageObject\",\"inLanguage\":\"pt-BR\",\"@id\":\"https:\/\/www.gaveanews.com\/index.php\/2022\/03\/23\/joao-gomes-e-lazaro-se-impoem-e-pedem-passagem-no-flamengo\/#primaryimage\",\"url\":\"https:\/\/www.gaveanews.com\/wp-content\/uploads\/Lazaro-em-acao-com-a-camisa-10-do-Flamengo.webp\",\"contentUrl\":\"https:\/\/www.gaveanews.com\/wp-content\/uploads\/Lazaro-em-acao-com-a-camisa-10-do-Flamengo.webp\",\"caption\":\"L\u00e1zaro em a\u00e7\u00e3o com a camisa 10 do Flamengo (Foto: Reprodu\u00e7\u00e3o)\"},{\"@type\":\"BreadcrumbList\",\"@id\":\"https:\/\/www.gaveanews.com\/index.php\/2022\/03\/23\/joao-gomes-e-lazaro-se-impoem-e-pedem-passagem-no-flamengo\/#breadcrumb\",\"itemListElement\":[{\"@type\":\"ListItem\",\"position\":1,\"name\":\"Home\",\"item\":\"https:\/\/www.gaveanews.com\/\"},{\"@type\":\"ListItem\",\"position\":2,\"name\":\"Jo\u00e3o Gomes e L\u00e1zaro se imp\u00f5em e pedem passagem no Flamengo\"}]},{\"@type\":\"WebSite\",\"@id\":\"https:\/\/www.gaveanews.com\/#website\",\"url\":\"https:\/\/www.gaveanews.com\/\",\"name\":\"G\u00e1vea News\",\"description\":\"Veja todas as not\u00edcias sobre o Flamengo: Contrata\u00e7\u00f5es, categorias de base, resultados das partidas, tabela de classifica\u00e7\u00e3o, pr\u00f3ximos jogos!\",\"potentialAction\":[{\"@type\":\"SearchAction\",\"target\":{\"@type\":\"EntryPoint\",\"urlTemplate\":\"https:\/\/www.gaveanews.com\/?s={search_term_string}\"},\"query-input\":{\"@type\":\"PropertyValueSpecification\",\"valueRequired\":true,\"valueName\":\"search_term_string\"}}],\"inLanguage\":\"pt-BR\"},{\"@type\":\"Person\",\"@id\":\"https:\/\/www.gaveanews.com\/#\/schema\/person\/2ec14f73fb96be2caf28f91afb14749d\",\"name\":\"Equipe G\u00e1vea News\",\"image\":{\"@type\":\"ImageObject\",\"inLanguage\":\"pt-BR\",\"@id\":\"https:\/\/www.gaveanews.com\/#\/schema\/person\/image\/\",\"url\":\"https:\/\/secure.gravatar.com\/avatar\/1e1956f1facbffd3f8fa53a326721950116b3b9dc9bd44939c01180fd4a745a9?s=96&d=mm&r=g\",\"contentUrl\":\"https:\/\/secure.gravatar.com\/avatar\/1e1956f1facbffd3f8fa53a326721950116b3b9dc9bd44939c01180fd4a745a9?s=96&d=mm&r=g\",\"caption\":\"Equipe G\u00e1vea News\"}}]}<\/script>\n<!-- \/ Yoast SEO Premium plugin. -->","yoast_head_json":{"title":"Jo\u00e3o Gomes e L\u00e1zaro se imp\u00f5em e pedem passagem no Flamengo","robots":{"index":"index","follow":"follow","max-snippet":"max-snippet:-1","max-image-preview":"max-image-preview:large","max-video-preview":"max-video-preview:-1"},"canonical":"https:\/\/www.gaveanews.com\/index.php\/2022\/03\/23\/joao-gomes-e-lazaro-se-impoem-e-pedem-passagem-no-flamengo\/","og_locale":"pt_BR","og_type":"article","og_title":"Jo\u00e3o Gomes e L\u00e1zaro se imp\u00f5em e pedem passagem no Flamengo","og_description":"Em meio a tantos nomes famosos e consagrados no meio-campo e no ataque, uma dupla oriunda da base rubro-negra vem mostrando dentro do gramado todas as condi\u00e7\u00f5es de ganhar ainda mais espa\u00e7o no time ao longo de 2022. Jo\u00e3o Gomes e L\u00e1zaro s\u00e3o as melhores op\u00e7\u00f5es para duas fun\u00e7\u00f5es espec\u00edficas da equipe atualmente. Na estrutura [&hellip;]","og_url":"https:\/\/www.gaveanews.com\/index.php\/2022\/03\/23\/joao-gomes-e-lazaro-se-impoem-e-pedem-passagem-no-flamengo\/","og_site_name":"G\u00e1vea News","article_publisher":"https:\/\/facebook.com\/gaveaNews\/","article_published_time":"2022-03-23T10:20:24+00:00","og_image":[{"url":"https:\/\/www.gaveanews.com\/wp-content\/uploads\/Lazaro-em-acao-com-a-camisa-10-do-Flamengo.webp","width":1,"height":1,"type":"image\/jpeg"}],"author":"Equipe G\u00e1vea News","twitter_card":"summary_large_image","twitter_misc":{"Escrito por":"Equipe G\u00e1vea News","Est. tempo de leitura":"4 minutos"},"schema":{"@context":"https:\/\/schema.org","@graph":[{"@type":"NewsArticle","@id":"https:\/\/www.gaveanews.com\/index.php\/2022\/03\/23\/joao-gomes-e-lazaro-se-impoem-e-pedem-passagem-no-flamengo\/#article","isPartOf":{"@id":"https:\/\/www.gaveanews.com\/index.php\/2022\/03\/23\/joao-gomes-e-lazaro-se-impoem-e-pedem-passagem-no-flamengo\/"},"author":{"name":"Equipe G\u00e1vea News","@id":"https:\/\/www.gaveanews.com\/#\/schema\/person\/2ec14f73fb96be2caf28f91afb14749d"},"headline":"Jo\u00e3o Gomes e L\u00e1zaro se imp\u00f5em e pedem passagem no Flamengo","datePublished":"2022-03-23T10:20:24+00:00","mainEntityOfPage":{"@id":"https:\/\/www.gaveanews.com\/index.php\/2022\/03\/23\/joao-gomes-e-lazaro-se-impoem-e-pedem-passagem-no-flamengo\/"},"wordCount":664,"commentCount":0,"image":{"@id":"https:\/\/www.gaveanews.com\/index.php\/2022\/03\/23\/joao-gomes-e-lazaro-se-impoem-e-pedem-passagem-no-flamengo\/#primaryimage"},"thumbnailUrl":"https:\/\/www.gaveanews.com\/wp-content\/uploads\/Lazaro-em-acao-com-a-camisa-10-do-Flamengo.webp","articleSection":["Flamengo"],"inLanguage":"pt-BR","potentialAction":[{"@type":"CommentAction","name":"Comment","target":["https:\/\/www.gaveanews.com\/index.php\/2022\/03\/23\/joao-gomes-e-lazaro-se-impoem-e-pedem-passagem-no-flamengo\/#respond"]}],"copyrightYear":"2022","copyrightHolder":{"@id":"https:\/\/www.gaveanews.com\/#organization"}},{"@type":"WebPage","@id":"https:\/\/www.gaveanews.com\/index.php\/2022\/03\/23\/joao-gomes-e-lazaro-se-impoem-e-pedem-passagem-no-flamengo\/","url":"https:\/\/www.gaveanews.com\/index.php\/2022\/03\/23\/joao-gomes-e-lazaro-se-impoem-e-pedem-passagem-no-flamengo\/","name":"Jo\u00e3o Gomes e L\u00e1zaro se imp\u00f5em e pedem passagem no Flamengo","isPartOf":{"@id":"https:\/\/www.gaveanews.com\/#website"},"primaryImageOfPage":{"@id":"https:\/\/www.gaveanews.com\/index.php\/2022\/03\/23\/joao-gomes-e-lazaro-se-impoem-e-pedem-passagem-no-flamengo\/#primaryimage"},"image":{"@id":"https:\/\/www.gaveanews.com\/index.php\/2022\/03\/23\/joao-gomes-e-lazaro-se-impoem-e-pedem-passagem-no-flamengo\/#primaryimage"},"thumbnailUrl":"https:\/\/www.gaveanews.com\/wp-content\/uploads\/Lazaro-em-acao-com-a-camisa-10-do-Flamengo.webp","datePublished":"2022-03-23T10:20:24+00:00","author":{"@id":"https:\/\/www.gaveanews.com\/#\/schema\/person\/2ec14f73fb96be2caf28f91afb14749d"},"breadcrumb":{"@id":"https:\/\/www.gaveanews.com\/index.php\/2022\/03\/23\/joao-gomes-e-lazaro-se-impoem-e-pedem-passagem-no-flamengo\/#breadcrumb"},"inLanguage":"pt-BR","potentialAction":[{"@type":"ReadAction","target":["https:\/\/www.gaveanews.com\/index.php\/2022\/03\/23\/joao-gomes-e-lazaro-se-impoem-e-pedem-passagem-no-flamengo\/"]}]},{"@type":"ImageObject","inLanguage":"pt-BR","@id":"https:\/\/www.gaveanews.com\/index.php\/2022\/03\/23\/joao-gomes-e-lazaro-se-impoem-e-pedem-passagem-no-flamengo\/#primaryimage","url":"https:\/\/www.gaveanews.com\/wp-content\/uploads\/Lazaro-em-acao-com-a-camisa-10-do-Flamengo.webp","contentUrl":"https:\/\/www.gaveanews.com\/wp-content\/uploads\/Lazaro-em-acao-com-a-camisa-10-do-Flamengo.webp","caption":"L\u00e1zaro em a\u00e7\u00e3o com a camisa 10 do Flamengo (Foto: Reprodu\u00e7\u00e3o)"},{"@type":"BreadcrumbList","@id":"https:\/\/www.gaveanews.com\/index.php\/2022\/03\/23\/joao-gomes-e-lazaro-se-impoem-e-pedem-passagem-no-flamengo\/#breadcrumb","itemListElement":[{"@type":"ListItem","position":1,"name":"Home","item":"https:\/\/www.gaveanews.com\/"},{"@type":"ListItem","position":2,"name":"Jo\u00e3o Gomes e L\u00e1zaro se imp\u00f5em e pedem passagem no Flamengo"}]},{"@type":"WebSite","@id":"https:\/\/www.gaveanews.com\/#website","url":"https:\/\/www.gaveanews.com\/","name":"G\u00e1vea News","description":"Veja todas as not\u00edcias sobre o Flamengo: Contrata\u00e7\u00f5es, categorias de base, resultados das partidas, tabela de classifica\u00e7\u00e3o, pr\u00f3ximos jogos!","potentialAction":[{"@type":"SearchAction","target":{"@type":"EntryPoint","urlTemplate":"https:\/\/www.gaveanews.com\/?s={search_term_string}"},"query-input":{"@type":"PropertyValueSpecification","valueRequired":true,"valueName":"search_term_string"}}],"inLanguage":"pt-BR"},{"@type":"Person","@id":"https:\/\/www.gaveanews.com\/#\/schema\/person\/2ec14f73fb96be2caf28f91afb14749d","name":"Equipe G\u00e1vea News","image":{"@type":"ImageObject","inLanguage":"pt-BR","@id":"https:\/\/www.gaveanews.com\/#\/schema\/person\/image\/","url":"https:\/\/secure.gravatar.com\/avatar\/1e1956f1facbffd3f8fa53a326721950116b3b9dc9bd44939c01180fd4a745a9?s=96&d=mm&r=g","contentUrl":"https:\/\/secure.gravatar.com\/avatar\/1e1956f1facbffd3f8fa53a326721950116b3b9dc9bd44939c01180fd4a745a9?s=96&d=mm&r=g","caption":"Equipe G\u00e1vea News"}}]}},"_links":{"self":[{"href":"https:\/\/www.gaveanews.com\/index.php\/wp-json\/wp\/v2\/posts\/78802","targetHints":{"allow":["GET"]}}],"collection":[{"href":"https:\/\/www.gaveanews.com\/index.php\/wp-json\/wp\/v2\/posts"}],"about":[{"href":"https:\/\/www.gaveanews.com\/index.php\/wp-json\/wp\/v2\/types\/post"}],"author":[{"embeddable":true,"href":"https:\/\/www.gaveanews.com\/index.php\/wp-json\/wp\/v2\/users\/1"}],"replies":[{"embeddable":true,"href":"https:\/\/www.gaveanews.com\/index.php\/wp-json\/wp\/v2\/comments?post=78802"}],"version-history":[{"count":0,"href":"https:\/\/www.gaveanews.com\/index.php\/wp-json\/wp\/v2\/posts\/78802\/revisions"}],"wp:featuredmedia":[{"embeddable":true,"href":"https:\/\/www.gaveanews.com\/index.php\/wp-json\/wp\/v2\/media\/31986"}],"wp:attachment":[{"href":"https:\/\/www.gaveanews.com\/index.php\/wp-json\/wp\/v2\/media?parent=78802"}],"wp:term":[{"taxonomy":"category","embeddable":true,"href":"https:\/\/www.gaveanews.com\/index.php\/wp-json\/wp\/v2\/categories?post=78802"},{"taxonomy":"post_tag","embeddable":true,"href":"https:\/\/www.gaveanews.com\/index.php\/wp-json\/wp\/v2\/tags?post=78802"}],"curies":[{"name":"wp","href":"https:\/\/api.w.org\/{rel}","templated":true}]}}