{"id":78804,"date":"2022-03-23T07:30:07","date_gmt":"2022-03-23T10:30:07","guid":{"rendered":"https:\/\/www.gaveanews.com\/?p=78804"},"modified":"2022-03-23T07:30:07","modified_gmt":"2022-03-23T10:30:07","slug":"gabigol-apresenta-credenciais-no-carioca-para-alcancar-mais-uma-marca-historica-pelo-flamengo","status":"publish","type":"post","link":"https:\/\/www.gaveanews.com\/index.php\/2022\/03\/23\/gabigol-apresenta-credenciais-no-carioca-para-alcancar-mais-uma-marca-historica-pelo-flamengo\/","title":{"rendered":"Gabigol apresenta credenciais no Carioca para alcan\u00e7ar mais uma marca hist\u00f3rica pelo Flamengo"},"content":{"rendered":"<p>J\u00e1 eternizado como \u00eddolo do Flamengo, Gabi segue em busca de conquistar mais t\u00edtulos e marcas importantes pelo clube. Nesse sentido, o atacante est\u00e1 perto de igualar Joel como o 16\u00ba maior artilheiro da hist\u00f3ria do Rubro-Negro. Atualmente, o atacante soma 113 gols pelo Fla, enquanto Joel marcou 116.<\/p>\n<p>Inclusive, Gabi pode igualar o ex-jogador ainda nas finais do Campeonato Carioca. At\u00e9 aqui, al\u00e9m de ser o artilheiro do Estadual (oito), Gabigol \u00e9 o atacante com mais finaliza\u00e7\u00f5es certas na competi\u00e7\u00e3o ao lado de Pedrinho, do Volta Redonda. De acordo com dados do site \u201cFootStats\u201d, os dois t\u00eam 20 no quesito.<\/p>\n<p>Para alcan\u00e7ar o Top-10, contudo, o atacante precisar\u00e1 de mais tempo. Isso porque o d\u00e9cimo maior artilheiro da hist\u00f3ria do clube \u00e9 \u00cdndio, que marcou 144 gols com a camisa rubro-negra.<\/p>\n<p>A marca, claro, pode ser igualada ainda neste ano. Para que isso aconte\u00e7a, Gabi teria que fazer mais 31 gols. Inclusive, assim, ele chegaria a sua segunda melhor marca com Manto \u2013 ficaria atr\u00e1s apenas da temporada 2019, quando balan\u00e7ou as redes 43 vezes.<\/p>\n<h3>Dedo do treinador<\/h3>\n<p>Nesse sentido, um dos fatores que pode ajudar Gabigol a alcan\u00e7ar o objetivo de chegar ao Top10 \u00e9 o t\u00e9cnico Paulo Sousa. Em entrevista \u00e0 Fla TV em fevereiro, Gabi falou sobre o in\u00edcio de trabalho do Mister e destacou que \u201cfazia tempo que n\u00e3o aprendia tanto\u201d.<\/p>\n<p>\u201cEstou muito feliz. N\u00e3o s\u00f3 eu, mas como todos jogadores est\u00e3o aprendendo coisas novas. Estamos melhorando nossos n\u00fameros fisicamente. Entendemos a impaci\u00eancia da torcida, mas temos trabalhado bastante, nos dedicado e aprendido. Isso requer tempo para o professor conhecer as caracter\u00edsticas dos jogadores, o melhor sistema que podemos encaixar ou testar outros. Fazia tempo que eu n\u00e3o aprendia tanto em em t\u00e3o pouco tempo. Creio eu que ele tem mais coisas para ensinar e mais coisas para passar de novo. \u00c9 ter um pouquinho de paci\u00eancia n\u00e3o s\u00f3 com ele, mas tamb\u00e9m com a gente por causa dessas mudan\u00e7as que v\u00eam acontecendo. Mas tenho certeza absoluta que vai ser um ano especial para o Flamengo\u201d, disse Gabigol.<\/p>\n<p>Retirado de: Jogada 10<\/p>\n","protected":false},"excerpt":{"rendered":"<p>J\u00e1 eternizado como \u00eddolo do Flamengo, Gabi segue em busca de conquistar mais t\u00edtulos e marcas importantes pelo clube. Nesse sentido, o atacante est\u00e1 perto de igualar Joel como o 16\u00ba maior artilheiro da hist\u00f3ria do Rubro-Negro. Atualmente, o atacante soma 113 gols pelo Fla, enquanto Joel marcou 116. Inclusive, Gabi pode igualar o ex-jogador [&hellip;]<\/p>\n","protected":false},"author":1,"featured_media":78238,"comment_status":"open","ping_status":"closed","sticky":false,"template":"","format":"standard","meta":{"footnotes":""},"categories":[1],"tags":[],"class_list":["post-78804","post","type-post","status-publish","format-standard","has-post-thumbnail","hentry","category-flamengo"],"yoast_head":"<!-- This site is optimized with the Yoast SEO Premium plugin v24.2 (Yoast SEO v26.9) - https:\/\/yoast.com\/product\/yoast-seo-premium-wordpress\/ -->\n<title>Gabigol apresenta credenciais no Carioca para alcan\u00e7ar mais uma marca hist\u00f3rica pelo Flamengo<\/title>\n<meta name=\"robots\" content=\"index, follow, max-snippet:-1, max-image-preview:large, max-video-preview:-1\" \/>\n<link rel=\"canonical\" href=\"https:\/\/www.gaveanews.com\/index.php\/2022\/03\/23\/gabigol-apresenta-credenciais-no-carioca-para-alcancar-mais-uma-marca-historica-pelo-flamengo\/\" \/>\n<meta property=\"og:locale\" content=\"pt_BR\" \/>\n<meta property=\"og:type\" content=\"article\" \/>\n<meta property=\"og:title\" content=\"Gabigol apresenta credenciais no Carioca para alcan\u00e7ar mais uma marca hist\u00f3rica pelo Flamengo\" \/>\n<meta property=\"og:description\" content=\"J\u00e1 eternizado como \u00eddolo do Flamengo, Gabi segue em busca de conquistar mais t\u00edtulos e marcas importantes pelo clube. Nesse sentido, o atacante est\u00e1 perto de igualar Joel como o 16\u00ba maior artilheiro da hist\u00f3ria do Rubro-Negro. Atualmente, o atacante soma 113 gols pelo Fla, enquanto Joel marcou 116. Inclusive, Gabi pode igualar o ex-jogador [&hellip;]\" \/>\n<meta property=\"og:url\" content=\"https:\/\/www.gaveanews.com\/index.php\/2022\/03\/23\/gabigol-apresenta-credenciais-no-carioca-para-alcancar-mais-uma-marca-historica-pelo-flamengo\/\" \/>\n<meta property=\"og:site_name\" content=\"G\u00e1vea News\" \/>\n<meta property=\"article:publisher\" content=\"https:\/\/facebook.com\/gaveaNews\/\" \/>\n<meta property=\"article:published_time\" content=\"2022-03-23T10:30:07+00:00\" \/>\n<meta property=\"og:image\" content=\"https:\/\/www.gaveanews.com\/wp-content\/uploads\/Gabigol-em-acao-pelo-Flamengo-contra-o-Bangu-pela-Taca-Guanabara-de-2022.webp\" \/>\n\t<meta property=\"og:image:width\" content=\"800\" \/>\n\t<meta property=\"og:image:height\" content=\"533\" \/>\n\t<meta property=\"og:image:type\" content=\"image\/jpeg\" \/>\n<meta name=\"author\" content=\"Equipe G\u00e1vea News\" \/>\n<meta name=\"twitter:card\" content=\"summary_large_image\" \/>\n<meta name=\"twitter:label1\" content=\"Escrito por\" \/>\n\t<meta name=\"twitter:data1\" content=\"Equipe G\u00e1vea News\" \/>\n\t<meta name=\"twitter:label2\" content=\"Est. tempo de leitura\" \/>\n\t<meta name=\"twitter:data2\" content=\"2 minutos\" \/>\n<script type=\"application\/ld+json\" class=\"yoast-schema-graph\">{\"@context\":\"https:\/\/schema.org\",\"@graph\":[{\"@type\":\"NewsArticle\",\"@id\":\"https:\/\/www.gaveanews.com\/index.php\/2022\/03\/23\/gabigol-apresenta-credenciais-no-carioca-para-alcancar-mais-uma-marca-historica-pelo-flamengo\/#article\",\"isPartOf\":{\"@id\":\"https:\/\/www.gaveanews.com\/index.php\/2022\/03\/23\/gabigol-apresenta-credenciais-no-carioca-para-alcancar-mais-uma-marca-historica-pelo-flamengo\/\"},\"author\":{\"name\":\"Equipe G\u00e1vea News\",\"@id\":\"https:\/\/www.gaveanews.com\/#\/schema\/person\/2ec14f73fb96be2caf28f91afb14749d\"},\"headline\":\"Gabigol apresenta credenciais no Carioca para alcan\u00e7ar mais uma marca hist\u00f3rica pelo Flamengo\",\"datePublished\":\"2022-03-23T10:30:07+00:00\",\"mainEntityOfPage\":{\"@id\":\"https:\/\/www.gaveanews.com\/index.php\/2022\/03\/23\/gabigol-apresenta-credenciais-no-carioca-para-alcancar-mais-uma-marca-historica-pelo-flamengo\/\"},\"wordCount\":375,\"commentCount\":0,\"image\":{\"@id\":\"https:\/\/www.gaveanews.com\/index.php\/2022\/03\/23\/gabigol-apresenta-credenciais-no-carioca-para-alcancar-mais-uma-marca-historica-pelo-flamengo\/#primaryimage\"},\"thumbnailUrl\":\"https:\/\/www.gaveanews.com\/wp-content\/uploads\/Gabigol-em-acao-pelo-Flamengo-contra-o-Bangu-pela-Taca-Guanabara-de-2022.webp\",\"articleSection\":[\"Flamengo\"],\"inLanguage\":\"pt-BR\",\"potentialAction\":[{\"@type\":\"CommentAction\",\"name\":\"Comment\",\"target\":[\"https:\/\/www.gaveanews.com\/index.php\/2022\/03\/23\/gabigol-apresenta-credenciais-no-carioca-para-alcancar-mais-uma-marca-historica-pelo-flamengo\/#respond\"]}],\"copyrightYear\":\"2022\",\"copyrightHolder\":{\"@id\":\"https:\/\/www.gaveanews.com\/#organization\"}},{\"@type\":\"WebPage\",\"@id\":\"https:\/\/www.gaveanews.com\/index.php\/2022\/03\/23\/gabigol-apresenta-credenciais-no-carioca-para-alcancar-mais-uma-marca-historica-pelo-flamengo\/\",\"url\":\"https:\/\/www.gaveanews.com\/index.php\/2022\/03\/23\/gabigol-apresenta-credenciais-no-carioca-para-alcancar-mais-uma-marca-historica-pelo-flamengo\/\",\"name\":\"Gabigol apresenta credenciais no Carioca para alcan\u00e7ar mais uma marca hist\u00f3rica pelo Flamengo\",\"isPartOf\":{\"@id\":\"https:\/\/www.gaveanews.com\/#website\"},\"primaryImageOfPage\":{\"@id\":\"https:\/\/www.gaveanews.com\/index.php\/2022\/03\/23\/gabigol-apresenta-credenciais-no-carioca-para-alcancar-mais-uma-marca-historica-pelo-flamengo\/#primaryimage\"},\"image\":{\"@id\":\"https:\/\/www.gaveanews.com\/index.php\/2022\/03\/23\/gabigol-apresenta-credenciais-no-carioca-para-alcancar-mais-uma-marca-historica-pelo-flamengo\/#primaryimage\"},\"thumbnailUrl\":\"https:\/\/www.gaveanews.com\/wp-content\/uploads\/Gabigol-em-acao-pelo-Flamengo-contra-o-Bangu-pela-Taca-Guanabara-de-2022.webp\",\"datePublished\":\"2022-03-23T10:30:07+00:00\",\"author\":{\"@id\":\"https:\/\/www.gaveanews.com\/#\/schema\/person\/2ec14f73fb96be2caf28f91afb14749d\"},\"breadcrumb\":{\"@id\":\"https:\/\/www.gaveanews.com\/index.php\/2022\/03\/23\/gabigol-apresenta-credenciais-no-carioca-para-alcancar-mais-uma-marca-historica-pelo-flamengo\/#breadcrumb\"},\"inLanguage\":\"pt-BR\",\"potentialAction\":[{\"@type\":\"ReadAction\",\"target\":[\"https:\/\/www.gaveanews.com\/index.php\/2022\/03\/23\/gabigol-apresenta-credenciais-no-carioca-para-alcancar-mais-uma-marca-historica-pelo-flamengo\/\"]}]},{\"@type\":\"ImageObject\",\"inLanguage\":\"pt-BR\",\"@id\":\"https:\/\/www.gaveanews.com\/index.php\/2022\/03\/23\/gabigol-apresenta-credenciais-no-carioca-para-alcancar-mais-uma-marca-historica-pelo-flamengo\/#primaryimage\",\"url\":\"https:\/\/www.gaveanews.com\/wp-content\/uploads\/Gabigol-em-acao-pelo-Flamengo-contra-o-Bangu-pela-Taca-Guanabara-de-2022.webp\",\"contentUrl\":\"https:\/\/www.gaveanews.com\/wp-content\/uploads\/Gabigol-em-acao-pelo-Flamengo-contra-o-Bangu-pela-Taca-Guanabara-de-2022.webp\",\"width\":800,\"height\":533,\"caption\":\"Gabigol em a\u00e7\u00e3o pelo Flamengo contra o Bangu pela Ta\u00e7a Guanabara de 2022 (Foto: Marcelo Cortes\/Flamengo)\"},{\"@type\":\"BreadcrumbList\",\"@id\":\"https:\/\/www.gaveanews.com\/index.php\/2022\/03\/23\/gabigol-apresenta-credenciais-no-carioca-para-alcancar-mais-uma-marca-historica-pelo-flamengo\/#breadcrumb\",\"itemListElement\":[{\"@type\":\"ListItem\",\"position\":1,\"name\":\"Home\",\"item\":\"https:\/\/www.gaveanews.com\/\"},{\"@type\":\"ListItem\",\"position\":2,\"name\":\"Gabigol apresenta credenciais no Carioca para alcan\u00e7ar mais uma marca hist\u00f3rica pelo Flamengo\"}]},{\"@type\":\"WebSite\",\"@id\":\"https:\/\/www.gaveanews.com\/#website\",\"url\":\"https:\/\/www.gaveanews.com\/\",\"name\":\"G\u00e1vea News\",\"description\":\"Veja todas as not\u00edcias sobre o Flamengo: Contrata\u00e7\u00f5es, categorias de base, resultados das partidas, tabela de classifica\u00e7\u00e3o, pr\u00f3ximos jogos!\",\"potentialAction\":[{\"@type\":\"SearchAction\",\"target\":{\"@type\":\"EntryPoint\",\"urlTemplate\":\"https:\/\/www.gaveanews.com\/?s={search_term_string}\"},\"query-input\":{\"@type\":\"PropertyValueSpecification\",\"valueRequired\":true,\"valueName\":\"search_term_string\"}}],\"inLanguage\":\"pt-BR\"},{\"@type\":\"Person\",\"@id\":\"https:\/\/www.gaveanews.com\/#\/schema\/person\/2ec14f73fb96be2caf28f91afb14749d\",\"name\":\"Equipe G\u00e1vea News\",\"image\":{\"@type\":\"ImageObject\",\"inLanguage\":\"pt-BR\",\"@id\":\"https:\/\/www.gaveanews.com\/#\/schema\/person\/image\/\",\"url\":\"https:\/\/secure.gravatar.com\/avatar\/1e1956f1facbffd3f8fa53a326721950116b3b9dc9bd44939c01180fd4a745a9?s=96&d=mm&r=g\",\"contentUrl\":\"https:\/\/secure.gravatar.com\/avatar\/1e1956f1facbffd3f8fa53a326721950116b3b9dc9bd44939c01180fd4a745a9?s=96&d=mm&r=g\",\"caption\":\"Equipe G\u00e1vea News\"}}]}<\/script>\n<!-- \/ Yoast SEO Premium plugin. -->","yoast_head_json":{"title":"Gabigol apresenta credenciais no Carioca para alcan\u00e7ar mais uma marca hist\u00f3rica pelo Flamengo","robots":{"index":"index","follow":"follow","max-snippet":"max-snippet:-1","max-image-preview":"max-image-preview:large","max-video-preview":"max-video-preview:-1"},"canonical":"https:\/\/www.gaveanews.com\/index.php\/2022\/03\/23\/gabigol-apresenta-credenciais-no-carioca-para-alcancar-mais-uma-marca-historica-pelo-flamengo\/","og_locale":"pt_BR","og_type":"article","og_title":"Gabigol apresenta credenciais no Carioca para alcan\u00e7ar mais uma marca hist\u00f3rica pelo Flamengo","og_description":"J\u00e1 eternizado como \u00eddolo do Flamengo, Gabi segue em busca de conquistar mais t\u00edtulos e marcas importantes pelo clube. Nesse sentido, o atacante est\u00e1 perto de igualar Joel como o 16\u00ba maior artilheiro da hist\u00f3ria do Rubro-Negro. Atualmente, o atacante soma 113 gols pelo Fla, enquanto Joel marcou 116. Inclusive, Gabi pode igualar o ex-jogador [&hellip;]","og_url":"https:\/\/www.gaveanews.com\/index.php\/2022\/03\/23\/gabigol-apresenta-credenciais-no-carioca-para-alcancar-mais-uma-marca-historica-pelo-flamengo\/","og_site_name":"G\u00e1vea News","article_publisher":"https:\/\/facebook.com\/gaveaNews\/","article_published_time":"2022-03-23T10:30:07+00:00","og_image":[{"width":800,"height":533,"url":"https:\/\/www.gaveanews.com\/wp-content\/uploads\/Gabigol-em-acao-pelo-Flamengo-contra-o-Bangu-pela-Taca-Guanabara-de-2022.webp","type":"image\/jpeg"}],"author":"Equipe G\u00e1vea News","twitter_card":"summary_large_image","twitter_misc":{"Escrito por":"Equipe G\u00e1vea News","Est. tempo de leitura":"2 minutos"},"schema":{"@context":"https:\/\/schema.org","@graph":[{"@type":"NewsArticle","@id":"https:\/\/www.gaveanews.com\/index.php\/2022\/03\/23\/gabigol-apresenta-credenciais-no-carioca-para-alcancar-mais-uma-marca-historica-pelo-flamengo\/#article","isPartOf":{"@id":"https:\/\/www.gaveanews.com\/index.php\/2022\/03\/23\/gabigol-apresenta-credenciais-no-carioca-para-alcancar-mais-uma-marca-historica-pelo-flamengo\/"},"author":{"name":"Equipe G\u00e1vea News","@id":"https:\/\/www.gaveanews.com\/#\/schema\/person\/2ec14f73fb96be2caf28f91afb14749d"},"headline":"Gabigol apresenta credenciais no Carioca para alcan\u00e7ar mais uma marca hist\u00f3rica pelo Flamengo","datePublished":"2022-03-23T10:30:07+00:00","mainEntityOfPage":{"@id":"https:\/\/www.gaveanews.com\/index.php\/2022\/03\/23\/gabigol-apresenta-credenciais-no-carioca-para-alcancar-mais-uma-marca-historica-pelo-flamengo\/"},"wordCount":375,"commentCount":0,"image":{"@id":"https:\/\/www.gaveanews.com\/index.php\/2022\/03\/23\/gabigol-apresenta-credenciais-no-carioca-para-alcancar-mais-uma-marca-historica-pelo-flamengo\/#primaryimage"},"thumbnailUrl":"https:\/\/www.gaveanews.com\/wp-content\/uploads\/Gabigol-em-acao-pelo-Flamengo-contra-o-Bangu-pela-Taca-Guanabara-de-2022.webp","articleSection":["Flamengo"],"inLanguage":"pt-BR","potentialAction":[{"@type":"CommentAction","name":"Comment","target":["https:\/\/www.gaveanews.com\/index.php\/2022\/03\/23\/gabigol-apresenta-credenciais-no-carioca-para-alcancar-mais-uma-marca-historica-pelo-flamengo\/#respond"]}],"copyrightYear":"2022","copyrightHolder":{"@id":"https:\/\/www.gaveanews.com\/#organization"}},{"@type":"WebPage","@id":"https:\/\/www.gaveanews.com\/index.php\/2022\/03\/23\/gabigol-apresenta-credenciais-no-carioca-para-alcancar-mais-uma-marca-historica-pelo-flamengo\/","url":"https:\/\/www.gaveanews.com\/index.php\/2022\/03\/23\/gabigol-apresenta-credenciais-no-carioca-para-alcancar-mais-uma-marca-historica-pelo-flamengo\/","name":"Gabigol apresenta credenciais no Carioca para alcan\u00e7ar mais uma marca hist\u00f3rica pelo Flamengo","isPartOf":{"@id":"https:\/\/www.gaveanews.com\/#website"},"primaryImageOfPage":{"@id":"https:\/\/www.gaveanews.com\/index.php\/2022\/03\/23\/gabigol-apresenta-credenciais-no-carioca-para-alcancar-mais-uma-marca-historica-pelo-flamengo\/#primaryimage"},"image":{"@id":"https:\/\/www.gaveanews.com\/index.php\/2022\/03\/23\/gabigol-apresenta-credenciais-no-carioca-para-alcancar-mais-uma-marca-historica-pelo-flamengo\/#primaryimage"},"thumbnailUrl":"https:\/\/www.gaveanews.com\/wp-content\/uploads\/Gabigol-em-acao-pelo-Flamengo-contra-o-Bangu-pela-Taca-Guanabara-de-2022.webp","datePublished":"2022-03-23T10:30:07+00:00","author":{"@id":"https:\/\/www.gaveanews.com\/#\/schema\/person\/2ec14f73fb96be2caf28f91afb14749d"},"breadcrumb":{"@id":"https:\/\/www.gaveanews.com\/index.php\/2022\/03\/23\/gabigol-apresenta-credenciais-no-carioca-para-alcancar-mais-uma-marca-historica-pelo-flamengo\/#breadcrumb"},"inLanguage":"pt-BR","potentialAction":[{"@type":"ReadAction","target":["https:\/\/www.gaveanews.com\/index.php\/2022\/03\/23\/gabigol-apresenta-credenciais-no-carioca-para-alcancar-mais-uma-marca-historica-pelo-flamengo\/"]}]},{"@type":"ImageObject","inLanguage":"pt-BR","@id":"https:\/\/www.gaveanews.com\/index.php\/2022\/03\/23\/gabigol-apresenta-credenciais-no-carioca-para-alcancar-mais-uma-marca-historica-pelo-flamengo\/#primaryimage","url":"https:\/\/www.gaveanews.com\/wp-content\/uploads\/Gabigol-em-acao-pelo-Flamengo-contra-o-Bangu-pela-Taca-Guanabara-de-2022.webp","contentUrl":"https:\/\/www.gaveanews.com\/wp-content\/uploads\/Gabigol-em-acao-pelo-Flamengo-contra-o-Bangu-pela-Taca-Guanabara-de-2022.webp","width":800,"height":533,"caption":"Gabigol em a\u00e7\u00e3o pelo Flamengo contra o Bangu pela Ta\u00e7a Guanabara de 2022 (Foto: Marcelo Cortes\/Flamengo)"},{"@type":"BreadcrumbList","@id":"https:\/\/www.gaveanews.com\/index.php\/2022\/03\/23\/gabigol-apresenta-credenciais-no-carioca-para-alcancar-mais-uma-marca-historica-pelo-flamengo\/#breadcrumb","itemListElement":[{"@type":"ListItem","position":1,"name":"Home","item":"https:\/\/www.gaveanews.com\/"},{"@type":"ListItem","position":2,"name":"Gabigol apresenta credenciais no Carioca para alcan\u00e7ar mais uma marca hist\u00f3rica pelo Flamengo"}]},{"@type":"WebSite","@id":"https:\/\/www.gaveanews.com\/#website","url":"https:\/\/www.gaveanews.com\/","name":"G\u00e1vea News","description":"Veja todas as not\u00edcias sobre o Flamengo: Contrata\u00e7\u00f5es, categorias de base, resultados das partidas, tabela de classifica\u00e7\u00e3o, pr\u00f3ximos jogos!","potentialAction":[{"@type":"SearchAction","target":{"@type":"EntryPoint","urlTemplate":"https:\/\/www.gaveanews.com\/?s={search_term_string}"},"query-input":{"@type":"PropertyValueSpecification","valueRequired":true,"valueName":"search_term_string"}}],"inLanguage":"pt-BR"},{"@type":"Person","@id":"https:\/\/www.gaveanews.com\/#\/schema\/person\/2ec14f73fb96be2caf28f91afb14749d","name":"Equipe G\u00e1vea News","image":{"@type":"ImageObject","inLanguage":"pt-BR","@id":"https:\/\/www.gaveanews.com\/#\/schema\/person\/image\/","url":"https:\/\/secure.gravatar.com\/avatar\/1e1956f1facbffd3f8fa53a326721950116b3b9dc9bd44939c01180fd4a745a9?s=96&d=mm&r=g","contentUrl":"https:\/\/secure.gravatar.com\/avatar\/1e1956f1facbffd3f8fa53a326721950116b3b9dc9bd44939c01180fd4a745a9?s=96&d=mm&r=g","caption":"Equipe G\u00e1vea News"}}]}},"_links":{"self":[{"href":"https:\/\/www.gaveanews.com\/index.php\/wp-json\/wp\/v2\/posts\/78804","targetHints":{"allow":["GET"]}}],"collection":[{"href":"https:\/\/www.gaveanews.com\/index.php\/wp-json\/wp\/v2\/posts"}],"about":[{"href":"https:\/\/www.gaveanews.com\/index.php\/wp-json\/wp\/v2\/types\/post"}],"author":[{"embeddable":true,"href":"https:\/\/www.gaveanews.com\/index.php\/wp-json\/wp\/v2\/users\/1"}],"replies":[{"embeddable":true,"href":"https:\/\/www.gaveanews.com\/index.php\/wp-json\/wp\/v2\/comments?post=78804"}],"version-history":[{"count":0,"href":"https:\/\/www.gaveanews.com\/index.php\/wp-json\/wp\/v2\/posts\/78804\/revisions"}],"wp:featuredmedia":[{"embeddable":true,"href":"https:\/\/www.gaveanews.com\/index.php\/wp-json\/wp\/v2\/media\/78238"}],"wp:attachment":[{"href":"https:\/\/www.gaveanews.com\/index.php\/wp-json\/wp\/v2\/media?parent=78804"}],"wp:term":[{"taxonomy":"category","embeddable":true,"href":"https:\/\/www.gaveanews.com\/index.php\/wp-json\/wp\/v2\/categories?post=78804"},{"taxonomy":"post_tag","embeddable":true,"href":"https:\/\/www.gaveanews.com\/index.php\/wp-json\/wp\/v2\/tags?post=78804"}],"curies":[{"name":"wp","href":"https:\/\/api.w.org\/{rel}","templated":true}]}}