{"id":78812,"date":"2022-03-25T11:55:32","date_gmt":"2022-03-25T14:55:32","guid":{"rendered":"https:\/\/www.gaveanews.com\/?p=78812"},"modified":"2022-03-25T11:55:32","modified_gmt":"2022-03-25T14:55:32","slug":"ao-vivo-assista-ao-sorteio-da-fase-de-grupos-da-libertadores-2022","status":"publish","type":"post","link":"https:\/\/www.gaveanews.com\/index.php\/2022\/03\/25\/ao-vivo-assista-ao-sorteio-da-fase-de-grupos-da-libertadores-2022\/","title":{"rendered":"AO VIVO! Assista ao sorteio da fase de grupos da Libertadores 2022"},"content":{"rendered":"<p>Com a final do Campeonato ainda a ser disputada, o Flamengo descobre nesta sexta-feira (25) quem ser\u00e3o seus primeiros advers\u00e1rios nesta edi\u00e7\u00e3o da Libertadores da Am\u00e9rica. O evento iniciar\u00e1 \u00e0s 12h (hor\u00e1rio de Bras\u00edlia), na sede da Conmebol, no Paraguai.<\/p>\n<p>Nas etapas preliminares, os brasileiros Fluminense e Am\u00e9rica-MG disputaram uma vaga no pote 4 do sorteio, mas somente o time de Minas Gerais teve sucesso, se classificando e figurando como o s\u00e9timo clube representante do Brasil na fase de grupos.<\/p>\n<p>\u00c9 importante destacar que clubes do mesmo pa\u00eds n\u00e3o poder\u00e3o ser sorteados para o mesmo grupo, a n\u00e3o ser que um deles tenha sido qualificado pela pr\u00e9-Libertadores. Desta forma, o \u00fanico brasileiro que poder\u00e1 enfrentar o Flamengo nesta etapa da competi\u00e7\u00e3o ser\u00e1 o Am\u00e9rica-MG.<\/p>\n<h3>Brasileiros classificados para a fase de grupos:<\/h3>\n<ul class=\"content-unordered-list\">\n<li><a title=\"Palmeiras\" href=\"https:\/\/www.gaveanews.com\/?s=palmeiras&amp;utm_source=SystemGaveaNews&amp;utm_medium=SystemGaveaNews&amp;utm_campaign=SystemGaveaNews\" data-internallinksmanager029f6b8e52c=\"11\">Palmeiras<\/a><\/li>\n<li><a title=\"Home\" href=\"https:\/\/gaveanews.com\/?utm_source=SystemGaveaNews&amp;utm_medium=SystemGaveaNews&amp;utm_campaign=SystemGaveaNews\" data-internallinksmanager029f6b8e52c=\"1\">Flamengo<\/a><\/li>\n<li>Atl\u00e9tico-MG<\/li>\n<li>Athletico-PR<\/li>\n<li>Corinthians<\/li>\n<li>Bragantino<\/li>\n<li>Fortaleza<\/li>\n<li>Am\u00e9rica-MG<\/li>\n<\/ul>\n<h3>Saiba quem est\u00e1 em cada pote:<\/h3>\n<div class=\"mc-column content-text active-extra-styles \" data-block-type=\"unstyled\" data-block-weight=\"2\" data-block-id=\"10\">\n<p class=\"content-text__container \" data-track-category=\"Link no Texto\" data-track-links=\"\"><strong>POTE 1<\/strong><\/p>\n<\/div>\n<div class=\"mc-column content-text active-extra-styles\" data-block-type=\"raw\" data-block-weight=\"18\" data-block-id=\"11\">\n<ul class=\"content-unordered-list\">\n<li><a title=\"Palmeiras\" href=\"https:\/\/www.gaveanews.com\/?s=palmeiras&amp;utm_source=SystemGaveaNews&amp;utm_medium=SystemGaveaNews&amp;utm_campaign=SystemGaveaNews\" data-internallinksmanager029f6b8e52c=\"11\">Palmeiras<\/a>\u00a0(Atual campe\u00e3o da Libertadores)<\/li>\n<li>River Plate<\/li>\n<li>Boca Juniors<\/li>\n<li><a title=\"Home\" href=\"https:\/\/gaveanews.com\/?utm_source=SystemGaveaNews&amp;utm_medium=SystemGaveaNews&amp;utm_campaign=SystemGaveaNews\" data-internallinksmanager029f6b8e52c=\"1\">Flamengo<\/a><\/li>\n<li>Nacional<\/li>\n<li>Pe\u00f1arol<\/li>\n<li>Atl\u00e9tico-MG<\/li>\n<li>Athletico-PR (Atual campe\u00e3o da Sul-Americana)<\/li>\n<\/ul>\n<\/div>\n<div class=\"mc-column content-text active-extra-styles \" data-block-type=\"unstyled\" data-block-weight=\"2\" data-block-id=\"12\">\n<p class=\"content-text__container \" data-track-category=\"Link no Texto\" data-track-links=\"\"><strong>POTE 2<\/strong><\/p>\n<\/div>\n<div class=\"mc-column content-text active-extra-styles\" data-block-type=\"raw\" data-block-weight=\"14\" data-block-id=\"13\">\n<ul class=\"content-unordered-list\">\n<li>Cerro Porte\u00f1o<\/li>\n<li>Libertad<\/li>\n<li>Independiente del Valle<\/li>\n<li>Universidad Cat\u00f3lica<\/li>\n<li>Emelec<\/li>\n<li>Corinthians<\/li>\n<li>Colo Colo<\/li>\n<li>V\u00e9lez Sarsfield<\/li>\n<\/ul>\n<\/div>\n<div class=\"mc-column content-text active-extra-styles \" data-block-type=\"unstyled\" data-block-weight=\"2\" data-block-id=\"14\">\n<p class=\"content-text__container \" data-track-category=\"Link no Texto\" data-track-links=\"\"><strong>POTE 3<\/strong><\/p>\n<\/div>\n<div class=\"mc-column content-text active-extra-styles\" data-block-type=\"raw\" data-block-weight=\"12\" data-block-id=\"15\">\n<ul class=\"content-unordered-list\">\n<li>Sporting Cristal<\/li>\n<li>Deportivo Cali<\/li>\n<li>Bragantino<\/li>\n<li>Deportivo T\u00e1chira<\/li>\n<li>Alianza Lima<\/li>\n<li>Tolima<\/li>\n<li>Col\u00f3n<\/li>\n<li>Caracas<\/li>\n<\/ul>\n<\/div>\n<div class=\"mc-column content-text active-extra-styles \" data-block-type=\"unstyled\" data-block-weight=\"2\" data-block-id=\"16\">\n<p class=\"content-text__container \" data-track-category=\"Link no Texto\" data-track-links=\"\"><strong>POTE 4<\/strong><\/p>\n<\/div>\n<div data-track-category=\"multicontent\" data-track-action=\"ultimo chunk conteudo\" data-track-noninteraction=\"false\" data-track-scroll=\"view\">\n<div class=\"mc-column content-text active-extra-styles\" data-block-type=\"raw\" data-block-weight=\"11\" data-block-id=\"17\">\n<ul class=\"content-unordered-list\">\n<li>Fortaleza<\/li>\n<li>Always Ready<\/li>\n<li>Talleres<\/li>\n<li>Independiente Petrolero<\/li>\n<li>Olimpia<\/li>\n<li>Am\u00e9rica-MG<\/li>\n<li>Estudiantes<\/li>\n<li>The Strongest<\/li>\n<\/ul>\n<\/div>\n<\/div>\n<h2>Assista \u00e0 transmiss\u00e3o:<\/h2>\n<p><iframe loading=\"lazy\" title=\"Sorteio da fase de grupos da Libertadores\" width=\"640\" height=\"360\" src=\"https:\/\/www.youtube.com\/embed\/b_Ag8DMieEk?feature=oembed\" frameborder=\"0\" allow=\"accelerometer; autoplay; clipboard-write; encrypted-media; gyroscope; picture-in-picture; web-share\" referrerpolicy=\"strict-origin-when-cross-origin\" allowfullscreen><\/iframe><\/p>\n","protected":false},"excerpt":{"rendered":"<p>Com a final do Campeonato ainda a ser disputada, o Flamengo descobre nesta sexta-feira (25) quem ser\u00e3o seus primeiros advers\u00e1rios nesta edi\u00e7\u00e3o da Libertadores da Am\u00e9rica. O evento iniciar\u00e1 \u00e0s 12h (hor\u00e1rio de Bras\u00edlia), na sede da Conmebol, no Paraguai. Nas etapas preliminares, os brasileiros Fluminense e Am\u00e9rica-MG disputaram uma vaga no pote 4 do [&hellip;]<\/p>\n","protected":false},"author":4,"featured_media":68615,"comment_status":"open","ping_status":"closed","sticky":false,"template":"","format":"standard","meta":{"footnotes":""},"categories":[1],"tags":[],"class_list":["post-78812","post","type-post","status-publish","format-standard","has-post-thumbnail","hentry","category-flamengo"],"yoast_head":"<!-- This site is optimized with the Yoast SEO Premium plugin v24.2 (Yoast SEO v26.9) - https:\/\/yoast.com\/product\/yoast-seo-premium-wordpress\/ -->\n<title>AO VIVO! Assista ao sorteio da fase de grupos da Libertadores 2022<\/title>\n<meta name=\"robots\" content=\"index, follow, max-snippet:-1, max-image-preview:large, max-video-preview:-1\" \/>\n<link rel=\"canonical\" href=\"https:\/\/www.gaveanews.com\/index.php\/2022\/03\/25\/ao-vivo-assista-ao-sorteio-da-fase-de-grupos-da-libertadores-2022\/\" \/>\n<meta property=\"og:locale\" content=\"pt_BR\" \/>\n<meta property=\"og:type\" content=\"article\" \/>\n<meta property=\"og:title\" content=\"AO VIVO! Assista ao sorteio da fase de grupos da Libertadores 2022\" \/>\n<meta property=\"og:description\" content=\"Com a final do Campeonato ainda a ser disputada, o Flamengo descobre nesta sexta-feira (25) quem ser\u00e3o seus primeiros advers\u00e1rios nesta edi\u00e7\u00e3o da Libertadores da Am\u00e9rica. O evento iniciar\u00e1 \u00e0s 12h (hor\u00e1rio de Bras\u00edlia), na sede da Conmebol, no Paraguai. Nas etapas preliminares, os brasileiros Fluminense e Am\u00e9rica-MG disputaram uma vaga no pote 4 do [&hellip;]\" \/>\n<meta property=\"og:url\" content=\"https:\/\/www.gaveanews.com\/index.php\/2022\/03\/25\/ao-vivo-assista-ao-sorteio-da-fase-de-grupos-da-libertadores-2022\/\" \/>\n<meta property=\"og:site_name\" content=\"G\u00e1vea News\" \/>\n<meta property=\"article:publisher\" content=\"https:\/\/facebook.com\/gaveaNews\/\" \/>\n<meta property=\"article:published_time\" content=\"2022-03-25T14:55:32+00:00\" \/>\n<meta property=\"og:image\" content=\"https:\/\/www.gaveanews.com\/wp-content\/uploads\/Taca-da-Libertadores-e-bandeira-do-Flamengo-no-estadio-do-Maracana.webp\" \/>\n\t<meta property=\"og:image:width\" content=\"900\" \/>\n\t<meta property=\"og:image:height\" content=\"1200\" \/>\n\t<meta property=\"og:image:type\" content=\"image\/jpeg\" \/>\n<meta name=\"author\" content=\"Let\u00edcia Gerheim\" \/>\n<meta name=\"twitter:card\" content=\"summary_large_image\" \/>\n<meta name=\"twitter:label1\" content=\"Escrito por\" \/>\n\t<meta name=\"twitter:data1\" content=\"Let\u00edcia Gerheim\" \/>\n\t<meta name=\"twitter:label2\" content=\"Est. tempo de leitura\" \/>\n\t<meta name=\"twitter:data2\" content=\"2 minutos\" \/>\n<script type=\"application\/ld+json\" class=\"yoast-schema-graph\">{\"@context\":\"https:\/\/schema.org\",\"@graph\":[{\"@type\":\"NewsArticle\",\"@id\":\"https:\/\/www.gaveanews.com\/index.php\/2022\/03\/25\/ao-vivo-assista-ao-sorteio-da-fase-de-grupos-da-libertadores-2022\/#article\",\"isPartOf\":{\"@id\":\"https:\/\/www.gaveanews.com\/index.php\/2022\/03\/25\/ao-vivo-assista-ao-sorteio-da-fase-de-grupos-da-libertadores-2022\/\"},\"author\":{\"name\":\"Let\u00edcia Gerheim\",\"@id\":\"https:\/\/www.gaveanews.com\/#\/schema\/person\/714c67050b836198af2450ba1c142a67\"},\"headline\":\"AO VIVO! Assista ao sorteio da fase de grupos da Libertadores 2022\",\"datePublished\":\"2022-03-25T14:55:32+00:00\",\"mainEntityOfPage\":{\"@id\":\"https:\/\/www.gaveanews.com\/index.php\/2022\/03\/25\/ao-vivo-assista-ao-sorteio-da-fase-de-grupos-da-libertadores-2022\/\"},\"wordCount\":251,\"commentCount\":0,\"image\":{\"@id\":\"https:\/\/www.gaveanews.com\/index.php\/2022\/03\/25\/ao-vivo-assista-ao-sorteio-da-fase-de-grupos-da-libertadores-2022\/#primaryimage\"},\"thumbnailUrl\":\"https:\/\/www.gaveanews.com\/wp-content\/uploads\/Taca-da-Libertadores-e-bandeira-do-Flamengo-no-estadio-do-Maracana.webp\",\"articleSection\":[\"Flamengo\"],\"inLanguage\":\"pt-BR\",\"potentialAction\":[{\"@type\":\"CommentAction\",\"name\":\"Comment\",\"target\":[\"https:\/\/www.gaveanews.com\/index.php\/2022\/03\/25\/ao-vivo-assista-ao-sorteio-da-fase-de-grupos-da-libertadores-2022\/#respond\"]}],\"copyrightYear\":\"2022\",\"copyrightHolder\":{\"@id\":\"https:\/\/www.gaveanews.com\/#organization\"}},{\"@type\":\"WebPage\",\"@id\":\"https:\/\/www.gaveanews.com\/index.php\/2022\/03\/25\/ao-vivo-assista-ao-sorteio-da-fase-de-grupos-da-libertadores-2022\/\",\"url\":\"https:\/\/www.gaveanews.com\/index.php\/2022\/03\/25\/ao-vivo-assista-ao-sorteio-da-fase-de-grupos-da-libertadores-2022\/\",\"name\":\"AO VIVO! Assista ao sorteio da fase de grupos da Libertadores 2022\",\"isPartOf\":{\"@id\":\"https:\/\/www.gaveanews.com\/#website\"},\"primaryImageOfPage\":{\"@id\":\"https:\/\/www.gaveanews.com\/index.php\/2022\/03\/25\/ao-vivo-assista-ao-sorteio-da-fase-de-grupos-da-libertadores-2022\/#primaryimage\"},\"image\":{\"@id\":\"https:\/\/www.gaveanews.com\/index.php\/2022\/03\/25\/ao-vivo-assista-ao-sorteio-da-fase-de-grupos-da-libertadores-2022\/#primaryimage\"},\"thumbnailUrl\":\"https:\/\/www.gaveanews.com\/wp-content\/uploads\/Taca-da-Libertadores-e-bandeira-do-Flamengo-no-estadio-do-Maracana.webp\",\"datePublished\":\"2022-03-25T14:55:32+00:00\",\"author\":{\"@id\":\"https:\/\/www.gaveanews.com\/#\/schema\/person\/714c67050b836198af2450ba1c142a67\"},\"breadcrumb\":{\"@id\":\"https:\/\/www.gaveanews.com\/index.php\/2022\/03\/25\/ao-vivo-assista-ao-sorteio-da-fase-de-grupos-da-libertadores-2022\/#breadcrumb\"},\"inLanguage\":\"pt-BR\",\"potentialAction\":[{\"@type\":\"ReadAction\",\"target\":[\"https:\/\/www.gaveanews.com\/index.php\/2022\/03\/25\/ao-vivo-assista-ao-sorteio-da-fase-de-grupos-da-libertadores-2022\/\"]}]},{\"@type\":\"ImageObject\",\"inLanguage\":\"pt-BR\",\"@id\":\"https:\/\/www.gaveanews.com\/index.php\/2022\/03\/25\/ao-vivo-assista-ao-sorteio-da-fase-de-grupos-da-libertadores-2022\/#primaryimage\",\"url\":\"https:\/\/www.gaveanews.com\/wp-content\/uploads\/Taca-da-Libertadores-e-bandeira-do-Flamengo-no-estadio-do-Maracana.webp\",\"contentUrl\":\"https:\/\/www.gaveanews.com\/wp-content\/uploads\/Taca-da-Libertadores-e-bandeira-do-Flamengo-no-estadio-do-Maracana.webp\",\"width\":900,\"height\":1200,\"caption\":\"Ta\u00e7a da Libertadores e bandeira do Flamengo no est\u00e1dio do Maracan\u00e3 (Foto: Reprodu\u00e7\u00e3o\/ Rodrigo Dunshee de Abranches\/Twitter)\"},{\"@type\":\"BreadcrumbList\",\"@id\":\"https:\/\/www.gaveanews.com\/index.php\/2022\/03\/25\/ao-vivo-assista-ao-sorteio-da-fase-de-grupos-da-libertadores-2022\/#breadcrumb\",\"itemListElement\":[{\"@type\":\"ListItem\",\"position\":1,\"name\":\"Home\",\"item\":\"https:\/\/www.gaveanews.com\/\"},{\"@type\":\"ListItem\",\"position\":2,\"name\":\"AO VIVO! Assista ao sorteio da fase de grupos da Libertadores 2022\"}]},{\"@type\":\"WebSite\",\"@id\":\"https:\/\/www.gaveanews.com\/#website\",\"url\":\"https:\/\/www.gaveanews.com\/\",\"name\":\"G\u00e1vea News\",\"description\":\"Veja todas as not\u00edcias sobre o Flamengo: Contrata\u00e7\u00f5es, categorias de base, resultados das partidas, tabela de classifica\u00e7\u00e3o, pr\u00f3ximos jogos!\",\"potentialAction\":[{\"@type\":\"SearchAction\",\"target\":{\"@type\":\"EntryPoint\",\"urlTemplate\":\"https:\/\/www.gaveanews.com\/?s={search_term_string}\"},\"query-input\":{\"@type\":\"PropertyValueSpecification\",\"valueRequired\":true,\"valueName\":\"search_term_string\"}}],\"inLanguage\":\"pt-BR\"},{\"@type\":\"Person\",\"@id\":\"https:\/\/www.gaveanews.com\/#\/schema\/person\/714c67050b836198af2450ba1c142a67\",\"name\":\"Let\u00edcia Gerheim\",\"image\":{\"@type\":\"ImageObject\",\"inLanguage\":\"pt-BR\",\"@id\":\"https:\/\/www.gaveanews.com\/#\/schema\/person\/image\/\",\"url\":\"https:\/\/secure.gravatar.com\/avatar\/60734739c50fcebfbac509e2a826ccd0ff405c019bc73aab9354f19ecad1dcb4?s=96&d=mm&r=g\",\"contentUrl\":\"https:\/\/secure.gravatar.com\/avatar\/60734739c50fcebfbac509e2a826ccd0ff405c019bc73aab9354f19ecad1dcb4?s=96&d=mm&r=g\",\"caption\":\"Let\u00edcia Gerheim\"}}]}<\/script>\n<!-- \/ Yoast SEO Premium plugin. -->","yoast_head_json":{"title":"AO VIVO! Assista ao sorteio da fase de grupos da Libertadores 2022","robots":{"index":"index","follow":"follow","max-snippet":"max-snippet:-1","max-image-preview":"max-image-preview:large","max-video-preview":"max-video-preview:-1"},"canonical":"https:\/\/www.gaveanews.com\/index.php\/2022\/03\/25\/ao-vivo-assista-ao-sorteio-da-fase-de-grupos-da-libertadores-2022\/","og_locale":"pt_BR","og_type":"article","og_title":"AO VIVO! Assista ao sorteio da fase de grupos da Libertadores 2022","og_description":"Com a final do Campeonato ainda a ser disputada, o Flamengo descobre nesta sexta-feira (25) quem ser\u00e3o seus primeiros advers\u00e1rios nesta edi\u00e7\u00e3o da Libertadores da Am\u00e9rica. O evento iniciar\u00e1 \u00e0s 12h (hor\u00e1rio de Bras\u00edlia), na sede da Conmebol, no Paraguai. Nas etapas preliminares, os brasileiros Fluminense e Am\u00e9rica-MG disputaram uma vaga no pote 4 do [&hellip;]","og_url":"https:\/\/www.gaveanews.com\/index.php\/2022\/03\/25\/ao-vivo-assista-ao-sorteio-da-fase-de-grupos-da-libertadores-2022\/","og_site_name":"G\u00e1vea News","article_publisher":"https:\/\/facebook.com\/gaveaNews\/","article_published_time":"2022-03-25T14:55:32+00:00","og_image":[{"width":900,"height":1200,"url":"https:\/\/www.gaveanews.com\/wp-content\/uploads\/Taca-da-Libertadores-e-bandeira-do-Flamengo-no-estadio-do-Maracana.webp","type":"image\/jpeg"}],"author":"Let\u00edcia Gerheim","twitter_card":"summary_large_image","twitter_misc":{"Escrito por":"Let\u00edcia Gerheim","Est. tempo de leitura":"2 minutos"},"schema":{"@context":"https:\/\/schema.org","@graph":[{"@type":"NewsArticle","@id":"https:\/\/www.gaveanews.com\/index.php\/2022\/03\/25\/ao-vivo-assista-ao-sorteio-da-fase-de-grupos-da-libertadores-2022\/#article","isPartOf":{"@id":"https:\/\/www.gaveanews.com\/index.php\/2022\/03\/25\/ao-vivo-assista-ao-sorteio-da-fase-de-grupos-da-libertadores-2022\/"},"author":{"name":"Let\u00edcia Gerheim","@id":"https:\/\/www.gaveanews.com\/#\/schema\/person\/714c67050b836198af2450ba1c142a67"},"headline":"AO VIVO! Assista ao sorteio da fase de grupos da Libertadores 2022","datePublished":"2022-03-25T14:55:32+00:00","mainEntityOfPage":{"@id":"https:\/\/www.gaveanews.com\/index.php\/2022\/03\/25\/ao-vivo-assista-ao-sorteio-da-fase-de-grupos-da-libertadores-2022\/"},"wordCount":251,"commentCount":0,"image":{"@id":"https:\/\/www.gaveanews.com\/index.php\/2022\/03\/25\/ao-vivo-assista-ao-sorteio-da-fase-de-grupos-da-libertadores-2022\/#primaryimage"},"thumbnailUrl":"https:\/\/www.gaveanews.com\/wp-content\/uploads\/Taca-da-Libertadores-e-bandeira-do-Flamengo-no-estadio-do-Maracana.webp","articleSection":["Flamengo"],"inLanguage":"pt-BR","potentialAction":[{"@type":"CommentAction","name":"Comment","target":["https:\/\/www.gaveanews.com\/index.php\/2022\/03\/25\/ao-vivo-assista-ao-sorteio-da-fase-de-grupos-da-libertadores-2022\/#respond"]}],"copyrightYear":"2022","copyrightHolder":{"@id":"https:\/\/www.gaveanews.com\/#organization"}},{"@type":"WebPage","@id":"https:\/\/www.gaveanews.com\/index.php\/2022\/03\/25\/ao-vivo-assista-ao-sorteio-da-fase-de-grupos-da-libertadores-2022\/","url":"https:\/\/www.gaveanews.com\/index.php\/2022\/03\/25\/ao-vivo-assista-ao-sorteio-da-fase-de-grupos-da-libertadores-2022\/","name":"AO VIVO! Assista ao sorteio da fase de grupos da Libertadores 2022","isPartOf":{"@id":"https:\/\/www.gaveanews.com\/#website"},"primaryImageOfPage":{"@id":"https:\/\/www.gaveanews.com\/index.php\/2022\/03\/25\/ao-vivo-assista-ao-sorteio-da-fase-de-grupos-da-libertadores-2022\/#primaryimage"},"image":{"@id":"https:\/\/www.gaveanews.com\/index.php\/2022\/03\/25\/ao-vivo-assista-ao-sorteio-da-fase-de-grupos-da-libertadores-2022\/#primaryimage"},"thumbnailUrl":"https:\/\/www.gaveanews.com\/wp-content\/uploads\/Taca-da-Libertadores-e-bandeira-do-Flamengo-no-estadio-do-Maracana.webp","datePublished":"2022-03-25T14:55:32+00:00","author":{"@id":"https:\/\/www.gaveanews.com\/#\/schema\/person\/714c67050b836198af2450ba1c142a67"},"breadcrumb":{"@id":"https:\/\/www.gaveanews.com\/index.php\/2022\/03\/25\/ao-vivo-assista-ao-sorteio-da-fase-de-grupos-da-libertadores-2022\/#breadcrumb"},"inLanguage":"pt-BR","potentialAction":[{"@type":"ReadAction","target":["https:\/\/www.gaveanews.com\/index.php\/2022\/03\/25\/ao-vivo-assista-ao-sorteio-da-fase-de-grupos-da-libertadores-2022\/"]}]},{"@type":"ImageObject","inLanguage":"pt-BR","@id":"https:\/\/www.gaveanews.com\/index.php\/2022\/03\/25\/ao-vivo-assista-ao-sorteio-da-fase-de-grupos-da-libertadores-2022\/#primaryimage","url":"https:\/\/www.gaveanews.com\/wp-content\/uploads\/Taca-da-Libertadores-e-bandeira-do-Flamengo-no-estadio-do-Maracana.webp","contentUrl":"https:\/\/www.gaveanews.com\/wp-content\/uploads\/Taca-da-Libertadores-e-bandeira-do-Flamengo-no-estadio-do-Maracana.webp","width":900,"height":1200,"caption":"Ta\u00e7a da Libertadores e bandeira do Flamengo no est\u00e1dio do Maracan\u00e3 (Foto: Reprodu\u00e7\u00e3o\/ Rodrigo Dunshee de Abranches\/Twitter)"},{"@type":"BreadcrumbList","@id":"https:\/\/www.gaveanews.com\/index.php\/2022\/03\/25\/ao-vivo-assista-ao-sorteio-da-fase-de-grupos-da-libertadores-2022\/#breadcrumb","itemListElement":[{"@type":"ListItem","position":1,"name":"Home","item":"https:\/\/www.gaveanews.com\/"},{"@type":"ListItem","position":2,"name":"AO VIVO! Assista ao sorteio da fase de grupos da Libertadores 2022"}]},{"@type":"WebSite","@id":"https:\/\/www.gaveanews.com\/#website","url":"https:\/\/www.gaveanews.com\/","name":"G\u00e1vea News","description":"Veja todas as not\u00edcias sobre o Flamengo: Contrata\u00e7\u00f5es, categorias de base, resultados das partidas, tabela de classifica\u00e7\u00e3o, pr\u00f3ximos jogos!","potentialAction":[{"@type":"SearchAction","target":{"@type":"EntryPoint","urlTemplate":"https:\/\/www.gaveanews.com\/?s={search_term_string}"},"query-input":{"@type":"PropertyValueSpecification","valueRequired":true,"valueName":"search_term_string"}}],"inLanguage":"pt-BR"},{"@type":"Person","@id":"https:\/\/www.gaveanews.com\/#\/schema\/person\/714c67050b836198af2450ba1c142a67","name":"Let\u00edcia Gerheim","image":{"@type":"ImageObject","inLanguage":"pt-BR","@id":"https:\/\/www.gaveanews.com\/#\/schema\/person\/image\/","url":"https:\/\/secure.gravatar.com\/avatar\/60734739c50fcebfbac509e2a826ccd0ff405c019bc73aab9354f19ecad1dcb4?s=96&d=mm&r=g","contentUrl":"https:\/\/secure.gravatar.com\/avatar\/60734739c50fcebfbac509e2a826ccd0ff405c019bc73aab9354f19ecad1dcb4?s=96&d=mm&r=g","caption":"Let\u00edcia Gerheim"}}]}},"_links":{"self":[{"href":"https:\/\/www.gaveanews.com\/index.php\/wp-json\/wp\/v2\/posts\/78812","targetHints":{"allow":["GET"]}}],"collection":[{"href":"https:\/\/www.gaveanews.com\/index.php\/wp-json\/wp\/v2\/posts"}],"about":[{"href":"https:\/\/www.gaveanews.com\/index.php\/wp-json\/wp\/v2\/types\/post"}],"author":[{"embeddable":true,"href":"https:\/\/www.gaveanews.com\/index.php\/wp-json\/wp\/v2\/users\/4"}],"replies":[{"embeddable":true,"href":"https:\/\/www.gaveanews.com\/index.php\/wp-json\/wp\/v2\/comments?post=78812"}],"version-history":[{"count":0,"href":"https:\/\/www.gaveanews.com\/index.php\/wp-json\/wp\/v2\/posts\/78812\/revisions"}],"wp:featuredmedia":[{"embeddable":true,"href":"https:\/\/www.gaveanews.com\/index.php\/wp-json\/wp\/v2\/media\/68615"}],"wp:attachment":[{"href":"https:\/\/www.gaveanews.com\/index.php\/wp-json\/wp\/v2\/media?parent=78812"}],"wp:term":[{"taxonomy":"category","embeddable":true,"href":"https:\/\/www.gaveanews.com\/index.php\/wp-json\/wp\/v2\/categories?post=78812"},{"taxonomy":"post_tag","embeddable":true,"href":"https:\/\/www.gaveanews.com\/index.php\/wp-json\/wp\/v2\/tags?post=78812"}],"curies":[{"name":"wp","href":"https:\/\/api.w.org\/{rel}","templated":true}]}}